{"id":67755,"date":"2020-02-19T12:55:42","date_gmt":"2020-02-19T12:55:42","guid":{"rendered":"https:\/\/dev.president-ksgov.net\/president-thaci-and-minister-cakaj-discuss-coordination-between-kosovo-and-albania\/"},"modified":"2023-03-07T09:18:05","modified_gmt":"2023-03-07T09:18:05","slug":"president-thaci-and-minister-cakaj-discuss-coordination-between-kosovo-and-albania","status":"publish","type":"post","link":"https:\/\/president-ksgov.net\/en\/president-thaci-and-minister-cakaj-discuss-coordination-between-kosovo-and-albania\/","title":{"rendered":"President Tha\u00e7i and Minister Cakaj discuss coordination between Kosovo and Albania"},"content":{"rendered":"<p>Prishtina, February 19th  2020 \u2013 President of the Republic of Kosovo, Hashim Tha\u00e7i, received today the acting Minister for Europe and Foreign Affairs of the Republic of Albania Gent Cakaj\u2019<\/p>\n<p>President Tha\u00e7i thanked Minister Cakaj for the visit the made to Kosovo, immediately after the celebrations of the 12th anniversary of the independence.<\/p>\n<p>\u201cFreedom and independence of Kosovo is directly linked with the contribution of Albania. An extraordinary, historic contribution. But at the same time, during the process of consolidation of our state, of Kosovo\u2019s membership in international organisations and new recognitions, further consolidation between Prishtina and Tirana is warranted,\u201d said President Tha\u00e7i.<\/p>\n<p>The acting Minister for Europe and Foreign Affairs of the Republic of Albania Gent Cakaj said that he has been focused on consolidation of inter-Albanian relations in the region.<\/p>\n<p>\u201cWe have also been engaged with the issue of recognitions of Kosovo, with all the capacities we had. We tried to do the best on strengthening the international subjectivity of Kosovo and in multilateral forums we made sure to, in those where Kosovo was not present, become the voice of Kosovo and address all the issues weighing upon its agenda, said Minister Cakaj.<\/p>\n<p>The acting Minister for Europe and Foreign Affairs of the Republic of Albania Gent Cakaj thanked President Tha\u00e7i for the contribution provided by Kosovo to Albania after the November 26th earthquake.<\/p>\n<p>\u201cSolidarity of the people of Kosovo has been exceptional and the work of the institutions of Kosovo was unparalleled. We have proved by this that even though we are two separate states we are one nation and that our relations must expand,\u201d said Cakaj.<\/p>\n<p>The head of state continued that Minister Cakaj has given a new dynamism and a new soul to the spirit of affirmation of consolidation of the state of Kosovo all around the world, in all international instances where Republic of Albania is present.<\/p>\n<p>\u201cOn behalf of the intuitions and of the people of Kosovo, I express the gratitude for your personal contribution, for the contribution of Prime Minister Rama and of all the institutions of the republic of Albania, which have a unified stance on Kosovo,\u201d said President Tha\u00e7i.\u00a0<\/p>\n","protected":false},"excerpt":{"rendered":"<p>Prishtina, February 19th  2020 \u2013 President of the Republic of Kosovo, Hashim Tha\u00e7i, received today the acting Minister for Europe and Foreign Affairs of the Republic of Albania Gent Cakaj\u2019<\/p>\n","protected":false},"author":1,"featured_media":23549,"comment_status":"open","ping_status":"closed","sticky":false,"template":"","format":"standard","meta":{"_eb_attr":"","footnotes":""},"categories":[111],"tags":[],"class_list":["post-67755","post","type-post","status-publish","format-standard","has-post-thumbnail","hentry","category-news"],"yoast_head":"<!-- This site is optimized with the Yoast SEO plugin v23.5 - https:\/\/yoast.com\/wordpress\/plugins\/seo\/ -->\n<title>President Tha\u00e7i and Minister Cakaj discuss coordination between Kosovo and Albania - President of the Republic of Kosovo - DR. VJOSA OSMANI - SADRIU<\/title>\n<meta name=\"description\" content=\"President Tha\u00e7i and Minister Cakaj discuss coordination between Kosovo and Albania - President of the Republic of Kosovo - DR. VJOSA OSMANI - SADRIU -\" \/>\n<meta name=\"robots\" content=\"index, follow, max-snippet:-1, max-image-preview:large, max-video-preview:-1\" \/>\n<link rel=\"canonical\" href=\"https:\/\/president-ksgov.net\/en\/president-thaci-and-minister-cakaj-discuss-coordination-between-kosovo-and-albania\/\" \/>\n<meta property=\"og:locale\" content=\"en_US\" \/>\n<meta property=\"og:type\" content=\"article\" \/>\n<meta property=\"og:title\" content=\"President Tha\u00e7i and Minister Cakaj discuss coordination between Kosovo and Albania - President of the Republic of Kosovo - DR. VJOSA OSMANI - SADRIU\" \/>\n<meta property=\"og:description\" content=\"President Tha\u00e7i and Minister Cakaj discuss coordination between Kosovo and Albania - President of the Republic of Kosovo - DR. VJOSA OSMANI - SADRIU -\" \/>\n<meta property=\"og:url\" content=\"https:\/\/president-ksgov.net\/en\/president-thaci-and-minister-cakaj-discuss-coordination-between-kosovo-and-albania\/\" \/>\n<meta property=\"og:site_name\" content=\"President of the Republic of Kosovo - DR. VJOSA OSMANI - SADRIU\" \/>\n<meta property=\"article:published_time\" content=\"2020-02-19T12:55:42+00:00\" \/>\n<meta property=\"article:modified_time\" content=\"2023-03-07T09:18:05+00:00\" \/>\n<meta property=\"og:image\" content=\"https:\/\/president-ksgov.net\/wp-content\/uploads\/19_02_2020_4123245_Presidenti_Thaci_dhe_ministri_Cakaj_flasin_per_koordinimin_ndermjet_Kosoves_dhe_Shqiperise_1.jpg\" \/>\n\t<meta property=\"og:image:width\" content=\"1600\" \/>\n\t<meta property=\"og:image:height\" content=\"1066\" \/>\n\t<meta property=\"og:image:type\" content=\"image\/jpeg\" \/>\n<meta name=\"author\" content=\"admin\" \/>\n<meta name=\"twitter:card\" content=\"summary_large_image\" \/>\n<meta name=\"twitter:label1\" content=\"Written by\" \/>\n\t<meta name=\"twitter:data1\" content=\"admin\" \/>\n\t<meta name=\"twitter:label2\" content=\"Est. reading time\" \/>\n\t<meta name=\"twitter:data2\" content=\"2 minutes\" \/>\n<script type=\"application\/ld+json\" class=\"yoast-schema-graph\">{\"@context\":\"https:\/\/schema.org\",\"@graph\":[{\"@type\":\"WebPage\",\"@id\":\"https:\/\/president-ksgov.net\/en\/president-thaci-and-minister-cakaj-discuss-coordination-between-kosovo-and-albania\/\",\"url\":\"https:\/\/president-ksgov.net\/en\/president-thaci-and-minister-cakaj-discuss-coordination-between-kosovo-and-albania\/\",\"name\":\"President Tha\u00e7i and Minister Cakaj discuss coordination between Kosovo and Albania - President of the Republic of Kosovo - DR. VJOSA OSMANI - SADRIU\",\"isPartOf\":{\"@id\":\"https:\/\/president-ksgov.net\/#website\"},\"primaryImageOfPage\":{\"@id\":\"https:\/\/president-ksgov.net\/en\/president-thaci-and-minister-cakaj-discuss-coordination-between-kosovo-and-albania\/#primaryimage\"},\"image\":{\"@id\":\"https:\/\/president-ksgov.net\/en\/president-thaci-and-minister-cakaj-discuss-coordination-between-kosovo-and-albania\/#primaryimage\"},\"thumbnailUrl\":\"https:\/\/president-ksgov.net\/wp-content\/uploads\/19_02_2020_4123245_Presidenti_Thaci_dhe_ministri_Cakaj_flasin_per_koordinimin_ndermjet_Kosoves_dhe_Shqiperise_1.jpg\",\"datePublished\":\"2020-02-19T12:55:42+00:00\",\"dateModified\":\"2023-03-07T09:18:05+00:00\",\"author\":{\"@id\":\"https:\/\/president-ksgov.net\/#\/schema\/person\/bb4337a5fb147cb2046d80548172cbee\"},\"description\":\"President Tha\u00e7i and Minister Cakaj discuss coordination between Kosovo and Albania - President of the Republic of Kosovo - DR. VJOSA OSMANI - SADRIU -\",\"breadcrumb\":{\"@id\":\"https:\/\/president-ksgov.net\/en\/president-thaci-and-minister-cakaj-discuss-coordination-between-kosovo-and-albania\/#breadcrumb\"},\"inLanguage\":\"en-US\",\"potentialAction\":[{\"@type\":\"ReadAction\",\"target\":[\"https:\/\/president-ksgov.net\/en\/president-thaci-and-minister-cakaj-discuss-coordination-between-kosovo-and-albania\/\"]}]},{\"@type\":\"ImageObject\",\"inLanguage\":\"en-US\",\"@id\":\"https:\/\/president-ksgov.net\/en\/president-thaci-and-minister-cakaj-discuss-coordination-between-kosovo-and-albania\/#primaryimage\",\"url\":\"https:\/\/president-ksgov.net\/wp-content\/uploads\/19_02_2020_4123245_Presidenti_Thaci_dhe_ministri_Cakaj_flasin_per_koordinimin_ndermjet_Kosoves_dhe_Shqiperise_1.jpg\",\"contentUrl\":\"https:\/\/president-ksgov.net\/wp-content\/uploads\/19_02_2020_4123245_Presidenti_Thaci_dhe_ministri_Cakaj_flasin_per_koordinimin_ndermjet_Kosoves_dhe_Shqiperise_1.jpg\",\"width\":1600,\"height\":1066},{\"@type\":\"BreadcrumbList\",\"@id\":\"https:\/\/president-ksgov.net\/en\/president-thaci-and-minister-cakaj-discuss-coordination-between-kosovo-and-albania\/#breadcrumb\",\"itemListElement\":[{\"@type\":\"ListItem\",\"position\":1,\"name\":\"Home\",\"item\":\"https:\/\/president-ksgov.net\/en\/\"},{\"@type\":\"ListItem\",\"position\":2,\"name\":\"President Tha\u00e7i and Minister Cakaj discuss coordination between Kosovo and Albania\"}]},{\"@type\":\"WebSite\",\"@id\":\"https:\/\/president-ksgov.net\/#website\",\"url\":\"https:\/\/president-ksgov.net\/\",\"name\":\"Presidente e Republik\u00ebs s\u00eb Kosov\u00ebs\",\"description\":\"Presidente e Republik\u00ebs s\u00eb Kosov\u00ebs\",\"alternateName\":\"DR. VJOSA OSMANI - SADRIU\",\"potentialAction\":[{\"@type\":\"SearchAction\",\"target\":{\"@type\":\"EntryPoint\",\"urlTemplate\":\"https:\/\/president-ksgov.net\/?s={search_term_string}\"},\"query-input\":{\"@type\":\"PropertyValueSpecification\",\"valueRequired\":true,\"valueName\":\"search_term_string\"}}],\"inLanguage\":\"en-US\"},{\"@type\":\"Person\",\"@id\":\"https:\/\/president-ksgov.net\/#\/schema\/person\/bb4337a5fb147cb2046d80548172cbee\",\"name\":\"admin\",\"image\":{\"@type\":\"ImageObject\",\"inLanguage\":\"en-US\",\"@id\":\"https:\/\/president-ksgov.net\/#\/schema\/person\/image\/\",\"url\":\"https:\/\/secure.gravatar.com\/avatar\/36156ca0fa3b8d9d25174f146e16beea0cf28f37adf1b9e19b6c9c279a7c9dd3?s=96&d=mm&r=g\",\"contentUrl\":\"https:\/\/secure.gravatar.com\/avatar\/36156ca0fa3b8d9d25174f146e16beea0cf28f37adf1b9e19b6c9c279a7c9dd3?s=96&d=mm&r=g\",\"caption\":\"admin\"},\"sameAs\":[\"https:\/\/president-ksgov.net\"]}]}<\/script>\n<!-- \/ Yoast SEO plugin. -->","yoast_head_json":{"title":"President Tha\u00e7i and Minister Cakaj discuss coordination between Kosovo and Albania - President of the Republic of Kosovo - DR. VJOSA OSMANI - SADRIU","description":"President Tha\u00e7i and Minister Cakaj discuss coordination between Kosovo and Albania - President of the Republic of Kosovo - DR. VJOSA OSMANI - SADRIU -","robots":{"index":"index","follow":"follow","max-snippet":"max-snippet:-1","max-image-preview":"max-image-preview:large","max-video-preview":"max-video-preview:-1"},"canonical":"https:\/\/president-ksgov.net\/en\/president-thaci-and-minister-cakaj-discuss-coordination-between-kosovo-and-albania\/","og_locale":"en_US","og_type":"article","og_title":"President Tha\u00e7i and Minister Cakaj discuss coordination between Kosovo and Albania - President of the Republic of Kosovo - DR. VJOSA OSMANI - SADRIU","og_description":"President Tha\u00e7i and Minister Cakaj discuss coordination between Kosovo and Albania - President of the Republic of Kosovo - DR. VJOSA OSMANI - SADRIU -","og_url":"https:\/\/president-ksgov.net\/en\/president-thaci-and-minister-cakaj-discuss-coordination-between-kosovo-and-albania\/","og_site_name":"President of the Republic of Kosovo - DR. VJOSA OSMANI - SADRIU","article_published_time":"2020-02-19T12:55:42+00:00","article_modified_time":"2023-03-07T09:18:05+00:00","og_image":[{"width":1600,"height":1066,"url":"https:\/\/president-ksgov.net\/wp-content\/uploads\/19_02_2020_4123245_Presidenti_Thaci_dhe_ministri_Cakaj_flasin_per_koordinimin_ndermjet_Kosoves_dhe_Shqiperise_1.jpg","type":"image\/jpeg"}],"author":"admin","twitter_card":"summary_large_image","twitter_misc":{"Written by":"admin","Est. reading time":"2 minutes"},"schema":{"@context":"https:\/\/schema.org","@graph":[{"@type":"WebPage","@id":"https:\/\/president-ksgov.net\/en\/president-thaci-and-minister-cakaj-discuss-coordination-between-kosovo-and-albania\/","url":"https:\/\/president-ksgov.net\/en\/president-thaci-and-minister-cakaj-discuss-coordination-between-kosovo-and-albania\/","name":"President Tha\u00e7i and Minister Cakaj discuss coordination between Kosovo and Albania - President of the Republic of Kosovo - DR. VJOSA OSMANI - SADRIU","isPartOf":{"@id":"https:\/\/president-ksgov.net\/#website"},"primaryImageOfPage":{"@id":"https:\/\/president-ksgov.net\/en\/president-thaci-and-minister-cakaj-discuss-coordination-between-kosovo-and-albania\/#primaryimage"},"image":{"@id":"https:\/\/president-ksgov.net\/en\/president-thaci-and-minister-cakaj-discuss-coordination-between-kosovo-and-albania\/#primaryimage"},"thumbnailUrl":"https:\/\/president-ksgov.net\/wp-content\/uploads\/19_02_2020_4123245_Presidenti_Thaci_dhe_ministri_Cakaj_flasin_per_koordinimin_ndermjet_Kosoves_dhe_Shqiperise_1.jpg","datePublished":"2020-02-19T12:55:42+00:00","dateModified":"2023-03-07T09:18:05+00:00","author":{"@id":"https:\/\/president-ksgov.net\/#\/schema\/person\/bb4337a5fb147cb2046d80548172cbee"},"description":"President Tha\u00e7i and Minister Cakaj discuss coordination between Kosovo and Albania - President of the Republic of Kosovo - DR. VJOSA OSMANI - SADRIU -","breadcrumb":{"@id":"https:\/\/president-ksgov.net\/en\/president-thaci-and-minister-cakaj-discuss-coordination-between-kosovo-and-albania\/#breadcrumb"},"inLanguage":"en-US","potentialAction":[{"@type":"ReadAction","target":["https:\/\/president-ksgov.net\/en\/president-thaci-and-minister-cakaj-discuss-coordination-between-kosovo-and-albania\/"]}]},{"@type":"ImageObject","inLanguage":"en-US","@id":"https:\/\/president-ksgov.net\/en\/president-thaci-and-minister-cakaj-discuss-coordination-between-kosovo-and-albania\/#primaryimage","url":"https:\/\/president-ksgov.net\/wp-content\/uploads\/19_02_2020_4123245_Presidenti_Thaci_dhe_ministri_Cakaj_flasin_per_koordinimin_ndermjet_Kosoves_dhe_Shqiperise_1.jpg","contentUrl":"https:\/\/president-ksgov.net\/wp-content\/uploads\/19_02_2020_4123245_Presidenti_Thaci_dhe_ministri_Cakaj_flasin_per_koordinimin_ndermjet_Kosoves_dhe_Shqiperise_1.jpg","width":1600,"height":1066},{"@type":"BreadcrumbList","@id":"https:\/\/president-ksgov.net\/en\/president-thaci-and-minister-cakaj-discuss-coordination-between-kosovo-and-albania\/#breadcrumb","itemListElement":[{"@type":"ListItem","position":1,"name":"Home","item":"https:\/\/president-ksgov.net\/en\/"},{"@type":"ListItem","position":2,"name":"President Tha\u00e7i and Minister Cakaj discuss coordination between Kosovo and Albania"}]},{"@type":"WebSite","@id":"https:\/\/president-ksgov.net\/#website","url":"https:\/\/president-ksgov.net\/","name":"Presidente e Republik\u00ebs s\u00eb Kosov\u00ebs","description":"Presidente e Republik\u00ebs s\u00eb Kosov\u00ebs","alternateName":"DR. VJOSA OSMANI - SADRIU","potentialAction":[{"@type":"SearchAction","target":{"@type":"EntryPoint","urlTemplate":"https:\/\/president-ksgov.net\/?s={search_term_string}"},"query-input":{"@type":"PropertyValueSpecification","valueRequired":true,"valueName":"search_term_string"}}],"inLanguage":"en-US"},{"@type":"Person","@id":"https:\/\/president-ksgov.net\/#\/schema\/person\/bb4337a5fb147cb2046d80548172cbee","name":"admin","image":{"@type":"ImageObject","inLanguage":"en-US","@id":"https:\/\/president-ksgov.net\/#\/schema\/person\/image\/","url":"https:\/\/secure.gravatar.com\/avatar\/36156ca0fa3b8d9d25174f146e16beea0cf28f37adf1b9e19b6c9c279a7c9dd3?s=96&d=mm&r=g","contentUrl":"https:\/\/secure.gravatar.com\/avatar\/36156ca0fa3b8d9d25174f146e16beea0cf28f37adf1b9e19b6c9c279a7c9dd3?s=96&d=mm&r=g","caption":"admin"},"sameAs":["https:\/\/president-ksgov.net"]}]}},"_links":{"self":[{"href":"https:\/\/president-ksgov.net\/en\/wp-json\/wp\/v2\/posts\/67755","targetHints":{"allow":["GET"]}}],"collection":[{"href":"https:\/\/president-ksgov.net\/en\/wp-json\/wp\/v2\/posts"}],"about":[{"href":"https:\/\/president-ksgov.net\/en\/wp-json\/wp\/v2\/types\/post"}],"author":[{"embeddable":true,"href":"https:\/\/president-ksgov.net\/en\/wp-json\/wp\/v2\/users\/1"}],"replies":[{"embeddable":true,"href":"https:\/\/president-ksgov.net\/en\/wp-json\/wp\/v2\/comments?post=67755"}],"version-history":[{"count":0,"href":"https:\/\/president-ksgov.net\/en\/wp-json\/wp\/v2\/posts\/67755\/revisions"}],"wp:featuredmedia":[{"embeddable":true,"href":"https:\/\/president-ksgov.net\/en\/wp-json\/wp\/v2\/media\/23549"}],"wp:attachment":[{"href":"https:\/\/president-ksgov.net\/en\/wp-json\/wp\/v2\/media?parent=67755"}],"wp:term":[{"taxonomy":"category","embeddable":true,"href":"https:\/\/president-ksgov.net\/en\/wp-json\/wp\/v2\/categories?post=67755"},{"taxonomy":"post_tag","embeddable":true,"href":"https:\/\/president-ksgov.net\/en\/wp-json\/wp\/v2\/tags?post=67755"}],"curies":[{"name":"wp","href":"https:\/\/api.w.org\/{rel}","templated":true}]}}