{"id":67720,"date":"2020-04-02T13:52:36","date_gmt":"2020-04-02T13:52:36","guid":{"rendered":"https:\/\/dev.president-ksgov.net\/president-thaci-met-with-the-representatives-of-the-akk-nisma-serbian-list-and-other-non-majority-communities\/"},"modified":"2023-03-07T09:16:52","modified_gmt":"2023-03-07T09:16:52","slug":"president-thaci-met-with-the-representatives-of-the-akk-nisma-serbian-list-and-other-non-majority-communities","status":"publish","type":"post","link":"https:\/\/president-ksgov.net\/en\/president-thaci-met-with-the-representatives-of-the-akk-nisma-serbian-list-and-other-non-majority-communities\/","title":{"rendered":"President Tha\u00e7i met with the representatives of the AKK, Nisma, Serbian List and other non-majority communities"},"content":{"rendered":"<p>Prishtina, April 2nd 2020 \u2013 President of the Republic of Kosovo Hashim Tha\u00e7i, continued today the consultations with the leaders of the political parties represented at the Kosovo Assembly, in order to discuss the actual political developments and the issues related to healthcare and security in Kosovo.<\/p>\n<p>President Tha\u00e7i had an over the phone conversation with the AKR president and received separately the representatives of the Serbian List, the president of Social-Democratic Initiative, representatives of the non-majority communities and the AAK president.<\/p>\n<p>President Tha\u00e7i stated that Kosovo is at a situation where on one side the increased jeopardy from COVID-19 pandemic is ongoing and on the other side is the non confidence vote for the Kurti Government on March 25th 2020.<\/p>\n<p>\u201cIt is essential that in these circumstances we consult and act responsibly towards our citizens,\u201d said President Tha\u00e7i.<\/p>\n<p>At all meetings the President stated that as the president of the country he will act in full conformity with the constitution and the laws of Kosovo.<\/p>\n<p>\u00a0<\/p>\n","protected":false},"excerpt":{"rendered":"<p>Prishtina, April 2nd 2020 \u2013 President of the Republic of Kosovo Hashim Tha\u00e7i, continued today the consultations with the leaders of the political parties represented at the Kosovo Assembly, in order to discuss the actual political developments and the issues related to healthcare and security in Kosovo.<\/p>\n","protected":false},"author":1,"featured_media":23148,"comment_status":"open","ping_status":"closed","sticky":false,"template":"","format":"standard","meta":{"_eb_attr":"","footnotes":""},"categories":[111],"tags":[],"class_list":["post-67720","post","type-post","status-publish","format-standard","has-post-thumbnail","hentry","category-news"],"yoast_head":"<!-- This site is optimized with the Yoast SEO plugin v23.5 - https:\/\/yoast.com\/wordpress\/plugins\/seo\/ -->\n<title>President Tha\u00e7i met with the representatives of the AKK, Nisma, Serbian List and other non-majority communities - President of the Republic of Kosovo - DR. VJOSA OSMANI - SADRIU<\/title>\n<meta name=\"description\" content=\"President Tha\u00e7i met with the representatives of the AKK, Nisma, Serbian List and other non-majority communities - President of the Republic of Kosovo - DR. VJOSA OSMANI - SADRIU -\" \/>\n<meta name=\"robots\" content=\"index, follow, max-snippet:-1, max-image-preview:large, max-video-preview:-1\" \/>\n<link rel=\"canonical\" href=\"https:\/\/president-ksgov.net\/en\/president-thaci-met-with-the-representatives-of-the-akk-nisma-serbian-list-and-other-non-majority-communities\/\" \/>\n<meta property=\"og:locale\" content=\"en_US\" \/>\n<meta property=\"og:type\" content=\"article\" \/>\n<meta property=\"og:title\" content=\"President Tha\u00e7i met with the representatives of the AKK, Nisma, Serbian List and other non-majority communities - President of the Republic of Kosovo - DR. VJOSA OSMANI - SADRIU\" \/>\n<meta property=\"og:description\" content=\"President Tha\u00e7i met with the representatives of the AKK, Nisma, Serbian List and other non-majority communities - President of the Republic of Kosovo - DR. VJOSA OSMANI - SADRIU -\" \/>\n<meta property=\"og:url\" content=\"https:\/\/president-ksgov.net\/en\/president-thaci-met-with-the-representatives-of-the-akk-nisma-serbian-list-and-other-non-majority-communities\/\" \/>\n<meta property=\"og:site_name\" content=\"President of the Republic of Kosovo - DR. VJOSA OSMANI - SADRIU\" \/>\n<meta property=\"article:published_time\" content=\"2020-04-02T13:52:36+00:00\" \/>\n<meta property=\"article:modified_time\" content=\"2023-03-07T09:16:52+00:00\" \/>\n<meta property=\"og:image\" content=\"https:\/\/president-ksgov.net\/wp-content\/uploads\/02_04_2020_3889982_Nisma_02.jpg\" \/>\n\t<meta property=\"og:image:width\" content=\"2400\" \/>\n\t<meta property=\"og:image:height\" content=\"1600\" \/>\n\t<meta property=\"og:image:type\" content=\"image\/jpeg\" \/>\n<meta name=\"author\" content=\"admin\" \/>\n<meta name=\"twitter:card\" content=\"summary_large_image\" \/>\n<meta name=\"twitter:label1\" content=\"Written by\" \/>\n\t<meta name=\"twitter:data1\" content=\"admin\" \/>\n\t<meta name=\"twitter:label2\" content=\"Est. reading time\" \/>\n\t<meta name=\"twitter:data2\" content=\"1 minute\" \/>\n<script type=\"application\/ld+json\" class=\"yoast-schema-graph\">{\"@context\":\"https:\/\/schema.org\",\"@graph\":[{\"@type\":\"WebPage\",\"@id\":\"https:\/\/president-ksgov.net\/en\/president-thaci-met-with-the-representatives-of-the-akk-nisma-serbian-list-and-other-non-majority-communities\/\",\"url\":\"https:\/\/president-ksgov.net\/en\/president-thaci-met-with-the-representatives-of-the-akk-nisma-serbian-list-and-other-non-majority-communities\/\",\"name\":\"President Tha\u00e7i met with the representatives of the AKK, Nisma, Serbian List and other non-majority communities - President of the Republic of Kosovo - DR. VJOSA OSMANI - SADRIU\",\"isPartOf\":{\"@id\":\"https:\/\/president-ksgov.net\/#website\"},\"primaryImageOfPage\":{\"@id\":\"https:\/\/president-ksgov.net\/en\/president-thaci-met-with-the-representatives-of-the-akk-nisma-serbian-list-and-other-non-majority-communities\/#primaryimage\"},\"image\":{\"@id\":\"https:\/\/president-ksgov.net\/en\/president-thaci-met-with-the-representatives-of-the-akk-nisma-serbian-list-and-other-non-majority-communities\/#primaryimage\"},\"thumbnailUrl\":\"https:\/\/president-ksgov.net\/wp-content\/uploads\/02_04_2020_3889982_Nisma_02.jpg\",\"datePublished\":\"2020-04-02T13:52:36+00:00\",\"dateModified\":\"2023-03-07T09:16:52+00:00\",\"author\":{\"@id\":\"https:\/\/president-ksgov.net\/#\/schema\/person\/bb4337a5fb147cb2046d80548172cbee\"},\"description\":\"President Tha\u00e7i met with the representatives of the AKK, Nisma, Serbian List and other non-majority communities - President of the Republic of Kosovo - DR. VJOSA OSMANI - SADRIU -\",\"breadcrumb\":{\"@id\":\"https:\/\/president-ksgov.net\/en\/president-thaci-met-with-the-representatives-of-the-akk-nisma-serbian-list-and-other-non-majority-communities\/#breadcrumb\"},\"inLanguage\":\"en-US\",\"potentialAction\":[{\"@type\":\"ReadAction\",\"target\":[\"https:\/\/president-ksgov.net\/en\/president-thaci-met-with-the-representatives-of-the-akk-nisma-serbian-list-and-other-non-majority-communities\/\"]}]},{\"@type\":\"ImageObject\",\"inLanguage\":\"en-US\",\"@id\":\"https:\/\/president-ksgov.net\/en\/president-thaci-met-with-the-representatives-of-the-akk-nisma-serbian-list-and-other-non-majority-communities\/#primaryimage\",\"url\":\"https:\/\/president-ksgov.net\/wp-content\/uploads\/02_04_2020_3889982_Nisma_02.jpg\",\"contentUrl\":\"https:\/\/president-ksgov.net\/wp-content\/uploads\/02_04_2020_3889982_Nisma_02.jpg\",\"width\":2400,\"height\":1600},{\"@type\":\"BreadcrumbList\",\"@id\":\"https:\/\/president-ksgov.net\/en\/president-thaci-met-with-the-representatives-of-the-akk-nisma-serbian-list-and-other-non-majority-communities\/#breadcrumb\",\"itemListElement\":[{\"@type\":\"ListItem\",\"position\":1,\"name\":\"Home\",\"item\":\"https:\/\/president-ksgov.net\/en\/\"},{\"@type\":\"ListItem\",\"position\":2,\"name\":\"President Tha\u00e7i met with the representatives of the AKK, Nisma, Serbian List and other non-majority communities\"}]},{\"@type\":\"WebSite\",\"@id\":\"https:\/\/president-ksgov.net\/#website\",\"url\":\"https:\/\/president-ksgov.net\/\",\"name\":\"Presidente e Republik\u00ebs s\u00eb Kosov\u00ebs\",\"description\":\"Presidente e Republik\u00ebs s\u00eb Kosov\u00ebs\",\"alternateName\":\"DR. VJOSA OSMANI - SADRIU\",\"potentialAction\":[{\"@type\":\"SearchAction\",\"target\":{\"@type\":\"EntryPoint\",\"urlTemplate\":\"https:\/\/president-ksgov.net\/?s={search_term_string}\"},\"query-input\":{\"@type\":\"PropertyValueSpecification\",\"valueRequired\":true,\"valueName\":\"search_term_string\"}}],\"inLanguage\":\"en-US\"},{\"@type\":\"Person\",\"@id\":\"https:\/\/president-ksgov.net\/#\/schema\/person\/bb4337a5fb147cb2046d80548172cbee\",\"name\":\"admin\",\"image\":{\"@type\":\"ImageObject\",\"inLanguage\":\"en-US\",\"@id\":\"https:\/\/president-ksgov.net\/#\/schema\/person\/image\/\",\"url\":\"https:\/\/secure.gravatar.com\/avatar\/36156ca0fa3b8d9d25174f146e16beea0cf28f37adf1b9e19b6c9c279a7c9dd3?s=96&d=mm&r=g\",\"contentUrl\":\"https:\/\/secure.gravatar.com\/avatar\/36156ca0fa3b8d9d25174f146e16beea0cf28f37adf1b9e19b6c9c279a7c9dd3?s=96&d=mm&r=g\",\"caption\":\"admin\"},\"sameAs\":[\"https:\/\/president-ksgov.net\"]}]}<\/script>\n<!-- \/ Yoast SEO plugin. -->","yoast_head_json":{"title":"President Tha\u00e7i met with the representatives of the AKK, Nisma, Serbian List and other non-majority communities - President of the Republic of Kosovo - DR. VJOSA OSMANI - SADRIU","description":"President Tha\u00e7i met with the representatives of the AKK, Nisma, Serbian List and other non-majority communities - President of the Republic of Kosovo - DR. VJOSA OSMANI - SADRIU -","robots":{"index":"index","follow":"follow","max-snippet":"max-snippet:-1","max-image-preview":"max-image-preview:large","max-video-preview":"max-video-preview:-1"},"canonical":"https:\/\/president-ksgov.net\/en\/president-thaci-met-with-the-representatives-of-the-akk-nisma-serbian-list-and-other-non-majority-communities\/","og_locale":"en_US","og_type":"article","og_title":"President Tha\u00e7i met with the representatives of the AKK, Nisma, Serbian List and other non-majority communities - President of the Republic of Kosovo - DR. VJOSA OSMANI - SADRIU","og_description":"President Tha\u00e7i met with the representatives of the AKK, Nisma, Serbian List and other non-majority communities - President of the Republic of Kosovo - DR. VJOSA OSMANI - SADRIU -","og_url":"https:\/\/president-ksgov.net\/en\/president-thaci-met-with-the-representatives-of-the-akk-nisma-serbian-list-and-other-non-majority-communities\/","og_site_name":"President of the Republic of Kosovo - DR. VJOSA OSMANI - SADRIU","article_published_time":"2020-04-02T13:52:36+00:00","article_modified_time":"2023-03-07T09:16:52+00:00","og_image":[{"width":2400,"height":1600,"url":"https:\/\/president-ksgov.net\/wp-content\/uploads\/02_04_2020_3889982_Nisma_02.jpg","type":"image\/jpeg"}],"author":"admin","twitter_card":"summary_large_image","twitter_misc":{"Written by":"admin","Est. reading time":"1 minute"},"schema":{"@context":"https:\/\/schema.org","@graph":[{"@type":"WebPage","@id":"https:\/\/president-ksgov.net\/en\/president-thaci-met-with-the-representatives-of-the-akk-nisma-serbian-list-and-other-non-majority-communities\/","url":"https:\/\/president-ksgov.net\/en\/president-thaci-met-with-the-representatives-of-the-akk-nisma-serbian-list-and-other-non-majority-communities\/","name":"President Tha\u00e7i met with the representatives of the AKK, Nisma, Serbian List and other non-majority communities - President of the Republic of Kosovo - DR. VJOSA OSMANI - SADRIU","isPartOf":{"@id":"https:\/\/president-ksgov.net\/#website"},"primaryImageOfPage":{"@id":"https:\/\/president-ksgov.net\/en\/president-thaci-met-with-the-representatives-of-the-akk-nisma-serbian-list-and-other-non-majority-communities\/#primaryimage"},"image":{"@id":"https:\/\/president-ksgov.net\/en\/president-thaci-met-with-the-representatives-of-the-akk-nisma-serbian-list-and-other-non-majority-communities\/#primaryimage"},"thumbnailUrl":"https:\/\/president-ksgov.net\/wp-content\/uploads\/02_04_2020_3889982_Nisma_02.jpg","datePublished":"2020-04-02T13:52:36+00:00","dateModified":"2023-03-07T09:16:52+00:00","author":{"@id":"https:\/\/president-ksgov.net\/#\/schema\/person\/bb4337a5fb147cb2046d80548172cbee"},"description":"President Tha\u00e7i met with the representatives of the AKK, Nisma, Serbian List and other non-majority communities - President of the Republic of Kosovo - DR. VJOSA OSMANI - SADRIU -","breadcrumb":{"@id":"https:\/\/president-ksgov.net\/en\/president-thaci-met-with-the-representatives-of-the-akk-nisma-serbian-list-and-other-non-majority-communities\/#breadcrumb"},"inLanguage":"en-US","potentialAction":[{"@type":"ReadAction","target":["https:\/\/president-ksgov.net\/en\/president-thaci-met-with-the-representatives-of-the-akk-nisma-serbian-list-and-other-non-majority-communities\/"]}]},{"@type":"ImageObject","inLanguage":"en-US","@id":"https:\/\/president-ksgov.net\/en\/president-thaci-met-with-the-representatives-of-the-akk-nisma-serbian-list-and-other-non-majority-communities\/#primaryimage","url":"https:\/\/president-ksgov.net\/wp-content\/uploads\/02_04_2020_3889982_Nisma_02.jpg","contentUrl":"https:\/\/president-ksgov.net\/wp-content\/uploads\/02_04_2020_3889982_Nisma_02.jpg","width":2400,"height":1600},{"@type":"BreadcrumbList","@id":"https:\/\/president-ksgov.net\/en\/president-thaci-met-with-the-representatives-of-the-akk-nisma-serbian-list-and-other-non-majority-communities\/#breadcrumb","itemListElement":[{"@type":"ListItem","position":1,"name":"Home","item":"https:\/\/president-ksgov.net\/en\/"},{"@type":"ListItem","position":2,"name":"President Tha\u00e7i met with the representatives of the AKK, Nisma, Serbian List and other non-majority communities"}]},{"@type":"WebSite","@id":"https:\/\/president-ksgov.net\/#website","url":"https:\/\/president-ksgov.net\/","name":"Presidente e Republik\u00ebs s\u00eb Kosov\u00ebs","description":"Presidente e Republik\u00ebs s\u00eb Kosov\u00ebs","alternateName":"DR. VJOSA OSMANI - SADRIU","potentialAction":[{"@type":"SearchAction","target":{"@type":"EntryPoint","urlTemplate":"https:\/\/president-ksgov.net\/?s={search_term_string}"},"query-input":{"@type":"PropertyValueSpecification","valueRequired":true,"valueName":"search_term_string"}}],"inLanguage":"en-US"},{"@type":"Person","@id":"https:\/\/president-ksgov.net\/#\/schema\/person\/bb4337a5fb147cb2046d80548172cbee","name":"admin","image":{"@type":"ImageObject","inLanguage":"en-US","@id":"https:\/\/president-ksgov.net\/#\/schema\/person\/image\/","url":"https:\/\/secure.gravatar.com\/avatar\/36156ca0fa3b8d9d25174f146e16beea0cf28f37adf1b9e19b6c9c279a7c9dd3?s=96&d=mm&r=g","contentUrl":"https:\/\/secure.gravatar.com\/avatar\/36156ca0fa3b8d9d25174f146e16beea0cf28f37adf1b9e19b6c9c279a7c9dd3?s=96&d=mm&r=g","caption":"admin"},"sameAs":["https:\/\/president-ksgov.net"]}]}},"_links":{"self":[{"href":"https:\/\/president-ksgov.net\/en\/wp-json\/wp\/v2\/posts\/67720","targetHints":{"allow":["GET"]}}],"collection":[{"href":"https:\/\/president-ksgov.net\/en\/wp-json\/wp\/v2\/posts"}],"about":[{"href":"https:\/\/president-ksgov.net\/en\/wp-json\/wp\/v2\/types\/post"}],"author":[{"embeddable":true,"href":"https:\/\/president-ksgov.net\/en\/wp-json\/wp\/v2\/users\/1"}],"replies":[{"embeddable":true,"href":"https:\/\/president-ksgov.net\/en\/wp-json\/wp\/v2\/comments?post=67720"}],"version-history":[{"count":0,"href":"https:\/\/president-ksgov.net\/en\/wp-json\/wp\/v2\/posts\/67720\/revisions"}],"wp:featuredmedia":[{"embeddable":true,"href":"https:\/\/president-ksgov.net\/en\/wp-json\/wp\/v2\/media\/23148"}],"wp:attachment":[{"href":"https:\/\/president-ksgov.net\/en\/wp-json\/wp\/v2\/media?parent=67720"}],"wp:term":[{"taxonomy":"category","embeddable":true,"href":"https:\/\/president-ksgov.net\/en\/wp-json\/wp\/v2\/categories?post=67720"},{"taxonomy":"post_tag","embeddable":true,"href":"https:\/\/president-ksgov.net\/en\/wp-json\/wp\/v2\/tags?post=67720"}],"curies":[{"name":"wp","href":"https:\/\/api.w.org\/{rel}","templated":true}]}}