{"id":67719,"date":"2020-04-15T12:06:58","date_gmt":"2020-04-15T12:06:58","guid":{"rendered":"https:\/\/dev.president-ksgov.net\/the-president-talks-with-the-heads-of-the-justice-institutions-to-prevent-the-spread-of-the-pandemic-in-prisons\/"},"modified":"2023-03-07T09:16:52","modified_gmt":"2023-03-07T09:16:52","slug":"the-president-talks-with-the-heads-of-the-justice-institutions-to-prevent-the-spread-of-the-pandemic-in-prisons","status":"publish","type":"post","link":"https:\/\/president-ksgov.net\/en\/the-president-talks-with-the-heads-of-the-justice-institutions-to-prevent-the-spread-of-the-pandemic-in-prisons\/","title":{"rendered":"The President talks with the heads of the justice institutions to prevent the spread of the pandemic in prisons"},"content":{"rendered":"<p>Prishtina, April 15, 2020 \u2013 The President of the Republic of Kosovo, Hashim Tha\u00e7i, met today with the heads of the justice institutions to discuss about the risk of the spread of the COVID-19 virus in the institutions of the Kosovo Correctional Service and to find a legal solution to prevent the spread in these institutions.<\/p>\n<p>Present at this meeting were the General Director of the Correctional Service, Nehat Tha\u00e7i, the President of the Supreme Court, Enver Peci, the President of the Court of Appeals, Hasan Shala, the President of the Basic Court in Prishtina, Aferdita Byty\u00e7i, the Chief State Prosecutor, Aleksand\u00ebr Lumezi and the Chief Prosecutor of the Basic Prosecution in Prishtina, Kujtim Munishi.<\/p>\n<p>President Tha\u00e7i said that although it is good news that there are still no cases of infections with the corona virus in correctional institutions, every step should be taken to prevent this.<\/p>\n<p>\u201cThe health of the citizens is in question and it is important that the institutions of the Republic of Kosovo take care of every citizen and find solutions for every citizen, in accordance with the applicable laws\u201d, said President Tha\u00e7i.<\/p>\n<p>At the meeting there was discussed about the steps to be taken by the relevant institutions and it was emphasized that in search of a solution to also include as soon as possible the Assembly of Kosovo and public health mechanisms.<\/p>\n","protected":false},"excerpt":{"rendered":"<p>Prishtina, April 15, 2020 \u2013 The President of the Republic of Kosovo, Hashim Tha\u00e7i, met today with the heads of the justice institutions to discuss about the risk of the spread of the COVID-19 virus in the institutions of the Kosovo Correctional Service and to find a legal solution to prevent the spread in these institutions.<\/p>\n","protected":false},"author":1,"featured_media":23138,"comment_status":"open","ping_status":"closed","sticky":false,"template":"","format":"standard","meta":{"_eb_attr":"","footnotes":""},"categories":[111],"tags":[],"class_list":["post-67719","post","type-post","status-publish","format-standard","has-post-thumbnail","hentry","category-news"],"yoast_head":"<!-- This site is optimized with the Yoast SEO plugin v23.5 - https:\/\/yoast.com\/wordpress\/plugins\/seo\/ -->\n<title>The President talks with the heads of the justice institutions to prevent the spread of the pandemic in prisons - President of the Republic of Kosovo - DR. VJOSA OSMANI - SADRIU<\/title>\n<meta name=\"description\" content=\"The President talks with the heads of the justice institutions to prevent the spread of the pandemic in prisons - President of the Republic of Kosovo - DR. VJOSA OSMANI - SADRIU -\" \/>\n<meta name=\"robots\" content=\"index, follow, max-snippet:-1, max-image-preview:large, max-video-preview:-1\" \/>\n<link rel=\"canonical\" href=\"https:\/\/president-ksgov.net\/en\/the-president-talks-with-the-heads-of-the-justice-institutions-to-prevent-the-spread-of-the-pandemic-in-prisons\/\" \/>\n<meta property=\"og:locale\" content=\"en_US\" \/>\n<meta property=\"og:type\" content=\"article\" \/>\n<meta property=\"og:title\" content=\"The President talks with the heads of the justice institutions to prevent the spread of the pandemic in prisons - President of the Republic of Kosovo - DR. VJOSA OSMANI - SADRIU\" \/>\n<meta property=\"og:description\" content=\"The President talks with the heads of the justice institutions to prevent the spread of the pandemic in prisons - President of the Republic of Kosovo - DR. VJOSA OSMANI - SADRIU -\" \/>\n<meta property=\"og:url\" content=\"https:\/\/president-ksgov.net\/en\/the-president-talks-with-the-heads-of-the-justice-institutions-to-prevent-the-spread-of-the-pandemic-in-prisons\/\" \/>\n<meta property=\"og:site_name\" content=\"President of the Republic of Kosovo - DR. VJOSA OSMANI - SADRIU\" \/>\n<meta property=\"article:published_time\" content=\"2020-04-15T12:06:58+00:00\" \/>\n<meta property=\"article:modified_time\" content=\"2023-03-07T09:16:52+00:00\" \/>\n<meta property=\"og:image\" content=\"https:\/\/president-ksgov.net\/wp-content\/uploads\/15_04_2020_8251954_gj_01.jpg\" \/>\n\t<meta property=\"og:image:width\" content=\"2400\" \/>\n\t<meta property=\"og:image:height\" content=\"1600\" \/>\n\t<meta property=\"og:image:type\" content=\"image\/jpeg\" \/>\n<meta name=\"author\" content=\"admin\" \/>\n<meta name=\"twitter:card\" content=\"summary_large_image\" \/>\n<meta name=\"twitter:label1\" content=\"Written by\" \/>\n\t<meta name=\"twitter:data1\" content=\"admin\" \/>\n\t<meta name=\"twitter:label2\" content=\"Est. reading time\" \/>\n\t<meta name=\"twitter:data2\" content=\"1 minute\" \/>\n<script type=\"application\/ld+json\" class=\"yoast-schema-graph\">{\"@context\":\"https:\/\/schema.org\",\"@graph\":[{\"@type\":\"WebPage\",\"@id\":\"https:\/\/president-ksgov.net\/en\/the-president-talks-with-the-heads-of-the-justice-institutions-to-prevent-the-spread-of-the-pandemic-in-prisons\/\",\"url\":\"https:\/\/president-ksgov.net\/en\/the-president-talks-with-the-heads-of-the-justice-institutions-to-prevent-the-spread-of-the-pandemic-in-prisons\/\",\"name\":\"The President talks with the heads of the justice institutions to prevent the spread of the pandemic in prisons - President of the Republic of Kosovo - DR. VJOSA OSMANI - SADRIU\",\"isPartOf\":{\"@id\":\"https:\/\/president-ksgov.net\/#website\"},\"primaryImageOfPage\":{\"@id\":\"https:\/\/president-ksgov.net\/en\/the-president-talks-with-the-heads-of-the-justice-institutions-to-prevent-the-spread-of-the-pandemic-in-prisons\/#primaryimage\"},\"image\":{\"@id\":\"https:\/\/president-ksgov.net\/en\/the-president-talks-with-the-heads-of-the-justice-institutions-to-prevent-the-spread-of-the-pandemic-in-prisons\/#primaryimage\"},\"thumbnailUrl\":\"https:\/\/president-ksgov.net\/wp-content\/uploads\/15_04_2020_8251954_gj_01.jpg\",\"datePublished\":\"2020-04-15T12:06:58+00:00\",\"dateModified\":\"2023-03-07T09:16:52+00:00\",\"author\":{\"@id\":\"https:\/\/president-ksgov.net\/#\/schema\/person\/bb4337a5fb147cb2046d80548172cbee\"},\"description\":\"The President talks with the heads of the justice institutions to prevent the spread of the pandemic in prisons - President of the Republic of Kosovo - DR. VJOSA OSMANI - SADRIU -\",\"breadcrumb\":{\"@id\":\"https:\/\/president-ksgov.net\/en\/the-president-talks-with-the-heads-of-the-justice-institutions-to-prevent-the-spread-of-the-pandemic-in-prisons\/#breadcrumb\"},\"inLanguage\":\"en-US\",\"potentialAction\":[{\"@type\":\"ReadAction\",\"target\":[\"https:\/\/president-ksgov.net\/en\/the-president-talks-with-the-heads-of-the-justice-institutions-to-prevent-the-spread-of-the-pandemic-in-prisons\/\"]}]},{\"@type\":\"ImageObject\",\"inLanguage\":\"en-US\",\"@id\":\"https:\/\/president-ksgov.net\/en\/the-president-talks-with-the-heads-of-the-justice-institutions-to-prevent-the-spread-of-the-pandemic-in-prisons\/#primaryimage\",\"url\":\"https:\/\/president-ksgov.net\/wp-content\/uploads\/15_04_2020_8251954_gj_01.jpg\",\"contentUrl\":\"https:\/\/president-ksgov.net\/wp-content\/uploads\/15_04_2020_8251954_gj_01.jpg\",\"width\":2400,\"height\":1600},{\"@type\":\"BreadcrumbList\",\"@id\":\"https:\/\/president-ksgov.net\/en\/the-president-talks-with-the-heads-of-the-justice-institutions-to-prevent-the-spread-of-the-pandemic-in-prisons\/#breadcrumb\",\"itemListElement\":[{\"@type\":\"ListItem\",\"position\":1,\"name\":\"Home\",\"item\":\"https:\/\/president-ksgov.net\/en\/\"},{\"@type\":\"ListItem\",\"position\":2,\"name\":\"The President talks with the heads of the justice institutions to prevent the spread of the pandemic in prisons\"}]},{\"@type\":\"WebSite\",\"@id\":\"https:\/\/president-ksgov.net\/#website\",\"url\":\"https:\/\/president-ksgov.net\/\",\"name\":\"Presidente e Republik\u00ebs s\u00eb Kosov\u00ebs\",\"description\":\"Presidente e Republik\u00ebs s\u00eb Kosov\u00ebs\",\"alternateName\":\"DR. VJOSA OSMANI - SADRIU\",\"potentialAction\":[{\"@type\":\"SearchAction\",\"target\":{\"@type\":\"EntryPoint\",\"urlTemplate\":\"https:\/\/president-ksgov.net\/?s={search_term_string}\"},\"query-input\":{\"@type\":\"PropertyValueSpecification\",\"valueRequired\":true,\"valueName\":\"search_term_string\"}}],\"inLanguage\":\"en-US\"},{\"@type\":\"Person\",\"@id\":\"https:\/\/president-ksgov.net\/#\/schema\/person\/bb4337a5fb147cb2046d80548172cbee\",\"name\":\"admin\",\"image\":{\"@type\":\"ImageObject\",\"inLanguage\":\"en-US\",\"@id\":\"https:\/\/president-ksgov.net\/#\/schema\/person\/image\/\",\"url\":\"https:\/\/secure.gravatar.com\/avatar\/36156ca0fa3b8d9d25174f146e16beea0cf28f37adf1b9e19b6c9c279a7c9dd3?s=96&d=mm&r=g\",\"contentUrl\":\"https:\/\/secure.gravatar.com\/avatar\/36156ca0fa3b8d9d25174f146e16beea0cf28f37adf1b9e19b6c9c279a7c9dd3?s=96&d=mm&r=g\",\"caption\":\"admin\"},\"sameAs\":[\"https:\/\/president-ksgov.net\"]}]}<\/script>\n<!-- \/ Yoast SEO plugin. -->","yoast_head_json":{"title":"The President talks with the heads of the justice institutions to prevent the spread of the pandemic in prisons - President of the Republic of Kosovo - DR. VJOSA OSMANI - SADRIU","description":"The President talks with the heads of the justice institutions to prevent the spread of the pandemic in prisons - President of the Republic of Kosovo - DR. VJOSA OSMANI - SADRIU -","robots":{"index":"index","follow":"follow","max-snippet":"max-snippet:-1","max-image-preview":"max-image-preview:large","max-video-preview":"max-video-preview:-1"},"canonical":"https:\/\/president-ksgov.net\/en\/the-president-talks-with-the-heads-of-the-justice-institutions-to-prevent-the-spread-of-the-pandemic-in-prisons\/","og_locale":"en_US","og_type":"article","og_title":"The President talks with the heads of the justice institutions to prevent the spread of the pandemic in prisons - President of the Republic of Kosovo - DR. VJOSA OSMANI - SADRIU","og_description":"The President talks with the heads of the justice institutions to prevent the spread of the pandemic in prisons - President of the Republic of Kosovo - DR. VJOSA OSMANI - SADRIU -","og_url":"https:\/\/president-ksgov.net\/en\/the-president-talks-with-the-heads-of-the-justice-institutions-to-prevent-the-spread-of-the-pandemic-in-prisons\/","og_site_name":"President of the Republic of Kosovo - DR. VJOSA OSMANI - SADRIU","article_published_time":"2020-04-15T12:06:58+00:00","article_modified_time":"2023-03-07T09:16:52+00:00","og_image":[{"width":2400,"height":1600,"url":"https:\/\/president-ksgov.net\/wp-content\/uploads\/15_04_2020_8251954_gj_01.jpg","type":"image\/jpeg"}],"author":"admin","twitter_card":"summary_large_image","twitter_misc":{"Written by":"admin","Est. reading time":"1 minute"},"schema":{"@context":"https:\/\/schema.org","@graph":[{"@type":"WebPage","@id":"https:\/\/president-ksgov.net\/en\/the-president-talks-with-the-heads-of-the-justice-institutions-to-prevent-the-spread-of-the-pandemic-in-prisons\/","url":"https:\/\/president-ksgov.net\/en\/the-president-talks-with-the-heads-of-the-justice-institutions-to-prevent-the-spread-of-the-pandemic-in-prisons\/","name":"The President talks with the heads of the justice institutions to prevent the spread of the pandemic in prisons - President of the Republic of Kosovo - DR. VJOSA OSMANI - SADRIU","isPartOf":{"@id":"https:\/\/president-ksgov.net\/#website"},"primaryImageOfPage":{"@id":"https:\/\/president-ksgov.net\/en\/the-president-talks-with-the-heads-of-the-justice-institutions-to-prevent-the-spread-of-the-pandemic-in-prisons\/#primaryimage"},"image":{"@id":"https:\/\/president-ksgov.net\/en\/the-president-talks-with-the-heads-of-the-justice-institutions-to-prevent-the-spread-of-the-pandemic-in-prisons\/#primaryimage"},"thumbnailUrl":"https:\/\/president-ksgov.net\/wp-content\/uploads\/15_04_2020_8251954_gj_01.jpg","datePublished":"2020-04-15T12:06:58+00:00","dateModified":"2023-03-07T09:16:52+00:00","author":{"@id":"https:\/\/president-ksgov.net\/#\/schema\/person\/bb4337a5fb147cb2046d80548172cbee"},"description":"The President talks with the heads of the justice institutions to prevent the spread of the pandemic in prisons - President of the Republic of Kosovo - DR. VJOSA OSMANI - SADRIU -","breadcrumb":{"@id":"https:\/\/president-ksgov.net\/en\/the-president-talks-with-the-heads-of-the-justice-institutions-to-prevent-the-spread-of-the-pandemic-in-prisons\/#breadcrumb"},"inLanguage":"en-US","potentialAction":[{"@type":"ReadAction","target":["https:\/\/president-ksgov.net\/en\/the-president-talks-with-the-heads-of-the-justice-institutions-to-prevent-the-spread-of-the-pandemic-in-prisons\/"]}]},{"@type":"ImageObject","inLanguage":"en-US","@id":"https:\/\/president-ksgov.net\/en\/the-president-talks-with-the-heads-of-the-justice-institutions-to-prevent-the-spread-of-the-pandemic-in-prisons\/#primaryimage","url":"https:\/\/president-ksgov.net\/wp-content\/uploads\/15_04_2020_8251954_gj_01.jpg","contentUrl":"https:\/\/president-ksgov.net\/wp-content\/uploads\/15_04_2020_8251954_gj_01.jpg","width":2400,"height":1600},{"@type":"BreadcrumbList","@id":"https:\/\/president-ksgov.net\/en\/the-president-talks-with-the-heads-of-the-justice-institutions-to-prevent-the-spread-of-the-pandemic-in-prisons\/#breadcrumb","itemListElement":[{"@type":"ListItem","position":1,"name":"Home","item":"https:\/\/president-ksgov.net\/en\/"},{"@type":"ListItem","position":2,"name":"The President talks with the heads of the justice institutions to prevent the spread of the pandemic in prisons"}]},{"@type":"WebSite","@id":"https:\/\/president-ksgov.net\/#website","url":"https:\/\/president-ksgov.net\/","name":"Presidente e Republik\u00ebs s\u00eb Kosov\u00ebs","description":"Presidente e Republik\u00ebs s\u00eb Kosov\u00ebs","alternateName":"DR. VJOSA OSMANI - SADRIU","potentialAction":[{"@type":"SearchAction","target":{"@type":"EntryPoint","urlTemplate":"https:\/\/president-ksgov.net\/?s={search_term_string}"},"query-input":{"@type":"PropertyValueSpecification","valueRequired":true,"valueName":"search_term_string"}}],"inLanguage":"en-US"},{"@type":"Person","@id":"https:\/\/president-ksgov.net\/#\/schema\/person\/bb4337a5fb147cb2046d80548172cbee","name":"admin","image":{"@type":"ImageObject","inLanguage":"en-US","@id":"https:\/\/president-ksgov.net\/#\/schema\/person\/image\/","url":"https:\/\/secure.gravatar.com\/avatar\/36156ca0fa3b8d9d25174f146e16beea0cf28f37adf1b9e19b6c9c279a7c9dd3?s=96&d=mm&r=g","contentUrl":"https:\/\/secure.gravatar.com\/avatar\/36156ca0fa3b8d9d25174f146e16beea0cf28f37adf1b9e19b6c9c279a7c9dd3?s=96&d=mm&r=g","caption":"admin"},"sameAs":["https:\/\/president-ksgov.net"]}]}},"_links":{"self":[{"href":"https:\/\/president-ksgov.net\/en\/wp-json\/wp\/v2\/posts\/67719","targetHints":{"allow":["GET"]}}],"collection":[{"href":"https:\/\/president-ksgov.net\/en\/wp-json\/wp\/v2\/posts"}],"about":[{"href":"https:\/\/president-ksgov.net\/en\/wp-json\/wp\/v2\/types\/post"}],"author":[{"embeddable":true,"href":"https:\/\/president-ksgov.net\/en\/wp-json\/wp\/v2\/users\/1"}],"replies":[{"embeddable":true,"href":"https:\/\/president-ksgov.net\/en\/wp-json\/wp\/v2\/comments?post=67719"}],"version-history":[{"count":0,"href":"https:\/\/president-ksgov.net\/en\/wp-json\/wp\/v2\/posts\/67719\/revisions"}],"wp:featuredmedia":[{"embeddable":true,"href":"https:\/\/president-ksgov.net\/en\/wp-json\/wp\/v2\/media\/23138"}],"wp:attachment":[{"href":"https:\/\/president-ksgov.net\/en\/wp-json\/wp\/v2\/media?parent=67719"}],"wp:term":[{"taxonomy":"category","embeddable":true,"href":"https:\/\/president-ksgov.net\/en\/wp-json\/wp\/v2\/categories?post=67719"},{"taxonomy":"post_tag","embeddable":true,"href":"https:\/\/president-ksgov.net\/en\/wp-json\/wp\/v2\/tags?post=67719"}],"curies":[{"name":"wp","href":"https:\/\/api.w.org\/{rel}","templated":true}]}}