{"id":67715,"date":"2020-05-06T11:07:54","date_gmt":"2020-05-06T11:07:54","guid":{"rendered":"https:\/\/dev.president-ksgov.net\/president-thaci-phone-call-with-prime-minister-plenkovi-of-croatia-expresses-gratitude-for-keeping-the-balkans-high-on-the-eu-agenda\/"},"modified":"2023-03-07T09:16:52","modified_gmt":"2023-03-07T09:16:52","slug":"president-thaci-phone-call-with-prime-minister-plenkovi-of-croatia-expresses-gratitude-for-keeping-the-balkans-high-on-the-eu-agenda","status":"publish","type":"post","link":"https:\/\/president-ksgov.net\/en\/president-thaci-phone-call-with-prime-minister-plenkovi-of-croatia-expresses-gratitude-for-keeping-the-balkans-high-on-the-eu-agenda\/","title":{"rendered":"President Tha\u00e7i phone call with Prime Minister Plenkovi&cacute; of Croatia, expresses gratitude for keeping the Balkans high on the EU agenda"},"content":{"rendered":"<p>Prishtina, May 6, 2020 \u2013 The President of the Republic of Kosovo, Hashim Tha\u00e7i, had a telephone conversation today with the Prime Minister of Croatia, Andrej Plenkovi&cacute;, in the framework of the preparations for the Zagreb Summit that will be held this afternoon.<\/p>\n<p>President Tha\u00e7i expressed gratitude for Croatia\u2019s insistence for the Zagreb Summit to be held even in the conditions of the pandemic caused by COVID-19.<\/p>\n<p>\u201cWe are grateful that you have insisted for the summit be held in these conditions and that you are keeping the Western Balkans high on the EU agenda\u201d, said President Tha\u00e7i.<\/p>\n<p>\u201cKosovo and Croatia are strategic partners in the region and in the European perspective\u201d, added the President of the Republic of Kosovo.<\/p>\n<p>Croatia is the next EU Chair in the first half of this year and the priority of its Chairmanship is to bring the EU closer to the Western Balkans.<br \/>\n\u00a0<\/p>\n","protected":false},"excerpt":{"rendered":"<p>Prishtina, May 6, 2020 \u2013 The President of the Republic of Kosovo, Hashim Tha\u00e7i, had a telephone conversation today with the Prime Minister of Croatia, Andrej Plenkovi&cacute;, in the framework of the preparations for the Zagreb Summit that will be held this afternoon.<\/p>\n","protected":false},"author":1,"featured_media":23101,"comment_status":"open","ping_status":"closed","sticky":false,"template":"","format":"standard","meta":{"_eb_attr":"","footnotes":""},"categories":[111],"tags":[],"class_list":["post-67715","post","type-post","status-publish","format-standard","has-post-thumbnail","hentry","category-news"],"yoast_head":"<!-- This site is optimized with the Yoast SEO plugin v23.5 - https:\/\/yoast.com\/wordpress\/plugins\/seo\/ -->\n<title>President Tha\u00e7i phone call with Prime Minister Plenkovi&amp;cacute; of Croatia, expresses gratitude for keeping the Balkans high on the EU agenda - President of the Republic of Kosovo - DR. VJOSA OSMANI - SADRIU<\/title>\n<meta name=\"description\" content=\"President Tha\u00e7i phone call with Prime Minister Plenkovi&amp;cacute; of Croatia, expresses gratitude for keeping the Balkans high on the EU agenda - President of the Republic of Kosovo - DR. VJOSA OSMANI - SADRIU -\" \/>\n<meta name=\"robots\" content=\"index, follow, max-snippet:-1, max-image-preview:large, max-video-preview:-1\" \/>\n<link rel=\"canonical\" href=\"https:\/\/president-ksgov.net\/en\/president-thaci-phone-call-with-prime-minister-plenkovi-of-croatia-expresses-gratitude-for-keeping-the-balkans-high-on-the-eu-agenda\/\" \/>\n<meta property=\"og:locale\" content=\"en_US\" \/>\n<meta property=\"og:type\" content=\"article\" \/>\n<meta property=\"og:title\" content=\"President Tha\u00e7i phone call with Prime Minister Plenkovi&amp;cacute; of Croatia, expresses gratitude for keeping the Balkans high on the EU agenda - President of the Republic of Kosovo - DR. VJOSA OSMANI - SADRIU\" \/>\n<meta property=\"og:description\" content=\"President Tha\u00e7i phone call with Prime Minister Plenkovi&amp;cacute; of Croatia, expresses gratitude for keeping the Balkans high on the EU agenda - President of the Republic of Kosovo - DR. VJOSA OSMANI - SADRIU -\" \/>\n<meta property=\"og:url\" content=\"https:\/\/president-ksgov.net\/en\/president-thaci-phone-call-with-prime-minister-plenkovi-of-croatia-expresses-gratitude-for-keeping-the-balkans-high-on-the-eu-agenda\/\" \/>\n<meta property=\"og:site_name\" content=\"President of the Republic of Kosovo - DR. VJOSA OSMANI - SADRIU\" \/>\n<meta property=\"article:published_time\" content=\"2020-05-06T11:07:54+00:00\" \/>\n<meta property=\"article:modified_time\" content=\"2023-03-07T09:16:52+00:00\" \/>\n<meta property=\"og:image\" content=\"https:\/\/president-ksgov.net\/wp-content\/uploads\/06_05_2020_5930792_image1_1_.jpeg\" \/>\n\t<meta property=\"og:image:width\" content=\"884\" \/>\n\t<meta property=\"og:image:height\" content=\"410\" \/>\n\t<meta property=\"og:image:type\" content=\"image\/jpeg\" \/>\n<meta name=\"author\" content=\"admin\" \/>\n<meta name=\"twitter:card\" content=\"summary_large_image\" \/>\n<meta name=\"twitter:label1\" content=\"Written by\" \/>\n\t<meta name=\"twitter:data1\" content=\"admin\" \/>\n\t<meta name=\"twitter:label2\" content=\"Est. reading time\" \/>\n\t<meta name=\"twitter:data2\" content=\"1 minute\" \/>\n<script type=\"application\/ld+json\" class=\"yoast-schema-graph\">{\"@context\":\"https:\/\/schema.org\",\"@graph\":[{\"@type\":\"WebPage\",\"@id\":\"https:\/\/president-ksgov.net\/en\/president-thaci-phone-call-with-prime-minister-plenkovi-of-croatia-expresses-gratitude-for-keeping-the-balkans-high-on-the-eu-agenda\/\",\"url\":\"https:\/\/president-ksgov.net\/en\/president-thaci-phone-call-with-prime-minister-plenkovi-of-croatia-expresses-gratitude-for-keeping-the-balkans-high-on-the-eu-agenda\/\",\"name\":\"President Tha\u00e7i phone call with Prime Minister Plenkovi&cacute; of Croatia, expresses gratitude for keeping the Balkans high on the EU agenda - President of the Republic of Kosovo - DR. VJOSA OSMANI - SADRIU\",\"isPartOf\":{\"@id\":\"https:\/\/president-ksgov.net\/#website\"},\"primaryImageOfPage\":{\"@id\":\"https:\/\/president-ksgov.net\/en\/president-thaci-phone-call-with-prime-minister-plenkovi-of-croatia-expresses-gratitude-for-keeping-the-balkans-high-on-the-eu-agenda\/#primaryimage\"},\"image\":{\"@id\":\"https:\/\/president-ksgov.net\/en\/president-thaci-phone-call-with-prime-minister-plenkovi-of-croatia-expresses-gratitude-for-keeping-the-balkans-high-on-the-eu-agenda\/#primaryimage\"},\"thumbnailUrl\":\"https:\/\/president-ksgov.net\/wp-content\/uploads\/06_05_2020_5930792_image1_1_.jpeg\",\"datePublished\":\"2020-05-06T11:07:54+00:00\",\"dateModified\":\"2023-03-07T09:16:52+00:00\",\"author\":{\"@id\":\"https:\/\/president-ksgov.net\/#\/schema\/person\/bb4337a5fb147cb2046d80548172cbee\"},\"description\":\"President Tha\u00e7i phone call with Prime Minister Plenkovi&cacute; of Croatia, expresses gratitude for keeping the Balkans high on the EU agenda - President of the Republic of Kosovo - DR. VJOSA OSMANI - SADRIU -\",\"breadcrumb\":{\"@id\":\"https:\/\/president-ksgov.net\/en\/president-thaci-phone-call-with-prime-minister-plenkovi-of-croatia-expresses-gratitude-for-keeping-the-balkans-high-on-the-eu-agenda\/#breadcrumb\"},\"inLanguage\":\"en-US\",\"potentialAction\":[{\"@type\":\"ReadAction\",\"target\":[\"https:\/\/president-ksgov.net\/en\/president-thaci-phone-call-with-prime-minister-plenkovi-of-croatia-expresses-gratitude-for-keeping-the-balkans-high-on-the-eu-agenda\/\"]}]},{\"@type\":\"ImageObject\",\"inLanguage\":\"en-US\",\"@id\":\"https:\/\/president-ksgov.net\/en\/president-thaci-phone-call-with-prime-minister-plenkovi-of-croatia-expresses-gratitude-for-keeping-the-balkans-high-on-the-eu-agenda\/#primaryimage\",\"url\":\"https:\/\/president-ksgov.net\/wp-content\/uploads\/06_05_2020_5930792_image1_1_.jpeg\",\"contentUrl\":\"https:\/\/president-ksgov.net\/wp-content\/uploads\/06_05_2020_5930792_image1_1_.jpeg\",\"width\":884,\"height\":410},{\"@type\":\"BreadcrumbList\",\"@id\":\"https:\/\/president-ksgov.net\/en\/president-thaci-phone-call-with-prime-minister-plenkovi-of-croatia-expresses-gratitude-for-keeping-the-balkans-high-on-the-eu-agenda\/#breadcrumb\",\"itemListElement\":[{\"@type\":\"ListItem\",\"position\":1,\"name\":\"Home\",\"item\":\"https:\/\/president-ksgov.net\/en\/\"},{\"@type\":\"ListItem\",\"position\":2,\"name\":\"President Tha\u00e7i phone call with Prime Minister Plenkovi&cacute; of Croatia, expresses gratitude for keeping the Balkans high on the EU agenda\"}]},{\"@type\":\"WebSite\",\"@id\":\"https:\/\/president-ksgov.net\/#website\",\"url\":\"https:\/\/president-ksgov.net\/\",\"name\":\"Presidente e Republik\u00ebs s\u00eb Kosov\u00ebs\",\"description\":\"Presidente e Republik\u00ebs s\u00eb Kosov\u00ebs\",\"alternateName\":\"DR. VJOSA OSMANI - SADRIU\",\"potentialAction\":[{\"@type\":\"SearchAction\",\"target\":{\"@type\":\"EntryPoint\",\"urlTemplate\":\"https:\/\/president-ksgov.net\/?s={search_term_string}\"},\"query-input\":{\"@type\":\"PropertyValueSpecification\",\"valueRequired\":true,\"valueName\":\"search_term_string\"}}],\"inLanguage\":\"en-US\"},{\"@type\":\"Person\",\"@id\":\"https:\/\/president-ksgov.net\/#\/schema\/person\/bb4337a5fb147cb2046d80548172cbee\",\"name\":\"admin\",\"image\":{\"@type\":\"ImageObject\",\"inLanguage\":\"en-US\",\"@id\":\"https:\/\/president-ksgov.net\/#\/schema\/person\/image\/\",\"url\":\"https:\/\/secure.gravatar.com\/avatar\/36156ca0fa3b8d9d25174f146e16beea0cf28f37adf1b9e19b6c9c279a7c9dd3?s=96&d=mm&r=g\",\"contentUrl\":\"https:\/\/secure.gravatar.com\/avatar\/36156ca0fa3b8d9d25174f146e16beea0cf28f37adf1b9e19b6c9c279a7c9dd3?s=96&d=mm&r=g\",\"caption\":\"admin\"},\"sameAs\":[\"https:\/\/president-ksgov.net\"]}]}<\/script>\n<!-- \/ Yoast SEO plugin. -->","yoast_head_json":{"title":"President Tha\u00e7i phone call with Prime Minister Plenkovi&cacute; of Croatia, expresses gratitude for keeping the Balkans high on the EU agenda - President of the Republic of Kosovo - DR. VJOSA OSMANI - SADRIU","description":"President Tha\u00e7i phone call with Prime Minister Plenkovi&cacute; of Croatia, expresses gratitude for keeping the Balkans high on the EU agenda - President of the Republic of Kosovo - DR. VJOSA OSMANI - SADRIU -","robots":{"index":"index","follow":"follow","max-snippet":"max-snippet:-1","max-image-preview":"max-image-preview:large","max-video-preview":"max-video-preview:-1"},"canonical":"https:\/\/president-ksgov.net\/en\/president-thaci-phone-call-with-prime-minister-plenkovi-of-croatia-expresses-gratitude-for-keeping-the-balkans-high-on-the-eu-agenda\/","og_locale":"en_US","og_type":"article","og_title":"President Tha\u00e7i phone call with Prime Minister Plenkovi&cacute; of Croatia, expresses gratitude for keeping the Balkans high on the EU agenda - President of the Republic of Kosovo - DR. VJOSA OSMANI - SADRIU","og_description":"President Tha\u00e7i phone call with Prime Minister Plenkovi&cacute; of Croatia, expresses gratitude for keeping the Balkans high on the EU agenda - President of the Republic of Kosovo - DR. VJOSA OSMANI - SADRIU -","og_url":"https:\/\/president-ksgov.net\/en\/president-thaci-phone-call-with-prime-minister-plenkovi-of-croatia-expresses-gratitude-for-keeping-the-balkans-high-on-the-eu-agenda\/","og_site_name":"President of the Republic of Kosovo - DR. VJOSA OSMANI - SADRIU","article_published_time":"2020-05-06T11:07:54+00:00","article_modified_time":"2023-03-07T09:16:52+00:00","og_image":[{"width":884,"height":410,"url":"https:\/\/president-ksgov.net\/wp-content\/uploads\/06_05_2020_5930792_image1_1_.jpeg","type":"image\/jpeg"}],"author":"admin","twitter_card":"summary_large_image","twitter_misc":{"Written by":"admin","Est. reading time":"1 minute"},"schema":{"@context":"https:\/\/schema.org","@graph":[{"@type":"WebPage","@id":"https:\/\/president-ksgov.net\/en\/president-thaci-phone-call-with-prime-minister-plenkovi-of-croatia-expresses-gratitude-for-keeping-the-balkans-high-on-the-eu-agenda\/","url":"https:\/\/president-ksgov.net\/en\/president-thaci-phone-call-with-prime-minister-plenkovi-of-croatia-expresses-gratitude-for-keeping-the-balkans-high-on-the-eu-agenda\/","name":"President Tha\u00e7i phone call with Prime Minister Plenkovi&cacute; of Croatia, expresses gratitude for keeping the Balkans high on the EU agenda - President of the Republic of Kosovo - DR. VJOSA OSMANI - SADRIU","isPartOf":{"@id":"https:\/\/president-ksgov.net\/#website"},"primaryImageOfPage":{"@id":"https:\/\/president-ksgov.net\/en\/president-thaci-phone-call-with-prime-minister-plenkovi-of-croatia-expresses-gratitude-for-keeping-the-balkans-high-on-the-eu-agenda\/#primaryimage"},"image":{"@id":"https:\/\/president-ksgov.net\/en\/president-thaci-phone-call-with-prime-minister-plenkovi-of-croatia-expresses-gratitude-for-keeping-the-balkans-high-on-the-eu-agenda\/#primaryimage"},"thumbnailUrl":"https:\/\/president-ksgov.net\/wp-content\/uploads\/06_05_2020_5930792_image1_1_.jpeg","datePublished":"2020-05-06T11:07:54+00:00","dateModified":"2023-03-07T09:16:52+00:00","author":{"@id":"https:\/\/president-ksgov.net\/#\/schema\/person\/bb4337a5fb147cb2046d80548172cbee"},"description":"President Tha\u00e7i phone call with Prime Minister Plenkovi&cacute; of Croatia, expresses gratitude for keeping the Balkans high on the EU agenda - President of the Republic of Kosovo - DR. VJOSA OSMANI - SADRIU -","breadcrumb":{"@id":"https:\/\/president-ksgov.net\/en\/president-thaci-phone-call-with-prime-minister-plenkovi-of-croatia-expresses-gratitude-for-keeping-the-balkans-high-on-the-eu-agenda\/#breadcrumb"},"inLanguage":"en-US","potentialAction":[{"@type":"ReadAction","target":["https:\/\/president-ksgov.net\/en\/president-thaci-phone-call-with-prime-minister-plenkovi-of-croatia-expresses-gratitude-for-keeping-the-balkans-high-on-the-eu-agenda\/"]}]},{"@type":"ImageObject","inLanguage":"en-US","@id":"https:\/\/president-ksgov.net\/en\/president-thaci-phone-call-with-prime-minister-plenkovi-of-croatia-expresses-gratitude-for-keeping-the-balkans-high-on-the-eu-agenda\/#primaryimage","url":"https:\/\/president-ksgov.net\/wp-content\/uploads\/06_05_2020_5930792_image1_1_.jpeg","contentUrl":"https:\/\/president-ksgov.net\/wp-content\/uploads\/06_05_2020_5930792_image1_1_.jpeg","width":884,"height":410},{"@type":"BreadcrumbList","@id":"https:\/\/president-ksgov.net\/en\/president-thaci-phone-call-with-prime-minister-plenkovi-of-croatia-expresses-gratitude-for-keeping-the-balkans-high-on-the-eu-agenda\/#breadcrumb","itemListElement":[{"@type":"ListItem","position":1,"name":"Home","item":"https:\/\/president-ksgov.net\/en\/"},{"@type":"ListItem","position":2,"name":"President Tha\u00e7i phone call with Prime Minister Plenkovi&cacute; of Croatia, expresses gratitude for keeping the Balkans high on the EU agenda"}]},{"@type":"WebSite","@id":"https:\/\/president-ksgov.net\/#website","url":"https:\/\/president-ksgov.net\/","name":"Presidente e Republik\u00ebs s\u00eb Kosov\u00ebs","description":"Presidente e Republik\u00ebs s\u00eb Kosov\u00ebs","alternateName":"DR. VJOSA OSMANI - SADRIU","potentialAction":[{"@type":"SearchAction","target":{"@type":"EntryPoint","urlTemplate":"https:\/\/president-ksgov.net\/?s={search_term_string}"},"query-input":{"@type":"PropertyValueSpecification","valueRequired":true,"valueName":"search_term_string"}}],"inLanguage":"en-US"},{"@type":"Person","@id":"https:\/\/president-ksgov.net\/#\/schema\/person\/bb4337a5fb147cb2046d80548172cbee","name":"admin","image":{"@type":"ImageObject","inLanguage":"en-US","@id":"https:\/\/president-ksgov.net\/#\/schema\/person\/image\/","url":"https:\/\/secure.gravatar.com\/avatar\/36156ca0fa3b8d9d25174f146e16beea0cf28f37adf1b9e19b6c9c279a7c9dd3?s=96&d=mm&r=g","contentUrl":"https:\/\/secure.gravatar.com\/avatar\/36156ca0fa3b8d9d25174f146e16beea0cf28f37adf1b9e19b6c9c279a7c9dd3?s=96&d=mm&r=g","caption":"admin"},"sameAs":["https:\/\/president-ksgov.net"]}]}},"_links":{"self":[{"href":"https:\/\/president-ksgov.net\/en\/wp-json\/wp\/v2\/posts\/67715","targetHints":{"allow":["GET"]}}],"collection":[{"href":"https:\/\/president-ksgov.net\/en\/wp-json\/wp\/v2\/posts"}],"about":[{"href":"https:\/\/president-ksgov.net\/en\/wp-json\/wp\/v2\/types\/post"}],"author":[{"embeddable":true,"href":"https:\/\/president-ksgov.net\/en\/wp-json\/wp\/v2\/users\/1"}],"replies":[{"embeddable":true,"href":"https:\/\/president-ksgov.net\/en\/wp-json\/wp\/v2\/comments?post=67715"}],"version-history":[{"count":0,"href":"https:\/\/president-ksgov.net\/en\/wp-json\/wp\/v2\/posts\/67715\/revisions"}],"wp:featuredmedia":[{"embeddable":true,"href":"https:\/\/president-ksgov.net\/en\/wp-json\/wp\/v2\/media\/23101"}],"wp:attachment":[{"href":"https:\/\/president-ksgov.net\/en\/wp-json\/wp\/v2\/media?parent=67715"}],"wp:term":[{"taxonomy":"category","embeddable":true,"href":"https:\/\/president-ksgov.net\/en\/wp-json\/wp\/v2\/categories?post=67715"},{"taxonomy":"post_tag","embeddable":true,"href":"https:\/\/president-ksgov.net\/en\/wp-json\/wp\/v2\/tags?post=67715"}],"curies":[{"name":"wp","href":"https:\/\/api.w.org\/{rel}","templated":true}]}}