{"id":67714,"date":"2020-05-06T12:36:49","date_gmt":"2020-05-06T12:36:49","guid":{"rendered":"https:\/\/dev.president-ksgov.net\/president-thaci-holds-a-phone-call-conversation-with-president-michel-zagreb-summit-a-message-to-the-western-balkans\/"},"modified":"2023-03-07T09:16:52","modified_gmt":"2023-03-07T09:16:52","slug":"president-thaci-holds-a-phone-call-conversation-with-president-michel-zagreb-summit-a-message-to-the-western-balkans","status":"publish","type":"post","link":"https:\/\/president-ksgov.net\/en\/president-thaci-holds-a-phone-call-conversation-with-president-michel-zagreb-summit-a-message-to-the-western-balkans\/","title":{"rendered":"President Tha\u00e7i holds a phone call conversation with President Michel, Zagreb Summit a message to the western Balkans"},"content":{"rendered":"<p>Prishtina, May 6th 2020 \u2013 President of the Republic of Kosovo Hashim Tha\u00e7i held a phone call today with the President of the European Council, Charles Michel, as part of the preparations for the Zagreb Summit which will be held this afternoon, organised by Croatia, as the current holder of the EU presidency.<\/p>\n<p>President Tha\u00e7i and President Michel agreed that EU must continue the engagement for the integration perspective of the western Balkans in the European family and that holding of the Zagreb Summit is in itself a positive message in this direction.<\/p>\n<p>President Tha\u00e7i asked that EU member states reach a decision on visa liberalisation as soon as possible.<\/p>\n<p>Both leaders agreed that despite the circumstances brought forward by the COVID 19 virus, engagements in strengthening of democracy in Kosovo and in guaranteeing of the work of the independent institutions is vital.<\/p>\n<p>Also, both parties pointed out the importance of regional cooperation and EU coordination with its member states and other actors who play a role in the dialogue between Kosovo and Serbia.\u00a0<\/p>\n","protected":false},"excerpt":{"rendered":"<p>Prishtina, May 6th 2020 \u2013 President of the Republic of Kosovo Hashim Tha\u00e7i held a phone call today with the President of the European Council, Charles Michel, as part of the preparations for the Zagreb Summit which will be held this afternoon, organised by Croatia, as the current holder of the EU presidency.<\/p>\n","protected":false},"author":1,"featured_media":23097,"comment_status":"open","ping_status":"closed","sticky":false,"template":"","format":"standard","meta":{"_eb_attr":"","footnotes":""},"categories":[111],"tags":[],"class_list":["post-67714","post","type-post","status-publish","format-standard","has-post-thumbnail","hentry","category-news"],"yoast_head":"<!-- This site is optimized with the Yoast SEO plugin v23.5 - https:\/\/yoast.com\/wordpress\/plugins\/seo\/ -->\n<title>President Tha\u00e7i holds a phone call conversation with President Michel, Zagreb Summit a message to the western Balkans - President of the Republic of Kosovo - DR. VJOSA OSMANI - SADRIU<\/title>\n<meta name=\"description\" content=\"President Tha\u00e7i holds a phone call conversation with President Michel, Zagreb Summit a message to the western Balkans - President of the Republic of Kosovo - DR. VJOSA OSMANI - SADRIU -\" \/>\n<meta name=\"robots\" content=\"index, follow, max-snippet:-1, max-image-preview:large, max-video-preview:-1\" \/>\n<link rel=\"canonical\" href=\"https:\/\/president-ksgov.net\/en\/president-thaci-holds-a-phone-call-conversation-with-president-michel-zagreb-summit-a-message-to-the-western-balkans\/\" \/>\n<meta property=\"og:locale\" content=\"en_US\" \/>\n<meta property=\"og:type\" content=\"article\" \/>\n<meta property=\"og:title\" content=\"President Tha\u00e7i holds a phone call conversation with President Michel, Zagreb Summit a message to the western Balkans - President of the Republic of Kosovo - DR. VJOSA OSMANI - SADRIU\" \/>\n<meta property=\"og:description\" content=\"President Tha\u00e7i holds a phone call conversation with President Michel, Zagreb Summit a message to the western Balkans - President of the Republic of Kosovo - DR. VJOSA OSMANI - SADRIU -\" \/>\n<meta property=\"og:url\" content=\"https:\/\/president-ksgov.net\/en\/president-thaci-holds-a-phone-call-conversation-with-president-michel-zagreb-summit-a-message-to-the-western-balkans\/\" \/>\n<meta property=\"og:site_name\" content=\"President of the Republic of Kosovo - DR. VJOSA OSMANI - SADRIU\" \/>\n<meta property=\"article:published_time\" content=\"2020-05-06T12:36:49+00:00\" \/>\n<meta property=\"article:modified_time\" content=\"2023-03-07T09:16:52+00:00\" \/>\n<meta property=\"og:image\" content=\"https:\/\/president-ksgov.net\/wp-content\/uploads\/06_05_2020_3704518_image1_2_.jpeg\" \/>\n\t<meta property=\"og:image:width\" content=\"1600\" \/>\n\t<meta property=\"og:image:height\" content=\"1066\" \/>\n\t<meta property=\"og:image:type\" content=\"image\/jpeg\" \/>\n<meta name=\"author\" content=\"admin\" \/>\n<meta name=\"twitter:card\" content=\"summary_large_image\" \/>\n<meta name=\"twitter:label1\" content=\"Written by\" \/>\n\t<meta name=\"twitter:data1\" content=\"admin\" \/>\n\t<meta name=\"twitter:label2\" content=\"Est. reading time\" \/>\n\t<meta name=\"twitter:data2\" content=\"1 minute\" \/>\n<script type=\"application\/ld+json\" class=\"yoast-schema-graph\">{\"@context\":\"https:\/\/schema.org\",\"@graph\":[{\"@type\":\"WebPage\",\"@id\":\"https:\/\/president-ksgov.net\/en\/president-thaci-holds-a-phone-call-conversation-with-president-michel-zagreb-summit-a-message-to-the-western-balkans\/\",\"url\":\"https:\/\/president-ksgov.net\/en\/president-thaci-holds-a-phone-call-conversation-with-president-michel-zagreb-summit-a-message-to-the-western-balkans\/\",\"name\":\"President Tha\u00e7i holds a phone call conversation with President Michel, Zagreb Summit a message to the western Balkans - President of the Republic of Kosovo - DR. VJOSA OSMANI - SADRIU\",\"isPartOf\":{\"@id\":\"https:\/\/president-ksgov.net\/#website\"},\"primaryImageOfPage\":{\"@id\":\"https:\/\/president-ksgov.net\/en\/president-thaci-holds-a-phone-call-conversation-with-president-michel-zagreb-summit-a-message-to-the-western-balkans\/#primaryimage\"},\"image\":{\"@id\":\"https:\/\/president-ksgov.net\/en\/president-thaci-holds-a-phone-call-conversation-with-president-michel-zagreb-summit-a-message-to-the-western-balkans\/#primaryimage\"},\"thumbnailUrl\":\"https:\/\/president-ksgov.net\/wp-content\/uploads\/06_05_2020_3704518_image1_2_.jpeg\",\"datePublished\":\"2020-05-06T12:36:49+00:00\",\"dateModified\":\"2023-03-07T09:16:52+00:00\",\"author\":{\"@id\":\"https:\/\/president-ksgov.net\/#\/schema\/person\/bb4337a5fb147cb2046d80548172cbee\"},\"description\":\"President Tha\u00e7i holds a phone call conversation with President Michel, Zagreb Summit a message to the western Balkans - President of the Republic of Kosovo - DR. VJOSA OSMANI - SADRIU -\",\"breadcrumb\":{\"@id\":\"https:\/\/president-ksgov.net\/en\/president-thaci-holds-a-phone-call-conversation-with-president-michel-zagreb-summit-a-message-to-the-western-balkans\/#breadcrumb\"},\"inLanguage\":\"en-US\",\"potentialAction\":[{\"@type\":\"ReadAction\",\"target\":[\"https:\/\/president-ksgov.net\/en\/president-thaci-holds-a-phone-call-conversation-with-president-michel-zagreb-summit-a-message-to-the-western-balkans\/\"]}]},{\"@type\":\"ImageObject\",\"inLanguage\":\"en-US\",\"@id\":\"https:\/\/president-ksgov.net\/en\/president-thaci-holds-a-phone-call-conversation-with-president-michel-zagreb-summit-a-message-to-the-western-balkans\/#primaryimage\",\"url\":\"https:\/\/president-ksgov.net\/wp-content\/uploads\/06_05_2020_3704518_image1_2_.jpeg\",\"contentUrl\":\"https:\/\/president-ksgov.net\/wp-content\/uploads\/06_05_2020_3704518_image1_2_.jpeg\",\"width\":1600,\"height\":1066},{\"@type\":\"BreadcrumbList\",\"@id\":\"https:\/\/president-ksgov.net\/en\/president-thaci-holds-a-phone-call-conversation-with-president-michel-zagreb-summit-a-message-to-the-western-balkans\/#breadcrumb\",\"itemListElement\":[{\"@type\":\"ListItem\",\"position\":1,\"name\":\"Home\",\"item\":\"https:\/\/president-ksgov.net\/en\/\"},{\"@type\":\"ListItem\",\"position\":2,\"name\":\"President Tha\u00e7i holds a phone call conversation with President Michel, Zagreb Summit a message to the western Balkans\"}]},{\"@type\":\"WebSite\",\"@id\":\"https:\/\/president-ksgov.net\/#website\",\"url\":\"https:\/\/president-ksgov.net\/\",\"name\":\"Presidente e Republik\u00ebs s\u00eb Kosov\u00ebs\",\"description\":\"Presidente e Republik\u00ebs s\u00eb Kosov\u00ebs\",\"alternateName\":\"DR. VJOSA OSMANI - SADRIU\",\"potentialAction\":[{\"@type\":\"SearchAction\",\"target\":{\"@type\":\"EntryPoint\",\"urlTemplate\":\"https:\/\/president-ksgov.net\/?s={search_term_string}\"},\"query-input\":{\"@type\":\"PropertyValueSpecification\",\"valueRequired\":true,\"valueName\":\"search_term_string\"}}],\"inLanguage\":\"en-US\"},{\"@type\":\"Person\",\"@id\":\"https:\/\/president-ksgov.net\/#\/schema\/person\/bb4337a5fb147cb2046d80548172cbee\",\"name\":\"admin\",\"image\":{\"@type\":\"ImageObject\",\"inLanguage\":\"en-US\",\"@id\":\"https:\/\/president-ksgov.net\/#\/schema\/person\/image\/\",\"url\":\"https:\/\/secure.gravatar.com\/avatar\/36156ca0fa3b8d9d25174f146e16beea0cf28f37adf1b9e19b6c9c279a7c9dd3?s=96&d=mm&r=g\",\"contentUrl\":\"https:\/\/secure.gravatar.com\/avatar\/36156ca0fa3b8d9d25174f146e16beea0cf28f37adf1b9e19b6c9c279a7c9dd3?s=96&d=mm&r=g\",\"caption\":\"admin\"},\"sameAs\":[\"https:\/\/president-ksgov.net\"]}]}<\/script>\n<!-- \/ Yoast SEO plugin. -->","yoast_head_json":{"title":"President Tha\u00e7i holds a phone call conversation with President Michel, Zagreb Summit a message to the western Balkans - President of the Republic of Kosovo - DR. VJOSA OSMANI - SADRIU","description":"President Tha\u00e7i holds a phone call conversation with President Michel, Zagreb Summit a message to the western Balkans - President of the Republic of Kosovo - DR. VJOSA OSMANI - SADRIU -","robots":{"index":"index","follow":"follow","max-snippet":"max-snippet:-1","max-image-preview":"max-image-preview:large","max-video-preview":"max-video-preview:-1"},"canonical":"https:\/\/president-ksgov.net\/en\/president-thaci-holds-a-phone-call-conversation-with-president-michel-zagreb-summit-a-message-to-the-western-balkans\/","og_locale":"en_US","og_type":"article","og_title":"President Tha\u00e7i holds a phone call conversation with President Michel, Zagreb Summit a message to the western Balkans - President of the Republic of Kosovo - DR. VJOSA OSMANI - SADRIU","og_description":"President Tha\u00e7i holds a phone call conversation with President Michel, Zagreb Summit a message to the western Balkans - President of the Republic of Kosovo - DR. VJOSA OSMANI - SADRIU -","og_url":"https:\/\/president-ksgov.net\/en\/president-thaci-holds-a-phone-call-conversation-with-president-michel-zagreb-summit-a-message-to-the-western-balkans\/","og_site_name":"President of the Republic of Kosovo - DR. VJOSA OSMANI - SADRIU","article_published_time":"2020-05-06T12:36:49+00:00","article_modified_time":"2023-03-07T09:16:52+00:00","og_image":[{"width":1600,"height":1066,"url":"https:\/\/president-ksgov.net\/wp-content\/uploads\/06_05_2020_3704518_image1_2_.jpeg","type":"image\/jpeg"}],"author":"admin","twitter_card":"summary_large_image","twitter_misc":{"Written by":"admin","Est. reading time":"1 minute"},"schema":{"@context":"https:\/\/schema.org","@graph":[{"@type":"WebPage","@id":"https:\/\/president-ksgov.net\/en\/president-thaci-holds-a-phone-call-conversation-with-president-michel-zagreb-summit-a-message-to-the-western-balkans\/","url":"https:\/\/president-ksgov.net\/en\/president-thaci-holds-a-phone-call-conversation-with-president-michel-zagreb-summit-a-message-to-the-western-balkans\/","name":"President Tha\u00e7i holds a phone call conversation with President Michel, Zagreb Summit a message to the western Balkans - President of the Republic of Kosovo - DR. VJOSA OSMANI - SADRIU","isPartOf":{"@id":"https:\/\/president-ksgov.net\/#website"},"primaryImageOfPage":{"@id":"https:\/\/president-ksgov.net\/en\/president-thaci-holds-a-phone-call-conversation-with-president-michel-zagreb-summit-a-message-to-the-western-balkans\/#primaryimage"},"image":{"@id":"https:\/\/president-ksgov.net\/en\/president-thaci-holds-a-phone-call-conversation-with-president-michel-zagreb-summit-a-message-to-the-western-balkans\/#primaryimage"},"thumbnailUrl":"https:\/\/president-ksgov.net\/wp-content\/uploads\/06_05_2020_3704518_image1_2_.jpeg","datePublished":"2020-05-06T12:36:49+00:00","dateModified":"2023-03-07T09:16:52+00:00","author":{"@id":"https:\/\/president-ksgov.net\/#\/schema\/person\/bb4337a5fb147cb2046d80548172cbee"},"description":"President Tha\u00e7i holds a phone call conversation with President Michel, Zagreb Summit a message to the western Balkans - President of the Republic of Kosovo - DR. VJOSA OSMANI - SADRIU -","breadcrumb":{"@id":"https:\/\/president-ksgov.net\/en\/president-thaci-holds-a-phone-call-conversation-with-president-michel-zagreb-summit-a-message-to-the-western-balkans\/#breadcrumb"},"inLanguage":"en-US","potentialAction":[{"@type":"ReadAction","target":["https:\/\/president-ksgov.net\/en\/president-thaci-holds-a-phone-call-conversation-with-president-michel-zagreb-summit-a-message-to-the-western-balkans\/"]}]},{"@type":"ImageObject","inLanguage":"en-US","@id":"https:\/\/president-ksgov.net\/en\/president-thaci-holds-a-phone-call-conversation-with-president-michel-zagreb-summit-a-message-to-the-western-balkans\/#primaryimage","url":"https:\/\/president-ksgov.net\/wp-content\/uploads\/06_05_2020_3704518_image1_2_.jpeg","contentUrl":"https:\/\/president-ksgov.net\/wp-content\/uploads\/06_05_2020_3704518_image1_2_.jpeg","width":1600,"height":1066},{"@type":"BreadcrumbList","@id":"https:\/\/president-ksgov.net\/en\/president-thaci-holds-a-phone-call-conversation-with-president-michel-zagreb-summit-a-message-to-the-western-balkans\/#breadcrumb","itemListElement":[{"@type":"ListItem","position":1,"name":"Home","item":"https:\/\/president-ksgov.net\/en\/"},{"@type":"ListItem","position":2,"name":"President Tha\u00e7i holds a phone call conversation with President Michel, Zagreb Summit a message to the western Balkans"}]},{"@type":"WebSite","@id":"https:\/\/president-ksgov.net\/#website","url":"https:\/\/president-ksgov.net\/","name":"Presidente e Republik\u00ebs s\u00eb Kosov\u00ebs","description":"Presidente e Republik\u00ebs s\u00eb Kosov\u00ebs","alternateName":"DR. VJOSA OSMANI - SADRIU","potentialAction":[{"@type":"SearchAction","target":{"@type":"EntryPoint","urlTemplate":"https:\/\/president-ksgov.net\/?s={search_term_string}"},"query-input":{"@type":"PropertyValueSpecification","valueRequired":true,"valueName":"search_term_string"}}],"inLanguage":"en-US"},{"@type":"Person","@id":"https:\/\/president-ksgov.net\/#\/schema\/person\/bb4337a5fb147cb2046d80548172cbee","name":"admin","image":{"@type":"ImageObject","inLanguage":"en-US","@id":"https:\/\/president-ksgov.net\/#\/schema\/person\/image\/","url":"https:\/\/secure.gravatar.com\/avatar\/36156ca0fa3b8d9d25174f146e16beea0cf28f37adf1b9e19b6c9c279a7c9dd3?s=96&d=mm&r=g","contentUrl":"https:\/\/secure.gravatar.com\/avatar\/36156ca0fa3b8d9d25174f146e16beea0cf28f37adf1b9e19b6c9c279a7c9dd3?s=96&d=mm&r=g","caption":"admin"},"sameAs":["https:\/\/president-ksgov.net"]}]}},"_links":{"self":[{"href":"https:\/\/president-ksgov.net\/en\/wp-json\/wp\/v2\/posts\/67714","targetHints":{"allow":["GET"]}}],"collection":[{"href":"https:\/\/president-ksgov.net\/en\/wp-json\/wp\/v2\/posts"}],"about":[{"href":"https:\/\/president-ksgov.net\/en\/wp-json\/wp\/v2\/types\/post"}],"author":[{"embeddable":true,"href":"https:\/\/president-ksgov.net\/en\/wp-json\/wp\/v2\/users\/1"}],"replies":[{"embeddable":true,"href":"https:\/\/president-ksgov.net\/en\/wp-json\/wp\/v2\/comments?post=67714"}],"version-history":[{"count":0,"href":"https:\/\/president-ksgov.net\/en\/wp-json\/wp\/v2\/posts\/67714\/revisions"}],"wp:featuredmedia":[{"embeddable":true,"href":"https:\/\/president-ksgov.net\/en\/wp-json\/wp\/v2\/media\/23097"}],"wp:attachment":[{"href":"https:\/\/president-ksgov.net\/en\/wp-json\/wp\/v2\/media?parent=67714"}],"wp:term":[{"taxonomy":"category","embeddable":true,"href":"https:\/\/president-ksgov.net\/en\/wp-json\/wp\/v2\/categories?post=67714"},{"taxonomy":"post_tag","embeddable":true,"href":"https:\/\/president-ksgov.net\/en\/wp-json\/wp\/v2\/tags?post=67714"}],"curies":[{"name":"wp","href":"https:\/\/api.w.org\/{rel}","templated":true}]}}