{"id":67711,"date":"2020-05-12T12:08:10","date_gmt":"2020-05-12T12:08:10","guid":{"rendered":"https:\/\/dev.president-ksgov.net\/president-thaci-met-the-head-of-eulex-discussing-about-the-measures-to-overcome-the-pandemic\/"},"modified":"2023-03-07T09:16:52","modified_gmt":"2023-03-07T09:16:52","slug":"president-thaci-met-the-head-of-eulex-discussing-about-the-measures-to-overcome-the-pandemic","status":"publish","type":"post","link":"https:\/\/president-ksgov.net\/en\/president-thaci-met-the-head-of-eulex-discussing-about-the-measures-to-overcome-the-pandemic\/","title":{"rendered":"President Tha\u00e7i met the Head of EULEX, discussing about the measures to overcome the pandemic"},"content":{"rendered":"<p>Prishtina, May 12, 2020 \u2013 The President of the Republic of Kosovo, Hashim Tha\u00e7i, met today with the Head of the EULEX Mission, Lars-Gunnar Wigemark, with whom he discussed about the developments in Kosovo in the circumstances of the pandemic.<\/p>\n<p>President Tha\u00e7i expressed his gratitude for EULEX\u2019s commitment to help the citizens of Kosovo and the law enforcement institutions in these circumstances.<\/p>\n<p>\u201cWe are grateful for the support and assistance you have given, both to the citizens and to the law and order institutions in these new unforeseen circumstances\u201d, said President Tha\u00e7i.<\/p>\n<p>The Head of EULEX said that the mission he leads has maintained its full capacity and is focused on supporting the citizens of Kosovo to return to the country in the circumstances of the pandemic, but also providing support, especially with equipment, for the system of justice, including correctional institutions.<\/p>\n<p>President Tha\u00e7i praised the cooperation of all in overcoming the pandemic.<\/p>\n","protected":false},"excerpt":{"rendered":"<p>Prishtina, May 12, 2020 \u2013 The President of the Republic of Kosovo, Hashim Tha\u00e7i, met today with the Head of the EULEX Mission, Lars-Gunnar Wigemark, with whom he discussed about the developments in Kosovo in the circumstances of the pandemic.<\/p>\n","protected":false},"author":1,"featured_media":23079,"comment_status":"open","ping_status":"closed","sticky":false,"template":"","format":"standard","meta":{"_eb_attr":"","footnotes":""},"categories":[111],"tags":[],"class_list":["post-67711","post","type-post","status-publish","format-standard","has-post-thumbnail","hentry","category-news"],"yoast_head":"<!-- This site is optimized with the Yoast SEO plugin v23.5 - https:\/\/yoast.com\/wordpress\/plugins\/seo\/ -->\n<title>President Tha\u00e7i met the Head of EULEX, discussing about the measures to overcome the pandemic - President of the Republic of Kosovo - DR. VJOSA OSMANI - SADRIU<\/title>\n<meta name=\"description\" content=\"President Tha\u00e7i met the Head of EULEX, discussing about the measures to overcome the pandemic - President of the Republic of Kosovo - DR. VJOSA OSMANI - SADRIU -\" \/>\n<meta name=\"robots\" content=\"index, follow, max-snippet:-1, max-image-preview:large, max-video-preview:-1\" \/>\n<link rel=\"canonical\" href=\"https:\/\/president-ksgov.net\/en\/president-thaci-met-the-head-of-eulex-discussing-about-the-measures-to-overcome-the-pandemic\/\" \/>\n<meta property=\"og:locale\" content=\"en_US\" \/>\n<meta property=\"og:type\" content=\"article\" \/>\n<meta property=\"og:title\" content=\"President Tha\u00e7i met the Head of EULEX, discussing about the measures to overcome the pandemic - President of the Republic of Kosovo - DR. VJOSA OSMANI - SADRIU\" \/>\n<meta property=\"og:description\" content=\"President Tha\u00e7i met the Head of EULEX, discussing about the measures to overcome the pandemic - President of the Republic of Kosovo - DR. VJOSA OSMANI - SADRIU -\" \/>\n<meta property=\"og:url\" content=\"https:\/\/president-ksgov.net\/en\/president-thaci-met-the-head-of-eulex-discussing-about-the-measures-to-overcome-the-pandemic\/\" \/>\n<meta property=\"og:site_name\" content=\"President of the Republic of Kosovo - DR. VJOSA OSMANI - SADRIU\" \/>\n<meta property=\"article:published_time\" content=\"2020-05-12T12:08:10+00:00\" \/>\n<meta property=\"article:modified_time\" content=\"2023-03-07T09:16:52+00:00\" \/>\n<meta property=\"og:image\" content=\"https:\/\/president-ksgov.net\/wp-content\/uploads\/12_05_2020_6407515_12_05_2020_1.jpg\" \/>\n\t<meta property=\"og:image:width\" content=\"2000\" \/>\n\t<meta property=\"og:image:height\" content=\"1403\" \/>\n\t<meta property=\"og:image:type\" content=\"image\/jpeg\" \/>\n<meta name=\"author\" content=\"admin\" \/>\n<meta name=\"twitter:card\" content=\"summary_large_image\" \/>\n<meta name=\"twitter:label1\" content=\"Written by\" \/>\n\t<meta name=\"twitter:data1\" content=\"admin\" \/>\n\t<meta name=\"twitter:label2\" content=\"Est. reading time\" \/>\n\t<meta name=\"twitter:data2\" content=\"1 minute\" \/>\n<script type=\"application\/ld+json\" class=\"yoast-schema-graph\">{\"@context\":\"https:\/\/schema.org\",\"@graph\":[{\"@type\":\"WebPage\",\"@id\":\"https:\/\/president-ksgov.net\/en\/president-thaci-met-the-head-of-eulex-discussing-about-the-measures-to-overcome-the-pandemic\/\",\"url\":\"https:\/\/president-ksgov.net\/en\/president-thaci-met-the-head-of-eulex-discussing-about-the-measures-to-overcome-the-pandemic\/\",\"name\":\"President Tha\u00e7i met the Head of EULEX, discussing about the measures to overcome the pandemic - President of the Republic of Kosovo - DR. VJOSA OSMANI - SADRIU\",\"isPartOf\":{\"@id\":\"https:\/\/president-ksgov.net\/#website\"},\"primaryImageOfPage\":{\"@id\":\"https:\/\/president-ksgov.net\/en\/president-thaci-met-the-head-of-eulex-discussing-about-the-measures-to-overcome-the-pandemic\/#primaryimage\"},\"image\":{\"@id\":\"https:\/\/president-ksgov.net\/en\/president-thaci-met-the-head-of-eulex-discussing-about-the-measures-to-overcome-the-pandemic\/#primaryimage\"},\"thumbnailUrl\":\"https:\/\/president-ksgov.net\/wp-content\/uploads\/12_05_2020_6407515_12_05_2020_1.jpg\",\"datePublished\":\"2020-05-12T12:08:10+00:00\",\"dateModified\":\"2023-03-07T09:16:52+00:00\",\"author\":{\"@id\":\"https:\/\/president-ksgov.net\/#\/schema\/person\/bb4337a5fb147cb2046d80548172cbee\"},\"description\":\"President Tha\u00e7i met the Head of EULEX, discussing about the measures to overcome the pandemic - President of the Republic of Kosovo - DR. VJOSA OSMANI - SADRIU -\",\"breadcrumb\":{\"@id\":\"https:\/\/president-ksgov.net\/en\/president-thaci-met-the-head-of-eulex-discussing-about-the-measures-to-overcome-the-pandemic\/#breadcrumb\"},\"inLanguage\":\"en-US\",\"potentialAction\":[{\"@type\":\"ReadAction\",\"target\":[\"https:\/\/president-ksgov.net\/en\/president-thaci-met-the-head-of-eulex-discussing-about-the-measures-to-overcome-the-pandemic\/\"]}]},{\"@type\":\"ImageObject\",\"inLanguage\":\"en-US\",\"@id\":\"https:\/\/president-ksgov.net\/en\/president-thaci-met-the-head-of-eulex-discussing-about-the-measures-to-overcome-the-pandemic\/#primaryimage\",\"url\":\"https:\/\/president-ksgov.net\/wp-content\/uploads\/12_05_2020_6407515_12_05_2020_1.jpg\",\"contentUrl\":\"https:\/\/president-ksgov.net\/wp-content\/uploads\/12_05_2020_6407515_12_05_2020_1.jpg\",\"width\":2000,\"height\":1403},{\"@type\":\"BreadcrumbList\",\"@id\":\"https:\/\/president-ksgov.net\/en\/president-thaci-met-the-head-of-eulex-discussing-about-the-measures-to-overcome-the-pandemic\/#breadcrumb\",\"itemListElement\":[{\"@type\":\"ListItem\",\"position\":1,\"name\":\"Home\",\"item\":\"https:\/\/president-ksgov.net\/en\/\"},{\"@type\":\"ListItem\",\"position\":2,\"name\":\"President Tha\u00e7i met the Head of EULEX, discussing about the measures to overcome the pandemic\"}]},{\"@type\":\"WebSite\",\"@id\":\"https:\/\/president-ksgov.net\/#website\",\"url\":\"https:\/\/president-ksgov.net\/\",\"name\":\"Presidente e Republik\u00ebs s\u00eb Kosov\u00ebs\",\"description\":\"Presidente e Republik\u00ebs s\u00eb Kosov\u00ebs\",\"alternateName\":\"DR. VJOSA OSMANI - SADRIU\",\"potentialAction\":[{\"@type\":\"SearchAction\",\"target\":{\"@type\":\"EntryPoint\",\"urlTemplate\":\"https:\/\/president-ksgov.net\/?s={search_term_string}\"},\"query-input\":{\"@type\":\"PropertyValueSpecification\",\"valueRequired\":true,\"valueName\":\"search_term_string\"}}],\"inLanguage\":\"en-US\"},{\"@type\":\"Person\",\"@id\":\"https:\/\/president-ksgov.net\/#\/schema\/person\/bb4337a5fb147cb2046d80548172cbee\",\"name\":\"admin\",\"image\":{\"@type\":\"ImageObject\",\"inLanguage\":\"en-US\",\"@id\":\"https:\/\/president-ksgov.net\/#\/schema\/person\/image\/\",\"url\":\"https:\/\/secure.gravatar.com\/avatar\/36156ca0fa3b8d9d25174f146e16beea0cf28f37adf1b9e19b6c9c279a7c9dd3?s=96&d=mm&r=g\",\"contentUrl\":\"https:\/\/secure.gravatar.com\/avatar\/36156ca0fa3b8d9d25174f146e16beea0cf28f37adf1b9e19b6c9c279a7c9dd3?s=96&d=mm&r=g\",\"caption\":\"admin\"},\"sameAs\":[\"https:\/\/president-ksgov.net\"]}]}<\/script>\n<!-- \/ Yoast SEO plugin. -->","yoast_head_json":{"title":"President Tha\u00e7i met the Head of EULEX, discussing about the measures to overcome the pandemic - President of the Republic of Kosovo - DR. VJOSA OSMANI - SADRIU","description":"President Tha\u00e7i met the Head of EULEX, discussing about the measures to overcome the pandemic - President of the Republic of Kosovo - DR. VJOSA OSMANI - SADRIU -","robots":{"index":"index","follow":"follow","max-snippet":"max-snippet:-1","max-image-preview":"max-image-preview:large","max-video-preview":"max-video-preview:-1"},"canonical":"https:\/\/president-ksgov.net\/en\/president-thaci-met-the-head-of-eulex-discussing-about-the-measures-to-overcome-the-pandemic\/","og_locale":"en_US","og_type":"article","og_title":"President Tha\u00e7i met the Head of EULEX, discussing about the measures to overcome the pandemic - President of the Republic of Kosovo - DR. VJOSA OSMANI - SADRIU","og_description":"President Tha\u00e7i met the Head of EULEX, discussing about the measures to overcome the pandemic - President of the Republic of Kosovo - DR. VJOSA OSMANI - SADRIU -","og_url":"https:\/\/president-ksgov.net\/en\/president-thaci-met-the-head-of-eulex-discussing-about-the-measures-to-overcome-the-pandemic\/","og_site_name":"President of the Republic of Kosovo - DR. VJOSA OSMANI - SADRIU","article_published_time":"2020-05-12T12:08:10+00:00","article_modified_time":"2023-03-07T09:16:52+00:00","og_image":[{"width":2000,"height":1403,"url":"https:\/\/president-ksgov.net\/wp-content\/uploads\/12_05_2020_6407515_12_05_2020_1.jpg","type":"image\/jpeg"}],"author":"admin","twitter_card":"summary_large_image","twitter_misc":{"Written by":"admin","Est. reading time":"1 minute"},"schema":{"@context":"https:\/\/schema.org","@graph":[{"@type":"WebPage","@id":"https:\/\/president-ksgov.net\/en\/president-thaci-met-the-head-of-eulex-discussing-about-the-measures-to-overcome-the-pandemic\/","url":"https:\/\/president-ksgov.net\/en\/president-thaci-met-the-head-of-eulex-discussing-about-the-measures-to-overcome-the-pandemic\/","name":"President Tha\u00e7i met the Head of EULEX, discussing about the measures to overcome the pandemic - President of the Republic of Kosovo - DR. VJOSA OSMANI - SADRIU","isPartOf":{"@id":"https:\/\/president-ksgov.net\/#website"},"primaryImageOfPage":{"@id":"https:\/\/president-ksgov.net\/en\/president-thaci-met-the-head-of-eulex-discussing-about-the-measures-to-overcome-the-pandemic\/#primaryimage"},"image":{"@id":"https:\/\/president-ksgov.net\/en\/president-thaci-met-the-head-of-eulex-discussing-about-the-measures-to-overcome-the-pandemic\/#primaryimage"},"thumbnailUrl":"https:\/\/president-ksgov.net\/wp-content\/uploads\/12_05_2020_6407515_12_05_2020_1.jpg","datePublished":"2020-05-12T12:08:10+00:00","dateModified":"2023-03-07T09:16:52+00:00","author":{"@id":"https:\/\/president-ksgov.net\/#\/schema\/person\/bb4337a5fb147cb2046d80548172cbee"},"description":"President Tha\u00e7i met the Head of EULEX, discussing about the measures to overcome the pandemic - President of the Republic of Kosovo - DR. VJOSA OSMANI - SADRIU -","breadcrumb":{"@id":"https:\/\/president-ksgov.net\/en\/president-thaci-met-the-head-of-eulex-discussing-about-the-measures-to-overcome-the-pandemic\/#breadcrumb"},"inLanguage":"en-US","potentialAction":[{"@type":"ReadAction","target":["https:\/\/president-ksgov.net\/en\/president-thaci-met-the-head-of-eulex-discussing-about-the-measures-to-overcome-the-pandemic\/"]}]},{"@type":"ImageObject","inLanguage":"en-US","@id":"https:\/\/president-ksgov.net\/en\/president-thaci-met-the-head-of-eulex-discussing-about-the-measures-to-overcome-the-pandemic\/#primaryimage","url":"https:\/\/president-ksgov.net\/wp-content\/uploads\/12_05_2020_6407515_12_05_2020_1.jpg","contentUrl":"https:\/\/president-ksgov.net\/wp-content\/uploads\/12_05_2020_6407515_12_05_2020_1.jpg","width":2000,"height":1403},{"@type":"BreadcrumbList","@id":"https:\/\/president-ksgov.net\/en\/president-thaci-met-the-head-of-eulex-discussing-about-the-measures-to-overcome-the-pandemic\/#breadcrumb","itemListElement":[{"@type":"ListItem","position":1,"name":"Home","item":"https:\/\/president-ksgov.net\/en\/"},{"@type":"ListItem","position":2,"name":"President Tha\u00e7i met the Head of EULEX, discussing about the measures to overcome the pandemic"}]},{"@type":"WebSite","@id":"https:\/\/president-ksgov.net\/#website","url":"https:\/\/president-ksgov.net\/","name":"Presidente e Republik\u00ebs s\u00eb Kosov\u00ebs","description":"Presidente e Republik\u00ebs s\u00eb Kosov\u00ebs","alternateName":"DR. VJOSA OSMANI - SADRIU","potentialAction":[{"@type":"SearchAction","target":{"@type":"EntryPoint","urlTemplate":"https:\/\/president-ksgov.net\/?s={search_term_string}"},"query-input":{"@type":"PropertyValueSpecification","valueRequired":true,"valueName":"search_term_string"}}],"inLanguage":"en-US"},{"@type":"Person","@id":"https:\/\/president-ksgov.net\/#\/schema\/person\/bb4337a5fb147cb2046d80548172cbee","name":"admin","image":{"@type":"ImageObject","inLanguage":"en-US","@id":"https:\/\/president-ksgov.net\/#\/schema\/person\/image\/","url":"https:\/\/secure.gravatar.com\/avatar\/36156ca0fa3b8d9d25174f146e16beea0cf28f37adf1b9e19b6c9c279a7c9dd3?s=96&d=mm&r=g","contentUrl":"https:\/\/secure.gravatar.com\/avatar\/36156ca0fa3b8d9d25174f146e16beea0cf28f37adf1b9e19b6c9c279a7c9dd3?s=96&d=mm&r=g","caption":"admin"},"sameAs":["https:\/\/president-ksgov.net"]}]}},"_links":{"self":[{"href":"https:\/\/president-ksgov.net\/en\/wp-json\/wp\/v2\/posts\/67711","targetHints":{"allow":["GET"]}}],"collection":[{"href":"https:\/\/president-ksgov.net\/en\/wp-json\/wp\/v2\/posts"}],"about":[{"href":"https:\/\/president-ksgov.net\/en\/wp-json\/wp\/v2\/types\/post"}],"author":[{"embeddable":true,"href":"https:\/\/president-ksgov.net\/en\/wp-json\/wp\/v2\/users\/1"}],"replies":[{"embeddable":true,"href":"https:\/\/president-ksgov.net\/en\/wp-json\/wp\/v2\/comments?post=67711"}],"version-history":[{"count":0,"href":"https:\/\/president-ksgov.net\/en\/wp-json\/wp\/v2\/posts\/67711\/revisions"}],"wp:featuredmedia":[{"embeddable":true,"href":"https:\/\/president-ksgov.net\/en\/wp-json\/wp\/v2\/media\/23079"}],"wp:attachment":[{"href":"https:\/\/president-ksgov.net\/en\/wp-json\/wp\/v2\/media?parent=67711"}],"wp:term":[{"taxonomy":"category","embeddable":true,"href":"https:\/\/president-ksgov.net\/en\/wp-json\/wp\/v2\/categories?post=67711"},{"taxonomy":"post_tag","embeddable":true,"href":"https:\/\/president-ksgov.net\/en\/wp-json\/wp\/v2\/tags?post=67711"}],"curies":[{"name":"wp","href":"https:\/\/api.w.org\/{rel}","templated":true}]}}