{"id":67708,"date":"2020-05-25T13:32:56","date_gmt":"2020-05-25T13:32:56","guid":{"rendered":"https:\/\/dev.president-ksgov.net\/president-thaci-visited-dubrava-prison-to-commemorate-the-massacre-committed-by-serbian-forces\/"},"modified":"2023-03-07T09:16:52","modified_gmt":"2023-03-07T09:16:52","slug":"president-thaci-visited-dubrava-prison-to-commemorate-the-massacre-committed-by-serbian-forces","status":"publish","type":"post","link":"https:\/\/president-ksgov.net\/en\/president-thaci-visited-dubrava-prison-to-commemorate-the-massacre-committed-by-serbian-forces\/","title":{"rendered":"President Tha\u00e7i visited Dubrava Prison to commemorate the massacre committed by Serbian forces"},"content":{"rendered":"<p>The President of the Republic of Kosovo Hashim Tha\u00e7i visited today the Dubrava Prison in remembrance of the Albanian prisoners killed 21 years ago at the Dubrava Prison by the state of Serbia.<\/p>\n<p>The head of state said that the massacre at the Dubrava Prison is one of the most brutal, as it has been committed against vulnerable prisoners, which is contrary to any international convention and international law.<\/p>\n<p>President Tha\u00e7i has said that Kosovo will not stop until justice is done for over 13 thousand civilian victims killed by the Serbian state, over 400 massacres committed and over 20 thousand women raped by the Serbian state apparatus.<\/p>\n<p>&#8220;Serbia will face justice for the genocide it committed in Kosovo against the civilian population, and for all the massacres that have been committed against the citizens of Kosovo,&#8221; concluded President Tha\u00e7i.<\/p>\n","protected":false},"excerpt":{"rendered":"<p>The President of the Republic of Kosovo Hashim Tha\u00e7i visited today the Dubrava Prison in remembrance of the Albanian prisoners killed 21 years ago at the Dubrava Prison by the state of Serbia.<\/p>\n","protected":false},"author":1,"featured_media":23052,"comment_status":"open","ping_status":"closed","sticky":false,"template":"","format":"standard","meta":{"_eb_attr":"","footnotes":""},"categories":[111],"tags":[],"class_list":["post-67708","post","type-post","status-publish","format-standard","has-post-thumbnail","hentry","category-news"],"yoast_head":"<!-- This site is optimized with the Yoast SEO plugin v23.5 - https:\/\/yoast.com\/wordpress\/plugins\/seo\/ -->\n<title>President Tha\u00e7i visited Dubrava Prison to commemorate the massacre committed by Serbian forces - President of the Republic of Kosovo - DR. VJOSA OSMANI - SADRIU<\/title>\n<meta name=\"description\" content=\"President Tha\u00e7i visited Dubrava Prison to commemorate the massacre committed by Serbian forces - President of the Republic of Kosovo - DR. VJOSA OSMANI - SADRIU -\" \/>\n<meta name=\"robots\" content=\"index, follow, max-snippet:-1, max-image-preview:large, max-video-preview:-1\" \/>\n<link rel=\"canonical\" href=\"https:\/\/president-ksgov.net\/en\/president-thaci-visited-dubrava-prison-to-commemorate-the-massacre-committed-by-serbian-forces\/\" \/>\n<meta property=\"og:locale\" content=\"en_US\" \/>\n<meta property=\"og:type\" content=\"article\" \/>\n<meta property=\"og:title\" content=\"President Tha\u00e7i visited Dubrava Prison to commemorate the massacre committed by Serbian forces - President of the Republic of Kosovo - DR. VJOSA OSMANI - SADRIU\" \/>\n<meta property=\"og:description\" content=\"President Tha\u00e7i visited Dubrava Prison to commemorate the massacre committed by Serbian forces - President of the Republic of Kosovo - DR. VJOSA OSMANI - SADRIU -\" \/>\n<meta property=\"og:url\" content=\"https:\/\/president-ksgov.net\/en\/president-thaci-visited-dubrava-prison-to-commemorate-the-massacre-committed-by-serbian-forces\/\" \/>\n<meta property=\"og:site_name\" content=\"President of the Republic of Kosovo - DR. VJOSA OSMANI - SADRIU\" \/>\n<meta property=\"article:published_time\" content=\"2020-05-25T13:32:56+00:00\" \/>\n<meta property=\"article:modified_time\" content=\"2023-03-07T09:16:52+00:00\" \/>\n<meta property=\"og:image\" content=\"https:\/\/president-ksgov.net\/wp-content\/uploads\/25_05_2020_8003591_25_05_2020_0.jpg\" \/>\n\t<meta property=\"og:image:width\" content=\"2000\" \/>\n\t<meta property=\"og:image:height\" content=\"1394\" \/>\n\t<meta property=\"og:image:type\" content=\"image\/jpeg\" \/>\n<meta name=\"author\" content=\"admin\" \/>\n<meta name=\"twitter:card\" content=\"summary_large_image\" \/>\n<meta name=\"twitter:label1\" content=\"Written by\" \/>\n\t<meta name=\"twitter:data1\" content=\"admin\" \/>\n\t<meta name=\"twitter:label2\" content=\"Est. reading time\" \/>\n\t<meta name=\"twitter:data2\" content=\"1 minute\" \/>\n<script type=\"application\/ld+json\" class=\"yoast-schema-graph\">{\"@context\":\"https:\/\/schema.org\",\"@graph\":[{\"@type\":\"WebPage\",\"@id\":\"https:\/\/president-ksgov.net\/en\/president-thaci-visited-dubrava-prison-to-commemorate-the-massacre-committed-by-serbian-forces\/\",\"url\":\"https:\/\/president-ksgov.net\/en\/president-thaci-visited-dubrava-prison-to-commemorate-the-massacre-committed-by-serbian-forces\/\",\"name\":\"President Tha\u00e7i visited Dubrava Prison to commemorate the massacre committed by Serbian forces - President of the Republic of Kosovo - DR. VJOSA OSMANI - SADRIU\",\"isPartOf\":{\"@id\":\"https:\/\/president-ksgov.net\/#website\"},\"primaryImageOfPage\":{\"@id\":\"https:\/\/president-ksgov.net\/en\/president-thaci-visited-dubrava-prison-to-commemorate-the-massacre-committed-by-serbian-forces\/#primaryimage\"},\"image\":{\"@id\":\"https:\/\/president-ksgov.net\/en\/president-thaci-visited-dubrava-prison-to-commemorate-the-massacre-committed-by-serbian-forces\/#primaryimage\"},\"thumbnailUrl\":\"https:\/\/president-ksgov.net\/wp-content\/uploads\/25_05_2020_8003591_25_05_2020_0.jpg\",\"datePublished\":\"2020-05-25T13:32:56+00:00\",\"dateModified\":\"2023-03-07T09:16:52+00:00\",\"author\":{\"@id\":\"https:\/\/president-ksgov.net\/#\/schema\/person\/bb4337a5fb147cb2046d80548172cbee\"},\"description\":\"President Tha\u00e7i visited Dubrava Prison to commemorate the massacre committed by Serbian forces - President of the Republic of Kosovo - DR. VJOSA OSMANI - SADRIU -\",\"breadcrumb\":{\"@id\":\"https:\/\/president-ksgov.net\/en\/president-thaci-visited-dubrava-prison-to-commemorate-the-massacre-committed-by-serbian-forces\/#breadcrumb\"},\"inLanguage\":\"en-US\",\"potentialAction\":[{\"@type\":\"ReadAction\",\"target\":[\"https:\/\/president-ksgov.net\/en\/president-thaci-visited-dubrava-prison-to-commemorate-the-massacre-committed-by-serbian-forces\/\"]}]},{\"@type\":\"ImageObject\",\"inLanguage\":\"en-US\",\"@id\":\"https:\/\/president-ksgov.net\/en\/president-thaci-visited-dubrava-prison-to-commemorate-the-massacre-committed-by-serbian-forces\/#primaryimage\",\"url\":\"https:\/\/president-ksgov.net\/wp-content\/uploads\/25_05_2020_8003591_25_05_2020_0.jpg\",\"contentUrl\":\"https:\/\/president-ksgov.net\/wp-content\/uploads\/25_05_2020_8003591_25_05_2020_0.jpg\",\"width\":2000,\"height\":1394},{\"@type\":\"BreadcrumbList\",\"@id\":\"https:\/\/president-ksgov.net\/en\/president-thaci-visited-dubrava-prison-to-commemorate-the-massacre-committed-by-serbian-forces\/#breadcrumb\",\"itemListElement\":[{\"@type\":\"ListItem\",\"position\":1,\"name\":\"Home\",\"item\":\"https:\/\/president-ksgov.net\/en\/\"},{\"@type\":\"ListItem\",\"position\":2,\"name\":\"President Tha\u00e7i visited Dubrava Prison to commemorate the massacre committed by Serbian forces\"}]},{\"@type\":\"WebSite\",\"@id\":\"https:\/\/president-ksgov.net\/#website\",\"url\":\"https:\/\/president-ksgov.net\/\",\"name\":\"Presidente e Republik\u00ebs s\u00eb Kosov\u00ebs\",\"description\":\"Presidente e Republik\u00ebs s\u00eb Kosov\u00ebs\",\"alternateName\":\"DR. VJOSA OSMANI - SADRIU\",\"potentialAction\":[{\"@type\":\"SearchAction\",\"target\":{\"@type\":\"EntryPoint\",\"urlTemplate\":\"https:\/\/president-ksgov.net\/?s={search_term_string}\"},\"query-input\":{\"@type\":\"PropertyValueSpecification\",\"valueRequired\":true,\"valueName\":\"search_term_string\"}}],\"inLanguage\":\"en-US\"},{\"@type\":\"Person\",\"@id\":\"https:\/\/president-ksgov.net\/#\/schema\/person\/bb4337a5fb147cb2046d80548172cbee\",\"name\":\"admin\",\"image\":{\"@type\":\"ImageObject\",\"inLanguage\":\"en-US\",\"@id\":\"https:\/\/president-ksgov.net\/#\/schema\/person\/image\/\",\"url\":\"https:\/\/secure.gravatar.com\/avatar\/36156ca0fa3b8d9d25174f146e16beea0cf28f37adf1b9e19b6c9c279a7c9dd3?s=96&d=mm&r=g\",\"contentUrl\":\"https:\/\/secure.gravatar.com\/avatar\/36156ca0fa3b8d9d25174f146e16beea0cf28f37adf1b9e19b6c9c279a7c9dd3?s=96&d=mm&r=g\",\"caption\":\"admin\"},\"sameAs\":[\"https:\/\/president-ksgov.net\"]}]}<\/script>\n<!-- \/ Yoast SEO plugin. -->","yoast_head_json":{"title":"President Tha\u00e7i visited Dubrava Prison to commemorate the massacre committed by Serbian forces - President of the Republic of Kosovo - DR. VJOSA OSMANI - SADRIU","description":"President Tha\u00e7i visited Dubrava Prison to commemorate the massacre committed by Serbian forces - President of the Republic of Kosovo - DR. VJOSA OSMANI - SADRIU -","robots":{"index":"index","follow":"follow","max-snippet":"max-snippet:-1","max-image-preview":"max-image-preview:large","max-video-preview":"max-video-preview:-1"},"canonical":"https:\/\/president-ksgov.net\/en\/president-thaci-visited-dubrava-prison-to-commemorate-the-massacre-committed-by-serbian-forces\/","og_locale":"en_US","og_type":"article","og_title":"President Tha\u00e7i visited Dubrava Prison to commemorate the massacre committed by Serbian forces - President of the Republic of Kosovo - DR. VJOSA OSMANI - SADRIU","og_description":"President Tha\u00e7i visited Dubrava Prison to commemorate the massacre committed by Serbian forces - President of the Republic of Kosovo - DR. VJOSA OSMANI - SADRIU -","og_url":"https:\/\/president-ksgov.net\/en\/president-thaci-visited-dubrava-prison-to-commemorate-the-massacre-committed-by-serbian-forces\/","og_site_name":"President of the Republic of Kosovo - DR. VJOSA OSMANI - SADRIU","article_published_time":"2020-05-25T13:32:56+00:00","article_modified_time":"2023-03-07T09:16:52+00:00","og_image":[{"width":2000,"height":1394,"url":"https:\/\/president-ksgov.net\/wp-content\/uploads\/25_05_2020_8003591_25_05_2020_0.jpg","type":"image\/jpeg"}],"author":"admin","twitter_card":"summary_large_image","twitter_misc":{"Written by":"admin","Est. reading time":"1 minute"},"schema":{"@context":"https:\/\/schema.org","@graph":[{"@type":"WebPage","@id":"https:\/\/president-ksgov.net\/en\/president-thaci-visited-dubrava-prison-to-commemorate-the-massacre-committed-by-serbian-forces\/","url":"https:\/\/president-ksgov.net\/en\/president-thaci-visited-dubrava-prison-to-commemorate-the-massacre-committed-by-serbian-forces\/","name":"President Tha\u00e7i visited Dubrava Prison to commemorate the massacre committed by Serbian forces - President of the Republic of Kosovo - DR. VJOSA OSMANI - SADRIU","isPartOf":{"@id":"https:\/\/president-ksgov.net\/#website"},"primaryImageOfPage":{"@id":"https:\/\/president-ksgov.net\/en\/president-thaci-visited-dubrava-prison-to-commemorate-the-massacre-committed-by-serbian-forces\/#primaryimage"},"image":{"@id":"https:\/\/president-ksgov.net\/en\/president-thaci-visited-dubrava-prison-to-commemorate-the-massacre-committed-by-serbian-forces\/#primaryimage"},"thumbnailUrl":"https:\/\/president-ksgov.net\/wp-content\/uploads\/25_05_2020_8003591_25_05_2020_0.jpg","datePublished":"2020-05-25T13:32:56+00:00","dateModified":"2023-03-07T09:16:52+00:00","author":{"@id":"https:\/\/president-ksgov.net\/#\/schema\/person\/bb4337a5fb147cb2046d80548172cbee"},"description":"President Tha\u00e7i visited Dubrava Prison to commemorate the massacre committed by Serbian forces - President of the Republic of Kosovo - DR. VJOSA OSMANI - SADRIU -","breadcrumb":{"@id":"https:\/\/president-ksgov.net\/en\/president-thaci-visited-dubrava-prison-to-commemorate-the-massacre-committed-by-serbian-forces\/#breadcrumb"},"inLanguage":"en-US","potentialAction":[{"@type":"ReadAction","target":["https:\/\/president-ksgov.net\/en\/president-thaci-visited-dubrava-prison-to-commemorate-the-massacre-committed-by-serbian-forces\/"]}]},{"@type":"ImageObject","inLanguage":"en-US","@id":"https:\/\/president-ksgov.net\/en\/president-thaci-visited-dubrava-prison-to-commemorate-the-massacre-committed-by-serbian-forces\/#primaryimage","url":"https:\/\/president-ksgov.net\/wp-content\/uploads\/25_05_2020_8003591_25_05_2020_0.jpg","contentUrl":"https:\/\/president-ksgov.net\/wp-content\/uploads\/25_05_2020_8003591_25_05_2020_0.jpg","width":2000,"height":1394},{"@type":"BreadcrumbList","@id":"https:\/\/president-ksgov.net\/en\/president-thaci-visited-dubrava-prison-to-commemorate-the-massacre-committed-by-serbian-forces\/#breadcrumb","itemListElement":[{"@type":"ListItem","position":1,"name":"Home","item":"https:\/\/president-ksgov.net\/en\/"},{"@type":"ListItem","position":2,"name":"President Tha\u00e7i visited Dubrava Prison to commemorate the massacre committed by Serbian forces"}]},{"@type":"WebSite","@id":"https:\/\/president-ksgov.net\/#website","url":"https:\/\/president-ksgov.net\/","name":"Presidente e Republik\u00ebs s\u00eb Kosov\u00ebs","description":"Presidente e Republik\u00ebs s\u00eb Kosov\u00ebs","alternateName":"DR. VJOSA OSMANI - SADRIU","potentialAction":[{"@type":"SearchAction","target":{"@type":"EntryPoint","urlTemplate":"https:\/\/president-ksgov.net\/?s={search_term_string}"},"query-input":{"@type":"PropertyValueSpecification","valueRequired":true,"valueName":"search_term_string"}}],"inLanguage":"en-US"},{"@type":"Person","@id":"https:\/\/president-ksgov.net\/#\/schema\/person\/bb4337a5fb147cb2046d80548172cbee","name":"admin","image":{"@type":"ImageObject","inLanguage":"en-US","@id":"https:\/\/president-ksgov.net\/#\/schema\/person\/image\/","url":"https:\/\/secure.gravatar.com\/avatar\/36156ca0fa3b8d9d25174f146e16beea0cf28f37adf1b9e19b6c9c279a7c9dd3?s=96&d=mm&r=g","contentUrl":"https:\/\/secure.gravatar.com\/avatar\/36156ca0fa3b8d9d25174f146e16beea0cf28f37adf1b9e19b6c9c279a7c9dd3?s=96&d=mm&r=g","caption":"admin"},"sameAs":["https:\/\/president-ksgov.net"]}]}},"_links":{"self":[{"href":"https:\/\/president-ksgov.net\/en\/wp-json\/wp\/v2\/posts\/67708","targetHints":{"allow":["GET"]}}],"collection":[{"href":"https:\/\/president-ksgov.net\/en\/wp-json\/wp\/v2\/posts"}],"about":[{"href":"https:\/\/president-ksgov.net\/en\/wp-json\/wp\/v2\/types\/post"}],"author":[{"embeddable":true,"href":"https:\/\/president-ksgov.net\/en\/wp-json\/wp\/v2\/users\/1"}],"replies":[{"embeddable":true,"href":"https:\/\/president-ksgov.net\/en\/wp-json\/wp\/v2\/comments?post=67708"}],"version-history":[{"count":0,"href":"https:\/\/president-ksgov.net\/en\/wp-json\/wp\/v2\/posts\/67708\/revisions"}],"wp:featuredmedia":[{"embeddable":true,"href":"https:\/\/president-ksgov.net\/en\/wp-json\/wp\/v2\/media\/23052"}],"wp:attachment":[{"href":"https:\/\/president-ksgov.net\/en\/wp-json\/wp\/v2\/media?parent=67708"}],"wp:term":[{"taxonomy":"category","embeddable":true,"href":"https:\/\/president-ksgov.net\/en\/wp-json\/wp\/v2\/categories?post=67708"},{"taxonomy":"post_tag","embeddable":true,"href":"https:\/\/president-ksgov.net\/en\/wp-json\/wp\/v2\/tags?post=67708"}],"curies":[{"name":"wp","href":"https:\/\/api.w.org\/{rel}","templated":true}]}}