{"id":67701,"date":"2020-07-11T14:19:43","date_gmt":"2020-07-11T14:19:43","guid":{"rendered":"https:\/\/dev.president-ksgov.net\/president-thaci-and-hr-borrell-agree-for-a-one-year-technical-extension-of-the-eulex-mandate\/"},"modified":"2023-03-07T09:16:21","modified_gmt":"2023-03-07T09:16:21","slug":"president-thaci-and-hr-borrell-agree-for-a-one-year-technical-extension-of-the-eulex-mandate","status":"publish","type":"post","link":"https:\/\/president-ksgov.net\/en\/president-thaci-and-hr-borrell-agree-for-a-one-year-technical-extension-of-the-eulex-mandate\/","title":{"rendered":"President Tha\u00e7i and HR Borrell agree for a one-year technical extension of the EULEX mandate"},"content":{"rendered":"<p>Prishtina, 11 July \u2013 President of the Republic of Kosovo, Mr. Hashim Tha\u00e7i, has agreed to a one-year technical extension of the mandate of the EULEX mission in an Exchange of letters with the High Representative of the Union for Foreign Affairs and Security Policy, Mr. Josep Borrell. The technical extension is agreed after the pandemic prevented negotiations for the future of the EULEX mandate.<\/p>\n<p>In the Exchange of letters, President Tha\u00e7i says that \u201cin order to ensure the continuity of the European Union Rule of Law Mission in Kosovo (\u201cEULEX KOSOVA\u201d) for the duration of the extraordinary circumstances Kosovo agrees to a technical extension of EULEX Kosovo, at the latest until June 14th 2021.\u201d<\/p>\n<p>President Tha\u00e7i also expressed support for the Mission, confirming that the Kosovo institutions \u201ccontinue to fully support EULEX KOSOVA mandate\u201d in accordance with the relevant documents signed until now.<\/p>\n<p>In his reply, High Representative Borrell confirmed that \u201cI therefore accept your agreement to a one-year technical extension of EULEX Kosovo until 14 June 2021\u201d and reiterated EU\u2019s support for Kosovo, in particular the support during these \u201cunprecedented challenges\u201d caused by the pandemic.<\/p>\n<p>EU representatives, speaking also on behalf of the EU member states, have informed that due to the COVID-19 pandemic it was impossible to hold meetings to review EU missions, including EULEX Kosovo, and have asked for understanding by the national authorities for a one-year technical extension of the current mandates.<\/p>\n<p>EULEX mandate has been negotiated every two years, gradually decreasing and transferring competences to the local authorities.<\/p>\n","protected":false},"excerpt":{"rendered":"<p>Prishtina, 11 July \u2013 President of the Republic of Kosovo, Mr. Hashim Tha\u00e7i, has agreed to a one-year technical extension of the mandate of the EULEX mission in an Exchange of letters with the High Representative of the Union for Foreign Affairs and Security Policy, Mr. Josep Borrell. The technical extension is agreed after the pandemic prevented negotiations for the future of the EULEX mandate.<\/p>\n","protected":false},"author":1,"featured_media":23009,"comment_status":"open","ping_status":"closed","sticky":false,"template":"","format":"standard","meta":{"_eb_attr":"","footnotes":""},"categories":[111],"tags":[],"class_list":["post-67701","post","type-post","status-publish","format-standard","has-post-thumbnail","hentry","category-news"],"yoast_head":"<!-- This site is optimized with the Yoast SEO plugin v23.5 - https:\/\/yoast.com\/wordpress\/plugins\/seo\/ -->\n<title>President Tha\u00e7i and HR Borrell agree for a one-year technical extension of the EULEX mandate - President of the Republic of Kosovo - DR. VJOSA OSMANI - SADRIU<\/title>\n<meta name=\"description\" content=\"President Tha\u00e7i and HR Borrell agree for a one-year technical extension of the EULEX mandate - President of the Republic of Kosovo - DR. VJOSA OSMANI - SADRIU -\" \/>\n<meta name=\"robots\" content=\"index, follow, max-snippet:-1, max-image-preview:large, max-video-preview:-1\" \/>\n<link rel=\"canonical\" href=\"https:\/\/president-ksgov.net\/en\/president-thaci-and-hr-borrell-agree-for-a-one-year-technical-extension-of-the-eulex-mandate\/\" \/>\n<meta property=\"og:locale\" content=\"en_US\" \/>\n<meta property=\"og:type\" content=\"article\" \/>\n<meta property=\"og:title\" content=\"President Tha\u00e7i and HR Borrell agree for a one-year technical extension of the EULEX mandate - President of the Republic of Kosovo - DR. VJOSA OSMANI - SADRIU\" \/>\n<meta property=\"og:description\" content=\"President Tha\u00e7i and HR Borrell agree for a one-year technical extension of the EULEX mandate - President of the Republic of Kosovo - DR. VJOSA OSMANI - SADRIU -\" \/>\n<meta property=\"og:url\" content=\"https:\/\/president-ksgov.net\/en\/president-thaci-and-hr-borrell-agree-for-a-one-year-technical-extension-of-the-eulex-mandate\/\" \/>\n<meta property=\"og:site_name\" content=\"President of the Republic of Kosovo - DR. VJOSA OSMANI - SADRIU\" \/>\n<meta property=\"article:published_time\" content=\"2020-07-11T14:19:43+00:00\" \/>\n<meta property=\"article:modified_time\" content=\"2023-03-07T09:16:21+00:00\" \/>\n<meta property=\"og:image\" content=\"https:\/\/president-ksgov.net\/wp-content\/uploads\/11_07_2020_1256004__image1.jpeg\" \/>\n\t<meta property=\"og:image:width\" content=\"1280\" \/>\n\t<meta property=\"og:image:height\" content=\"853\" \/>\n\t<meta property=\"og:image:type\" content=\"image\/jpeg\" \/>\n<meta name=\"author\" content=\"admin\" \/>\n<meta name=\"twitter:card\" content=\"summary_large_image\" \/>\n<meta name=\"twitter:label1\" content=\"Written by\" \/>\n\t<meta name=\"twitter:data1\" content=\"admin\" \/>\n\t<meta name=\"twitter:label2\" content=\"Est. reading time\" \/>\n\t<meta name=\"twitter:data2\" content=\"1 minute\" \/>\n<script type=\"application\/ld+json\" class=\"yoast-schema-graph\">{\"@context\":\"https:\/\/schema.org\",\"@graph\":[{\"@type\":\"WebPage\",\"@id\":\"https:\/\/president-ksgov.net\/en\/president-thaci-and-hr-borrell-agree-for-a-one-year-technical-extension-of-the-eulex-mandate\/\",\"url\":\"https:\/\/president-ksgov.net\/en\/president-thaci-and-hr-borrell-agree-for-a-one-year-technical-extension-of-the-eulex-mandate\/\",\"name\":\"President Tha\u00e7i and HR Borrell agree for a one-year technical extension of the EULEX mandate - President of the Republic of Kosovo - DR. VJOSA OSMANI - SADRIU\",\"isPartOf\":{\"@id\":\"https:\/\/president-ksgov.net\/#website\"},\"primaryImageOfPage\":{\"@id\":\"https:\/\/president-ksgov.net\/en\/president-thaci-and-hr-borrell-agree-for-a-one-year-technical-extension-of-the-eulex-mandate\/#primaryimage\"},\"image\":{\"@id\":\"https:\/\/president-ksgov.net\/en\/president-thaci-and-hr-borrell-agree-for-a-one-year-technical-extension-of-the-eulex-mandate\/#primaryimage\"},\"thumbnailUrl\":\"https:\/\/president-ksgov.net\/wp-content\/uploads\/11_07_2020_1256004__image1.jpeg\",\"datePublished\":\"2020-07-11T14:19:43+00:00\",\"dateModified\":\"2023-03-07T09:16:21+00:00\",\"author\":{\"@id\":\"https:\/\/president-ksgov.net\/#\/schema\/person\/bb4337a5fb147cb2046d80548172cbee\"},\"description\":\"President Tha\u00e7i and HR Borrell agree for a one-year technical extension of the EULEX mandate - President of the Republic of Kosovo - DR. VJOSA OSMANI - SADRIU -\",\"breadcrumb\":{\"@id\":\"https:\/\/president-ksgov.net\/en\/president-thaci-and-hr-borrell-agree-for-a-one-year-technical-extension-of-the-eulex-mandate\/#breadcrumb\"},\"inLanguage\":\"en-US\",\"potentialAction\":[{\"@type\":\"ReadAction\",\"target\":[\"https:\/\/president-ksgov.net\/en\/president-thaci-and-hr-borrell-agree-for-a-one-year-technical-extension-of-the-eulex-mandate\/\"]}]},{\"@type\":\"ImageObject\",\"inLanguage\":\"en-US\",\"@id\":\"https:\/\/president-ksgov.net\/en\/president-thaci-and-hr-borrell-agree-for-a-one-year-technical-extension-of-the-eulex-mandate\/#primaryimage\",\"url\":\"https:\/\/president-ksgov.net\/wp-content\/uploads\/11_07_2020_1256004__image1.jpeg\",\"contentUrl\":\"https:\/\/president-ksgov.net\/wp-content\/uploads\/11_07_2020_1256004__image1.jpeg\",\"width\":1280,\"height\":853},{\"@type\":\"BreadcrumbList\",\"@id\":\"https:\/\/president-ksgov.net\/en\/president-thaci-and-hr-borrell-agree-for-a-one-year-technical-extension-of-the-eulex-mandate\/#breadcrumb\",\"itemListElement\":[{\"@type\":\"ListItem\",\"position\":1,\"name\":\"Home\",\"item\":\"https:\/\/president-ksgov.net\/en\/\"},{\"@type\":\"ListItem\",\"position\":2,\"name\":\"President Tha\u00e7i and HR Borrell agree for a one-year technical extension of the EULEX mandate\"}]},{\"@type\":\"WebSite\",\"@id\":\"https:\/\/president-ksgov.net\/#website\",\"url\":\"https:\/\/president-ksgov.net\/\",\"name\":\"Presidente e Republik\u00ebs s\u00eb Kosov\u00ebs\",\"description\":\"Presidente e Republik\u00ebs s\u00eb Kosov\u00ebs\",\"alternateName\":\"DR. VJOSA OSMANI - SADRIU\",\"potentialAction\":[{\"@type\":\"SearchAction\",\"target\":{\"@type\":\"EntryPoint\",\"urlTemplate\":\"https:\/\/president-ksgov.net\/?s={search_term_string}\"},\"query-input\":{\"@type\":\"PropertyValueSpecification\",\"valueRequired\":true,\"valueName\":\"search_term_string\"}}],\"inLanguage\":\"en-US\"},{\"@type\":\"Person\",\"@id\":\"https:\/\/president-ksgov.net\/#\/schema\/person\/bb4337a5fb147cb2046d80548172cbee\",\"name\":\"admin\",\"image\":{\"@type\":\"ImageObject\",\"inLanguage\":\"en-US\",\"@id\":\"https:\/\/president-ksgov.net\/#\/schema\/person\/image\/\",\"url\":\"https:\/\/secure.gravatar.com\/avatar\/36156ca0fa3b8d9d25174f146e16beea0cf28f37adf1b9e19b6c9c279a7c9dd3?s=96&d=mm&r=g\",\"contentUrl\":\"https:\/\/secure.gravatar.com\/avatar\/36156ca0fa3b8d9d25174f146e16beea0cf28f37adf1b9e19b6c9c279a7c9dd3?s=96&d=mm&r=g\",\"caption\":\"admin\"},\"sameAs\":[\"https:\/\/president-ksgov.net\"]}]}<\/script>\n<!-- \/ Yoast SEO plugin. -->","yoast_head_json":{"title":"President Tha\u00e7i and HR Borrell agree for a one-year technical extension of the EULEX mandate - President of the Republic of Kosovo - DR. VJOSA OSMANI - SADRIU","description":"President Tha\u00e7i and HR Borrell agree for a one-year technical extension of the EULEX mandate - President of the Republic of Kosovo - DR. VJOSA OSMANI - SADRIU -","robots":{"index":"index","follow":"follow","max-snippet":"max-snippet:-1","max-image-preview":"max-image-preview:large","max-video-preview":"max-video-preview:-1"},"canonical":"https:\/\/president-ksgov.net\/en\/president-thaci-and-hr-borrell-agree-for-a-one-year-technical-extension-of-the-eulex-mandate\/","og_locale":"en_US","og_type":"article","og_title":"President Tha\u00e7i and HR Borrell agree for a one-year technical extension of the EULEX mandate - President of the Republic of Kosovo - DR. VJOSA OSMANI - SADRIU","og_description":"President Tha\u00e7i and HR Borrell agree for a one-year technical extension of the EULEX mandate - President of the Republic of Kosovo - DR. VJOSA OSMANI - SADRIU -","og_url":"https:\/\/president-ksgov.net\/en\/president-thaci-and-hr-borrell-agree-for-a-one-year-technical-extension-of-the-eulex-mandate\/","og_site_name":"President of the Republic of Kosovo - DR. VJOSA OSMANI - SADRIU","article_published_time":"2020-07-11T14:19:43+00:00","article_modified_time":"2023-03-07T09:16:21+00:00","og_image":[{"width":1280,"height":853,"url":"https:\/\/president-ksgov.net\/wp-content\/uploads\/11_07_2020_1256004__image1.jpeg","type":"image\/jpeg"}],"author":"admin","twitter_card":"summary_large_image","twitter_misc":{"Written by":"admin","Est. reading time":"1 minute"},"schema":{"@context":"https:\/\/schema.org","@graph":[{"@type":"WebPage","@id":"https:\/\/president-ksgov.net\/en\/president-thaci-and-hr-borrell-agree-for-a-one-year-technical-extension-of-the-eulex-mandate\/","url":"https:\/\/president-ksgov.net\/en\/president-thaci-and-hr-borrell-agree-for-a-one-year-technical-extension-of-the-eulex-mandate\/","name":"President Tha\u00e7i and HR Borrell agree for a one-year technical extension of the EULEX mandate - President of the Republic of Kosovo - DR. VJOSA OSMANI - SADRIU","isPartOf":{"@id":"https:\/\/president-ksgov.net\/#website"},"primaryImageOfPage":{"@id":"https:\/\/president-ksgov.net\/en\/president-thaci-and-hr-borrell-agree-for-a-one-year-technical-extension-of-the-eulex-mandate\/#primaryimage"},"image":{"@id":"https:\/\/president-ksgov.net\/en\/president-thaci-and-hr-borrell-agree-for-a-one-year-technical-extension-of-the-eulex-mandate\/#primaryimage"},"thumbnailUrl":"https:\/\/president-ksgov.net\/wp-content\/uploads\/11_07_2020_1256004__image1.jpeg","datePublished":"2020-07-11T14:19:43+00:00","dateModified":"2023-03-07T09:16:21+00:00","author":{"@id":"https:\/\/president-ksgov.net\/#\/schema\/person\/bb4337a5fb147cb2046d80548172cbee"},"description":"President Tha\u00e7i and HR Borrell agree for a one-year technical extension of the EULEX mandate - President of the Republic of Kosovo - DR. VJOSA OSMANI - SADRIU -","breadcrumb":{"@id":"https:\/\/president-ksgov.net\/en\/president-thaci-and-hr-borrell-agree-for-a-one-year-technical-extension-of-the-eulex-mandate\/#breadcrumb"},"inLanguage":"en-US","potentialAction":[{"@type":"ReadAction","target":["https:\/\/president-ksgov.net\/en\/president-thaci-and-hr-borrell-agree-for-a-one-year-technical-extension-of-the-eulex-mandate\/"]}]},{"@type":"ImageObject","inLanguage":"en-US","@id":"https:\/\/president-ksgov.net\/en\/president-thaci-and-hr-borrell-agree-for-a-one-year-technical-extension-of-the-eulex-mandate\/#primaryimage","url":"https:\/\/president-ksgov.net\/wp-content\/uploads\/11_07_2020_1256004__image1.jpeg","contentUrl":"https:\/\/president-ksgov.net\/wp-content\/uploads\/11_07_2020_1256004__image1.jpeg","width":1280,"height":853},{"@type":"BreadcrumbList","@id":"https:\/\/president-ksgov.net\/en\/president-thaci-and-hr-borrell-agree-for-a-one-year-technical-extension-of-the-eulex-mandate\/#breadcrumb","itemListElement":[{"@type":"ListItem","position":1,"name":"Home","item":"https:\/\/president-ksgov.net\/en\/"},{"@type":"ListItem","position":2,"name":"President Tha\u00e7i and HR Borrell agree for a one-year technical extension of the EULEX mandate"}]},{"@type":"WebSite","@id":"https:\/\/president-ksgov.net\/#website","url":"https:\/\/president-ksgov.net\/","name":"Presidente e Republik\u00ebs s\u00eb Kosov\u00ebs","description":"Presidente e Republik\u00ebs s\u00eb Kosov\u00ebs","alternateName":"DR. VJOSA OSMANI - SADRIU","potentialAction":[{"@type":"SearchAction","target":{"@type":"EntryPoint","urlTemplate":"https:\/\/president-ksgov.net\/?s={search_term_string}"},"query-input":{"@type":"PropertyValueSpecification","valueRequired":true,"valueName":"search_term_string"}}],"inLanguage":"en-US"},{"@type":"Person","@id":"https:\/\/president-ksgov.net\/#\/schema\/person\/bb4337a5fb147cb2046d80548172cbee","name":"admin","image":{"@type":"ImageObject","inLanguage":"en-US","@id":"https:\/\/president-ksgov.net\/#\/schema\/person\/image\/","url":"https:\/\/secure.gravatar.com\/avatar\/36156ca0fa3b8d9d25174f146e16beea0cf28f37adf1b9e19b6c9c279a7c9dd3?s=96&d=mm&r=g","contentUrl":"https:\/\/secure.gravatar.com\/avatar\/36156ca0fa3b8d9d25174f146e16beea0cf28f37adf1b9e19b6c9c279a7c9dd3?s=96&d=mm&r=g","caption":"admin"},"sameAs":["https:\/\/president-ksgov.net"]}]}},"_links":{"self":[{"href":"https:\/\/president-ksgov.net\/en\/wp-json\/wp\/v2\/posts\/67701","targetHints":{"allow":["GET"]}}],"collection":[{"href":"https:\/\/president-ksgov.net\/en\/wp-json\/wp\/v2\/posts"}],"about":[{"href":"https:\/\/president-ksgov.net\/en\/wp-json\/wp\/v2\/types\/post"}],"author":[{"embeddable":true,"href":"https:\/\/president-ksgov.net\/en\/wp-json\/wp\/v2\/users\/1"}],"replies":[{"embeddable":true,"href":"https:\/\/president-ksgov.net\/en\/wp-json\/wp\/v2\/comments?post=67701"}],"version-history":[{"count":0,"href":"https:\/\/president-ksgov.net\/en\/wp-json\/wp\/v2\/posts\/67701\/revisions"}],"wp:featuredmedia":[{"embeddable":true,"href":"https:\/\/president-ksgov.net\/en\/wp-json\/wp\/v2\/media\/23009"}],"wp:attachment":[{"href":"https:\/\/president-ksgov.net\/en\/wp-json\/wp\/v2\/media?parent=67701"}],"wp:term":[{"taxonomy":"category","embeddable":true,"href":"https:\/\/president-ksgov.net\/en\/wp-json\/wp\/v2\/categories?post=67701"},{"taxonomy":"post_tag","embeddable":true,"href":"https:\/\/president-ksgov.net\/en\/wp-json\/wp\/v2\/tags?post=67701"}],"curies":[{"name":"wp","href":"https:\/\/api.w.org\/{rel}","templated":true}]}}