{"id":67697,"date":"2020-07-24T12:40:38","date_gmt":"2020-07-24T12:40:38","guid":{"rendered":"https:\/\/dev.president-ksgov.net\/president-thaci-and-prime-minister-hoti-hold-a-coordinative-meeting-on-dialogue-and-the-fight-against-the-pandemic\/"},"modified":"2023-03-07T09:16:21","modified_gmt":"2023-03-07T09:16:21","slug":"president-thaci-and-prime-minister-hoti-hold-a-coordinative-meeting-on-dialogue-and-the-fight-against-the-pandemic","status":"publish","type":"post","link":"https:\/\/president-ksgov.net\/en\/president-thaci-and-prime-minister-hoti-hold-a-coordinative-meeting-on-dialogue-and-the-fight-against-the-pandemic\/","title":{"rendered":"President Tha\u00e7i and Prime Minister Hoti hold a coordinative meeting on dialogue and the fight against the pandemic"},"content":{"rendered":"<p>Today, the President of the Republic of Kosovo Hashim Tha\u00e7i received the Prime Minister of the Republic of Kosovo Avdullah Hoti, with whom he discussed the inter-institutional coordination on the fight against the pandemic, the dialogue process between Kosovo and Serbia as well as other issues related to economic development, reforms and the economic package.<\/p>\n<p>President Tha\u00e7i said that the effectiveness of the inter-institutional is of extreme importance to the country and to our society. <\/p>\n<p>&#8220;We discussed how to overcome the pandemic better, easier and faster in respect of all the recommendations of experts and of the National Institute of Health. \u201dIn this regard, we must all work together, to fully comply with all the measureless specified by the Institute, \u201csaid President Tha\u00e7i.<\/p>\n<p>The head of the country reiterated that he welcomes the appointment of Sk\u00ebnder Hyseni as Dialogue Coordinator, and pointed out that the dialogue must not slip to the technical level.<\/p>\n<p>&#8220;We must clarify the relationship between the state of Kosovo and Serbia, so that mutual recognition occurs and under no circumstances should we allow this process to go down to a technical level, because the Kosovo-Serbia relationship is purely political and not technical. At the technical level, it means the status quo and approval of Serbia\u2019s agenda,&#8221; stated Kosovo\u2019s President<\/p>\n","protected":false},"excerpt":{"rendered":"<p>Today, the President of the Republic of Kosovo Hashim Tha\u00e7i received the Prime Minister of the Republic of Kosovo Avdullah Hoti, with whom he discussed the inter-institutional coordination on the fight against the pandemic, the dialogue process between Kosovo and Serbia as well as other issues related to economic development, reforms and the economic package.<\/p>\n","protected":false},"author":1,"featured_media":22987,"comment_status":"open","ping_status":"closed","sticky":false,"template":"","format":"standard","meta":{"_eb_attr":"","footnotes":""},"categories":[111],"tags":[],"class_list":["post-67697","post","type-post","status-publish","format-standard","has-post-thumbnail","hentry","category-news"],"yoast_head":"<!-- This site is optimized with the Yoast SEO plugin v23.5 - https:\/\/yoast.com\/wordpress\/plugins\/seo\/ -->\n<title>President Tha\u00e7i and Prime Minister Hoti hold a coordinative meeting on dialogue and the fight against the pandemic - President of the Republic of Kosovo - DR. VJOSA OSMANI - SADRIU<\/title>\n<meta name=\"description\" content=\"President Tha\u00e7i and Prime Minister Hoti hold a coordinative meeting on dialogue and the fight against the pandemic - President of the Republic of Kosovo - DR. VJOSA OSMANI - SADRIU -\" \/>\n<meta name=\"robots\" content=\"index, follow, max-snippet:-1, max-image-preview:large, max-video-preview:-1\" \/>\n<link rel=\"canonical\" href=\"https:\/\/president-ksgov.net\/en\/president-thaci-and-prime-minister-hoti-hold-a-coordinative-meeting-on-dialogue-and-the-fight-against-the-pandemic\/\" \/>\n<meta property=\"og:locale\" content=\"en_US\" \/>\n<meta property=\"og:type\" content=\"article\" \/>\n<meta property=\"og:title\" content=\"President Tha\u00e7i and Prime Minister Hoti hold a coordinative meeting on dialogue and the fight against the pandemic - President of the Republic of Kosovo - DR. VJOSA OSMANI - SADRIU\" \/>\n<meta property=\"og:description\" content=\"President Tha\u00e7i and Prime Minister Hoti hold a coordinative meeting on dialogue and the fight against the pandemic - President of the Republic of Kosovo - DR. VJOSA OSMANI - SADRIU -\" \/>\n<meta property=\"og:url\" content=\"https:\/\/president-ksgov.net\/en\/president-thaci-and-prime-minister-hoti-hold-a-coordinative-meeting-on-dialogue-and-the-fight-against-the-pandemic\/\" \/>\n<meta property=\"og:site_name\" content=\"President of the Republic of Kosovo - DR. VJOSA OSMANI - SADRIU\" \/>\n<meta property=\"article:published_time\" content=\"2020-07-24T12:40:38+00:00\" \/>\n<meta property=\"article:modified_time\" content=\"2023-03-07T09:16:21+00:00\" \/>\n<meta property=\"og:image\" content=\"https:\/\/president-ksgov.net\/wp-content\/uploads\/24_07_2020_5813171_24_07_2020_1.jpg\" \/>\n\t<meta property=\"og:image:width\" content=\"2000\" \/>\n\t<meta property=\"og:image:height\" content=\"1241\" \/>\n\t<meta property=\"og:image:type\" content=\"image\/jpeg\" \/>\n<meta name=\"author\" content=\"admin\" \/>\n<meta name=\"twitter:card\" content=\"summary_large_image\" \/>\n<meta name=\"twitter:label1\" content=\"Written by\" \/>\n\t<meta name=\"twitter:data1\" content=\"admin\" \/>\n\t<meta name=\"twitter:label2\" content=\"Est. reading time\" \/>\n\t<meta name=\"twitter:data2\" content=\"1 minute\" \/>\n<script type=\"application\/ld+json\" class=\"yoast-schema-graph\">{\"@context\":\"https:\/\/schema.org\",\"@graph\":[{\"@type\":\"WebPage\",\"@id\":\"https:\/\/president-ksgov.net\/en\/president-thaci-and-prime-minister-hoti-hold-a-coordinative-meeting-on-dialogue-and-the-fight-against-the-pandemic\/\",\"url\":\"https:\/\/president-ksgov.net\/en\/president-thaci-and-prime-minister-hoti-hold-a-coordinative-meeting-on-dialogue-and-the-fight-against-the-pandemic\/\",\"name\":\"President Tha\u00e7i and Prime Minister Hoti hold a coordinative meeting on dialogue and the fight against the pandemic - President of the Republic of Kosovo - DR. VJOSA OSMANI - SADRIU\",\"isPartOf\":{\"@id\":\"https:\/\/president-ksgov.net\/#website\"},\"primaryImageOfPage\":{\"@id\":\"https:\/\/president-ksgov.net\/en\/president-thaci-and-prime-minister-hoti-hold-a-coordinative-meeting-on-dialogue-and-the-fight-against-the-pandemic\/#primaryimage\"},\"image\":{\"@id\":\"https:\/\/president-ksgov.net\/en\/president-thaci-and-prime-minister-hoti-hold-a-coordinative-meeting-on-dialogue-and-the-fight-against-the-pandemic\/#primaryimage\"},\"thumbnailUrl\":\"https:\/\/president-ksgov.net\/wp-content\/uploads\/24_07_2020_5813171_24_07_2020_1.jpg\",\"datePublished\":\"2020-07-24T12:40:38+00:00\",\"dateModified\":\"2023-03-07T09:16:21+00:00\",\"author\":{\"@id\":\"https:\/\/president-ksgov.net\/#\/schema\/person\/bb4337a5fb147cb2046d80548172cbee\"},\"description\":\"President Tha\u00e7i and Prime Minister Hoti hold a coordinative meeting on dialogue and the fight against the pandemic - President of the Republic of Kosovo - DR. VJOSA OSMANI - SADRIU -\",\"breadcrumb\":{\"@id\":\"https:\/\/president-ksgov.net\/en\/president-thaci-and-prime-minister-hoti-hold-a-coordinative-meeting-on-dialogue-and-the-fight-against-the-pandemic\/#breadcrumb\"},\"inLanguage\":\"en-US\",\"potentialAction\":[{\"@type\":\"ReadAction\",\"target\":[\"https:\/\/president-ksgov.net\/en\/president-thaci-and-prime-minister-hoti-hold-a-coordinative-meeting-on-dialogue-and-the-fight-against-the-pandemic\/\"]}]},{\"@type\":\"ImageObject\",\"inLanguage\":\"en-US\",\"@id\":\"https:\/\/president-ksgov.net\/en\/president-thaci-and-prime-minister-hoti-hold-a-coordinative-meeting-on-dialogue-and-the-fight-against-the-pandemic\/#primaryimage\",\"url\":\"https:\/\/president-ksgov.net\/wp-content\/uploads\/24_07_2020_5813171_24_07_2020_1.jpg\",\"contentUrl\":\"https:\/\/president-ksgov.net\/wp-content\/uploads\/24_07_2020_5813171_24_07_2020_1.jpg\",\"width\":2000,\"height\":1241},{\"@type\":\"BreadcrumbList\",\"@id\":\"https:\/\/president-ksgov.net\/en\/president-thaci-and-prime-minister-hoti-hold-a-coordinative-meeting-on-dialogue-and-the-fight-against-the-pandemic\/#breadcrumb\",\"itemListElement\":[{\"@type\":\"ListItem\",\"position\":1,\"name\":\"Home\",\"item\":\"https:\/\/president-ksgov.net\/en\/\"},{\"@type\":\"ListItem\",\"position\":2,\"name\":\"President Tha\u00e7i and Prime Minister Hoti hold a coordinative meeting on dialogue and the fight against the pandemic\"}]},{\"@type\":\"WebSite\",\"@id\":\"https:\/\/president-ksgov.net\/#website\",\"url\":\"https:\/\/president-ksgov.net\/\",\"name\":\"Presidente e Republik\u00ebs s\u00eb Kosov\u00ebs\",\"description\":\"Presidente e Republik\u00ebs s\u00eb Kosov\u00ebs\",\"alternateName\":\"DR. VJOSA OSMANI - SADRIU\",\"potentialAction\":[{\"@type\":\"SearchAction\",\"target\":{\"@type\":\"EntryPoint\",\"urlTemplate\":\"https:\/\/president-ksgov.net\/?s={search_term_string}\"},\"query-input\":{\"@type\":\"PropertyValueSpecification\",\"valueRequired\":true,\"valueName\":\"search_term_string\"}}],\"inLanguage\":\"en-US\"},{\"@type\":\"Person\",\"@id\":\"https:\/\/president-ksgov.net\/#\/schema\/person\/bb4337a5fb147cb2046d80548172cbee\",\"name\":\"admin\",\"image\":{\"@type\":\"ImageObject\",\"inLanguage\":\"en-US\",\"@id\":\"https:\/\/president-ksgov.net\/#\/schema\/person\/image\/\",\"url\":\"https:\/\/secure.gravatar.com\/avatar\/36156ca0fa3b8d9d25174f146e16beea0cf28f37adf1b9e19b6c9c279a7c9dd3?s=96&d=mm&r=g\",\"contentUrl\":\"https:\/\/secure.gravatar.com\/avatar\/36156ca0fa3b8d9d25174f146e16beea0cf28f37adf1b9e19b6c9c279a7c9dd3?s=96&d=mm&r=g\",\"caption\":\"admin\"},\"sameAs\":[\"https:\/\/president-ksgov.net\"]}]}<\/script>\n<!-- \/ Yoast SEO plugin. -->","yoast_head_json":{"title":"President Tha\u00e7i and Prime Minister Hoti hold a coordinative meeting on dialogue and the fight against the pandemic - President of the Republic of Kosovo - DR. VJOSA OSMANI - SADRIU","description":"President Tha\u00e7i and Prime Minister Hoti hold a coordinative meeting on dialogue and the fight against the pandemic - President of the Republic of Kosovo - DR. VJOSA OSMANI - SADRIU -","robots":{"index":"index","follow":"follow","max-snippet":"max-snippet:-1","max-image-preview":"max-image-preview:large","max-video-preview":"max-video-preview:-1"},"canonical":"https:\/\/president-ksgov.net\/en\/president-thaci-and-prime-minister-hoti-hold-a-coordinative-meeting-on-dialogue-and-the-fight-against-the-pandemic\/","og_locale":"en_US","og_type":"article","og_title":"President Tha\u00e7i and Prime Minister Hoti hold a coordinative meeting on dialogue and the fight against the pandemic - President of the Republic of Kosovo - DR. VJOSA OSMANI - SADRIU","og_description":"President Tha\u00e7i and Prime Minister Hoti hold a coordinative meeting on dialogue and the fight against the pandemic - President of the Republic of Kosovo - DR. VJOSA OSMANI - SADRIU -","og_url":"https:\/\/president-ksgov.net\/en\/president-thaci-and-prime-minister-hoti-hold-a-coordinative-meeting-on-dialogue-and-the-fight-against-the-pandemic\/","og_site_name":"President of the Republic of Kosovo - DR. VJOSA OSMANI - SADRIU","article_published_time":"2020-07-24T12:40:38+00:00","article_modified_time":"2023-03-07T09:16:21+00:00","og_image":[{"width":2000,"height":1241,"url":"https:\/\/president-ksgov.net\/wp-content\/uploads\/24_07_2020_5813171_24_07_2020_1.jpg","type":"image\/jpeg"}],"author":"admin","twitter_card":"summary_large_image","twitter_misc":{"Written by":"admin","Est. reading time":"1 minute"},"schema":{"@context":"https:\/\/schema.org","@graph":[{"@type":"WebPage","@id":"https:\/\/president-ksgov.net\/en\/president-thaci-and-prime-minister-hoti-hold-a-coordinative-meeting-on-dialogue-and-the-fight-against-the-pandemic\/","url":"https:\/\/president-ksgov.net\/en\/president-thaci-and-prime-minister-hoti-hold-a-coordinative-meeting-on-dialogue-and-the-fight-against-the-pandemic\/","name":"President Tha\u00e7i and Prime Minister Hoti hold a coordinative meeting on dialogue and the fight against the pandemic - President of the Republic of Kosovo - DR. VJOSA OSMANI - SADRIU","isPartOf":{"@id":"https:\/\/president-ksgov.net\/#website"},"primaryImageOfPage":{"@id":"https:\/\/president-ksgov.net\/en\/president-thaci-and-prime-minister-hoti-hold-a-coordinative-meeting-on-dialogue-and-the-fight-against-the-pandemic\/#primaryimage"},"image":{"@id":"https:\/\/president-ksgov.net\/en\/president-thaci-and-prime-minister-hoti-hold-a-coordinative-meeting-on-dialogue-and-the-fight-against-the-pandemic\/#primaryimage"},"thumbnailUrl":"https:\/\/president-ksgov.net\/wp-content\/uploads\/24_07_2020_5813171_24_07_2020_1.jpg","datePublished":"2020-07-24T12:40:38+00:00","dateModified":"2023-03-07T09:16:21+00:00","author":{"@id":"https:\/\/president-ksgov.net\/#\/schema\/person\/bb4337a5fb147cb2046d80548172cbee"},"description":"President Tha\u00e7i and Prime Minister Hoti hold a coordinative meeting on dialogue and the fight against the pandemic - President of the Republic of Kosovo - DR. VJOSA OSMANI - SADRIU -","breadcrumb":{"@id":"https:\/\/president-ksgov.net\/en\/president-thaci-and-prime-minister-hoti-hold-a-coordinative-meeting-on-dialogue-and-the-fight-against-the-pandemic\/#breadcrumb"},"inLanguage":"en-US","potentialAction":[{"@type":"ReadAction","target":["https:\/\/president-ksgov.net\/en\/president-thaci-and-prime-minister-hoti-hold-a-coordinative-meeting-on-dialogue-and-the-fight-against-the-pandemic\/"]}]},{"@type":"ImageObject","inLanguage":"en-US","@id":"https:\/\/president-ksgov.net\/en\/president-thaci-and-prime-minister-hoti-hold-a-coordinative-meeting-on-dialogue-and-the-fight-against-the-pandemic\/#primaryimage","url":"https:\/\/president-ksgov.net\/wp-content\/uploads\/24_07_2020_5813171_24_07_2020_1.jpg","contentUrl":"https:\/\/president-ksgov.net\/wp-content\/uploads\/24_07_2020_5813171_24_07_2020_1.jpg","width":2000,"height":1241},{"@type":"BreadcrumbList","@id":"https:\/\/president-ksgov.net\/en\/president-thaci-and-prime-minister-hoti-hold-a-coordinative-meeting-on-dialogue-and-the-fight-against-the-pandemic\/#breadcrumb","itemListElement":[{"@type":"ListItem","position":1,"name":"Home","item":"https:\/\/president-ksgov.net\/en\/"},{"@type":"ListItem","position":2,"name":"President Tha\u00e7i and Prime Minister Hoti hold a coordinative meeting on dialogue and the fight against the pandemic"}]},{"@type":"WebSite","@id":"https:\/\/president-ksgov.net\/#website","url":"https:\/\/president-ksgov.net\/","name":"Presidente e Republik\u00ebs s\u00eb Kosov\u00ebs","description":"Presidente e Republik\u00ebs s\u00eb Kosov\u00ebs","alternateName":"DR. VJOSA OSMANI - SADRIU","potentialAction":[{"@type":"SearchAction","target":{"@type":"EntryPoint","urlTemplate":"https:\/\/president-ksgov.net\/?s={search_term_string}"},"query-input":{"@type":"PropertyValueSpecification","valueRequired":true,"valueName":"search_term_string"}}],"inLanguage":"en-US"},{"@type":"Person","@id":"https:\/\/president-ksgov.net\/#\/schema\/person\/bb4337a5fb147cb2046d80548172cbee","name":"admin","image":{"@type":"ImageObject","inLanguage":"en-US","@id":"https:\/\/president-ksgov.net\/#\/schema\/person\/image\/","url":"https:\/\/secure.gravatar.com\/avatar\/36156ca0fa3b8d9d25174f146e16beea0cf28f37adf1b9e19b6c9c279a7c9dd3?s=96&d=mm&r=g","contentUrl":"https:\/\/secure.gravatar.com\/avatar\/36156ca0fa3b8d9d25174f146e16beea0cf28f37adf1b9e19b6c9c279a7c9dd3?s=96&d=mm&r=g","caption":"admin"},"sameAs":["https:\/\/president-ksgov.net"]}]}},"_links":{"self":[{"href":"https:\/\/president-ksgov.net\/en\/wp-json\/wp\/v2\/posts\/67697","targetHints":{"allow":["GET"]}}],"collection":[{"href":"https:\/\/president-ksgov.net\/en\/wp-json\/wp\/v2\/posts"}],"about":[{"href":"https:\/\/president-ksgov.net\/en\/wp-json\/wp\/v2\/types\/post"}],"author":[{"embeddable":true,"href":"https:\/\/president-ksgov.net\/en\/wp-json\/wp\/v2\/users\/1"}],"replies":[{"embeddable":true,"href":"https:\/\/president-ksgov.net\/en\/wp-json\/wp\/v2\/comments?post=67697"}],"version-history":[{"count":0,"href":"https:\/\/president-ksgov.net\/en\/wp-json\/wp\/v2\/posts\/67697\/revisions"}],"wp:featuredmedia":[{"embeddable":true,"href":"https:\/\/president-ksgov.net\/en\/wp-json\/wp\/v2\/media\/22987"}],"wp:attachment":[{"href":"https:\/\/president-ksgov.net\/en\/wp-json\/wp\/v2\/media?parent=67697"}],"wp:term":[{"taxonomy":"category","embeddable":true,"href":"https:\/\/president-ksgov.net\/en\/wp-json\/wp\/v2\/categories?post=67697"},{"taxonomy":"post_tag","embeddable":true,"href":"https:\/\/president-ksgov.net\/en\/wp-json\/wp\/v2\/tags?post=67697"}],"curies":[{"name":"wp","href":"https:\/\/api.w.org\/{rel}","templated":true}]}}