{"id":67696,"date":"2020-07-27T10:24:01","date_gmt":"2020-07-27T10:24:01","guid":{"rendered":"https:\/\/dev.president-ksgov.net\/president-thaci-received-the-dialogue-coordinator-there-will-only-be-a-dialogue-on-mutual-interstate-recognition-in-brussels\/"},"modified":"2023-03-07T09:16:21","modified_gmt":"2023-03-07T09:16:21","slug":"president-thaci-received-the-dialogue-coordinator-there-will-only-be-a-dialogue-on-mutual-interstate-recognition-in-brussels","status":"publish","type":"post","link":"https:\/\/president-ksgov.net\/en\/president-thaci-received-the-dialogue-coordinator-there-will-only-be-a-dialogue-on-mutual-interstate-recognition-in-brussels\/","title":{"rendered":"President Tha\u00e7i received the Dialogue Coordinator: there will only be a dialogue on mutual interstate recognition in Brussels"},"content":{"rendered":"<p>Prishtina, July 27th  2020 &#8211; The President of the Republic of Kosovo Hashim Tha\u00e7i, received today the State Coordinator for the Dialogue between Kosovo and Serbia, Sk\u00ebnder Hyseni.<\/p>\n<p>President Tha\u00e7i once again congratulated him on his appointment to this position, expressing his confidence that with his experience and commitment Mr. Hyseni will coordinate this process in the best possible manner.<\/p>\n<p>&#8220;I welcomed your appointment as dialogue coordinator, because I strongly believe in your experience and your comprehensive and connective approach across the entire political spectrum of the country,&#8221; said President Tha\u00e7i.<\/p>\n<p>The head of state reiterated that only the final agreement that brings mutual interstate recognition should be discussed in Brussels.<\/p>\n<p>The President of the country Hashim Tha\u00e7i and the dialogue coordinator Sk\u00ebnder Hyseni, discussed about the support that this process requires by the deputies of the Assembly of Kosovo.<\/p>\n<p>President Tha\u00e7i and Coordinator Hyseni reiterated that establishment of political unity is crucial for the success of the dialogue process.<\/p>\n<p>\u00a0<\/p>\n","protected":false},"excerpt":{"rendered":"<p>Prishtina, July 27th  2020 &#8211; The President of the Republic of Kosovo Hashim Tha\u00e7i, received today the State Coordinator for the Dialogue between Kosovo and Serbia, Sk\u00ebnder Hyseni.<\/p>\n","protected":false},"author":1,"featured_media":22983,"comment_status":"open","ping_status":"closed","sticky":false,"template":"","format":"standard","meta":{"_eb_attr":"","footnotes":""},"categories":[111],"tags":[],"class_list":["post-67696","post","type-post","status-publish","format-standard","has-post-thumbnail","hentry","category-news"],"yoast_head":"<!-- This site is optimized with the Yoast SEO plugin v23.5 - https:\/\/yoast.com\/wordpress\/plugins\/seo\/ -->\n<title>President Tha\u00e7i received the Dialogue Coordinator: there will only be a dialogue on mutual interstate recognition in Brussels - President of the Republic of Kosovo - DR. VJOSA OSMANI - SADRIU<\/title>\n<meta name=\"description\" content=\"President Tha\u00e7i received the Dialogue Coordinator: there will only be a dialogue on mutual interstate recognition in Brussels - President of the Republic of Kosovo - DR. VJOSA OSMANI - SADRIU -\" \/>\n<meta name=\"robots\" content=\"index, follow, max-snippet:-1, max-image-preview:large, max-video-preview:-1\" \/>\n<link rel=\"canonical\" href=\"https:\/\/president-ksgov.net\/en\/president-thaci-received-the-dialogue-coordinator-there-will-only-be-a-dialogue-on-mutual-interstate-recognition-in-brussels\/\" \/>\n<meta property=\"og:locale\" content=\"en_US\" \/>\n<meta property=\"og:type\" content=\"article\" \/>\n<meta property=\"og:title\" content=\"President Tha\u00e7i received the Dialogue Coordinator: there will only be a dialogue on mutual interstate recognition in Brussels - President of the Republic of Kosovo - DR. VJOSA OSMANI - SADRIU\" \/>\n<meta property=\"og:description\" content=\"President Tha\u00e7i received the Dialogue Coordinator: there will only be a dialogue on mutual interstate recognition in Brussels - President of the Republic of Kosovo - DR. VJOSA OSMANI - SADRIU -\" \/>\n<meta property=\"og:url\" content=\"https:\/\/president-ksgov.net\/en\/president-thaci-received-the-dialogue-coordinator-there-will-only-be-a-dialogue-on-mutual-interstate-recognition-in-brussels\/\" \/>\n<meta property=\"og:site_name\" content=\"President of the Republic of Kosovo - DR. VJOSA OSMANI - SADRIU\" \/>\n<meta property=\"article:published_time\" content=\"2020-07-27T10:24:01+00:00\" \/>\n<meta property=\"article:modified_time\" content=\"2023-03-07T09:16:21+00:00\" \/>\n<meta property=\"og:image\" content=\"https:\/\/president-ksgov.net\/wp-content\/uploads\/27_07_2020_2309237_27_07_2020.jpg\" \/>\n\t<meta property=\"og:image:width\" content=\"2000\" \/>\n\t<meta property=\"og:image:height\" content=\"1178\" \/>\n\t<meta property=\"og:image:type\" content=\"image\/jpeg\" \/>\n<meta name=\"author\" content=\"admin\" \/>\n<meta name=\"twitter:card\" content=\"summary_large_image\" \/>\n<meta name=\"twitter:label1\" content=\"Written by\" \/>\n\t<meta name=\"twitter:data1\" content=\"admin\" \/>\n\t<meta name=\"twitter:label2\" content=\"Est. reading time\" \/>\n\t<meta name=\"twitter:data2\" content=\"1 minute\" \/>\n<script type=\"application\/ld+json\" class=\"yoast-schema-graph\">{\"@context\":\"https:\/\/schema.org\",\"@graph\":[{\"@type\":\"WebPage\",\"@id\":\"https:\/\/president-ksgov.net\/en\/president-thaci-received-the-dialogue-coordinator-there-will-only-be-a-dialogue-on-mutual-interstate-recognition-in-brussels\/\",\"url\":\"https:\/\/president-ksgov.net\/en\/president-thaci-received-the-dialogue-coordinator-there-will-only-be-a-dialogue-on-mutual-interstate-recognition-in-brussels\/\",\"name\":\"President Tha\u00e7i received the Dialogue Coordinator: there will only be a dialogue on mutual interstate recognition in Brussels - President of the Republic of Kosovo - DR. VJOSA OSMANI - SADRIU\",\"isPartOf\":{\"@id\":\"https:\/\/president-ksgov.net\/#website\"},\"primaryImageOfPage\":{\"@id\":\"https:\/\/president-ksgov.net\/en\/president-thaci-received-the-dialogue-coordinator-there-will-only-be-a-dialogue-on-mutual-interstate-recognition-in-brussels\/#primaryimage\"},\"image\":{\"@id\":\"https:\/\/president-ksgov.net\/en\/president-thaci-received-the-dialogue-coordinator-there-will-only-be-a-dialogue-on-mutual-interstate-recognition-in-brussels\/#primaryimage\"},\"thumbnailUrl\":\"https:\/\/president-ksgov.net\/wp-content\/uploads\/27_07_2020_2309237_27_07_2020.jpg\",\"datePublished\":\"2020-07-27T10:24:01+00:00\",\"dateModified\":\"2023-03-07T09:16:21+00:00\",\"author\":{\"@id\":\"https:\/\/president-ksgov.net\/#\/schema\/person\/bb4337a5fb147cb2046d80548172cbee\"},\"description\":\"President Tha\u00e7i received the Dialogue Coordinator: there will only be a dialogue on mutual interstate recognition in Brussels - President of the Republic of Kosovo - DR. VJOSA OSMANI - SADRIU -\",\"breadcrumb\":{\"@id\":\"https:\/\/president-ksgov.net\/en\/president-thaci-received-the-dialogue-coordinator-there-will-only-be-a-dialogue-on-mutual-interstate-recognition-in-brussels\/#breadcrumb\"},\"inLanguage\":\"en-US\",\"potentialAction\":[{\"@type\":\"ReadAction\",\"target\":[\"https:\/\/president-ksgov.net\/en\/president-thaci-received-the-dialogue-coordinator-there-will-only-be-a-dialogue-on-mutual-interstate-recognition-in-brussels\/\"]}]},{\"@type\":\"ImageObject\",\"inLanguage\":\"en-US\",\"@id\":\"https:\/\/president-ksgov.net\/en\/president-thaci-received-the-dialogue-coordinator-there-will-only-be-a-dialogue-on-mutual-interstate-recognition-in-brussels\/#primaryimage\",\"url\":\"https:\/\/president-ksgov.net\/wp-content\/uploads\/27_07_2020_2309237_27_07_2020.jpg\",\"contentUrl\":\"https:\/\/president-ksgov.net\/wp-content\/uploads\/27_07_2020_2309237_27_07_2020.jpg\",\"width\":2000,\"height\":1178},{\"@type\":\"BreadcrumbList\",\"@id\":\"https:\/\/president-ksgov.net\/en\/president-thaci-received-the-dialogue-coordinator-there-will-only-be-a-dialogue-on-mutual-interstate-recognition-in-brussels\/#breadcrumb\",\"itemListElement\":[{\"@type\":\"ListItem\",\"position\":1,\"name\":\"Home\",\"item\":\"https:\/\/president-ksgov.net\/en\/\"},{\"@type\":\"ListItem\",\"position\":2,\"name\":\"President Tha\u00e7i received the Dialogue Coordinator: there will only be a dialogue on mutual interstate recognition in Brussels\"}]},{\"@type\":\"WebSite\",\"@id\":\"https:\/\/president-ksgov.net\/#website\",\"url\":\"https:\/\/president-ksgov.net\/\",\"name\":\"Presidente e Republik\u00ebs s\u00eb Kosov\u00ebs\",\"description\":\"Presidente e Republik\u00ebs s\u00eb Kosov\u00ebs\",\"alternateName\":\"DR. VJOSA OSMANI - SADRIU\",\"potentialAction\":[{\"@type\":\"SearchAction\",\"target\":{\"@type\":\"EntryPoint\",\"urlTemplate\":\"https:\/\/president-ksgov.net\/?s={search_term_string}\"},\"query-input\":{\"@type\":\"PropertyValueSpecification\",\"valueRequired\":true,\"valueName\":\"search_term_string\"}}],\"inLanguage\":\"en-US\"},{\"@type\":\"Person\",\"@id\":\"https:\/\/president-ksgov.net\/#\/schema\/person\/bb4337a5fb147cb2046d80548172cbee\",\"name\":\"admin\",\"image\":{\"@type\":\"ImageObject\",\"inLanguage\":\"en-US\",\"@id\":\"https:\/\/president-ksgov.net\/#\/schema\/person\/image\/\",\"url\":\"https:\/\/secure.gravatar.com\/avatar\/36156ca0fa3b8d9d25174f146e16beea0cf28f37adf1b9e19b6c9c279a7c9dd3?s=96&d=mm&r=g\",\"contentUrl\":\"https:\/\/secure.gravatar.com\/avatar\/36156ca0fa3b8d9d25174f146e16beea0cf28f37adf1b9e19b6c9c279a7c9dd3?s=96&d=mm&r=g\",\"caption\":\"admin\"},\"sameAs\":[\"https:\/\/president-ksgov.net\"]}]}<\/script>\n<!-- \/ Yoast SEO plugin. -->","yoast_head_json":{"title":"President Tha\u00e7i received the Dialogue Coordinator: there will only be a dialogue on mutual interstate recognition in Brussels - President of the Republic of Kosovo - DR. VJOSA OSMANI - SADRIU","description":"President Tha\u00e7i received the Dialogue Coordinator: there will only be a dialogue on mutual interstate recognition in Brussels - President of the Republic of Kosovo - DR. VJOSA OSMANI - SADRIU -","robots":{"index":"index","follow":"follow","max-snippet":"max-snippet:-1","max-image-preview":"max-image-preview:large","max-video-preview":"max-video-preview:-1"},"canonical":"https:\/\/president-ksgov.net\/en\/president-thaci-received-the-dialogue-coordinator-there-will-only-be-a-dialogue-on-mutual-interstate-recognition-in-brussels\/","og_locale":"en_US","og_type":"article","og_title":"President Tha\u00e7i received the Dialogue Coordinator: there will only be a dialogue on mutual interstate recognition in Brussels - President of the Republic of Kosovo - DR. VJOSA OSMANI - SADRIU","og_description":"President Tha\u00e7i received the Dialogue Coordinator: there will only be a dialogue on mutual interstate recognition in Brussels - President of the Republic of Kosovo - DR. VJOSA OSMANI - SADRIU -","og_url":"https:\/\/president-ksgov.net\/en\/president-thaci-received-the-dialogue-coordinator-there-will-only-be-a-dialogue-on-mutual-interstate-recognition-in-brussels\/","og_site_name":"President of the Republic of Kosovo - DR. VJOSA OSMANI - SADRIU","article_published_time":"2020-07-27T10:24:01+00:00","article_modified_time":"2023-03-07T09:16:21+00:00","og_image":[{"width":2000,"height":1178,"url":"https:\/\/president-ksgov.net\/wp-content\/uploads\/27_07_2020_2309237_27_07_2020.jpg","type":"image\/jpeg"}],"author":"admin","twitter_card":"summary_large_image","twitter_misc":{"Written by":"admin","Est. reading time":"1 minute"},"schema":{"@context":"https:\/\/schema.org","@graph":[{"@type":"WebPage","@id":"https:\/\/president-ksgov.net\/en\/president-thaci-received-the-dialogue-coordinator-there-will-only-be-a-dialogue-on-mutual-interstate-recognition-in-brussels\/","url":"https:\/\/president-ksgov.net\/en\/president-thaci-received-the-dialogue-coordinator-there-will-only-be-a-dialogue-on-mutual-interstate-recognition-in-brussels\/","name":"President Tha\u00e7i received the Dialogue Coordinator: there will only be a dialogue on mutual interstate recognition in Brussels - President of the Republic of Kosovo - DR. VJOSA OSMANI - SADRIU","isPartOf":{"@id":"https:\/\/president-ksgov.net\/#website"},"primaryImageOfPage":{"@id":"https:\/\/president-ksgov.net\/en\/president-thaci-received-the-dialogue-coordinator-there-will-only-be-a-dialogue-on-mutual-interstate-recognition-in-brussels\/#primaryimage"},"image":{"@id":"https:\/\/president-ksgov.net\/en\/president-thaci-received-the-dialogue-coordinator-there-will-only-be-a-dialogue-on-mutual-interstate-recognition-in-brussels\/#primaryimage"},"thumbnailUrl":"https:\/\/president-ksgov.net\/wp-content\/uploads\/27_07_2020_2309237_27_07_2020.jpg","datePublished":"2020-07-27T10:24:01+00:00","dateModified":"2023-03-07T09:16:21+00:00","author":{"@id":"https:\/\/president-ksgov.net\/#\/schema\/person\/bb4337a5fb147cb2046d80548172cbee"},"description":"President Tha\u00e7i received the Dialogue Coordinator: there will only be a dialogue on mutual interstate recognition in Brussels - President of the Republic of Kosovo - DR. VJOSA OSMANI - SADRIU -","breadcrumb":{"@id":"https:\/\/president-ksgov.net\/en\/president-thaci-received-the-dialogue-coordinator-there-will-only-be-a-dialogue-on-mutual-interstate-recognition-in-brussels\/#breadcrumb"},"inLanguage":"en-US","potentialAction":[{"@type":"ReadAction","target":["https:\/\/president-ksgov.net\/en\/president-thaci-received-the-dialogue-coordinator-there-will-only-be-a-dialogue-on-mutual-interstate-recognition-in-brussels\/"]}]},{"@type":"ImageObject","inLanguage":"en-US","@id":"https:\/\/president-ksgov.net\/en\/president-thaci-received-the-dialogue-coordinator-there-will-only-be-a-dialogue-on-mutual-interstate-recognition-in-brussels\/#primaryimage","url":"https:\/\/president-ksgov.net\/wp-content\/uploads\/27_07_2020_2309237_27_07_2020.jpg","contentUrl":"https:\/\/president-ksgov.net\/wp-content\/uploads\/27_07_2020_2309237_27_07_2020.jpg","width":2000,"height":1178},{"@type":"BreadcrumbList","@id":"https:\/\/president-ksgov.net\/en\/president-thaci-received-the-dialogue-coordinator-there-will-only-be-a-dialogue-on-mutual-interstate-recognition-in-brussels\/#breadcrumb","itemListElement":[{"@type":"ListItem","position":1,"name":"Home","item":"https:\/\/president-ksgov.net\/en\/"},{"@type":"ListItem","position":2,"name":"President Tha\u00e7i received the Dialogue Coordinator: there will only be a dialogue on mutual interstate recognition in Brussels"}]},{"@type":"WebSite","@id":"https:\/\/president-ksgov.net\/#website","url":"https:\/\/president-ksgov.net\/","name":"Presidente e Republik\u00ebs s\u00eb Kosov\u00ebs","description":"Presidente e Republik\u00ebs s\u00eb Kosov\u00ebs","alternateName":"DR. VJOSA OSMANI - SADRIU","potentialAction":[{"@type":"SearchAction","target":{"@type":"EntryPoint","urlTemplate":"https:\/\/president-ksgov.net\/?s={search_term_string}"},"query-input":{"@type":"PropertyValueSpecification","valueRequired":true,"valueName":"search_term_string"}}],"inLanguage":"en-US"},{"@type":"Person","@id":"https:\/\/president-ksgov.net\/#\/schema\/person\/bb4337a5fb147cb2046d80548172cbee","name":"admin","image":{"@type":"ImageObject","inLanguage":"en-US","@id":"https:\/\/president-ksgov.net\/#\/schema\/person\/image\/","url":"https:\/\/secure.gravatar.com\/avatar\/36156ca0fa3b8d9d25174f146e16beea0cf28f37adf1b9e19b6c9c279a7c9dd3?s=96&d=mm&r=g","contentUrl":"https:\/\/secure.gravatar.com\/avatar\/36156ca0fa3b8d9d25174f146e16beea0cf28f37adf1b9e19b6c9c279a7c9dd3?s=96&d=mm&r=g","caption":"admin"},"sameAs":["https:\/\/president-ksgov.net"]}]}},"_links":{"self":[{"href":"https:\/\/president-ksgov.net\/en\/wp-json\/wp\/v2\/posts\/67696","targetHints":{"allow":["GET"]}}],"collection":[{"href":"https:\/\/president-ksgov.net\/en\/wp-json\/wp\/v2\/posts"}],"about":[{"href":"https:\/\/president-ksgov.net\/en\/wp-json\/wp\/v2\/types\/post"}],"author":[{"embeddable":true,"href":"https:\/\/president-ksgov.net\/en\/wp-json\/wp\/v2\/users\/1"}],"replies":[{"embeddable":true,"href":"https:\/\/president-ksgov.net\/en\/wp-json\/wp\/v2\/comments?post=67696"}],"version-history":[{"count":0,"href":"https:\/\/president-ksgov.net\/en\/wp-json\/wp\/v2\/posts\/67696\/revisions"}],"wp:featuredmedia":[{"embeddable":true,"href":"https:\/\/president-ksgov.net\/en\/wp-json\/wp\/v2\/media\/22983"}],"wp:attachment":[{"href":"https:\/\/president-ksgov.net\/en\/wp-json\/wp\/v2\/media?parent=67696"}],"wp:term":[{"taxonomy":"category","embeddable":true,"href":"https:\/\/president-ksgov.net\/en\/wp-json\/wp\/v2\/categories?post=67696"},{"taxonomy":"post_tag","embeddable":true,"href":"https:\/\/president-ksgov.net\/en\/wp-json\/wp\/v2\/tags?post=67696"}],"curies":[{"name":"wp","href":"https:\/\/api.w.org\/{rel}","templated":true}]}}