{"id":67684,"date":"2020-09-25T19:34:02","date_gmt":"2020-09-25T19:34:02","guid":{"rendered":"https:\/\/dev.president-ksgov.net\/the-president-kosovo-has-always-been-on-the-side-of-justice\/"},"modified":"2023-03-07T09:16:21","modified_gmt":"2023-03-07T09:16:21","slug":"the-president-kosovo-has-always-been-on-the-side-of-justice","status":"publish","type":"post","link":"https:\/\/president-ksgov.net\/en\/the-president-kosovo-has-always-been-on-the-side-of-justice\/","title":{"rendered":"The President: Kosovo has always been on the side of justice"},"content":{"rendered":"<p>Prishtina, September 25, 2020 \u2013 The President of the Republic of Kosovo, Hashim Tha\u00e7i, in a statement after the raids and arrests in the WVO &#8211; KLA, said that the citizens of Kosovo and the whole world expect that the Specialized Chambers respond properly, professionally and transparently to monstrous allegations, such as the insinuations about \u201corgan trafficking by the KLA\u201d or the \u201cYellow House\u201d, on whose behalf we were obliged to establish the Specialized Chambers.<\/p>\n<p>He stressed that Kosovo is an example of cooperation with international justice. <\/p>\n<p>The full statement of President Tha\u00e7i: <\/p>\n<p>The citizens of Kosovo and the world expect the Specialized Chambers to respond adequately, professionally and transparently to the monstrous allegations, such as allegations of \u201dhuman organ trafficking by the KLA\u201d, or the \u201cYellow house\u201d, in the name of which we were forced to establish Specialized Chambers .<\/p>\n<p>As the history shows us, the Kosovo Liberation Army was a voluntary movement, part of Kosovo\u2019s civil resistance and struggle for freedom and independence and was recognized as such by the international community.<\/p>\n<p>It was also an example of cooperation with the international justice. Starting with UNMIK justice, The Hague Tribunal for the former Yugoslavia, EULEX, the local justice and now the 5th level of Kosovo Post-War Justice \u2013 the Specialized Chambers. No interviewee or defendant escaped responsibility to answer to competent judicial authorities.<\/p>\n<p>I emphasize that the recent leak of the files from the Specialist Chambers has violated the legitimacy of the court in the eyes of the citizens of Kosovo, has damaged the image of the State of Kosovo and the rights of potential accused. The publication of the files was unacceptable.<\/p>\n<p>KLA veterans are the most sublime value of resistance for freedom and independence. No trap from anyone can position Kosovo on the opposite side of the justice.<\/p>\n<p>As the Articles which established the Specialist Chambers make it clear, the Chambers were created on the basis of mutual cooperation. The special judiciary is obligated to adhere and function within the Constitution of Kosovo and respect the rights of all. <\/p>\n<p>No potential defendant will escape justice. Assessing that there is no reason for expeditions \/ raid spectacles, the integrity and dignity of every citizen must be respected.<\/p>\n<p>The whole world knows that Kosovo is a victim. The KLA and the people of Kosovo have faced genocide and ethnic cleansing. Kosovo has always been and will remain on the side of truth, justice, cooperation and international law, committed to building a democratic state, rule of law and a multi-ethnic Kosovo, home to all its citizens.<\/p>\n<p>This is the will of the citizens and commitment of the institutions of the State of Kosovo.<\/p>\n","protected":false},"excerpt":{"rendered":"<p>Prishtina, September 25, 2020 \u2013 The President of the Republic of Kosovo, Hashim Tha\u00e7i, in a statement after the raids and arrests in the WVO &#8211; KLA, said that the citizens of Kosovo and the whole world expect that the Specialized Chambers respond properly, professionally and transparently to monstrous allegations, such as the insinuations about \u201corgan trafficking by the KLA\u201d or the \u201cYellow House\u201d, on whose behalf we were obliged to establish the Specialized Chambers.<\/p>\n","protected":false},"author":1,"featured_media":22857,"comment_status":"open","ping_status":"closed","sticky":false,"template":"","format":"standard","meta":{"_eb_attr":"","footnotes":""},"categories":[111],"tags":[],"class_list":["post-67684","post","type-post","status-publish","format-standard","has-post-thumbnail","hentry","category-news"],"yoast_head":"<!-- This site is optimized with the Yoast SEO plugin v23.5 - https:\/\/yoast.com\/wordpress\/plugins\/seo\/ -->\n<title>The President: Kosovo has always been on the side of justice - President of the Republic of Kosovo - DR. VJOSA OSMANI - SADRIU<\/title>\n<meta name=\"description\" content=\"The President: Kosovo has always been on the side of justice - President of the Republic of Kosovo - DR. VJOSA OSMANI - SADRIU -\" \/>\n<meta name=\"robots\" content=\"index, follow, max-snippet:-1, max-image-preview:large, max-video-preview:-1\" \/>\n<link rel=\"canonical\" href=\"https:\/\/president-ksgov.net\/en\/the-president-kosovo-has-always-been-on-the-side-of-justice\/\" \/>\n<meta property=\"og:locale\" content=\"en_US\" \/>\n<meta property=\"og:type\" content=\"article\" \/>\n<meta property=\"og:title\" content=\"The President: Kosovo has always been on the side of justice - President of the Republic of Kosovo - DR. VJOSA OSMANI - SADRIU\" \/>\n<meta property=\"og:description\" content=\"The President: Kosovo has always been on the side of justice - President of the Republic of Kosovo - DR. VJOSA OSMANI - SADRIU -\" \/>\n<meta property=\"og:url\" content=\"https:\/\/president-ksgov.net\/en\/the-president-kosovo-has-always-been-on-the-side-of-justice\/\" \/>\n<meta property=\"og:site_name\" content=\"President of the Republic of Kosovo - DR. VJOSA OSMANI - SADRIU\" \/>\n<meta property=\"article:published_time\" content=\"2020-09-25T19:34:02+00:00\" \/>\n<meta property=\"article:modified_time\" content=\"2023-03-07T09:16:21+00:00\" \/>\n<meta property=\"og:image\" content=\"https:\/\/president-ksgov.net\/wp-content\/uploads\/25_09_2020_324437_04_09_2020_5472766_18_07_2020_8795431_Presidenti_Thaci.jpg\" \/>\n\t<meta property=\"og:image:width\" content=\"2400\" \/>\n\t<meta property=\"og:image:height\" content=\"1600\" \/>\n\t<meta property=\"og:image:type\" content=\"image\/jpeg\" \/>\n<meta name=\"author\" content=\"admin\" \/>\n<meta name=\"twitter:card\" content=\"summary_large_image\" \/>\n<meta name=\"twitter:label1\" content=\"Written by\" \/>\n\t<meta name=\"twitter:data1\" content=\"admin\" \/>\n\t<meta name=\"twitter:label2\" content=\"Est. reading time\" \/>\n\t<meta name=\"twitter:data2\" content=\"2 minutes\" \/>\n<script type=\"application\/ld+json\" class=\"yoast-schema-graph\">{\"@context\":\"https:\/\/schema.org\",\"@graph\":[{\"@type\":\"WebPage\",\"@id\":\"https:\/\/president-ksgov.net\/en\/the-president-kosovo-has-always-been-on-the-side-of-justice\/\",\"url\":\"https:\/\/president-ksgov.net\/en\/the-president-kosovo-has-always-been-on-the-side-of-justice\/\",\"name\":\"The President: Kosovo has always been on the side of justice - President of the Republic of Kosovo - DR. VJOSA OSMANI - SADRIU\",\"isPartOf\":{\"@id\":\"https:\/\/president-ksgov.net\/#website\"},\"primaryImageOfPage\":{\"@id\":\"https:\/\/president-ksgov.net\/en\/the-president-kosovo-has-always-been-on-the-side-of-justice\/#primaryimage\"},\"image\":{\"@id\":\"https:\/\/president-ksgov.net\/en\/the-president-kosovo-has-always-been-on-the-side-of-justice\/#primaryimage\"},\"thumbnailUrl\":\"https:\/\/president-ksgov.net\/wp-content\/uploads\/25_09_2020_324437_04_09_2020_5472766_18_07_2020_8795431_Presidenti_Thaci.jpg\",\"datePublished\":\"2020-09-25T19:34:02+00:00\",\"dateModified\":\"2023-03-07T09:16:21+00:00\",\"author\":{\"@id\":\"https:\/\/president-ksgov.net\/#\/schema\/person\/bb4337a5fb147cb2046d80548172cbee\"},\"description\":\"The President: Kosovo has always been on the side of justice - President of the Republic of Kosovo - DR. VJOSA OSMANI - SADRIU -\",\"breadcrumb\":{\"@id\":\"https:\/\/president-ksgov.net\/en\/the-president-kosovo-has-always-been-on-the-side-of-justice\/#breadcrumb\"},\"inLanguage\":\"en-US\",\"potentialAction\":[{\"@type\":\"ReadAction\",\"target\":[\"https:\/\/president-ksgov.net\/en\/the-president-kosovo-has-always-been-on-the-side-of-justice\/\"]}]},{\"@type\":\"ImageObject\",\"inLanguage\":\"en-US\",\"@id\":\"https:\/\/president-ksgov.net\/en\/the-president-kosovo-has-always-been-on-the-side-of-justice\/#primaryimage\",\"url\":\"https:\/\/president-ksgov.net\/wp-content\/uploads\/25_09_2020_324437_04_09_2020_5472766_18_07_2020_8795431_Presidenti_Thaci.jpg\",\"contentUrl\":\"https:\/\/president-ksgov.net\/wp-content\/uploads\/25_09_2020_324437_04_09_2020_5472766_18_07_2020_8795431_Presidenti_Thaci.jpg\",\"width\":2400,\"height\":1600},{\"@type\":\"BreadcrumbList\",\"@id\":\"https:\/\/president-ksgov.net\/en\/the-president-kosovo-has-always-been-on-the-side-of-justice\/#breadcrumb\",\"itemListElement\":[{\"@type\":\"ListItem\",\"position\":1,\"name\":\"Home\",\"item\":\"https:\/\/president-ksgov.net\/en\/\"},{\"@type\":\"ListItem\",\"position\":2,\"name\":\"The President: Kosovo has always been on the side of justice\"}]},{\"@type\":\"WebSite\",\"@id\":\"https:\/\/president-ksgov.net\/#website\",\"url\":\"https:\/\/president-ksgov.net\/\",\"name\":\"Presidente e Republik\u00ebs s\u00eb Kosov\u00ebs\",\"description\":\"Presidente e Republik\u00ebs s\u00eb Kosov\u00ebs\",\"alternateName\":\"DR. VJOSA OSMANI - SADRIU\",\"potentialAction\":[{\"@type\":\"SearchAction\",\"target\":{\"@type\":\"EntryPoint\",\"urlTemplate\":\"https:\/\/president-ksgov.net\/?s={search_term_string}\"},\"query-input\":{\"@type\":\"PropertyValueSpecification\",\"valueRequired\":true,\"valueName\":\"search_term_string\"}}],\"inLanguage\":\"en-US\"},{\"@type\":\"Person\",\"@id\":\"https:\/\/president-ksgov.net\/#\/schema\/person\/bb4337a5fb147cb2046d80548172cbee\",\"name\":\"admin\",\"image\":{\"@type\":\"ImageObject\",\"inLanguage\":\"en-US\",\"@id\":\"https:\/\/president-ksgov.net\/#\/schema\/person\/image\/\",\"url\":\"https:\/\/secure.gravatar.com\/avatar\/36156ca0fa3b8d9d25174f146e16beea0cf28f37adf1b9e19b6c9c279a7c9dd3?s=96&d=mm&r=g\",\"contentUrl\":\"https:\/\/secure.gravatar.com\/avatar\/36156ca0fa3b8d9d25174f146e16beea0cf28f37adf1b9e19b6c9c279a7c9dd3?s=96&d=mm&r=g\",\"caption\":\"admin\"},\"sameAs\":[\"https:\/\/president-ksgov.net\"]}]}<\/script>\n<!-- \/ Yoast SEO plugin. -->","yoast_head_json":{"title":"The President: Kosovo has always been on the side of justice - President of the Republic of Kosovo - DR. VJOSA OSMANI - SADRIU","description":"The President: Kosovo has always been on the side of justice - President of the Republic of Kosovo - DR. VJOSA OSMANI - SADRIU -","robots":{"index":"index","follow":"follow","max-snippet":"max-snippet:-1","max-image-preview":"max-image-preview:large","max-video-preview":"max-video-preview:-1"},"canonical":"https:\/\/president-ksgov.net\/en\/the-president-kosovo-has-always-been-on-the-side-of-justice\/","og_locale":"en_US","og_type":"article","og_title":"The President: Kosovo has always been on the side of justice - President of the Republic of Kosovo - DR. VJOSA OSMANI - SADRIU","og_description":"The President: Kosovo has always been on the side of justice - President of the Republic of Kosovo - DR. VJOSA OSMANI - SADRIU -","og_url":"https:\/\/president-ksgov.net\/en\/the-president-kosovo-has-always-been-on-the-side-of-justice\/","og_site_name":"President of the Republic of Kosovo - DR. VJOSA OSMANI - SADRIU","article_published_time":"2020-09-25T19:34:02+00:00","article_modified_time":"2023-03-07T09:16:21+00:00","og_image":[{"width":2400,"height":1600,"url":"https:\/\/president-ksgov.net\/wp-content\/uploads\/25_09_2020_324437_04_09_2020_5472766_18_07_2020_8795431_Presidenti_Thaci.jpg","type":"image\/jpeg"}],"author":"admin","twitter_card":"summary_large_image","twitter_misc":{"Written by":"admin","Est. reading time":"2 minutes"},"schema":{"@context":"https:\/\/schema.org","@graph":[{"@type":"WebPage","@id":"https:\/\/president-ksgov.net\/en\/the-president-kosovo-has-always-been-on-the-side-of-justice\/","url":"https:\/\/president-ksgov.net\/en\/the-president-kosovo-has-always-been-on-the-side-of-justice\/","name":"The President: Kosovo has always been on the side of justice - President of the Republic of Kosovo - DR. VJOSA OSMANI - SADRIU","isPartOf":{"@id":"https:\/\/president-ksgov.net\/#website"},"primaryImageOfPage":{"@id":"https:\/\/president-ksgov.net\/en\/the-president-kosovo-has-always-been-on-the-side-of-justice\/#primaryimage"},"image":{"@id":"https:\/\/president-ksgov.net\/en\/the-president-kosovo-has-always-been-on-the-side-of-justice\/#primaryimage"},"thumbnailUrl":"https:\/\/president-ksgov.net\/wp-content\/uploads\/25_09_2020_324437_04_09_2020_5472766_18_07_2020_8795431_Presidenti_Thaci.jpg","datePublished":"2020-09-25T19:34:02+00:00","dateModified":"2023-03-07T09:16:21+00:00","author":{"@id":"https:\/\/president-ksgov.net\/#\/schema\/person\/bb4337a5fb147cb2046d80548172cbee"},"description":"The President: Kosovo has always been on the side of justice - President of the Republic of Kosovo - DR. VJOSA OSMANI - SADRIU -","breadcrumb":{"@id":"https:\/\/president-ksgov.net\/en\/the-president-kosovo-has-always-been-on-the-side-of-justice\/#breadcrumb"},"inLanguage":"en-US","potentialAction":[{"@type":"ReadAction","target":["https:\/\/president-ksgov.net\/en\/the-president-kosovo-has-always-been-on-the-side-of-justice\/"]}]},{"@type":"ImageObject","inLanguage":"en-US","@id":"https:\/\/president-ksgov.net\/en\/the-president-kosovo-has-always-been-on-the-side-of-justice\/#primaryimage","url":"https:\/\/president-ksgov.net\/wp-content\/uploads\/25_09_2020_324437_04_09_2020_5472766_18_07_2020_8795431_Presidenti_Thaci.jpg","contentUrl":"https:\/\/president-ksgov.net\/wp-content\/uploads\/25_09_2020_324437_04_09_2020_5472766_18_07_2020_8795431_Presidenti_Thaci.jpg","width":2400,"height":1600},{"@type":"BreadcrumbList","@id":"https:\/\/president-ksgov.net\/en\/the-president-kosovo-has-always-been-on-the-side-of-justice\/#breadcrumb","itemListElement":[{"@type":"ListItem","position":1,"name":"Home","item":"https:\/\/president-ksgov.net\/en\/"},{"@type":"ListItem","position":2,"name":"The President: Kosovo has always been on the side of justice"}]},{"@type":"WebSite","@id":"https:\/\/president-ksgov.net\/#website","url":"https:\/\/president-ksgov.net\/","name":"Presidente e Republik\u00ebs s\u00eb Kosov\u00ebs","description":"Presidente e Republik\u00ebs s\u00eb Kosov\u00ebs","alternateName":"DR. VJOSA OSMANI - SADRIU","potentialAction":[{"@type":"SearchAction","target":{"@type":"EntryPoint","urlTemplate":"https:\/\/president-ksgov.net\/?s={search_term_string}"},"query-input":{"@type":"PropertyValueSpecification","valueRequired":true,"valueName":"search_term_string"}}],"inLanguage":"en-US"},{"@type":"Person","@id":"https:\/\/president-ksgov.net\/#\/schema\/person\/bb4337a5fb147cb2046d80548172cbee","name":"admin","image":{"@type":"ImageObject","inLanguage":"en-US","@id":"https:\/\/president-ksgov.net\/#\/schema\/person\/image\/","url":"https:\/\/secure.gravatar.com\/avatar\/36156ca0fa3b8d9d25174f146e16beea0cf28f37adf1b9e19b6c9c279a7c9dd3?s=96&d=mm&r=g","contentUrl":"https:\/\/secure.gravatar.com\/avatar\/36156ca0fa3b8d9d25174f146e16beea0cf28f37adf1b9e19b6c9c279a7c9dd3?s=96&d=mm&r=g","caption":"admin"},"sameAs":["https:\/\/president-ksgov.net"]}]}},"_links":{"self":[{"href":"https:\/\/president-ksgov.net\/en\/wp-json\/wp\/v2\/posts\/67684","targetHints":{"allow":["GET"]}}],"collection":[{"href":"https:\/\/president-ksgov.net\/en\/wp-json\/wp\/v2\/posts"}],"about":[{"href":"https:\/\/president-ksgov.net\/en\/wp-json\/wp\/v2\/types\/post"}],"author":[{"embeddable":true,"href":"https:\/\/president-ksgov.net\/en\/wp-json\/wp\/v2\/users\/1"}],"replies":[{"embeddable":true,"href":"https:\/\/president-ksgov.net\/en\/wp-json\/wp\/v2\/comments?post=67684"}],"version-history":[{"count":0,"href":"https:\/\/president-ksgov.net\/en\/wp-json\/wp\/v2\/posts\/67684\/revisions"}],"wp:featuredmedia":[{"embeddable":true,"href":"https:\/\/president-ksgov.net\/en\/wp-json\/wp\/v2\/media\/22857"}],"wp:attachment":[{"href":"https:\/\/president-ksgov.net\/en\/wp-json\/wp\/v2\/media?parent=67684"}],"wp:term":[{"taxonomy":"category","embeddable":true,"href":"https:\/\/president-ksgov.net\/en\/wp-json\/wp\/v2\/categories?post=67684"},{"taxonomy":"post_tag","embeddable":true,"href":"https:\/\/president-ksgov.net\/en\/wp-json\/wp\/v2\/tags?post=67684"}],"curies":[{"name":"wp","href":"https:\/\/api.w.org\/{rel}","templated":true}]}}