{"id":67645,"date":"2020-11-23T18:57:33","date_gmt":"2020-11-23T18:57:33","guid":{"rendered":"https:\/\/dev.president-ksgov.net\/the-address-of-acting-president-dr-vjosa-osmani-at-the-international-conference-held-on-the-occasion-of-the-70th-anniversary-of-the-european-convention-on-human-rights-2\/"},"modified":"2023-03-07T09:15:42","modified_gmt":"2023-03-07T09:15:42","slug":"the-address-of-acting-president-dr-vjosa-osmani-at-the-international-conference-held-on-the-occasion-of-the-70th-anniversary-of-the-european-convention-on-human-rights-2","status":"publish","type":"post","link":"https:\/\/president-ksgov.net\/en\/the-address-of-acting-president-dr-vjosa-osmani-at-the-international-conference-held-on-the-occasion-of-the-70th-anniversary-of-the-european-convention-on-human-rights-2\/","title":{"rendered":"The address of Acting President, Dr. Vjosa Osmani at the International Conference held on the occasion of the 70th anniversary of the European Convention on Human Rights"},"content":{"rendered":"<p>On the occasion of the 70th anniversary of the European Convention on Human Rights and at the same time, the commencement of the German Presidency of the Committee of Ministers of the Council of Europe, Acting President Dr. Vjosa Osmani participated today at the virtual international conference held on the occasion of the 70th anniversary of the European Convention on Human Rights.\u00a0<\/p>\n<p>Although it remains undisputed that this Convention presents the most important and successful document to date for the protection of human rights in Europe, it is unfortunate that Kosovo is not yet allowed to join the Council of Europe, which would result in the access to the court of Strasbourg for the citizens of Kosovo. Such a thing constitutes a violation of human rights through the denial of the right to access to justice for the citizens of Kosovo.\u00a0\u00a0<\/p>\n<p>The full address of Acting President Vjosa Osmani in English.\u00a0<\/p>\n","protected":false},"excerpt":{"rendered":"<p>On the occasion of the 70th anniversary of the European Convention on Human Rights and at the same time, the commencement of the German Presidency of the Committee of Ministers of the Council of Europe, Acting President Dr. Vjosa Osmani participated today at the virtual international conference held on the occasion of the 70th anniversary of the European Convention on Human Rights.\u00a0 Although it remains undisputed that this Convention presents the most important and successful document to date for the protection of human rights in Europe, it is unfortunate that Kosovo is not yet allowed to join the Council of Europe, which would result in the access to the court of Strasbourg for the citizens of Kosovo. Such a thing constitutes a violation of human rights through the denial of the right to access to justice for the citizens of Kosovo.\u00a0\u00a0 The full address of Acting President Vjosa Osmani in English.\u00a0<\/p>\n","protected":false},"author":1,"featured_media":86338,"comment_status":"open","ping_status":"closed","sticky":false,"template":"","format":"standard","meta":{"_eb_attr":"","footnotes":""},"categories":[15],"tags":[],"class_list":["post-67645","post","type-post","status-publish","format-standard","has-post-thumbnail","hentry","category-uncategorized-sq"],"yoast_head":"<!-- This site is optimized with the Yoast SEO plugin v23.5 - https:\/\/yoast.com\/wordpress\/plugins\/seo\/ -->\n<title>The address of Acting President, Dr. Vjosa Osmani at the International Conference held on the occasion of the 70th anniversary of the European Convention on Human Rights - President of the Republic of Kosovo - DR. VJOSA OSMANI - SADRIU<\/title>\n<meta name=\"description\" content=\"The address of Acting President, Dr. Vjosa Osmani at the International Conference held on the occasion of the 70th anniversary of the European Convention on Human Rights - President of the Republic of Kosovo - DR. VJOSA OSMANI - SADRIU -\" \/>\n<meta name=\"robots\" content=\"index, follow, max-snippet:-1, max-image-preview:large, max-video-preview:-1\" \/>\n<link rel=\"canonical\" href=\"https:\/\/president-ksgov.net\/en\/the-address-of-acting-president-dr-vjosa-osmani-at-the-international-conference-held-on-the-occasion-of-the-70th-anniversary-of-the-european-convention-on-human-rights-2\/\" \/>\n<meta property=\"og:locale\" content=\"en_US\" \/>\n<meta property=\"og:type\" content=\"article\" \/>\n<meta property=\"og:title\" content=\"The address of Acting President, Dr. Vjosa Osmani at the International Conference held on the occasion of the 70th anniversary of the European Convention on Human Rights - President of the Republic of Kosovo - DR. VJOSA OSMANI - SADRIU\" \/>\n<meta property=\"og:description\" content=\"The address of Acting President, Dr. Vjosa Osmani at the International Conference held on the occasion of the 70th anniversary of the European Convention on Human Rights - President of the Republic of Kosovo - DR. VJOSA OSMANI - SADRIU -\" \/>\n<meta property=\"og:url\" content=\"https:\/\/president-ksgov.net\/en\/the-address-of-acting-president-dr-vjosa-osmani-at-the-international-conference-held-on-the-occasion-of-the-70th-anniversary-of-the-european-convention-on-human-rights-2\/\" \/>\n<meta property=\"og:site_name\" content=\"President of the Republic of Kosovo - DR. VJOSA OSMANI - SADRIU\" \/>\n<meta property=\"article:published_time\" content=\"2020-11-23T18:57:33+00:00\" \/>\n<meta property=\"article:modified_time\" content=\"2023-03-07T09:15:42+00:00\" \/>\n<meta property=\"og:image\" content=\"https:\/\/president-ksgov.net\/wp-content\/uploads\/Zyra-e-Presidentes-Featured-Image1-e1678970937938.png\" \/>\n\t<meta property=\"og:image:width\" content=\"1024\" \/>\n\t<meta property=\"og:image:height\" content=\"716\" \/>\n\t<meta property=\"og:image:type\" content=\"image\/png\" \/>\n<meta name=\"author\" content=\"admin\" \/>\n<meta name=\"twitter:card\" content=\"summary_large_image\" \/>\n<meta name=\"twitter:label1\" content=\"Written by\" \/>\n\t<meta name=\"twitter:data1\" content=\"admin\" \/>\n\t<meta name=\"twitter:label2\" content=\"Est. reading time\" \/>\n\t<meta name=\"twitter:data2\" content=\"1 minute\" \/>\n<script type=\"application\/ld+json\" class=\"yoast-schema-graph\">{\"@context\":\"https:\/\/schema.org\",\"@graph\":[{\"@type\":\"WebPage\",\"@id\":\"https:\/\/president-ksgov.net\/en\/the-address-of-acting-president-dr-vjosa-osmani-at-the-international-conference-held-on-the-occasion-of-the-70th-anniversary-of-the-european-convention-on-human-rights-2\/\",\"url\":\"https:\/\/president-ksgov.net\/en\/the-address-of-acting-president-dr-vjosa-osmani-at-the-international-conference-held-on-the-occasion-of-the-70th-anniversary-of-the-european-convention-on-human-rights-2\/\",\"name\":\"The address of Acting President, Dr. Vjosa Osmani at the International Conference held on the occasion of the 70th anniversary of the European Convention on Human Rights - President of the Republic of Kosovo - DR. VJOSA OSMANI - SADRIU\",\"isPartOf\":{\"@id\":\"https:\/\/president-ksgov.net\/#website\"},\"primaryImageOfPage\":{\"@id\":\"https:\/\/president-ksgov.net\/en\/the-address-of-acting-president-dr-vjosa-osmani-at-the-international-conference-held-on-the-occasion-of-the-70th-anniversary-of-the-european-convention-on-human-rights-2\/#primaryimage\"},\"image\":{\"@id\":\"https:\/\/president-ksgov.net\/en\/the-address-of-acting-president-dr-vjosa-osmani-at-the-international-conference-held-on-the-occasion-of-the-70th-anniversary-of-the-european-convention-on-human-rights-2\/#primaryimage\"},\"thumbnailUrl\":\"https:\/\/president-ksgov.net\/wp-content\/uploads\/Zyra-e-Presidentes-Featured-Image1-e1678970937938.png\",\"datePublished\":\"2020-11-23T18:57:33+00:00\",\"dateModified\":\"2023-03-07T09:15:42+00:00\",\"author\":{\"@id\":\"https:\/\/president-ksgov.net\/#\/schema\/person\/bb4337a5fb147cb2046d80548172cbee\"},\"description\":\"The address of Acting President, Dr. Vjosa Osmani at the International Conference held on the occasion of the 70th anniversary of the European Convention on Human Rights - President of the Republic of Kosovo - DR. VJOSA OSMANI - SADRIU -\",\"breadcrumb\":{\"@id\":\"https:\/\/president-ksgov.net\/en\/the-address-of-acting-president-dr-vjosa-osmani-at-the-international-conference-held-on-the-occasion-of-the-70th-anniversary-of-the-european-convention-on-human-rights-2\/#breadcrumb\"},\"inLanguage\":\"en-US\",\"potentialAction\":[{\"@type\":\"ReadAction\",\"target\":[\"https:\/\/president-ksgov.net\/en\/the-address-of-acting-president-dr-vjosa-osmani-at-the-international-conference-held-on-the-occasion-of-the-70th-anniversary-of-the-european-convention-on-human-rights-2\/\"]}]},{\"@type\":\"ImageObject\",\"inLanguage\":\"en-US\",\"@id\":\"https:\/\/president-ksgov.net\/en\/the-address-of-acting-president-dr-vjosa-osmani-at-the-international-conference-held-on-the-occasion-of-the-70th-anniversary-of-the-european-convention-on-human-rights-2\/#primaryimage\",\"url\":\"https:\/\/president-ksgov.net\/wp-content\/uploads\/Zyra-e-Presidentes-Featured-Image1-e1678970937938.png\",\"contentUrl\":\"https:\/\/president-ksgov.net\/wp-content\/uploads\/Zyra-e-Presidentes-Featured-Image1-e1678970937938.png\",\"width\":1024,\"height\":716},{\"@type\":\"BreadcrumbList\",\"@id\":\"https:\/\/president-ksgov.net\/en\/the-address-of-acting-president-dr-vjosa-osmani-at-the-international-conference-held-on-the-occasion-of-the-70th-anniversary-of-the-european-convention-on-human-rights-2\/#breadcrumb\",\"itemListElement\":[{\"@type\":\"ListItem\",\"position\":1,\"name\":\"Home\",\"item\":\"https:\/\/president-ksgov.net\/en\/\"},{\"@type\":\"ListItem\",\"position\":2,\"name\":\"The address of Acting President, Dr. Vjosa Osmani at the International Conference held on the occasion of the 70th anniversary of the European Convention on Human Rights\"}]},{\"@type\":\"WebSite\",\"@id\":\"https:\/\/president-ksgov.net\/#website\",\"url\":\"https:\/\/president-ksgov.net\/\",\"name\":\"Presidente e Republik\u00ebs s\u00eb Kosov\u00ebs\",\"description\":\"Presidente e Republik\u00ebs s\u00eb Kosov\u00ebs\",\"alternateName\":\"DR. VJOSA OSMANI - SADRIU\",\"potentialAction\":[{\"@type\":\"SearchAction\",\"target\":{\"@type\":\"EntryPoint\",\"urlTemplate\":\"https:\/\/president-ksgov.net\/?s={search_term_string}\"},\"query-input\":{\"@type\":\"PropertyValueSpecification\",\"valueRequired\":true,\"valueName\":\"search_term_string\"}}],\"inLanguage\":\"en-US\"},{\"@type\":\"Person\",\"@id\":\"https:\/\/president-ksgov.net\/#\/schema\/person\/bb4337a5fb147cb2046d80548172cbee\",\"name\":\"admin\",\"image\":{\"@type\":\"ImageObject\",\"inLanguage\":\"en-US\",\"@id\":\"https:\/\/president-ksgov.net\/#\/schema\/person\/image\/\",\"url\":\"https:\/\/secure.gravatar.com\/avatar\/36156ca0fa3b8d9d25174f146e16beea0cf28f37adf1b9e19b6c9c279a7c9dd3?s=96&d=mm&r=g\",\"contentUrl\":\"https:\/\/secure.gravatar.com\/avatar\/36156ca0fa3b8d9d25174f146e16beea0cf28f37adf1b9e19b6c9c279a7c9dd3?s=96&d=mm&r=g\",\"caption\":\"admin\"},\"sameAs\":[\"https:\/\/president-ksgov.net\"]}]}<\/script>\n<!-- \/ Yoast SEO plugin. -->","yoast_head_json":{"title":"The address of Acting President, Dr. Vjosa Osmani at the International Conference held on the occasion of the 70th anniversary of the European Convention on Human Rights - President of the Republic of Kosovo - DR. VJOSA OSMANI - SADRIU","description":"The address of Acting President, Dr. Vjosa Osmani at the International Conference held on the occasion of the 70th anniversary of the European Convention on Human Rights - President of the Republic of Kosovo - DR. VJOSA OSMANI - SADRIU -","robots":{"index":"index","follow":"follow","max-snippet":"max-snippet:-1","max-image-preview":"max-image-preview:large","max-video-preview":"max-video-preview:-1"},"canonical":"https:\/\/president-ksgov.net\/en\/the-address-of-acting-president-dr-vjosa-osmani-at-the-international-conference-held-on-the-occasion-of-the-70th-anniversary-of-the-european-convention-on-human-rights-2\/","og_locale":"en_US","og_type":"article","og_title":"The address of Acting President, Dr. Vjosa Osmani at the International Conference held on the occasion of the 70th anniversary of the European Convention on Human Rights - President of the Republic of Kosovo - DR. VJOSA OSMANI - SADRIU","og_description":"The address of Acting President, Dr. Vjosa Osmani at the International Conference held on the occasion of the 70th anniversary of the European Convention on Human Rights - President of the Republic of Kosovo - DR. VJOSA OSMANI - SADRIU -","og_url":"https:\/\/president-ksgov.net\/en\/the-address-of-acting-president-dr-vjosa-osmani-at-the-international-conference-held-on-the-occasion-of-the-70th-anniversary-of-the-european-convention-on-human-rights-2\/","og_site_name":"President of the Republic of Kosovo - DR. VJOSA OSMANI - SADRIU","article_published_time":"2020-11-23T18:57:33+00:00","article_modified_time":"2023-03-07T09:15:42+00:00","og_image":[{"width":1024,"height":716,"url":"https:\/\/president-ksgov.net\/wp-content\/uploads\/Zyra-e-Presidentes-Featured-Image1-e1678970937938.png","type":"image\/png"}],"author":"admin","twitter_card":"summary_large_image","twitter_misc":{"Written by":"admin","Est. reading time":"1 minute"},"schema":{"@context":"https:\/\/schema.org","@graph":[{"@type":"WebPage","@id":"https:\/\/president-ksgov.net\/en\/the-address-of-acting-president-dr-vjosa-osmani-at-the-international-conference-held-on-the-occasion-of-the-70th-anniversary-of-the-european-convention-on-human-rights-2\/","url":"https:\/\/president-ksgov.net\/en\/the-address-of-acting-president-dr-vjosa-osmani-at-the-international-conference-held-on-the-occasion-of-the-70th-anniversary-of-the-european-convention-on-human-rights-2\/","name":"The address of Acting President, Dr. Vjosa Osmani at the International Conference held on the occasion of the 70th anniversary of the European Convention on Human Rights - President of the Republic of Kosovo - DR. VJOSA OSMANI - SADRIU","isPartOf":{"@id":"https:\/\/president-ksgov.net\/#website"},"primaryImageOfPage":{"@id":"https:\/\/president-ksgov.net\/en\/the-address-of-acting-president-dr-vjosa-osmani-at-the-international-conference-held-on-the-occasion-of-the-70th-anniversary-of-the-european-convention-on-human-rights-2\/#primaryimage"},"image":{"@id":"https:\/\/president-ksgov.net\/en\/the-address-of-acting-president-dr-vjosa-osmani-at-the-international-conference-held-on-the-occasion-of-the-70th-anniversary-of-the-european-convention-on-human-rights-2\/#primaryimage"},"thumbnailUrl":"https:\/\/president-ksgov.net\/wp-content\/uploads\/Zyra-e-Presidentes-Featured-Image1-e1678970937938.png","datePublished":"2020-11-23T18:57:33+00:00","dateModified":"2023-03-07T09:15:42+00:00","author":{"@id":"https:\/\/president-ksgov.net\/#\/schema\/person\/bb4337a5fb147cb2046d80548172cbee"},"description":"The address of Acting President, Dr. Vjosa Osmani at the International Conference held on the occasion of the 70th anniversary of the European Convention on Human Rights - President of the Republic of Kosovo - DR. VJOSA OSMANI - SADRIU -","breadcrumb":{"@id":"https:\/\/president-ksgov.net\/en\/the-address-of-acting-president-dr-vjosa-osmani-at-the-international-conference-held-on-the-occasion-of-the-70th-anniversary-of-the-european-convention-on-human-rights-2\/#breadcrumb"},"inLanguage":"en-US","potentialAction":[{"@type":"ReadAction","target":["https:\/\/president-ksgov.net\/en\/the-address-of-acting-president-dr-vjosa-osmani-at-the-international-conference-held-on-the-occasion-of-the-70th-anniversary-of-the-european-convention-on-human-rights-2\/"]}]},{"@type":"ImageObject","inLanguage":"en-US","@id":"https:\/\/president-ksgov.net\/en\/the-address-of-acting-president-dr-vjosa-osmani-at-the-international-conference-held-on-the-occasion-of-the-70th-anniversary-of-the-european-convention-on-human-rights-2\/#primaryimage","url":"https:\/\/president-ksgov.net\/wp-content\/uploads\/Zyra-e-Presidentes-Featured-Image1-e1678970937938.png","contentUrl":"https:\/\/president-ksgov.net\/wp-content\/uploads\/Zyra-e-Presidentes-Featured-Image1-e1678970937938.png","width":1024,"height":716},{"@type":"BreadcrumbList","@id":"https:\/\/president-ksgov.net\/en\/the-address-of-acting-president-dr-vjosa-osmani-at-the-international-conference-held-on-the-occasion-of-the-70th-anniversary-of-the-european-convention-on-human-rights-2\/#breadcrumb","itemListElement":[{"@type":"ListItem","position":1,"name":"Home","item":"https:\/\/president-ksgov.net\/en\/"},{"@type":"ListItem","position":2,"name":"The address of Acting President, Dr. Vjosa Osmani at the International Conference held on the occasion of the 70th anniversary of the European Convention on Human Rights"}]},{"@type":"WebSite","@id":"https:\/\/president-ksgov.net\/#website","url":"https:\/\/president-ksgov.net\/","name":"Presidente e Republik\u00ebs s\u00eb Kosov\u00ebs","description":"Presidente e Republik\u00ebs s\u00eb Kosov\u00ebs","alternateName":"DR. VJOSA OSMANI - SADRIU","potentialAction":[{"@type":"SearchAction","target":{"@type":"EntryPoint","urlTemplate":"https:\/\/president-ksgov.net\/?s={search_term_string}"},"query-input":{"@type":"PropertyValueSpecification","valueRequired":true,"valueName":"search_term_string"}}],"inLanguage":"en-US"},{"@type":"Person","@id":"https:\/\/president-ksgov.net\/#\/schema\/person\/bb4337a5fb147cb2046d80548172cbee","name":"admin","image":{"@type":"ImageObject","inLanguage":"en-US","@id":"https:\/\/president-ksgov.net\/#\/schema\/person\/image\/","url":"https:\/\/secure.gravatar.com\/avatar\/36156ca0fa3b8d9d25174f146e16beea0cf28f37adf1b9e19b6c9c279a7c9dd3?s=96&d=mm&r=g","contentUrl":"https:\/\/secure.gravatar.com\/avatar\/36156ca0fa3b8d9d25174f146e16beea0cf28f37adf1b9e19b6c9c279a7c9dd3?s=96&d=mm&r=g","caption":"admin"},"sameAs":["https:\/\/president-ksgov.net"]}]}},"_links":{"self":[{"href":"https:\/\/president-ksgov.net\/en\/wp-json\/wp\/v2\/posts\/67645","targetHints":{"allow":["GET"]}}],"collection":[{"href":"https:\/\/president-ksgov.net\/en\/wp-json\/wp\/v2\/posts"}],"about":[{"href":"https:\/\/president-ksgov.net\/en\/wp-json\/wp\/v2\/types\/post"}],"author":[{"embeddable":true,"href":"https:\/\/president-ksgov.net\/en\/wp-json\/wp\/v2\/users\/1"}],"replies":[{"embeddable":true,"href":"https:\/\/president-ksgov.net\/en\/wp-json\/wp\/v2\/comments?post=67645"}],"version-history":[{"count":0,"href":"https:\/\/president-ksgov.net\/en\/wp-json\/wp\/v2\/posts\/67645\/revisions"}],"wp:featuredmedia":[{"embeddable":true,"href":"https:\/\/president-ksgov.net\/en\/wp-json\/wp\/v2\/media\/86338"}],"wp:attachment":[{"href":"https:\/\/president-ksgov.net\/en\/wp-json\/wp\/v2\/media?parent=67645"}],"wp:term":[{"taxonomy":"category","embeddable":true,"href":"https:\/\/president-ksgov.net\/en\/wp-json\/wp\/v2\/categories?post=67645"},{"taxonomy":"post_tag","embeddable":true,"href":"https:\/\/president-ksgov.net\/en\/wp-json\/wp\/v2\/tags?post=67645"}],"curies":[{"name":"wp","href":"https:\/\/api.w.org\/{rel}","templated":true}]}}