{"id":67558,"date":"2021-03-18T15:54:00","date_gmt":"2021-03-18T15:54:00","guid":{"rendered":"https:\/\/dev.president-ksgov.net\/acting-president-vjosa-osmani-received-the-first-deputy-prime-minister-of-north-macedonia-mr-artan-grubi\/"},"modified":"2023-03-07T09:12:47","modified_gmt":"2023-03-07T09:12:47","slug":"acting-president-vjosa-osmani-received-the-first-deputy-prime-minister-of-north-macedonia-mr-artan-grubi","status":"publish","type":"post","link":"https:\/\/president-ksgov.net\/en\/acting-president-vjosa-osmani-received-the-first-deputy-prime-minister-of-north-macedonia-mr-artan-grubi\/","title":{"rendered":"Acting President Vjosa Osmani received the First Deputy Prime Minister of North Macedonia, Mr. Artan Grubi"},"content":{"rendered":"<p>Acting President Vjosa Osmani received today the First Deputy Prime Minister of North Macedonia, Mr. Artan Grubi.<\/p>\n<p>Both interlocutors praised the good neighborly relations and expressed their commitment to further advance them.<\/p>\n<p>Mr. Grubi congratulated President Osmani on the success in the elections of February 14.<\/p>\n<p>He informed Mrs. Osmani about the progress of the census process in North Macedonia and stressed the importance of greater involvement of the Albanian Diaspora.<\/p>\n<p>In this context, Mrs. Osmani has supported this process by asking the Diaspora to respond massively to the census in North Macedonia. According to her, beyond the statistical aspect, this census will be substantial in advancing the civil rights of the Albanians.<\/p>\n<p>At the meeting there was also discussed about the challenges in managing the Covid-19 pandemic and the efforts of both countries to provide anti-Covid vaccines.<\/p>\n<p>It was mentioned that between the two countries there are 19 draft agreements so far, which can be reviewed with the creation of the new institutions in Kosovo.\u00a0<\/p>\n","protected":false},"excerpt":{"rendered":"<p>Acting President Vjosa Osmani received today the First Deputy Prime Minister of North Macedonia, Mr. Artan Grubi.<\/p>\n","protected":false},"author":1,"featured_media":21900,"comment_status":"open","ping_status":"closed","sticky":false,"template":"","format":"standard","meta":{"_eb_attr":"","footnotes":""},"categories":[111],"tags":[],"class_list":["post-67558","post","type-post","status-publish","format-standard","has-post-thumbnail","hentry","category-news"],"yoast_head":"<!-- This site is optimized with the Yoast SEO plugin v23.5 - https:\/\/yoast.com\/wordpress\/plugins\/seo\/ -->\n<title>Acting President Vjosa Osmani received the First Deputy Prime Minister of North Macedonia, Mr. Artan Grubi - President of the Republic of Kosovo - DR. VJOSA OSMANI - SADRIU<\/title>\n<meta name=\"description\" content=\"Acting President Vjosa Osmani received the First Deputy Prime Minister of North Macedonia, Mr. Artan Grubi - President of the Republic of Kosovo - DR. VJOSA OSMANI - SADRIU -\" \/>\n<meta name=\"robots\" content=\"index, follow, max-snippet:-1, max-image-preview:large, max-video-preview:-1\" \/>\n<link rel=\"canonical\" href=\"https:\/\/president-ksgov.net\/u-d-presidentja-vjosa-osmani-priti-ne-takim-zevendeskryeministrin-e-pare-te-maqedonise-se-veriut-z-artan-grubi\/\" \/>\n<meta property=\"og:locale\" content=\"en_US\" \/>\n<meta property=\"og:type\" content=\"article\" \/>\n<meta property=\"og:title\" content=\"Acting President Vjosa Osmani received the First Deputy Prime Minister of North Macedonia, Mr. Artan Grubi - President of the Republic of Kosovo - DR. VJOSA OSMANI - SADRIU\" \/>\n<meta property=\"og:description\" content=\"Acting President Vjosa Osmani received the First Deputy Prime Minister of North Macedonia, Mr. Artan Grubi - President of the Republic of Kosovo - DR. VJOSA OSMANI - SADRIU -\" \/>\n<meta property=\"og:url\" content=\"https:\/\/president-ksgov.net\/u-d-presidentja-vjosa-osmani-priti-ne-takim-zevendeskryeministrin-e-pare-te-maqedonise-se-veriut-z-artan-grubi\/\" \/>\n<meta property=\"og:site_name\" content=\"President of the Republic of Kosovo - DR. VJOSA OSMANI - SADRIU\" \/>\n<meta property=\"article:published_time\" content=\"2021-03-18T15:54:00+00:00\" \/>\n<meta property=\"article:modified_time\" content=\"2023-03-07T09:12:47+00:00\" \/>\n<meta property=\"og:image\" content=\"https:\/\/president-ksgov.net\/wp-content\/uploads\/18_03_2021_5104889_DSC_0646.jpg\" \/>\n\t<meta property=\"og:image:width\" content=\"2000\" \/>\n\t<meta property=\"og:image:height\" content=\"1333\" \/>\n\t<meta property=\"og:image:type\" content=\"image\/jpeg\" \/>\n<meta name=\"author\" content=\"admin\" \/>\n<meta name=\"twitter:card\" content=\"summary_large_image\" \/>\n<meta name=\"twitter:label1\" content=\"Written by\" \/>\n\t<meta name=\"twitter:data1\" content=\"admin\" \/>\n\t<meta name=\"twitter:label2\" content=\"Est. reading time\" \/>\n\t<meta name=\"twitter:data2\" content=\"1 minute\" \/>\n<script type=\"application\/ld+json\" class=\"yoast-schema-graph\">{\"@context\":\"https:\/\/schema.org\",\"@graph\":[{\"@type\":\"WebPage\",\"@id\":\"https:\/\/president-ksgov.net\/u-d-presidentja-vjosa-osmani-priti-ne-takim-zevendeskryeministrin-e-pare-te-maqedonise-se-veriut-z-artan-grubi\/\",\"url\":\"https:\/\/president-ksgov.net\/u-d-presidentja-vjosa-osmani-priti-ne-takim-zevendeskryeministrin-e-pare-te-maqedonise-se-veriut-z-artan-grubi\/\",\"name\":\"Acting President Vjosa Osmani received the First Deputy Prime Minister of North Macedonia, Mr. Artan Grubi - President of the Republic of Kosovo - DR. VJOSA OSMANI - SADRIU\",\"isPartOf\":{\"@id\":\"https:\/\/president-ksgov.net\/#website\"},\"primaryImageOfPage\":{\"@id\":\"https:\/\/president-ksgov.net\/u-d-presidentja-vjosa-osmani-priti-ne-takim-zevendeskryeministrin-e-pare-te-maqedonise-se-veriut-z-artan-grubi\/#primaryimage\"},\"image\":{\"@id\":\"https:\/\/president-ksgov.net\/u-d-presidentja-vjosa-osmani-priti-ne-takim-zevendeskryeministrin-e-pare-te-maqedonise-se-veriut-z-artan-grubi\/#primaryimage\"},\"thumbnailUrl\":\"https:\/\/president-ksgov.net\/wp-content\/uploads\/18_03_2021_5104889_DSC_0646.jpg\",\"datePublished\":\"2021-03-18T15:54:00+00:00\",\"dateModified\":\"2023-03-07T09:12:47+00:00\",\"author\":{\"@id\":\"https:\/\/president-ksgov.net\/#\/schema\/person\/bb4337a5fb147cb2046d80548172cbee\"},\"description\":\"Acting President Vjosa Osmani received the First Deputy Prime Minister of North Macedonia, Mr. Artan Grubi - President of the Republic of Kosovo - DR. VJOSA OSMANI - SADRIU -\",\"breadcrumb\":{\"@id\":\"https:\/\/president-ksgov.net\/u-d-presidentja-vjosa-osmani-priti-ne-takim-zevendeskryeministrin-e-pare-te-maqedonise-se-veriut-z-artan-grubi\/#breadcrumb\"},\"inLanguage\":\"en-US\",\"potentialAction\":[{\"@type\":\"ReadAction\",\"target\":[\"https:\/\/president-ksgov.net\/u-d-presidentja-vjosa-osmani-priti-ne-takim-zevendeskryeministrin-e-pare-te-maqedonise-se-veriut-z-artan-grubi\/\"]}]},{\"@type\":\"ImageObject\",\"inLanguage\":\"en-US\",\"@id\":\"https:\/\/president-ksgov.net\/u-d-presidentja-vjosa-osmani-priti-ne-takim-zevendeskryeministrin-e-pare-te-maqedonise-se-veriut-z-artan-grubi\/#primaryimage\",\"url\":\"https:\/\/president-ksgov.net\/wp-content\/uploads\/18_03_2021_5104889_DSC_0646.jpg\",\"contentUrl\":\"https:\/\/president-ksgov.net\/wp-content\/uploads\/18_03_2021_5104889_DSC_0646.jpg\",\"width\":2000,\"height\":1333},{\"@type\":\"BreadcrumbList\",\"@id\":\"https:\/\/president-ksgov.net\/u-d-presidentja-vjosa-osmani-priti-ne-takim-zevendeskryeministrin-e-pare-te-maqedonise-se-veriut-z-artan-grubi\/#breadcrumb\",\"itemListElement\":[{\"@type\":\"ListItem\",\"position\":1,\"name\":\"Home\",\"item\":\"https:\/\/president-ksgov.net\/en\/\"},{\"@type\":\"ListItem\",\"position\":2,\"name\":\"Acting President Vjosa Osmani received the First Deputy Prime Minister of North Macedonia, Mr. Artan Grubi\"}]},{\"@type\":\"WebSite\",\"@id\":\"https:\/\/president-ksgov.net\/#website\",\"url\":\"https:\/\/president-ksgov.net\/\",\"name\":\"Presidente e Republik\u00ebs s\u00eb Kosov\u00ebs\",\"description\":\"Presidente e Republik\u00ebs s\u00eb Kosov\u00ebs\",\"alternateName\":\"DR. VJOSA OSMANI - SADRIU\",\"potentialAction\":[{\"@type\":\"SearchAction\",\"target\":{\"@type\":\"EntryPoint\",\"urlTemplate\":\"https:\/\/president-ksgov.net\/?s={search_term_string}\"},\"query-input\":{\"@type\":\"PropertyValueSpecification\",\"valueRequired\":true,\"valueName\":\"search_term_string\"}}],\"inLanguage\":\"en-US\"},{\"@type\":\"Person\",\"@id\":\"https:\/\/president-ksgov.net\/#\/schema\/person\/bb4337a5fb147cb2046d80548172cbee\",\"name\":\"admin\",\"image\":{\"@type\":\"ImageObject\",\"inLanguage\":\"en-US\",\"@id\":\"https:\/\/president-ksgov.net\/#\/schema\/person\/image\/\",\"url\":\"https:\/\/secure.gravatar.com\/avatar\/36156ca0fa3b8d9d25174f146e16beea0cf28f37adf1b9e19b6c9c279a7c9dd3?s=96&d=mm&r=g\",\"contentUrl\":\"https:\/\/secure.gravatar.com\/avatar\/36156ca0fa3b8d9d25174f146e16beea0cf28f37adf1b9e19b6c9c279a7c9dd3?s=96&d=mm&r=g\",\"caption\":\"admin\"},\"sameAs\":[\"https:\/\/president-ksgov.net\"]}]}<\/script>\n<!-- \/ Yoast SEO plugin. -->","yoast_head_json":{"title":"Acting President Vjosa Osmani received the First Deputy Prime Minister of North Macedonia, Mr. Artan Grubi - President of the Republic of Kosovo - DR. VJOSA OSMANI - SADRIU","description":"Acting President Vjosa Osmani received the First Deputy Prime Minister of North Macedonia, Mr. Artan Grubi - President of the Republic of Kosovo - DR. VJOSA OSMANI - SADRIU -","robots":{"index":"index","follow":"follow","max-snippet":"max-snippet:-1","max-image-preview":"max-image-preview:large","max-video-preview":"max-video-preview:-1"},"canonical":"https:\/\/president-ksgov.net\/u-d-presidentja-vjosa-osmani-priti-ne-takim-zevendeskryeministrin-e-pare-te-maqedonise-se-veriut-z-artan-grubi\/","og_locale":"en_US","og_type":"article","og_title":"Acting President Vjosa Osmani received the First Deputy Prime Minister of North Macedonia, Mr. Artan Grubi - President of the Republic of Kosovo - DR. VJOSA OSMANI - SADRIU","og_description":"Acting President Vjosa Osmani received the First Deputy Prime Minister of North Macedonia, Mr. Artan Grubi - President of the Republic of Kosovo - DR. VJOSA OSMANI - SADRIU -","og_url":"https:\/\/president-ksgov.net\/u-d-presidentja-vjosa-osmani-priti-ne-takim-zevendeskryeministrin-e-pare-te-maqedonise-se-veriut-z-artan-grubi\/","og_site_name":"President of the Republic of Kosovo - DR. VJOSA OSMANI - SADRIU","article_published_time":"2021-03-18T15:54:00+00:00","article_modified_time":"2023-03-07T09:12:47+00:00","og_image":[{"width":2000,"height":1333,"url":"https:\/\/president-ksgov.net\/wp-content\/uploads\/18_03_2021_5104889_DSC_0646.jpg","type":"image\/jpeg"}],"author":"admin","twitter_card":"summary_large_image","twitter_misc":{"Written by":"admin","Est. reading time":"1 minute"},"schema":{"@context":"https:\/\/schema.org","@graph":[{"@type":"WebPage","@id":"https:\/\/president-ksgov.net\/u-d-presidentja-vjosa-osmani-priti-ne-takim-zevendeskryeministrin-e-pare-te-maqedonise-se-veriut-z-artan-grubi\/","url":"https:\/\/president-ksgov.net\/u-d-presidentja-vjosa-osmani-priti-ne-takim-zevendeskryeministrin-e-pare-te-maqedonise-se-veriut-z-artan-grubi\/","name":"Acting President Vjosa Osmani received the First Deputy Prime Minister of North Macedonia, Mr. Artan Grubi - President of the Republic of Kosovo - DR. VJOSA OSMANI - SADRIU","isPartOf":{"@id":"https:\/\/president-ksgov.net\/#website"},"primaryImageOfPage":{"@id":"https:\/\/president-ksgov.net\/u-d-presidentja-vjosa-osmani-priti-ne-takim-zevendeskryeministrin-e-pare-te-maqedonise-se-veriut-z-artan-grubi\/#primaryimage"},"image":{"@id":"https:\/\/president-ksgov.net\/u-d-presidentja-vjosa-osmani-priti-ne-takim-zevendeskryeministrin-e-pare-te-maqedonise-se-veriut-z-artan-grubi\/#primaryimage"},"thumbnailUrl":"https:\/\/president-ksgov.net\/wp-content\/uploads\/18_03_2021_5104889_DSC_0646.jpg","datePublished":"2021-03-18T15:54:00+00:00","dateModified":"2023-03-07T09:12:47+00:00","author":{"@id":"https:\/\/president-ksgov.net\/#\/schema\/person\/bb4337a5fb147cb2046d80548172cbee"},"description":"Acting President Vjosa Osmani received the First Deputy Prime Minister of North Macedonia, Mr. Artan Grubi - President of the Republic of Kosovo - DR. VJOSA OSMANI - SADRIU -","breadcrumb":{"@id":"https:\/\/president-ksgov.net\/u-d-presidentja-vjosa-osmani-priti-ne-takim-zevendeskryeministrin-e-pare-te-maqedonise-se-veriut-z-artan-grubi\/#breadcrumb"},"inLanguage":"en-US","potentialAction":[{"@type":"ReadAction","target":["https:\/\/president-ksgov.net\/u-d-presidentja-vjosa-osmani-priti-ne-takim-zevendeskryeministrin-e-pare-te-maqedonise-se-veriut-z-artan-grubi\/"]}]},{"@type":"ImageObject","inLanguage":"en-US","@id":"https:\/\/president-ksgov.net\/u-d-presidentja-vjosa-osmani-priti-ne-takim-zevendeskryeministrin-e-pare-te-maqedonise-se-veriut-z-artan-grubi\/#primaryimage","url":"https:\/\/president-ksgov.net\/wp-content\/uploads\/18_03_2021_5104889_DSC_0646.jpg","contentUrl":"https:\/\/president-ksgov.net\/wp-content\/uploads\/18_03_2021_5104889_DSC_0646.jpg","width":2000,"height":1333},{"@type":"BreadcrumbList","@id":"https:\/\/president-ksgov.net\/u-d-presidentja-vjosa-osmani-priti-ne-takim-zevendeskryeministrin-e-pare-te-maqedonise-se-veriut-z-artan-grubi\/#breadcrumb","itemListElement":[{"@type":"ListItem","position":1,"name":"Home","item":"https:\/\/president-ksgov.net\/en\/"},{"@type":"ListItem","position":2,"name":"Acting President Vjosa Osmani received the First Deputy Prime Minister of North Macedonia, Mr. Artan Grubi"}]},{"@type":"WebSite","@id":"https:\/\/president-ksgov.net\/#website","url":"https:\/\/president-ksgov.net\/","name":"Presidente e Republik\u00ebs s\u00eb Kosov\u00ebs","description":"Presidente e Republik\u00ebs s\u00eb Kosov\u00ebs","alternateName":"DR. VJOSA OSMANI - SADRIU","potentialAction":[{"@type":"SearchAction","target":{"@type":"EntryPoint","urlTemplate":"https:\/\/president-ksgov.net\/?s={search_term_string}"},"query-input":{"@type":"PropertyValueSpecification","valueRequired":true,"valueName":"search_term_string"}}],"inLanguage":"en-US"},{"@type":"Person","@id":"https:\/\/president-ksgov.net\/#\/schema\/person\/bb4337a5fb147cb2046d80548172cbee","name":"admin","image":{"@type":"ImageObject","inLanguage":"en-US","@id":"https:\/\/president-ksgov.net\/#\/schema\/person\/image\/","url":"https:\/\/secure.gravatar.com\/avatar\/36156ca0fa3b8d9d25174f146e16beea0cf28f37adf1b9e19b6c9c279a7c9dd3?s=96&d=mm&r=g","contentUrl":"https:\/\/secure.gravatar.com\/avatar\/36156ca0fa3b8d9d25174f146e16beea0cf28f37adf1b9e19b6c9c279a7c9dd3?s=96&d=mm&r=g","caption":"admin"},"sameAs":["https:\/\/president-ksgov.net"]}]}},"_links":{"self":[{"href":"https:\/\/president-ksgov.net\/en\/wp-json\/wp\/v2\/posts\/67558","targetHints":{"allow":["GET"]}}],"collection":[{"href":"https:\/\/president-ksgov.net\/en\/wp-json\/wp\/v2\/posts"}],"about":[{"href":"https:\/\/president-ksgov.net\/en\/wp-json\/wp\/v2\/types\/post"}],"author":[{"embeddable":true,"href":"https:\/\/president-ksgov.net\/en\/wp-json\/wp\/v2\/users\/1"}],"replies":[{"embeddable":true,"href":"https:\/\/president-ksgov.net\/en\/wp-json\/wp\/v2\/comments?post=67558"}],"version-history":[{"count":0,"href":"https:\/\/president-ksgov.net\/en\/wp-json\/wp\/v2\/posts\/67558\/revisions"}],"wp:featuredmedia":[{"embeddable":true,"href":"https:\/\/president-ksgov.net\/en\/wp-json\/wp\/v2\/media\/21900"}],"wp:attachment":[{"href":"https:\/\/president-ksgov.net\/en\/wp-json\/wp\/v2\/media?parent=67558"}],"wp:term":[{"taxonomy":"category","embeddable":true,"href":"https:\/\/president-ksgov.net\/en\/wp-json\/wp\/v2\/categories?post=67558"},{"taxonomy":"post_tag","embeddable":true,"href":"https:\/\/president-ksgov.net\/en\/wp-json\/wp\/v2\/tags?post=67558"}],"curies":[{"name":"wp","href":"https:\/\/api.w.org\/{rel}","templated":true}]}}