{"id":67551,"date":"2021-03-24T11:08:48","date_gmt":"2021-03-24T11:08:48","guid":{"rendered":"https:\/\/dev.president-ksgov.net\/acting-president-glauk-konjufca-received-in-a-meeting-the-kfor-commander-major-general-franco-federici\/"},"modified":"2023-03-07T09:12:47","modified_gmt":"2023-03-07T09:12:47","slug":"acting-president-glauk-konjufca-received-in-a-meeting-the-kfor-commander-major-general-franco-federici","status":"publish","type":"post","link":"https:\/\/president-ksgov.net\/en\/acting-president-glauk-konjufca-received-in-a-meeting-the-kfor-commander-major-general-franco-federici\/","title":{"rendered":"Acting President, Glauk Konjufca received in a meeting the KFOR Commander, Major General Franco Federici"},"content":{"rendered":"<p>Acting President Glauk Konjufca, received today in a meeting the KFOR Commander, Major General Franco Federici.<\/p>\n<p>He congratulated Acting President Konjufca for the success in the elections, offering the continuation of further cooperation to ensure a peaceful environment for all citizens of Kosovo.<\/p>\n<p>Whereas Mr. Konjufca mentioned March 24, 1999, when the intervention of the NATO forces saved the Kosovo Albanians from extermination by the genocidal regime of Serbia.<\/p>\n<p>On the 22nd anniversary of the bombing of Serbian army and police targets in Kosovo, Acting President Konjufca thanked Commander Federici for the contribution of the Italian state, of the NATO forces, but also those of KFOR, which helped for the freedom of Kosovo and are helping further in terms of security.<\/p>\n<p>\u201cIn June 1999, the return of 1 million Albanians expelled by the Serbian regime took place. We have been reborn\u201d, stressed Mr. Konjufca, referring to the contribution of the North Atlantic Alliance for the freedom of Kosovo.<\/p>\n<p>After the meeting, Acting President Konjufca paid tribute and laid a wreath at the monument of the memorial plaque of the KFOR soldiers, who fell during their service in Kosovo.\u00a0<\/p>\n","protected":false},"excerpt":{"rendered":"<p>Acting President Glauk Konjufca, received today in a meeting the KFOR Commander, Major General Franco Federici.<\/p>\n","protected":false},"author":1,"featured_media":21851,"comment_status":"open","ping_status":"closed","sticky":false,"template":"","format":"standard","meta":{"_eb_attr":"","footnotes":""},"categories":[111],"tags":[],"class_list":["post-67551","post","type-post","status-publish","format-standard","has-post-thumbnail","hentry","category-news"],"yoast_head":"<!-- This site is optimized with the Yoast SEO plugin v23.5 - https:\/\/yoast.com\/wordpress\/plugins\/seo\/ -->\n<title>Acting President, Glauk Konjufca received in a meeting the KFOR Commander, Major General Franco Federici - President of the Republic of Kosovo - DR. VJOSA OSMANI - SADRIU<\/title>\n<meta name=\"description\" content=\"Acting President, Glauk Konjufca received in a meeting the KFOR Commander, Major General Franco Federici - President of the Republic of Kosovo - DR. VJOSA OSMANI - SADRIU -\" \/>\n<meta name=\"robots\" content=\"index, follow, max-snippet:-1, max-image-preview:large, max-video-preview:-1\" \/>\n<link rel=\"canonical\" href=\"https:\/\/president-ksgov.net\/en\/acting-president-glauk-konjufca-received-in-a-meeting-the-kfor-commander-major-general-franco-federici\/\" \/>\n<meta property=\"og:locale\" content=\"en_US\" \/>\n<meta property=\"og:type\" content=\"article\" \/>\n<meta property=\"og:title\" content=\"Acting President, Glauk Konjufca received in a meeting the KFOR Commander, Major General Franco Federici - President of the Republic of Kosovo - DR. VJOSA OSMANI - SADRIU\" \/>\n<meta property=\"og:description\" content=\"Acting President, Glauk Konjufca received in a meeting the KFOR Commander, Major General Franco Federici - President of the Republic of Kosovo - DR. VJOSA OSMANI - SADRIU -\" \/>\n<meta property=\"og:url\" content=\"https:\/\/president-ksgov.net\/en\/acting-president-glauk-konjufca-received-in-a-meeting-the-kfor-commander-major-general-franco-federici\/\" \/>\n<meta property=\"og:site_name\" content=\"President of the Republic of Kosovo - DR. VJOSA OSMANI - SADRIU\" \/>\n<meta property=\"article:published_time\" content=\"2021-03-24T11:08:48+00:00\" \/>\n<meta property=\"article:modified_time\" content=\"2023-03-07T09:12:47+00:00\" \/>\n<meta property=\"og:image\" content=\"https:\/\/president-ksgov.net\/wp-content\/uploads\/24_03_2021_384419_u_d__Presidenti__Glauk_Konjufca_priti_ne_takim_komandantin_e_KFOR_it__gjeneralmajor_Franco_Federici_8.jpg\" \/>\n\t<meta property=\"og:image:width\" content=\"1200\" \/>\n\t<meta property=\"og:image:height\" content=\"602\" \/>\n\t<meta property=\"og:image:type\" content=\"image\/jpeg\" \/>\n<meta name=\"author\" content=\"admin\" \/>\n<meta name=\"twitter:card\" content=\"summary_large_image\" \/>\n<meta name=\"twitter:label1\" content=\"Written by\" \/>\n\t<meta name=\"twitter:data1\" content=\"admin\" \/>\n\t<meta name=\"twitter:label2\" content=\"Est. reading time\" \/>\n\t<meta name=\"twitter:data2\" content=\"1 minute\" \/>\n<script type=\"application\/ld+json\" class=\"yoast-schema-graph\">{\"@context\":\"https:\/\/schema.org\",\"@graph\":[{\"@type\":\"WebPage\",\"@id\":\"https:\/\/president-ksgov.net\/en\/acting-president-glauk-konjufca-received-in-a-meeting-the-kfor-commander-major-general-franco-federici\/\",\"url\":\"https:\/\/president-ksgov.net\/en\/acting-president-glauk-konjufca-received-in-a-meeting-the-kfor-commander-major-general-franco-federici\/\",\"name\":\"Acting President, Glauk Konjufca received in a meeting the KFOR Commander, Major General Franco Federici - President of the Republic of Kosovo - DR. VJOSA OSMANI - SADRIU\",\"isPartOf\":{\"@id\":\"https:\/\/president-ksgov.net\/#website\"},\"primaryImageOfPage\":{\"@id\":\"https:\/\/president-ksgov.net\/en\/acting-president-glauk-konjufca-received-in-a-meeting-the-kfor-commander-major-general-franco-federici\/#primaryimage\"},\"image\":{\"@id\":\"https:\/\/president-ksgov.net\/en\/acting-president-glauk-konjufca-received-in-a-meeting-the-kfor-commander-major-general-franco-federici\/#primaryimage\"},\"thumbnailUrl\":\"https:\/\/president-ksgov.net\/wp-content\/uploads\/24_03_2021_384419_u_d__Presidenti__Glauk_Konjufca_priti_ne_takim_komandantin_e_KFOR_it__gjeneralmajor_Franco_Federici_8.jpg\",\"datePublished\":\"2021-03-24T11:08:48+00:00\",\"dateModified\":\"2023-03-07T09:12:47+00:00\",\"author\":{\"@id\":\"https:\/\/president-ksgov.net\/#\/schema\/person\/bb4337a5fb147cb2046d80548172cbee\"},\"description\":\"Acting President, Glauk Konjufca received in a meeting the KFOR Commander, Major General Franco Federici - President of the Republic of Kosovo - DR. VJOSA OSMANI - SADRIU -\",\"breadcrumb\":{\"@id\":\"https:\/\/president-ksgov.net\/en\/acting-president-glauk-konjufca-received-in-a-meeting-the-kfor-commander-major-general-franco-federici\/#breadcrumb\"},\"inLanguage\":\"en-US\",\"potentialAction\":[{\"@type\":\"ReadAction\",\"target\":[\"https:\/\/president-ksgov.net\/en\/acting-president-glauk-konjufca-received-in-a-meeting-the-kfor-commander-major-general-franco-federici\/\"]}]},{\"@type\":\"ImageObject\",\"inLanguage\":\"en-US\",\"@id\":\"https:\/\/president-ksgov.net\/en\/acting-president-glauk-konjufca-received-in-a-meeting-the-kfor-commander-major-general-franco-federici\/#primaryimage\",\"url\":\"https:\/\/president-ksgov.net\/wp-content\/uploads\/24_03_2021_384419_u_d__Presidenti__Glauk_Konjufca_priti_ne_takim_komandantin_e_KFOR_it__gjeneralmajor_Franco_Federici_8.jpg\",\"contentUrl\":\"https:\/\/president-ksgov.net\/wp-content\/uploads\/24_03_2021_384419_u_d__Presidenti__Glauk_Konjufca_priti_ne_takim_komandantin_e_KFOR_it__gjeneralmajor_Franco_Federici_8.jpg\",\"width\":1200,\"height\":602},{\"@type\":\"BreadcrumbList\",\"@id\":\"https:\/\/president-ksgov.net\/en\/acting-president-glauk-konjufca-received-in-a-meeting-the-kfor-commander-major-general-franco-federici\/#breadcrumb\",\"itemListElement\":[{\"@type\":\"ListItem\",\"position\":1,\"name\":\"Home\",\"item\":\"https:\/\/president-ksgov.net\/en\/\"},{\"@type\":\"ListItem\",\"position\":2,\"name\":\"Acting President, Glauk Konjufca received in a meeting the KFOR Commander, Major General Franco Federici\"}]},{\"@type\":\"WebSite\",\"@id\":\"https:\/\/president-ksgov.net\/#website\",\"url\":\"https:\/\/president-ksgov.net\/\",\"name\":\"Presidente e Republik\u00ebs s\u00eb Kosov\u00ebs\",\"description\":\"Presidente e Republik\u00ebs s\u00eb Kosov\u00ebs\",\"alternateName\":\"DR. VJOSA OSMANI - SADRIU\",\"potentialAction\":[{\"@type\":\"SearchAction\",\"target\":{\"@type\":\"EntryPoint\",\"urlTemplate\":\"https:\/\/president-ksgov.net\/?s={search_term_string}\"},\"query-input\":{\"@type\":\"PropertyValueSpecification\",\"valueRequired\":true,\"valueName\":\"search_term_string\"}}],\"inLanguage\":\"en-US\"},{\"@type\":\"Person\",\"@id\":\"https:\/\/president-ksgov.net\/#\/schema\/person\/bb4337a5fb147cb2046d80548172cbee\",\"name\":\"admin\",\"image\":{\"@type\":\"ImageObject\",\"inLanguage\":\"en-US\",\"@id\":\"https:\/\/president-ksgov.net\/#\/schema\/person\/image\/\",\"url\":\"https:\/\/secure.gravatar.com\/avatar\/36156ca0fa3b8d9d25174f146e16beea0cf28f37adf1b9e19b6c9c279a7c9dd3?s=96&d=mm&r=g\",\"contentUrl\":\"https:\/\/secure.gravatar.com\/avatar\/36156ca0fa3b8d9d25174f146e16beea0cf28f37adf1b9e19b6c9c279a7c9dd3?s=96&d=mm&r=g\",\"caption\":\"admin\"},\"sameAs\":[\"https:\/\/president-ksgov.net\"]}]}<\/script>\n<!-- \/ Yoast SEO plugin. -->","yoast_head_json":{"title":"Acting President, Glauk Konjufca received in a meeting the KFOR Commander, Major General Franco Federici - President of the Republic of Kosovo - DR. VJOSA OSMANI - SADRIU","description":"Acting President, Glauk Konjufca received in a meeting the KFOR Commander, Major General Franco Federici - President of the Republic of Kosovo - DR. VJOSA OSMANI - SADRIU -","robots":{"index":"index","follow":"follow","max-snippet":"max-snippet:-1","max-image-preview":"max-image-preview:large","max-video-preview":"max-video-preview:-1"},"canonical":"https:\/\/president-ksgov.net\/en\/acting-president-glauk-konjufca-received-in-a-meeting-the-kfor-commander-major-general-franco-federici\/","og_locale":"en_US","og_type":"article","og_title":"Acting President, Glauk Konjufca received in a meeting the KFOR Commander, Major General Franco Federici - President of the Republic of Kosovo - DR. VJOSA OSMANI - SADRIU","og_description":"Acting President, Glauk Konjufca received in a meeting the KFOR Commander, Major General Franco Federici - President of the Republic of Kosovo - DR. VJOSA OSMANI - SADRIU -","og_url":"https:\/\/president-ksgov.net\/en\/acting-president-glauk-konjufca-received-in-a-meeting-the-kfor-commander-major-general-franco-federici\/","og_site_name":"President of the Republic of Kosovo - DR. VJOSA OSMANI - SADRIU","article_published_time":"2021-03-24T11:08:48+00:00","article_modified_time":"2023-03-07T09:12:47+00:00","og_image":[{"width":1200,"height":602,"url":"https:\/\/president-ksgov.net\/wp-content\/uploads\/24_03_2021_384419_u_d__Presidenti__Glauk_Konjufca_priti_ne_takim_komandantin_e_KFOR_it__gjeneralmajor_Franco_Federici_8.jpg","type":"image\/jpeg"}],"author":"admin","twitter_card":"summary_large_image","twitter_misc":{"Written by":"admin","Est. reading time":"1 minute"},"schema":{"@context":"https:\/\/schema.org","@graph":[{"@type":"WebPage","@id":"https:\/\/president-ksgov.net\/en\/acting-president-glauk-konjufca-received-in-a-meeting-the-kfor-commander-major-general-franco-federici\/","url":"https:\/\/president-ksgov.net\/en\/acting-president-glauk-konjufca-received-in-a-meeting-the-kfor-commander-major-general-franco-federici\/","name":"Acting President, Glauk Konjufca received in a meeting the KFOR Commander, Major General Franco Federici - President of the Republic of Kosovo - DR. VJOSA OSMANI - SADRIU","isPartOf":{"@id":"https:\/\/president-ksgov.net\/#website"},"primaryImageOfPage":{"@id":"https:\/\/president-ksgov.net\/en\/acting-president-glauk-konjufca-received-in-a-meeting-the-kfor-commander-major-general-franco-federici\/#primaryimage"},"image":{"@id":"https:\/\/president-ksgov.net\/en\/acting-president-glauk-konjufca-received-in-a-meeting-the-kfor-commander-major-general-franco-federici\/#primaryimage"},"thumbnailUrl":"https:\/\/president-ksgov.net\/wp-content\/uploads\/24_03_2021_384419_u_d__Presidenti__Glauk_Konjufca_priti_ne_takim_komandantin_e_KFOR_it__gjeneralmajor_Franco_Federici_8.jpg","datePublished":"2021-03-24T11:08:48+00:00","dateModified":"2023-03-07T09:12:47+00:00","author":{"@id":"https:\/\/president-ksgov.net\/#\/schema\/person\/bb4337a5fb147cb2046d80548172cbee"},"description":"Acting President, Glauk Konjufca received in a meeting the KFOR Commander, Major General Franco Federici - President of the Republic of Kosovo - DR. VJOSA OSMANI - SADRIU -","breadcrumb":{"@id":"https:\/\/president-ksgov.net\/en\/acting-president-glauk-konjufca-received-in-a-meeting-the-kfor-commander-major-general-franco-federici\/#breadcrumb"},"inLanguage":"en-US","potentialAction":[{"@type":"ReadAction","target":["https:\/\/president-ksgov.net\/en\/acting-president-glauk-konjufca-received-in-a-meeting-the-kfor-commander-major-general-franco-federici\/"]}]},{"@type":"ImageObject","inLanguage":"en-US","@id":"https:\/\/president-ksgov.net\/en\/acting-president-glauk-konjufca-received-in-a-meeting-the-kfor-commander-major-general-franco-federici\/#primaryimage","url":"https:\/\/president-ksgov.net\/wp-content\/uploads\/24_03_2021_384419_u_d__Presidenti__Glauk_Konjufca_priti_ne_takim_komandantin_e_KFOR_it__gjeneralmajor_Franco_Federici_8.jpg","contentUrl":"https:\/\/president-ksgov.net\/wp-content\/uploads\/24_03_2021_384419_u_d__Presidenti__Glauk_Konjufca_priti_ne_takim_komandantin_e_KFOR_it__gjeneralmajor_Franco_Federici_8.jpg","width":1200,"height":602},{"@type":"BreadcrumbList","@id":"https:\/\/president-ksgov.net\/en\/acting-president-glauk-konjufca-received-in-a-meeting-the-kfor-commander-major-general-franco-federici\/#breadcrumb","itemListElement":[{"@type":"ListItem","position":1,"name":"Home","item":"https:\/\/president-ksgov.net\/en\/"},{"@type":"ListItem","position":2,"name":"Acting President, Glauk Konjufca received in a meeting the KFOR Commander, Major General Franco Federici"}]},{"@type":"WebSite","@id":"https:\/\/president-ksgov.net\/#website","url":"https:\/\/president-ksgov.net\/","name":"Presidente e Republik\u00ebs s\u00eb Kosov\u00ebs","description":"Presidente e Republik\u00ebs s\u00eb Kosov\u00ebs","alternateName":"DR. VJOSA OSMANI - SADRIU","potentialAction":[{"@type":"SearchAction","target":{"@type":"EntryPoint","urlTemplate":"https:\/\/president-ksgov.net\/?s={search_term_string}"},"query-input":{"@type":"PropertyValueSpecification","valueRequired":true,"valueName":"search_term_string"}}],"inLanguage":"en-US"},{"@type":"Person","@id":"https:\/\/president-ksgov.net\/#\/schema\/person\/bb4337a5fb147cb2046d80548172cbee","name":"admin","image":{"@type":"ImageObject","inLanguage":"en-US","@id":"https:\/\/president-ksgov.net\/#\/schema\/person\/image\/","url":"https:\/\/secure.gravatar.com\/avatar\/36156ca0fa3b8d9d25174f146e16beea0cf28f37adf1b9e19b6c9c279a7c9dd3?s=96&d=mm&r=g","contentUrl":"https:\/\/secure.gravatar.com\/avatar\/36156ca0fa3b8d9d25174f146e16beea0cf28f37adf1b9e19b6c9c279a7c9dd3?s=96&d=mm&r=g","caption":"admin"},"sameAs":["https:\/\/president-ksgov.net"]}]}},"_links":{"self":[{"href":"https:\/\/president-ksgov.net\/en\/wp-json\/wp\/v2\/posts\/67551","targetHints":{"allow":["GET"]}}],"collection":[{"href":"https:\/\/president-ksgov.net\/en\/wp-json\/wp\/v2\/posts"}],"about":[{"href":"https:\/\/president-ksgov.net\/en\/wp-json\/wp\/v2\/types\/post"}],"author":[{"embeddable":true,"href":"https:\/\/president-ksgov.net\/en\/wp-json\/wp\/v2\/users\/1"}],"replies":[{"embeddable":true,"href":"https:\/\/president-ksgov.net\/en\/wp-json\/wp\/v2\/comments?post=67551"}],"version-history":[{"count":0,"href":"https:\/\/president-ksgov.net\/en\/wp-json\/wp\/v2\/posts\/67551\/revisions"}],"wp:featuredmedia":[{"embeddable":true,"href":"https:\/\/president-ksgov.net\/en\/wp-json\/wp\/v2\/media\/21851"}],"wp:attachment":[{"href":"https:\/\/president-ksgov.net\/en\/wp-json\/wp\/v2\/media?parent=67551"}],"wp:term":[{"taxonomy":"category","embeddable":true,"href":"https:\/\/president-ksgov.net\/en\/wp-json\/wp\/v2\/categories?post=67551"},{"taxonomy":"post_tag","embeddable":true,"href":"https:\/\/president-ksgov.net\/en\/wp-json\/wp\/v2\/tags?post=67551"}],"curies":[{"name":"wp","href":"https:\/\/api.w.org\/{rel}","templated":true}]}}