{"id":67548,"date":"2021-03-27T09:49:29","date_gmt":"2021-03-27T09:49:29","guid":{"rendered":"https:\/\/dev.president-ksgov.net\/acting-president-konjufca-rasim-thaci-has-been-an-inseparable-part-of-our-families-for-decades\/"},"modified":"2023-03-07T09:12:47","modified_gmt":"2023-03-07T09:12:47","slug":"acting-president-konjufca-rasim-thaci-has-been-an-inseparable-part-of-our-families-for-decades","status":"publish","type":"post","link":"https:\/\/president-ksgov.net\/en\/acting-president-konjufca-rasim-thaci-has-been-an-inseparable-part-of-our-families-for-decades\/","title":{"rendered":"Acting President Konjufca: Rasim Tha\u00e7i has been an inseparable part of our families for decades"},"content":{"rendered":"<p>The Acting President of the Republic of Kosovo, Glauk Konjufca, together with Prime Minister Albin Kurti and the Minister of Culture, Youth and Sports, Hajrulla \u00c7eku, paid tribute and said goodbye to the prominent artist of our people, the artist of popular humor Rasim Tha\u00e7i-Cima.<\/p>\n<p>Acting President Konjufca said that Rasim Tha\u00e7i has been an inseparable part of our families for decades, \u201cespecially for us who were born in the 80s, it was impossible to be celebrating New Year\u2019s Eve, and not to have Rasim Tha\u00e7i as our inevitable guest\u201d.<\/p>\n<p>According to him, Rasim Tha\u00e7i made a humor that was very special, that has accompanied us and has made us smile even in the time of the gloom of the occupation.<\/p>\n<p>\u201cTherefore, he will always be remembered and honored by our people. His work is unforgettable, and I think that the humor of today, which is humor of a popular nature, and which is made by young comedians now, is very much influenced by what in the late 80s \u2018treshi p\u00ebrsheshi\u2019 did\u201d, said the Acting President.<\/p>\n<p>The Acting President of the Republic of Kosovo, Glauk Konjufca, said that by honoring his work, we do not forget the artists who in the most difficult times helped our people to go through difficult times, and also the occupation.\u00a0<\/p>\n","protected":false},"excerpt":{"rendered":"<p>The Acting President of the Republic of Kosovo, Glauk Konjufca, together with Prime Minister Albin Kurti and the Minister of Culture, Youth and Sports, Hajrulla \u00c7eku, paid tribute and said goodbye to the prominent artist of our people, the artist of popular humor Rasim Tha\u00e7i-Cima.<\/p>\n","protected":false},"author":1,"featured_media":21815,"comment_status":"open","ping_status":"closed","sticky":false,"template":"","format":"standard","meta":{"_eb_attr":"","footnotes":""},"categories":[111],"tags":[],"class_list":["post-67548","post","type-post","status-publish","format-standard","has-post-thumbnail","hentry","category-news"],"yoast_head":"<!-- This site is optimized with the Yoast SEO plugin v23.5 - https:\/\/yoast.com\/wordpress\/plugins\/seo\/ -->\n<title>Acting President Konjufca: Rasim Tha\u00e7i has been an inseparable part of our families for decades - President of the Republic of Kosovo - DR. VJOSA OSMANI - SADRIU<\/title>\n<meta name=\"description\" content=\"Acting President Konjufca: Rasim Tha\u00e7i has been an inseparable part of our families for decades - President of the Republic of Kosovo - DR. VJOSA OSMANI - SADRIU -\" \/>\n<meta name=\"robots\" content=\"index, follow, max-snippet:-1, max-image-preview:large, max-video-preview:-1\" \/>\n<link rel=\"canonical\" href=\"https:\/\/president-ksgov.net\/en\/acting-president-konjufca-rasim-thaci-has-been-an-inseparable-part-of-our-families-for-decades\/\" \/>\n<meta property=\"og:locale\" content=\"en_US\" \/>\n<meta property=\"og:type\" content=\"article\" \/>\n<meta property=\"og:title\" content=\"Acting President Konjufca: Rasim Tha\u00e7i has been an inseparable part of our families for decades - President of the Republic of Kosovo - DR. VJOSA OSMANI - SADRIU\" \/>\n<meta property=\"og:description\" content=\"Acting President Konjufca: Rasim Tha\u00e7i has been an inseparable part of our families for decades - President of the Republic of Kosovo - DR. VJOSA OSMANI - SADRIU -\" \/>\n<meta property=\"og:url\" content=\"https:\/\/president-ksgov.net\/en\/acting-president-konjufca-rasim-thaci-has-been-an-inseparable-part-of-our-families-for-decades\/\" \/>\n<meta property=\"og:site_name\" content=\"President of the Republic of Kosovo - DR. VJOSA OSMANI - SADRIU\" \/>\n<meta property=\"article:published_time\" content=\"2021-03-27T09:49:29+00:00\" \/>\n<meta property=\"article:modified_time\" content=\"2023-03-07T09:12:47+00:00\" \/>\n<meta property=\"og:image\" content=\"https:\/\/president-ksgov.net\/wp-content\/uploads\/27_03_2021_1633721_U_d_presidenti_Konjufca_Rasim_Thaci_ka_qene_pjese_e_pandashme_e_familjeve_tona_per_dekada_me_radhe_5.jpg\" \/>\n\t<meta property=\"og:image:width\" content=\"2000\" \/>\n\t<meta property=\"og:image:height\" content=\"1331\" \/>\n\t<meta property=\"og:image:type\" content=\"image\/jpeg\" \/>\n<meta name=\"author\" content=\"admin\" \/>\n<meta name=\"twitter:card\" content=\"summary_large_image\" \/>\n<meta name=\"twitter:label1\" content=\"Written by\" \/>\n\t<meta name=\"twitter:data1\" content=\"admin\" \/>\n\t<meta name=\"twitter:label2\" content=\"Est. reading time\" \/>\n\t<meta name=\"twitter:data2\" content=\"1 minute\" \/>\n<script type=\"application\/ld+json\" class=\"yoast-schema-graph\">{\"@context\":\"https:\/\/schema.org\",\"@graph\":[{\"@type\":\"WebPage\",\"@id\":\"https:\/\/president-ksgov.net\/en\/acting-president-konjufca-rasim-thaci-has-been-an-inseparable-part-of-our-families-for-decades\/\",\"url\":\"https:\/\/president-ksgov.net\/en\/acting-president-konjufca-rasim-thaci-has-been-an-inseparable-part-of-our-families-for-decades\/\",\"name\":\"Acting President Konjufca: Rasim Tha\u00e7i has been an inseparable part of our families for decades - President of the Republic of Kosovo - DR. VJOSA OSMANI - SADRIU\",\"isPartOf\":{\"@id\":\"https:\/\/president-ksgov.net\/#website\"},\"primaryImageOfPage\":{\"@id\":\"https:\/\/president-ksgov.net\/en\/acting-president-konjufca-rasim-thaci-has-been-an-inseparable-part-of-our-families-for-decades\/#primaryimage\"},\"image\":{\"@id\":\"https:\/\/president-ksgov.net\/en\/acting-president-konjufca-rasim-thaci-has-been-an-inseparable-part-of-our-families-for-decades\/#primaryimage\"},\"thumbnailUrl\":\"https:\/\/president-ksgov.net\/wp-content\/uploads\/27_03_2021_1633721_U_d_presidenti_Konjufca_Rasim_Thaci_ka_qene_pjese_e_pandashme_e_familjeve_tona_per_dekada_me_radhe_5.jpg\",\"datePublished\":\"2021-03-27T09:49:29+00:00\",\"dateModified\":\"2023-03-07T09:12:47+00:00\",\"author\":{\"@id\":\"https:\/\/president-ksgov.net\/#\/schema\/person\/bb4337a5fb147cb2046d80548172cbee\"},\"description\":\"Acting President Konjufca: Rasim Tha\u00e7i has been an inseparable part of our families for decades - President of the Republic of Kosovo - DR. VJOSA OSMANI - SADRIU -\",\"breadcrumb\":{\"@id\":\"https:\/\/president-ksgov.net\/en\/acting-president-konjufca-rasim-thaci-has-been-an-inseparable-part-of-our-families-for-decades\/#breadcrumb\"},\"inLanguage\":\"en-US\",\"potentialAction\":[{\"@type\":\"ReadAction\",\"target\":[\"https:\/\/president-ksgov.net\/en\/acting-president-konjufca-rasim-thaci-has-been-an-inseparable-part-of-our-families-for-decades\/\"]}]},{\"@type\":\"ImageObject\",\"inLanguage\":\"en-US\",\"@id\":\"https:\/\/president-ksgov.net\/en\/acting-president-konjufca-rasim-thaci-has-been-an-inseparable-part-of-our-families-for-decades\/#primaryimage\",\"url\":\"https:\/\/president-ksgov.net\/wp-content\/uploads\/27_03_2021_1633721_U_d_presidenti_Konjufca_Rasim_Thaci_ka_qene_pjese_e_pandashme_e_familjeve_tona_per_dekada_me_radhe_5.jpg\",\"contentUrl\":\"https:\/\/president-ksgov.net\/wp-content\/uploads\/27_03_2021_1633721_U_d_presidenti_Konjufca_Rasim_Thaci_ka_qene_pjese_e_pandashme_e_familjeve_tona_per_dekada_me_radhe_5.jpg\",\"width\":2000,\"height\":1331},{\"@type\":\"BreadcrumbList\",\"@id\":\"https:\/\/president-ksgov.net\/en\/acting-president-konjufca-rasim-thaci-has-been-an-inseparable-part-of-our-families-for-decades\/#breadcrumb\",\"itemListElement\":[{\"@type\":\"ListItem\",\"position\":1,\"name\":\"Home\",\"item\":\"https:\/\/president-ksgov.net\/en\/\"},{\"@type\":\"ListItem\",\"position\":2,\"name\":\"Acting President Konjufca: Rasim Tha\u00e7i has been an inseparable part of our families for decades\"}]},{\"@type\":\"WebSite\",\"@id\":\"https:\/\/president-ksgov.net\/#website\",\"url\":\"https:\/\/president-ksgov.net\/\",\"name\":\"Presidente e Republik\u00ebs s\u00eb Kosov\u00ebs\",\"description\":\"Presidente e Republik\u00ebs s\u00eb Kosov\u00ebs\",\"alternateName\":\"DR. VJOSA OSMANI - SADRIU\",\"potentialAction\":[{\"@type\":\"SearchAction\",\"target\":{\"@type\":\"EntryPoint\",\"urlTemplate\":\"https:\/\/president-ksgov.net\/?s={search_term_string}\"},\"query-input\":{\"@type\":\"PropertyValueSpecification\",\"valueRequired\":true,\"valueName\":\"search_term_string\"}}],\"inLanguage\":\"en-US\"},{\"@type\":\"Person\",\"@id\":\"https:\/\/president-ksgov.net\/#\/schema\/person\/bb4337a5fb147cb2046d80548172cbee\",\"name\":\"admin\",\"image\":{\"@type\":\"ImageObject\",\"inLanguage\":\"en-US\",\"@id\":\"https:\/\/president-ksgov.net\/#\/schema\/person\/image\/\",\"url\":\"https:\/\/secure.gravatar.com\/avatar\/36156ca0fa3b8d9d25174f146e16beea0cf28f37adf1b9e19b6c9c279a7c9dd3?s=96&d=mm&r=g\",\"contentUrl\":\"https:\/\/secure.gravatar.com\/avatar\/36156ca0fa3b8d9d25174f146e16beea0cf28f37adf1b9e19b6c9c279a7c9dd3?s=96&d=mm&r=g\",\"caption\":\"admin\"},\"sameAs\":[\"https:\/\/president-ksgov.net\"]}]}<\/script>\n<!-- \/ Yoast SEO plugin. -->","yoast_head_json":{"title":"Acting President Konjufca: Rasim Tha\u00e7i has been an inseparable part of our families for decades - President of the Republic of Kosovo - DR. VJOSA OSMANI - SADRIU","description":"Acting President Konjufca: Rasim Tha\u00e7i has been an inseparable part of our families for decades - President of the Republic of Kosovo - DR. VJOSA OSMANI - SADRIU -","robots":{"index":"index","follow":"follow","max-snippet":"max-snippet:-1","max-image-preview":"max-image-preview:large","max-video-preview":"max-video-preview:-1"},"canonical":"https:\/\/president-ksgov.net\/en\/acting-president-konjufca-rasim-thaci-has-been-an-inseparable-part-of-our-families-for-decades\/","og_locale":"en_US","og_type":"article","og_title":"Acting President Konjufca: Rasim Tha\u00e7i has been an inseparable part of our families for decades - President of the Republic of Kosovo - DR. VJOSA OSMANI - SADRIU","og_description":"Acting President Konjufca: Rasim Tha\u00e7i has been an inseparable part of our families for decades - President of the Republic of Kosovo - DR. VJOSA OSMANI - SADRIU -","og_url":"https:\/\/president-ksgov.net\/en\/acting-president-konjufca-rasim-thaci-has-been-an-inseparable-part-of-our-families-for-decades\/","og_site_name":"President of the Republic of Kosovo - DR. VJOSA OSMANI - SADRIU","article_published_time":"2021-03-27T09:49:29+00:00","article_modified_time":"2023-03-07T09:12:47+00:00","og_image":[{"width":2000,"height":1331,"url":"https:\/\/president-ksgov.net\/wp-content\/uploads\/27_03_2021_1633721_U_d_presidenti_Konjufca_Rasim_Thaci_ka_qene_pjese_e_pandashme_e_familjeve_tona_per_dekada_me_radhe_5.jpg","type":"image\/jpeg"}],"author":"admin","twitter_card":"summary_large_image","twitter_misc":{"Written by":"admin","Est. reading time":"1 minute"},"schema":{"@context":"https:\/\/schema.org","@graph":[{"@type":"WebPage","@id":"https:\/\/president-ksgov.net\/en\/acting-president-konjufca-rasim-thaci-has-been-an-inseparable-part-of-our-families-for-decades\/","url":"https:\/\/president-ksgov.net\/en\/acting-president-konjufca-rasim-thaci-has-been-an-inseparable-part-of-our-families-for-decades\/","name":"Acting President Konjufca: Rasim Tha\u00e7i has been an inseparable part of our families for decades - President of the Republic of Kosovo - DR. VJOSA OSMANI - SADRIU","isPartOf":{"@id":"https:\/\/president-ksgov.net\/#website"},"primaryImageOfPage":{"@id":"https:\/\/president-ksgov.net\/en\/acting-president-konjufca-rasim-thaci-has-been-an-inseparable-part-of-our-families-for-decades\/#primaryimage"},"image":{"@id":"https:\/\/president-ksgov.net\/en\/acting-president-konjufca-rasim-thaci-has-been-an-inseparable-part-of-our-families-for-decades\/#primaryimage"},"thumbnailUrl":"https:\/\/president-ksgov.net\/wp-content\/uploads\/27_03_2021_1633721_U_d_presidenti_Konjufca_Rasim_Thaci_ka_qene_pjese_e_pandashme_e_familjeve_tona_per_dekada_me_radhe_5.jpg","datePublished":"2021-03-27T09:49:29+00:00","dateModified":"2023-03-07T09:12:47+00:00","author":{"@id":"https:\/\/president-ksgov.net\/#\/schema\/person\/bb4337a5fb147cb2046d80548172cbee"},"description":"Acting President Konjufca: Rasim Tha\u00e7i has been an inseparable part of our families for decades - President of the Republic of Kosovo - DR. VJOSA OSMANI - SADRIU -","breadcrumb":{"@id":"https:\/\/president-ksgov.net\/en\/acting-president-konjufca-rasim-thaci-has-been-an-inseparable-part-of-our-families-for-decades\/#breadcrumb"},"inLanguage":"en-US","potentialAction":[{"@type":"ReadAction","target":["https:\/\/president-ksgov.net\/en\/acting-president-konjufca-rasim-thaci-has-been-an-inseparable-part-of-our-families-for-decades\/"]}]},{"@type":"ImageObject","inLanguage":"en-US","@id":"https:\/\/president-ksgov.net\/en\/acting-president-konjufca-rasim-thaci-has-been-an-inseparable-part-of-our-families-for-decades\/#primaryimage","url":"https:\/\/president-ksgov.net\/wp-content\/uploads\/27_03_2021_1633721_U_d_presidenti_Konjufca_Rasim_Thaci_ka_qene_pjese_e_pandashme_e_familjeve_tona_per_dekada_me_radhe_5.jpg","contentUrl":"https:\/\/president-ksgov.net\/wp-content\/uploads\/27_03_2021_1633721_U_d_presidenti_Konjufca_Rasim_Thaci_ka_qene_pjese_e_pandashme_e_familjeve_tona_per_dekada_me_radhe_5.jpg","width":2000,"height":1331},{"@type":"BreadcrumbList","@id":"https:\/\/president-ksgov.net\/en\/acting-president-konjufca-rasim-thaci-has-been-an-inseparable-part-of-our-families-for-decades\/#breadcrumb","itemListElement":[{"@type":"ListItem","position":1,"name":"Home","item":"https:\/\/president-ksgov.net\/en\/"},{"@type":"ListItem","position":2,"name":"Acting President Konjufca: Rasim Tha\u00e7i has been an inseparable part of our families for decades"}]},{"@type":"WebSite","@id":"https:\/\/president-ksgov.net\/#website","url":"https:\/\/president-ksgov.net\/","name":"Presidente e Republik\u00ebs s\u00eb Kosov\u00ebs","description":"Presidente e Republik\u00ebs s\u00eb Kosov\u00ebs","alternateName":"DR. VJOSA OSMANI - SADRIU","potentialAction":[{"@type":"SearchAction","target":{"@type":"EntryPoint","urlTemplate":"https:\/\/president-ksgov.net\/?s={search_term_string}"},"query-input":{"@type":"PropertyValueSpecification","valueRequired":true,"valueName":"search_term_string"}}],"inLanguage":"en-US"},{"@type":"Person","@id":"https:\/\/president-ksgov.net\/#\/schema\/person\/bb4337a5fb147cb2046d80548172cbee","name":"admin","image":{"@type":"ImageObject","inLanguage":"en-US","@id":"https:\/\/president-ksgov.net\/#\/schema\/person\/image\/","url":"https:\/\/secure.gravatar.com\/avatar\/36156ca0fa3b8d9d25174f146e16beea0cf28f37adf1b9e19b6c9c279a7c9dd3?s=96&d=mm&r=g","contentUrl":"https:\/\/secure.gravatar.com\/avatar\/36156ca0fa3b8d9d25174f146e16beea0cf28f37adf1b9e19b6c9c279a7c9dd3?s=96&d=mm&r=g","caption":"admin"},"sameAs":["https:\/\/president-ksgov.net"]}]}},"_links":{"self":[{"href":"https:\/\/president-ksgov.net\/en\/wp-json\/wp\/v2\/posts\/67548","targetHints":{"allow":["GET"]}}],"collection":[{"href":"https:\/\/president-ksgov.net\/en\/wp-json\/wp\/v2\/posts"}],"about":[{"href":"https:\/\/president-ksgov.net\/en\/wp-json\/wp\/v2\/types\/post"}],"author":[{"embeddable":true,"href":"https:\/\/president-ksgov.net\/en\/wp-json\/wp\/v2\/users\/1"}],"replies":[{"embeddable":true,"href":"https:\/\/president-ksgov.net\/en\/wp-json\/wp\/v2\/comments?post=67548"}],"version-history":[{"count":0,"href":"https:\/\/president-ksgov.net\/en\/wp-json\/wp\/v2\/posts\/67548\/revisions"}],"wp:featuredmedia":[{"embeddable":true,"href":"https:\/\/president-ksgov.net\/en\/wp-json\/wp\/v2\/media\/21815"}],"wp:attachment":[{"href":"https:\/\/president-ksgov.net\/en\/wp-json\/wp\/v2\/media?parent=67548"}],"wp:term":[{"taxonomy":"category","embeddable":true,"href":"https:\/\/president-ksgov.net\/en\/wp-json\/wp\/v2\/categories?post=67548"},{"taxonomy":"post_tag","embeddable":true,"href":"https:\/\/president-ksgov.net\/en\/wp-json\/wp\/v2\/tags?post=67548"}],"curies":[{"name":"wp","href":"https:\/\/api.w.org\/{rel}","templated":true}]}}