{"id":67547,"date":"2021-03-28T14:35:37","date_gmt":"2021-03-28T14:35:37","guid":{"rendered":"https:\/\/dev.president-ksgov.net\/acting-president-konjufca-there-is-no-day-in-kosovo-that-is-not-the-date-of-an-anniversary-of-the-murdering-of-albanians-from-serbia\/"},"modified":"2023-03-07T09:12:47","modified_gmt":"2023-03-07T09:12:47","slug":"acting-president-konjufca-there-is-no-day-in-kosovo-that-is-not-the-date-of-an-anniversary-of-the-murdering-of-albanians-from-serbia","status":"publish","type":"post","link":"https:\/\/president-ksgov.net\/en\/acting-president-konjufca-there-is-no-day-in-kosovo-that-is-not-the-date-of-an-anniversary-of-the-murdering-of-albanians-from-serbia\/","title":{"rendered":"Acting President Konjufca: There is no day in Kosovo that is not the date of an anniversary of the murdering of Albanians from Serbia"},"content":{"rendered":"<p>The Acting President of the Republic of Kosovo, Glauk Konjufca, paid homage today at the Memorial Complex in Izbica.<\/p>\n<p>He stressed that for this massacre \u201cthe Serbian state should be held responsible\u201d.<\/p>\n<p>He further said that: \u201cthere is no day in Kosovo that is not the date of an anniversary of the murdering of Albanians from Serbia, not even a week of the year in which there is no anniversary of a massacre in Kosovo, which was caused by Serbia during the war of 98-99 in our country\u201d.<\/p>\n<p>According to Acting President Konjufca, this shows the truth of the scale of the genocide committed by Serbia in Kosovo through its army, police and paramilitaries.<\/p>\n<p>Acting President Konjufca stressed that so far the families of the martyrs who were killed by Serbia have not found justice.<\/p>\n<p>\u201cIt is the duty of our institutions and of each of us who represent them to work unstoppably for truth and justice to come into place\u201d, he said.<\/p>\n<p>The Acting President of the Republic of Kosovo, Glauk Konjufca, said that seeing these massacres on their anniversaries makes us even more determined as representatives of the institutions not to make any compromise with the foundations of our statehood on the basis of which there is the blood of our martyrs and the martyrs of the nation.\u00a0<\/p>\n","protected":false},"excerpt":{"rendered":"<p>The Acting President of the Republic of Kosovo, Glauk Konjufca, paid homage today at the Memorial Complex in Izbica.<\/p>\n","protected":false},"author":1,"featured_media":21787,"comment_status":"open","ping_status":"closed","sticky":false,"template":"","format":"standard","meta":{"_eb_attr":"","footnotes":""},"categories":[111],"tags":[],"class_list":["post-67547","post","type-post","status-publish","format-standard","has-post-thumbnail","hentry","category-news"],"yoast_head":"<!-- This site is optimized with the Yoast SEO plugin v23.5 - https:\/\/yoast.com\/wordpress\/plugins\/seo\/ -->\n<title>Acting President Konjufca: There is no day in Kosovo that is not the date of an anniversary of the murdering of Albanians from Serbia - President of the Republic of Kosovo - DR. VJOSA OSMANI - SADRIU<\/title>\n<meta name=\"description\" content=\"Acting President Konjufca: There is no day in Kosovo that is not the date of an anniversary of the murdering of Albanians from Serbia - President of the Republic of Kosovo - DR. VJOSA OSMANI - SADRIU -\" \/>\n<meta name=\"robots\" content=\"index, follow, max-snippet:-1, max-image-preview:large, max-video-preview:-1\" \/>\n<link rel=\"canonical\" href=\"https:\/\/president-ksgov.net\/en\/acting-president-konjufca-there-is-no-day-in-kosovo-that-is-not-the-date-of-an-anniversary-of-the-murdering-of-albanians-from-serbia\/\" \/>\n<meta property=\"og:locale\" content=\"en_US\" \/>\n<meta property=\"og:type\" content=\"article\" \/>\n<meta property=\"og:title\" content=\"Acting President Konjufca: There is no day in Kosovo that is not the date of an anniversary of the murdering of Albanians from Serbia - President of the Republic of Kosovo - DR. VJOSA OSMANI - SADRIU\" \/>\n<meta property=\"og:description\" content=\"Acting President Konjufca: There is no day in Kosovo that is not the date of an anniversary of the murdering of Albanians from Serbia - President of the Republic of Kosovo - DR. VJOSA OSMANI - SADRIU -\" \/>\n<meta property=\"og:url\" content=\"https:\/\/president-ksgov.net\/en\/acting-president-konjufca-there-is-no-day-in-kosovo-that-is-not-the-date-of-an-anniversary-of-the-murdering-of-albanians-from-serbia\/\" \/>\n<meta property=\"og:site_name\" content=\"President of the Republic of Kosovo - DR. VJOSA OSMANI - SADRIU\" \/>\n<meta property=\"article:published_time\" content=\"2021-03-28T14:35:37+00:00\" \/>\n<meta property=\"article:modified_time\" content=\"2023-03-07T09:12:47+00:00\" \/>\n<meta property=\"og:image\" content=\"https:\/\/president-ksgov.net\/wp-content\/uploads\/28_03_2021_8183899_28_3_2021_8_jpg.jpg\" \/>\n\t<meta property=\"og:image:width\" content=\"2048\" \/>\n\t<meta property=\"og:image:height\" content=\"1364\" \/>\n\t<meta property=\"og:image:type\" content=\"image\/jpeg\" \/>\n<meta name=\"author\" content=\"admin\" \/>\n<meta name=\"twitter:card\" content=\"summary_large_image\" \/>\n<meta name=\"twitter:label1\" content=\"Written by\" \/>\n\t<meta name=\"twitter:data1\" content=\"admin\" \/>\n\t<meta name=\"twitter:label2\" content=\"Est. reading time\" \/>\n\t<meta name=\"twitter:data2\" content=\"1 minute\" \/>\n<script type=\"application\/ld+json\" class=\"yoast-schema-graph\">{\"@context\":\"https:\/\/schema.org\",\"@graph\":[{\"@type\":\"WebPage\",\"@id\":\"https:\/\/president-ksgov.net\/en\/acting-president-konjufca-there-is-no-day-in-kosovo-that-is-not-the-date-of-an-anniversary-of-the-murdering-of-albanians-from-serbia\/\",\"url\":\"https:\/\/president-ksgov.net\/en\/acting-president-konjufca-there-is-no-day-in-kosovo-that-is-not-the-date-of-an-anniversary-of-the-murdering-of-albanians-from-serbia\/\",\"name\":\"Acting President Konjufca: There is no day in Kosovo that is not the date of an anniversary of the murdering of Albanians from Serbia - President of the Republic of Kosovo - DR. VJOSA OSMANI - SADRIU\",\"isPartOf\":{\"@id\":\"https:\/\/president-ksgov.net\/#website\"},\"primaryImageOfPage\":{\"@id\":\"https:\/\/president-ksgov.net\/en\/acting-president-konjufca-there-is-no-day-in-kosovo-that-is-not-the-date-of-an-anniversary-of-the-murdering-of-albanians-from-serbia\/#primaryimage\"},\"image\":{\"@id\":\"https:\/\/president-ksgov.net\/en\/acting-president-konjufca-there-is-no-day-in-kosovo-that-is-not-the-date-of-an-anniversary-of-the-murdering-of-albanians-from-serbia\/#primaryimage\"},\"thumbnailUrl\":\"https:\/\/president-ksgov.net\/wp-content\/uploads\/28_03_2021_8183899_28_3_2021_8_jpg.jpg\",\"datePublished\":\"2021-03-28T14:35:37+00:00\",\"dateModified\":\"2023-03-07T09:12:47+00:00\",\"author\":{\"@id\":\"https:\/\/president-ksgov.net\/#\/schema\/person\/bb4337a5fb147cb2046d80548172cbee\"},\"description\":\"Acting President Konjufca: There is no day in Kosovo that is not the date of an anniversary of the murdering of Albanians from Serbia - President of the Republic of Kosovo - DR. VJOSA OSMANI - SADRIU -\",\"breadcrumb\":{\"@id\":\"https:\/\/president-ksgov.net\/en\/acting-president-konjufca-there-is-no-day-in-kosovo-that-is-not-the-date-of-an-anniversary-of-the-murdering-of-albanians-from-serbia\/#breadcrumb\"},\"inLanguage\":\"en-US\",\"potentialAction\":[{\"@type\":\"ReadAction\",\"target\":[\"https:\/\/president-ksgov.net\/en\/acting-president-konjufca-there-is-no-day-in-kosovo-that-is-not-the-date-of-an-anniversary-of-the-murdering-of-albanians-from-serbia\/\"]}]},{\"@type\":\"ImageObject\",\"inLanguage\":\"en-US\",\"@id\":\"https:\/\/president-ksgov.net\/en\/acting-president-konjufca-there-is-no-day-in-kosovo-that-is-not-the-date-of-an-anniversary-of-the-murdering-of-albanians-from-serbia\/#primaryimage\",\"url\":\"https:\/\/president-ksgov.net\/wp-content\/uploads\/28_03_2021_8183899_28_3_2021_8_jpg.jpg\",\"contentUrl\":\"https:\/\/president-ksgov.net\/wp-content\/uploads\/28_03_2021_8183899_28_3_2021_8_jpg.jpg\",\"width\":2048,\"height\":1364},{\"@type\":\"BreadcrumbList\",\"@id\":\"https:\/\/president-ksgov.net\/en\/acting-president-konjufca-there-is-no-day-in-kosovo-that-is-not-the-date-of-an-anniversary-of-the-murdering-of-albanians-from-serbia\/#breadcrumb\",\"itemListElement\":[{\"@type\":\"ListItem\",\"position\":1,\"name\":\"Home\",\"item\":\"https:\/\/president-ksgov.net\/en\/\"},{\"@type\":\"ListItem\",\"position\":2,\"name\":\"Acting President Konjufca: There is no day in Kosovo that is not the date of an anniversary of the murdering of Albanians from Serbia\"}]},{\"@type\":\"WebSite\",\"@id\":\"https:\/\/president-ksgov.net\/#website\",\"url\":\"https:\/\/president-ksgov.net\/\",\"name\":\"Presidente e Republik\u00ebs s\u00eb Kosov\u00ebs\",\"description\":\"Presidente e Republik\u00ebs s\u00eb Kosov\u00ebs\",\"alternateName\":\"DR. VJOSA OSMANI - SADRIU\",\"potentialAction\":[{\"@type\":\"SearchAction\",\"target\":{\"@type\":\"EntryPoint\",\"urlTemplate\":\"https:\/\/president-ksgov.net\/?s={search_term_string}\"},\"query-input\":{\"@type\":\"PropertyValueSpecification\",\"valueRequired\":true,\"valueName\":\"search_term_string\"}}],\"inLanguage\":\"en-US\"},{\"@type\":\"Person\",\"@id\":\"https:\/\/president-ksgov.net\/#\/schema\/person\/bb4337a5fb147cb2046d80548172cbee\",\"name\":\"admin\",\"image\":{\"@type\":\"ImageObject\",\"inLanguage\":\"en-US\",\"@id\":\"https:\/\/president-ksgov.net\/#\/schema\/person\/image\/\",\"url\":\"https:\/\/secure.gravatar.com\/avatar\/36156ca0fa3b8d9d25174f146e16beea0cf28f37adf1b9e19b6c9c279a7c9dd3?s=96&d=mm&r=g\",\"contentUrl\":\"https:\/\/secure.gravatar.com\/avatar\/36156ca0fa3b8d9d25174f146e16beea0cf28f37adf1b9e19b6c9c279a7c9dd3?s=96&d=mm&r=g\",\"caption\":\"admin\"},\"sameAs\":[\"https:\/\/president-ksgov.net\"]}]}<\/script>\n<!-- \/ Yoast SEO plugin. -->","yoast_head_json":{"title":"Acting President Konjufca: There is no day in Kosovo that is not the date of an anniversary of the murdering of Albanians from Serbia - President of the Republic of Kosovo - DR. VJOSA OSMANI - SADRIU","description":"Acting President Konjufca: There is no day in Kosovo that is not the date of an anniversary of the murdering of Albanians from Serbia - President of the Republic of Kosovo - DR. VJOSA OSMANI - SADRIU -","robots":{"index":"index","follow":"follow","max-snippet":"max-snippet:-1","max-image-preview":"max-image-preview:large","max-video-preview":"max-video-preview:-1"},"canonical":"https:\/\/president-ksgov.net\/en\/acting-president-konjufca-there-is-no-day-in-kosovo-that-is-not-the-date-of-an-anniversary-of-the-murdering-of-albanians-from-serbia\/","og_locale":"en_US","og_type":"article","og_title":"Acting President Konjufca: There is no day in Kosovo that is not the date of an anniversary of the murdering of Albanians from Serbia - President of the Republic of Kosovo - DR. VJOSA OSMANI - SADRIU","og_description":"Acting President Konjufca: There is no day in Kosovo that is not the date of an anniversary of the murdering of Albanians from Serbia - President of the Republic of Kosovo - DR. VJOSA OSMANI - SADRIU -","og_url":"https:\/\/president-ksgov.net\/en\/acting-president-konjufca-there-is-no-day-in-kosovo-that-is-not-the-date-of-an-anniversary-of-the-murdering-of-albanians-from-serbia\/","og_site_name":"President of the Republic of Kosovo - DR. VJOSA OSMANI - SADRIU","article_published_time":"2021-03-28T14:35:37+00:00","article_modified_time":"2023-03-07T09:12:47+00:00","og_image":[{"width":2048,"height":1364,"url":"https:\/\/president-ksgov.net\/wp-content\/uploads\/28_03_2021_8183899_28_3_2021_8_jpg.jpg","type":"image\/jpeg"}],"author":"admin","twitter_card":"summary_large_image","twitter_misc":{"Written by":"admin","Est. reading time":"1 minute"},"schema":{"@context":"https:\/\/schema.org","@graph":[{"@type":"WebPage","@id":"https:\/\/president-ksgov.net\/en\/acting-president-konjufca-there-is-no-day-in-kosovo-that-is-not-the-date-of-an-anniversary-of-the-murdering-of-albanians-from-serbia\/","url":"https:\/\/president-ksgov.net\/en\/acting-president-konjufca-there-is-no-day-in-kosovo-that-is-not-the-date-of-an-anniversary-of-the-murdering-of-albanians-from-serbia\/","name":"Acting President Konjufca: There is no day in Kosovo that is not the date of an anniversary of the murdering of Albanians from Serbia - President of the Republic of Kosovo - DR. VJOSA OSMANI - SADRIU","isPartOf":{"@id":"https:\/\/president-ksgov.net\/#website"},"primaryImageOfPage":{"@id":"https:\/\/president-ksgov.net\/en\/acting-president-konjufca-there-is-no-day-in-kosovo-that-is-not-the-date-of-an-anniversary-of-the-murdering-of-albanians-from-serbia\/#primaryimage"},"image":{"@id":"https:\/\/president-ksgov.net\/en\/acting-president-konjufca-there-is-no-day-in-kosovo-that-is-not-the-date-of-an-anniversary-of-the-murdering-of-albanians-from-serbia\/#primaryimage"},"thumbnailUrl":"https:\/\/president-ksgov.net\/wp-content\/uploads\/28_03_2021_8183899_28_3_2021_8_jpg.jpg","datePublished":"2021-03-28T14:35:37+00:00","dateModified":"2023-03-07T09:12:47+00:00","author":{"@id":"https:\/\/president-ksgov.net\/#\/schema\/person\/bb4337a5fb147cb2046d80548172cbee"},"description":"Acting President Konjufca: There is no day in Kosovo that is not the date of an anniversary of the murdering of Albanians from Serbia - President of the Republic of Kosovo - DR. VJOSA OSMANI - SADRIU -","breadcrumb":{"@id":"https:\/\/president-ksgov.net\/en\/acting-president-konjufca-there-is-no-day-in-kosovo-that-is-not-the-date-of-an-anniversary-of-the-murdering-of-albanians-from-serbia\/#breadcrumb"},"inLanguage":"en-US","potentialAction":[{"@type":"ReadAction","target":["https:\/\/president-ksgov.net\/en\/acting-president-konjufca-there-is-no-day-in-kosovo-that-is-not-the-date-of-an-anniversary-of-the-murdering-of-albanians-from-serbia\/"]}]},{"@type":"ImageObject","inLanguage":"en-US","@id":"https:\/\/president-ksgov.net\/en\/acting-president-konjufca-there-is-no-day-in-kosovo-that-is-not-the-date-of-an-anniversary-of-the-murdering-of-albanians-from-serbia\/#primaryimage","url":"https:\/\/president-ksgov.net\/wp-content\/uploads\/28_03_2021_8183899_28_3_2021_8_jpg.jpg","contentUrl":"https:\/\/president-ksgov.net\/wp-content\/uploads\/28_03_2021_8183899_28_3_2021_8_jpg.jpg","width":2048,"height":1364},{"@type":"BreadcrumbList","@id":"https:\/\/president-ksgov.net\/en\/acting-president-konjufca-there-is-no-day-in-kosovo-that-is-not-the-date-of-an-anniversary-of-the-murdering-of-albanians-from-serbia\/#breadcrumb","itemListElement":[{"@type":"ListItem","position":1,"name":"Home","item":"https:\/\/president-ksgov.net\/en\/"},{"@type":"ListItem","position":2,"name":"Acting President Konjufca: There is no day in Kosovo that is not the date of an anniversary of the murdering of Albanians from Serbia"}]},{"@type":"WebSite","@id":"https:\/\/president-ksgov.net\/#website","url":"https:\/\/president-ksgov.net\/","name":"Presidente e Republik\u00ebs s\u00eb Kosov\u00ebs","description":"Presidente e Republik\u00ebs s\u00eb Kosov\u00ebs","alternateName":"DR. VJOSA OSMANI - SADRIU","potentialAction":[{"@type":"SearchAction","target":{"@type":"EntryPoint","urlTemplate":"https:\/\/president-ksgov.net\/?s={search_term_string}"},"query-input":{"@type":"PropertyValueSpecification","valueRequired":true,"valueName":"search_term_string"}}],"inLanguage":"en-US"},{"@type":"Person","@id":"https:\/\/president-ksgov.net\/#\/schema\/person\/bb4337a5fb147cb2046d80548172cbee","name":"admin","image":{"@type":"ImageObject","inLanguage":"en-US","@id":"https:\/\/president-ksgov.net\/#\/schema\/person\/image\/","url":"https:\/\/secure.gravatar.com\/avatar\/36156ca0fa3b8d9d25174f146e16beea0cf28f37adf1b9e19b6c9c279a7c9dd3?s=96&d=mm&r=g","contentUrl":"https:\/\/secure.gravatar.com\/avatar\/36156ca0fa3b8d9d25174f146e16beea0cf28f37adf1b9e19b6c9c279a7c9dd3?s=96&d=mm&r=g","caption":"admin"},"sameAs":["https:\/\/president-ksgov.net"]}]}},"_links":{"self":[{"href":"https:\/\/president-ksgov.net\/en\/wp-json\/wp\/v2\/posts\/67547","targetHints":{"allow":["GET"]}}],"collection":[{"href":"https:\/\/president-ksgov.net\/en\/wp-json\/wp\/v2\/posts"}],"about":[{"href":"https:\/\/president-ksgov.net\/en\/wp-json\/wp\/v2\/types\/post"}],"author":[{"embeddable":true,"href":"https:\/\/president-ksgov.net\/en\/wp-json\/wp\/v2\/users\/1"}],"replies":[{"embeddable":true,"href":"https:\/\/president-ksgov.net\/en\/wp-json\/wp\/v2\/comments?post=67547"}],"version-history":[{"count":0,"href":"https:\/\/president-ksgov.net\/en\/wp-json\/wp\/v2\/posts\/67547\/revisions"}],"wp:featuredmedia":[{"embeddable":true,"href":"https:\/\/president-ksgov.net\/en\/wp-json\/wp\/v2\/media\/21787"}],"wp:attachment":[{"href":"https:\/\/president-ksgov.net\/en\/wp-json\/wp\/v2\/media?parent=67547"}],"wp:term":[{"taxonomy":"category","embeddable":true,"href":"https:\/\/president-ksgov.net\/en\/wp-json\/wp\/v2\/categories?post=67547"},{"taxonomy":"post_tag","embeddable":true,"href":"https:\/\/president-ksgov.net\/en\/wp-json\/wp\/v2\/tags?post=67547"}],"curies":[{"name":"wp","href":"https:\/\/api.w.org\/{rel}","templated":true}]}}