{"id":67537,"date":"2021-04-04T19:46:10","date_gmt":"2021-04-04T19:46:10","guid":{"rendered":"https:\/\/dev.president-ksgov.net\/glauk-konjufca\/"},"modified":"2023-03-07T09:12:10","modified_gmt":"2023-03-07T09:12:10","slug":"glauk-konjufca","status":"publish","type":"post","link":"https:\/\/president-ksgov.net\/en\/glauk-konjufca\/","title":{"rendered":"GLAUK KONJUFCA"},"content":{"rendered":"<p>Acting President of the Republic of Kosovo 22 March 2021 &#8211; 4 April 2021<\/p>\n<p>Glauk Konjufca was born in July 1981, in Prishtina. He majored in Philosophy at the Faculty of Philosophy, University of Prishtina.<\/p>\n<p>He has been an activist of the L\u00ebvizje VETEVENDOSJE (Self-Determination Movement) since its founding. He is a scholar of philosophy and among many papers in this field, he published the book \u201cthe owl of Minerva flies at dusk, G.W.F. Hegel\u201d. In 2010 he was elected MP of the L\u00ebvizje VETEVENDOSJE in the 4th legislature of the Assembly of the Republic of Kosovo. During 2011-2014 he was Deputy Speaker of the Assembly of the Republic of Kosovo.<\/p>\n<p>In 2014 he was elected MP and was appointed Head of the Parliamentary Group of the L\u00ebvizje VETEVENDOSJE. During the same year, he was appointed Deputy Speaker of the Assembly until 12 March 2015. During the 5th legislature, he was Deputy Head of the Committee for Economic Development, Infrastructure, Trade and Industry in the Assembly of Kosovo. During the 6th legislature, he was elected Chairman of the Parliamentary Group of the L\u00ebvizje VETEVENDOSJE, and was a member of the Committee for Economic Development and the Committee on Foreign Affairs.<\/p>\n<p>In the elections of October 2019, Mr Konjufca was elected MP and on 26 December of the same year, he was nominated and elected Speaker of the Assembly of Kosovo until 3 February 2020. Upon formation of the Kurti&#039;s Government, Glauk Konjufca was appointed Minister in the Ministry of Foreign Affairs and Diaspora until June 2020.<\/p>\n<p>He is married and has two children.\u00a0<\/p>\n","protected":false},"excerpt":{"rendered":"<p>Acting President of the Republic of Kosovo 22 March 2021 &#8211; 4 April 2021<\/p>\n","protected":false},"author":1,"featured_media":21693,"comment_status":"open","ping_status":"closed","sticky":false,"template":"","format":"standard","meta":{"_eb_attr":"","footnotes":""},"categories":[1],"tags":[],"class_list":["post-67537","post","type-post","status-publish","format-standard","has-post-thumbnail","hentry","category-uncategorized"],"yoast_head":"<!-- This site is optimized with the Yoast SEO plugin v23.5 - https:\/\/yoast.com\/wordpress\/plugins\/seo\/ -->\n<title>GLAUK KONJUFCA - President of the Republic of Kosovo - DR. VJOSA OSMANI - SADRIU<\/title>\n<meta name=\"description\" content=\"GLAUK KONJUFCA - President of the Republic of Kosovo - DR. VJOSA OSMANI - SADRIU -\" \/>\n<meta name=\"robots\" content=\"index, follow, max-snippet:-1, max-image-preview:large, max-video-preview:-1\" \/>\n<link rel=\"canonical\" href=\"https:\/\/president-ksgov.net\/glauk-konjufca\/\" \/>\n<meta property=\"og:locale\" content=\"en_US\" \/>\n<meta property=\"og:type\" content=\"article\" \/>\n<meta property=\"og:title\" content=\"GLAUK KONJUFCA - President of the Republic of Kosovo - DR. VJOSA OSMANI - SADRIU\" \/>\n<meta property=\"og:description\" content=\"GLAUK KONJUFCA - President of the Republic of Kosovo - DR. VJOSA OSMANI - SADRIU -\" \/>\n<meta property=\"og:url\" content=\"https:\/\/president-ksgov.net\/glauk-konjufca\/\" \/>\n<meta property=\"og:site_name\" content=\"President of the Republic of Kosovo - DR. VJOSA OSMANI - SADRIU\" \/>\n<meta property=\"article:published_time\" content=\"2021-04-04T19:46:10+00:00\" \/>\n<meta property=\"article:modified_time\" content=\"2023-03-07T09:12:10+00:00\" \/>\n<meta property=\"og:image\" content=\"https:\/\/president-ksgov.net\/wp-content\/uploads\/04_04_2021_8952534_GlaukKonjufca_kryetar_VV__agKtvmckXE.jpeg\" \/>\n\t<meta property=\"og:image:width\" content=\"413\" \/>\n\t<meta property=\"og:image:height\" content=\"531\" \/>\n\t<meta property=\"og:image:type\" content=\"image\/jpeg\" \/>\n<meta name=\"author\" content=\"admin\" \/>\n<meta name=\"twitter:card\" content=\"summary_large_image\" \/>\n<meta name=\"twitter:label1\" content=\"Written by\" \/>\n\t<meta name=\"twitter:data1\" content=\"admin\" \/>\n\t<meta name=\"twitter:label2\" content=\"Est. reading time\" \/>\n\t<meta name=\"twitter:data2\" content=\"1 minute\" \/>\n<script type=\"application\/ld+json\" class=\"yoast-schema-graph\">{\"@context\":\"https:\/\/schema.org\",\"@graph\":[{\"@type\":\"WebPage\",\"@id\":\"https:\/\/president-ksgov.net\/glauk-konjufca\/\",\"url\":\"https:\/\/president-ksgov.net\/glauk-konjufca\/\",\"name\":\"GLAUK KONJUFCA - President of the Republic of Kosovo - DR. VJOSA OSMANI - SADRIU\",\"isPartOf\":{\"@id\":\"https:\/\/president-ksgov.net\/#website\"},\"primaryImageOfPage\":{\"@id\":\"https:\/\/president-ksgov.net\/glauk-konjufca\/#primaryimage\"},\"image\":{\"@id\":\"https:\/\/president-ksgov.net\/glauk-konjufca\/#primaryimage\"},\"thumbnailUrl\":\"https:\/\/president-ksgov.net\/wp-content\/uploads\/04_04_2021_8952534_GlaukKonjufca_kryetar_VV__agKtvmckXE.jpeg\",\"datePublished\":\"2021-04-04T19:46:10+00:00\",\"dateModified\":\"2023-03-07T09:12:10+00:00\",\"author\":{\"@id\":\"https:\/\/president-ksgov.net\/#\/schema\/person\/bb4337a5fb147cb2046d80548172cbee\"},\"description\":\"GLAUK KONJUFCA - President of the Republic of Kosovo - DR. VJOSA OSMANI - SADRIU -\",\"breadcrumb\":{\"@id\":\"https:\/\/president-ksgov.net\/glauk-konjufca\/#breadcrumb\"},\"inLanguage\":\"en-US\",\"potentialAction\":[{\"@type\":\"ReadAction\",\"target\":[\"https:\/\/president-ksgov.net\/glauk-konjufca\/\"]}]},{\"@type\":\"ImageObject\",\"inLanguage\":\"en-US\",\"@id\":\"https:\/\/president-ksgov.net\/glauk-konjufca\/#primaryimage\",\"url\":\"https:\/\/president-ksgov.net\/wp-content\/uploads\/04_04_2021_8952534_GlaukKonjufca_kryetar_VV__agKtvmckXE.jpeg\",\"contentUrl\":\"https:\/\/president-ksgov.net\/wp-content\/uploads\/04_04_2021_8952534_GlaukKonjufca_kryetar_VV__agKtvmckXE.jpeg\",\"width\":413,\"height\":531},{\"@type\":\"BreadcrumbList\",\"@id\":\"https:\/\/president-ksgov.net\/glauk-konjufca\/#breadcrumb\",\"itemListElement\":[{\"@type\":\"ListItem\",\"position\":1,\"name\":\"Home\",\"item\":\"https:\/\/president-ksgov.net\/en\/\"},{\"@type\":\"ListItem\",\"position\":2,\"name\":\"GLAUK KONJUFCA\"}]},{\"@type\":\"WebSite\",\"@id\":\"https:\/\/president-ksgov.net\/#website\",\"url\":\"https:\/\/president-ksgov.net\/\",\"name\":\"Presidente e Republik\u00ebs s\u00eb Kosov\u00ebs\",\"description\":\"Presidente e Republik\u00ebs s\u00eb Kosov\u00ebs\",\"alternateName\":\"DR. VJOSA OSMANI - SADRIU\",\"potentialAction\":[{\"@type\":\"SearchAction\",\"target\":{\"@type\":\"EntryPoint\",\"urlTemplate\":\"https:\/\/president-ksgov.net\/?s={search_term_string}\"},\"query-input\":{\"@type\":\"PropertyValueSpecification\",\"valueRequired\":true,\"valueName\":\"search_term_string\"}}],\"inLanguage\":\"en-US\"},{\"@type\":\"Person\",\"@id\":\"https:\/\/president-ksgov.net\/#\/schema\/person\/bb4337a5fb147cb2046d80548172cbee\",\"name\":\"admin\",\"image\":{\"@type\":\"ImageObject\",\"inLanguage\":\"en-US\",\"@id\":\"https:\/\/president-ksgov.net\/#\/schema\/person\/image\/\",\"url\":\"https:\/\/secure.gravatar.com\/avatar\/36156ca0fa3b8d9d25174f146e16beea0cf28f37adf1b9e19b6c9c279a7c9dd3?s=96&d=mm&r=g\",\"contentUrl\":\"https:\/\/secure.gravatar.com\/avatar\/36156ca0fa3b8d9d25174f146e16beea0cf28f37adf1b9e19b6c9c279a7c9dd3?s=96&d=mm&r=g\",\"caption\":\"admin\"},\"sameAs\":[\"https:\/\/president-ksgov.net\"]}]}<\/script>\n<!-- \/ Yoast SEO plugin. -->","yoast_head_json":{"title":"GLAUK KONJUFCA - President of the Republic of Kosovo - DR. VJOSA OSMANI - SADRIU","description":"GLAUK KONJUFCA - President of the Republic of Kosovo - DR. VJOSA OSMANI - SADRIU -","robots":{"index":"index","follow":"follow","max-snippet":"max-snippet:-1","max-image-preview":"max-image-preview:large","max-video-preview":"max-video-preview:-1"},"canonical":"https:\/\/president-ksgov.net\/glauk-konjufca\/","og_locale":"en_US","og_type":"article","og_title":"GLAUK KONJUFCA - President of the Republic of Kosovo - DR. VJOSA OSMANI - SADRIU","og_description":"GLAUK KONJUFCA - President of the Republic of Kosovo - DR. VJOSA OSMANI - SADRIU -","og_url":"https:\/\/president-ksgov.net\/glauk-konjufca\/","og_site_name":"President of the Republic of Kosovo - DR. VJOSA OSMANI - SADRIU","article_published_time":"2021-04-04T19:46:10+00:00","article_modified_time":"2023-03-07T09:12:10+00:00","og_image":[{"width":413,"height":531,"url":"https:\/\/president-ksgov.net\/wp-content\/uploads\/04_04_2021_8952534_GlaukKonjufca_kryetar_VV__agKtvmckXE.jpeg","type":"image\/jpeg"}],"author":"admin","twitter_card":"summary_large_image","twitter_misc":{"Written by":"admin","Est. reading time":"1 minute"},"schema":{"@context":"https:\/\/schema.org","@graph":[{"@type":"WebPage","@id":"https:\/\/president-ksgov.net\/glauk-konjufca\/","url":"https:\/\/president-ksgov.net\/glauk-konjufca\/","name":"GLAUK KONJUFCA - President of the Republic of Kosovo - DR. VJOSA OSMANI - SADRIU","isPartOf":{"@id":"https:\/\/president-ksgov.net\/#website"},"primaryImageOfPage":{"@id":"https:\/\/president-ksgov.net\/glauk-konjufca\/#primaryimage"},"image":{"@id":"https:\/\/president-ksgov.net\/glauk-konjufca\/#primaryimage"},"thumbnailUrl":"https:\/\/president-ksgov.net\/wp-content\/uploads\/04_04_2021_8952534_GlaukKonjufca_kryetar_VV__agKtvmckXE.jpeg","datePublished":"2021-04-04T19:46:10+00:00","dateModified":"2023-03-07T09:12:10+00:00","author":{"@id":"https:\/\/president-ksgov.net\/#\/schema\/person\/bb4337a5fb147cb2046d80548172cbee"},"description":"GLAUK KONJUFCA - President of the Republic of Kosovo - DR. VJOSA OSMANI - SADRIU -","breadcrumb":{"@id":"https:\/\/president-ksgov.net\/glauk-konjufca\/#breadcrumb"},"inLanguage":"en-US","potentialAction":[{"@type":"ReadAction","target":["https:\/\/president-ksgov.net\/glauk-konjufca\/"]}]},{"@type":"ImageObject","inLanguage":"en-US","@id":"https:\/\/president-ksgov.net\/glauk-konjufca\/#primaryimage","url":"https:\/\/president-ksgov.net\/wp-content\/uploads\/04_04_2021_8952534_GlaukKonjufca_kryetar_VV__agKtvmckXE.jpeg","contentUrl":"https:\/\/president-ksgov.net\/wp-content\/uploads\/04_04_2021_8952534_GlaukKonjufca_kryetar_VV__agKtvmckXE.jpeg","width":413,"height":531},{"@type":"BreadcrumbList","@id":"https:\/\/president-ksgov.net\/glauk-konjufca\/#breadcrumb","itemListElement":[{"@type":"ListItem","position":1,"name":"Home","item":"https:\/\/president-ksgov.net\/en\/"},{"@type":"ListItem","position":2,"name":"GLAUK KONJUFCA"}]},{"@type":"WebSite","@id":"https:\/\/president-ksgov.net\/#website","url":"https:\/\/president-ksgov.net\/","name":"Presidente e Republik\u00ebs s\u00eb Kosov\u00ebs","description":"Presidente e Republik\u00ebs s\u00eb Kosov\u00ebs","alternateName":"DR. VJOSA OSMANI - SADRIU","potentialAction":[{"@type":"SearchAction","target":{"@type":"EntryPoint","urlTemplate":"https:\/\/president-ksgov.net\/?s={search_term_string}"},"query-input":{"@type":"PropertyValueSpecification","valueRequired":true,"valueName":"search_term_string"}}],"inLanguage":"en-US"},{"@type":"Person","@id":"https:\/\/president-ksgov.net\/#\/schema\/person\/bb4337a5fb147cb2046d80548172cbee","name":"admin","image":{"@type":"ImageObject","inLanguage":"en-US","@id":"https:\/\/president-ksgov.net\/#\/schema\/person\/image\/","url":"https:\/\/secure.gravatar.com\/avatar\/36156ca0fa3b8d9d25174f146e16beea0cf28f37adf1b9e19b6c9c279a7c9dd3?s=96&d=mm&r=g","contentUrl":"https:\/\/secure.gravatar.com\/avatar\/36156ca0fa3b8d9d25174f146e16beea0cf28f37adf1b9e19b6c9c279a7c9dd3?s=96&d=mm&r=g","caption":"admin"},"sameAs":["https:\/\/president-ksgov.net"]}]}},"_links":{"self":[{"href":"https:\/\/president-ksgov.net\/en\/wp-json\/wp\/v2\/posts\/67537","targetHints":{"allow":["GET"]}}],"collection":[{"href":"https:\/\/president-ksgov.net\/en\/wp-json\/wp\/v2\/posts"}],"about":[{"href":"https:\/\/president-ksgov.net\/en\/wp-json\/wp\/v2\/types\/post"}],"author":[{"embeddable":true,"href":"https:\/\/president-ksgov.net\/en\/wp-json\/wp\/v2\/users\/1"}],"replies":[{"embeddable":true,"href":"https:\/\/president-ksgov.net\/en\/wp-json\/wp\/v2\/comments?post=67537"}],"version-history":[{"count":0,"href":"https:\/\/president-ksgov.net\/en\/wp-json\/wp\/v2\/posts\/67537\/revisions"}],"wp:featuredmedia":[{"embeddable":true,"href":"https:\/\/president-ksgov.net\/en\/wp-json\/wp\/v2\/media\/21693"}],"wp:attachment":[{"href":"https:\/\/president-ksgov.net\/en\/wp-json\/wp\/v2\/media?parent=67537"}],"wp:term":[{"taxonomy":"category","embeddable":true,"href":"https:\/\/president-ksgov.net\/en\/wp-json\/wp\/v2\/categories?post=67537"},{"taxonomy":"post_tag","embeddable":true,"href":"https:\/\/president-ksgov.net\/en\/wp-json\/wp\/v2\/tags?post=67537"}],"curies":[{"name":"wp","href":"https:\/\/api.w.org\/{rel}","templated":true}]}}