{"id":67532,"date":"2021-04-04T19:50:58","date_gmt":"2021-04-04T19:50:58","guid":{"rendered":"https:\/\/dev.president-ksgov.net\/vjosa-osmani-sadriu-i-elected-president-of-the-republic-of-kosovo\/"},"modified":"2023-03-07T09:12:10","modified_gmt":"2023-03-07T09:12:10","slug":"vjosa-osmani-sadriu-i-elected-president-of-the-republic-of-kosovo","status":"publish","type":"post","link":"https:\/\/president-ksgov.net\/en\/vjosa-osmani-sadriu-i-elected-president-of-the-republic-of-kosovo\/","title":{"rendered":"Vjosa Osmani \u2013 Sadriu i elected President of the Republic of Kosovo"},"content":{"rendered":"<p>Prishtina, April 4, 2021 &#8211; The Assembly of the Republic of Kosovo, with 71 votes in favor, elected today the President of the Republic of Kosovo, Dr. Vjosa Osmani- Sadriu, for a five-year term.<\/p>\n<p>In her oath before the MPs of the Assembly of Kosovo, President Osmani said:<\/p>\n<p>\u201cI swear that I will devote all my energy to preserving the independence, sovereignty and territorial integrity of the Republic of Kosovo, the insurance of human and civil freedoms and rights, the respecting and protection of the Constitution and laws, the safeguarding of peace and the well-being of all the citizens of the Republic of Kosovo and with conscience and responsibility will fulfill all my obligations\u201d, said the President of the Republic of Kosovo.\u00a0<\/p>\n","protected":false},"excerpt":{"rendered":"<p>Prishtina, April 4, 2021 &#8211; The Assembly of the Republic of Kosovo, with 71 votes in favor, elected today the President of the Republic of Kosovo, Dr. Vjosa Osmani- Sadriu, for a five-year term.<\/p>\n","protected":false},"author":1,"featured_media":21661,"comment_status":"open","ping_status":"closed","sticky":false,"template":"","format":"standard","meta":{"_eb_attr":"","footnotes":""},"categories":[111],"tags":[],"class_list":["post-67532","post","type-post","status-publish","format-standard","has-post-thumbnail","hentry","category-news"],"yoast_head":"<!-- This site is optimized with the Yoast SEO plugin v23.5 - https:\/\/yoast.com\/wordpress\/plugins\/seo\/ -->\n<title>Vjosa Osmani \u2013 Sadriu i elected President of the Republic of Kosovo - President of the Republic of Kosovo - DR. VJOSA OSMANI - SADRIU<\/title>\n<meta name=\"description\" content=\"Vjosa Osmani \u2013 Sadriu i elected President of the Republic of Kosovo - President of the Republic of Kosovo - DR. VJOSA OSMANI - SADRIU -\" \/>\n<meta name=\"robots\" content=\"index, follow, max-snippet:-1, max-image-preview:large, max-video-preview:-1\" \/>\n<link rel=\"canonical\" href=\"https:\/\/president-ksgov.net\/en\/vjosa-osmani-sadriu-i-elected-president-of-the-republic-of-kosovo\/\" \/>\n<meta property=\"og:locale\" content=\"en_US\" \/>\n<meta property=\"og:type\" content=\"article\" \/>\n<meta property=\"og:title\" content=\"Vjosa Osmani \u2013 Sadriu i elected President of the Republic of Kosovo - President of the Republic of Kosovo - DR. VJOSA OSMANI - SADRIU\" \/>\n<meta property=\"og:description\" content=\"Vjosa Osmani \u2013 Sadriu i elected President of the Republic of Kosovo - President of the Republic of Kosovo - DR. VJOSA OSMANI - SADRIU -\" \/>\n<meta property=\"og:url\" content=\"https:\/\/president-ksgov.net\/en\/vjosa-osmani-sadriu-i-elected-president-of-the-republic-of-kosovo\/\" \/>\n<meta property=\"og:site_name\" content=\"President of the Republic of Kosovo - DR. VJOSA OSMANI - SADRIU\" \/>\n<meta property=\"article:published_time\" content=\"2021-04-04T19:50:58+00:00\" \/>\n<meta property=\"article:modified_time\" content=\"2023-03-07T09:12:10+00:00\" \/>\n<meta property=\"og:image\" content=\"https:\/\/president-ksgov.net\/wp-content\/uploads\/05_04_2021_9116838_zgjedhja_5.jpg\" \/>\n\t<meta property=\"og:image:width\" content=\"960\" \/>\n\t<meta property=\"og:image:height\" content=\"638\" \/>\n\t<meta property=\"og:image:type\" content=\"image\/jpeg\" \/>\n<meta name=\"author\" content=\"admin\" \/>\n<meta name=\"twitter:card\" content=\"summary_large_image\" \/>\n<meta name=\"twitter:label1\" content=\"Written by\" \/>\n\t<meta name=\"twitter:data1\" content=\"admin\" \/>\n\t<meta name=\"twitter:label2\" content=\"Est. reading time\" \/>\n\t<meta name=\"twitter:data2\" content=\"1 minute\" \/>\n<script type=\"application\/ld+json\" class=\"yoast-schema-graph\">{\"@context\":\"https:\/\/schema.org\",\"@graph\":[{\"@type\":\"WebPage\",\"@id\":\"https:\/\/president-ksgov.net\/en\/vjosa-osmani-sadriu-i-elected-president-of-the-republic-of-kosovo\/\",\"url\":\"https:\/\/president-ksgov.net\/en\/vjosa-osmani-sadriu-i-elected-president-of-the-republic-of-kosovo\/\",\"name\":\"Vjosa Osmani \u2013 Sadriu i elected President of the Republic of Kosovo - President of the Republic of Kosovo - DR. VJOSA OSMANI - SADRIU\",\"isPartOf\":{\"@id\":\"https:\/\/president-ksgov.net\/#website\"},\"primaryImageOfPage\":{\"@id\":\"https:\/\/president-ksgov.net\/en\/vjosa-osmani-sadriu-i-elected-president-of-the-republic-of-kosovo\/#primaryimage\"},\"image\":{\"@id\":\"https:\/\/president-ksgov.net\/en\/vjosa-osmani-sadriu-i-elected-president-of-the-republic-of-kosovo\/#primaryimage\"},\"thumbnailUrl\":\"https:\/\/president-ksgov.net\/wp-content\/uploads\/05_04_2021_9116838_zgjedhja_5.jpg\",\"datePublished\":\"2021-04-04T19:50:58+00:00\",\"dateModified\":\"2023-03-07T09:12:10+00:00\",\"author\":{\"@id\":\"https:\/\/president-ksgov.net\/#\/schema\/person\/bb4337a5fb147cb2046d80548172cbee\"},\"description\":\"Vjosa Osmani \u2013 Sadriu i elected President of the Republic of Kosovo - President of the Republic of Kosovo - DR. VJOSA OSMANI - SADRIU -\",\"breadcrumb\":{\"@id\":\"https:\/\/president-ksgov.net\/en\/vjosa-osmani-sadriu-i-elected-president-of-the-republic-of-kosovo\/#breadcrumb\"},\"inLanguage\":\"en-US\",\"potentialAction\":[{\"@type\":\"ReadAction\",\"target\":[\"https:\/\/president-ksgov.net\/en\/vjosa-osmani-sadriu-i-elected-president-of-the-republic-of-kosovo\/\"]}]},{\"@type\":\"ImageObject\",\"inLanguage\":\"en-US\",\"@id\":\"https:\/\/president-ksgov.net\/en\/vjosa-osmani-sadriu-i-elected-president-of-the-republic-of-kosovo\/#primaryimage\",\"url\":\"https:\/\/president-ksgov.net\/wp-content\/uploads\/05_04_2021_9116838_zgjedhja_5.jpg\",\"contentUrl\":\"https:\/\/president-ksgov.net\/wp-content\/uploads\/05_04_2021_9116838_zgjedhja_5.jpg\",\"width\":960,\"height\":638},{\"@type\":\"BreadcrumbList\",\"@id\":\"https:\/\/president-ksgov.net\/en\/vjosa-osmani-sadriu-i-elected-president-of-the-republic-of-kosovo\/#breadcrumb\",\"itemListElement\":[{\"@type\":\"ListItem\",\"position\":1,\"name\":\"Home\",\"item\":\"https:\/\/president-ksgov.net\/en\/\"},{\"@type\":\"ListItem\",\"position\":2,\"name\":\"Vjosa Osmani \u2013 Sadriu i elected President of the Republic of Kosovo\"}]},{\"@type\":\"WebSite\",\"@id\":\"https:\/\/president-ksgov.net\/#website\",\"url\":\"https:\/\/president-ksgov.net\/\",\"name\":\"Presidente e Republik\u00ebs s\u00eb Kosov\u00ebs\",\"description\":\"Presidente e Republik\u00ebs s\u00eb Kosov\u00ebs\",\"alternateName\":\"DR. VJOSA OSMANI - SADRIU\",\"potentialAction\":[{\"@type\":\"SearchAction\",\"target\":{\"@type\":\"EntryPoint\",\"urlTemplate\":\"https:\/\/president-ksgov.net\/?s={search_term_string}\"},\"query-input\":{\"@type\":\"PropertyValueSpecification\",\"valueRequired\":true,\"valueName\":\"search_term_string\"}}],\"inLanguage\":\"en-US\"},{\"@type\":\"Person\",\"@id\":\"https:\/\/president-ksgov.net\/#\/schema\/person\/bb4337a5fb147cb2046d80548172cbee\",\"name\":\"admin\",\"image\":{\"@type\":\"ImageObject\",\"inLanguage\":\"en-US\",\"@id\":\"https:\/\/president-ksgov.net\/#\/schema\/person\/image\/\",\"url\":\"https:\/\/secure.gravatar.com\/avatar\/36156ca0fa3b8d9d25174f146e16beea0cf28f37adf1b9e19b6c9c279a7c9dd3?s=96&d=mm&r=g\",\"contentUrl\":\"https:\/\/secure.gravatar.com\/avatar\/36156ca0fa3b8d9d25174f146e16beea0cf28f37adf1b9e19b6c9c279a7c9dd3?s=96&d=mm&r=g\",\"caption\":\"admin\"},\"sameAs\":[\"https:\/\/president-ksgov.net\"]}]}<\/script>\n<!-- \/ Yoast SEO plugin. -->","yoast_head_json":{"title":"Vjosa Osmani \u2013 Sadriu i elected President of the Republic of Kosovo - President of the Republic of Kosovo - DR. VJOSA OSMANI - SADRIU","description":"Vjosa Osmani \u2013 Sadriu i elected President of the Republic of Kosovo - President of the Republic of Kosovo - DR. VJOSA OSMANI - SADRIU -","robots":{"index":"index","follow":"follow","max-snippet":"max-snippet:-1","max-image-preview":"max-image-preview:large","max-video-preview":"max-video-preview:-1"},"canonical":"https:\/\/president-ksgov.net\/en\/vjosa-osmani-sadriu-i-elected-president-of-the-republic-of-kosovo\/","og_locale":"en_US","og_type":"article","og_title":"Vjosa Osmani \u2013 Sadriu i elected President of the Republic of Kosovo - President of the Republic of Kosovo - DR. VJOSA OSMANI - SADRIU","og_description":"Vjosa Osmani \u2013 Sadriu i elected President of the Republic of Kosovo - President of the Republic of Kosovo - DR. VJOSA OSMANI - SADRIU -","og_url":"https:\/\/president-ksgov.net\/en\/vjosa-osmani-sadriu-i-elected-president-of-the-republic-of-kosovo\/","og_site_name":"President of the Republic of Kosovo - DR. VJOSA OSMANI - SADRIU","article_published_time":"2021-04-04T19:50:58+00:00","article_modified_time":"2023-03-07T09:12:10+00:00","og_image":[{"width":960,"height":638,"url":"https:\/\/president-ksgov.net\/wp-content\/uploads\/05_04_2021_9116838_zgjedhja_5.jpg","type":"image\/jpeg"}],"author":"admin","twitter_card":"summary_large_image","twitter_misc":{"Written by":"admin","Est. reading time":"1 minute"},"schema":{"@context":"https:\/\/schema.org","@graph":[{"@type":"WebPage","@id":"https:\/\/president-ksgov.net\/en\/vjosa-osmani-sadriu-i-elected-president-of-the-republic-of-kosovo\/","url":"https:\/\/president-ksgov.net\/en\/vjosa-osmani-sadriu-i-elected-president-of-the-republic-of-kosovo\/","name":"Vjosa Osmani \u2013 Sadriu i elected President of the Republic of Kosovo - President of the Republic of Kosovo - DR. VJOSA OSMANI - SADRIU","isPartOf":{"@id":"https:\/\/president-ksgov.net\/#website"},"primaryImageOfPage":{"@id":"https:\/\/president-ksgov.net\/en\/vjosa-osmani-sadriu-i-elected-president-of-the-republic-of-kosovo\/#primaryimage"},"image":{"@id":"https:\/\/president-ksgov.net\/en\/vjosa-osmani-sadriu-i-elected-president-of-the-republic-of-kosovo\/#primaryimage"},"thumbnailUrl":"https:\/\/president-ksgov.net\/wp-content\/uploads\/05_04_2021_9116838_zgjedhja_5.jpg","datePublished":"2021-04-04T19:50:58+00:00","dateModified":"2023-03-07T09:12:10+00:00","author":{"@id":"https:\/\/president-ksgov.net\/#\/schema\/person\/bb4337a5fb147cb2046d80548172cbee"},"description":"Vjosa Osmani \u2013 Sadriu i elected President of the Republic of Kosovo - President of the Republic of Kosovo - DR. VJOSA OSMANI - SADRIU -","breadcrumb":{"@id":"https:\/\/president-ksgov.net\/en\/vjosa-osmani-sadriu-i-elected-president-of-the-republic-of-kosovo\/#breadcrumb"},"inLanguage":"en-US","potentialAction":[{"@type":"ReadAction","target":["https:\/\/president-ksgov.net\/en\/vjosa-osmani-sadriu-i-elected-president-of-the-republic-of-kosovo\/"]}]},{"@type":"ImageObject","inLanguage":"en-US","@id":"https:\/\/president-ksgov.net\/en\/vjosa-osmani-sadriu-i-elected-president-of-the-republic-of-kosovo\/#primaryimage","url":"https:\/\/president-ksgov.net\/wp-content\/uploads\/05_04_2021_9116838_zgjedhja_5.jpg","contentUrl":"https:\/\/president-ksgov.net\/wp-content\/uploads\/05_04_2021_9116838_zgjedhja_5.jpg","width":960,"height":638},{"@type":"BreadcrumbList","@id":"https:\/\/president-ksgov.net\/en\/vjosa-osmani-sadriu-i-elected-president-of-the-republic-of-kosovo\/#breadcrumb","itemListElement":[{"@type":"ListItem","position":1,"name":"Home","item":"https:\/\/president-ksgov.net\/en\/"},{"@type":"ListItem","position":2,"name":"Vjosa Osmani \u2013 Sadriu i elected President of the Republic of Kosovo"}]},{"@type":"WebSite","@id":"https:\/\/president-ksgov.net\/#website","url":"https:\/\/president-ksgov.net\/","name":"Presidente e Republik\u00ebs s\u00eb Kosov\u00ebs","description":"Presidente e Republik\u00ebs s\u00eb Kosov\u00ebs","alternateName":"DR. VJOSA OSMANI - SADRIU","potentialAction":[{"@type":"SearchAction","target":{"@type":"EntryPoint","urlTemplate":"https:\/\/president-ksgov.net\/?s={search_term_string}"},"query-input":{"@type":"PropertyValueSpecification","valueRequired":true,"valueName":"search_term_string"}}],"inLanguage":"en-US"},{"@type":"Person","@id":"https:\/\/president-ksgov.net\/#\/schema\/person\/bb4337a5fb147cb2046d80548172cbee","name":"admin","image":{"@type":"ImageObject","inLanguage":"en-US","@id":"https:\/\/president-ksgov.net\/#\/schema\/person\/image\/","url":"https:\/\/secure.gravatar.com\/avatar\/36156ca0fa3b8d9d25174f146e16beea0cf28f37adf1b9e19b6c9c279a7c9dd3?s=96&d=mm&r=g","contentUrl":"https:\/\/secure.gravatar.com\/avatar\/36156ca0fa3b8d9d25174f146e16beea0cf28f37adf1b9e19b6c9c279a7c9dd3?s=96&d=mm&r=g","caption":"admin"},"sameAs":["https:\/\/president-ksgov.net"]}]}},"_links":{"self":[{"href":"https:\/\/president-ksgov.net\/en\/wp-json\/wp\/v2\/posts\/67532","targetHints":{"allow":["GET"]}}],"collection":[{"href":"https:\/\/president-ksgov.net\/en\/wp-json\/wp\/v2\/posts"}],"about":[{"href":"https:\/\/president-ksgov.net\/en\/wp-json\/wp\/v2\/types\/post"}],"author":[{"embeddable":true,"href":"https:\/\/president-ksgov.net\/en\/wp-json\/wp\/v2\/users\/1"}],"replies":[{"embeddable":true,"href":"https:\/\/president-ksgov.net\/en\/wp-json\/wp\/v2\/comments?post=67532"}],"version-history":[{"count":0,"href":"https:\/\/president-ksgov.net\/en\/wp-json\/wp\/v2\/posts\/67532\/revisions"}],"wp:featuredmedia":[{"embeddable":true,"href":"https:\/\/president-ksgov.net\/en\/wp-json\/wp\/v2\/media\/21661"}],"wp:attachment":[{"href":"https:\/\/president-ksgov.net\/en\/wp-json\/wp\/v2\/media?parent=67532"}],"wp:term":[{"taxonomy":"category","embeddable":true,"href":"https:\/\/president-ksgov.net\/en\/wp-json\/wp\/v2\/categories?post=67532"},{"taxonomy":"post_tag","embeddable":true,"href":"https:\/\/president-ksgov.net\/en\/wp-json\/wp\/v2\/tags?post=67532"}],"curies":[{"name":"wp","href":"https:\/\/api.w.org\/{rel}","templated":true}]}}