{"id":67527,"date":"2021-04-06T16:17:38","date_gmt":"2021-04-06T16:17:38","guid":{"rendered":"https:\/\/dev.president-ksgov.net\/today-the-inauguration-ceremony-of-the-president-of-the-republic-of-kosovo-dr-vjosa-osmani-sadriu-was-held\/"},"modified":"2023-03-07T09:12:10","modified_gmt":"2023-03-07T09:12:10","slug":"today-the-inauguration-ceremony-of-the-president-of-the-republic-of-kosovo-dr-vjosa-osmani-sadriu-was-held","status":"publish","type":"post","link":"https:\/\/president-ksgov.net\/en\/today-the-inauguration-ceremony-of-the-president-of-the-republic-of-kosovo-dr-vjosa-osmani-sadriu-was-held\/","title":{"rendered":"Today, the Inauguration Ceremony of the President of the Republic of Kosovo, Dr. Vjosa Osmani \u2013 Sadriu, was held"},"content":{"rendered":"<p>The ceremony started with the arrival of the President of the Republic of Kosovo, H.E. Vjosa Osmani-Sadriu, at the \u201cIbrahim Rugova\u201d Square, where she was received by the Speaker of the Assembly, Mr. Glauk Konjufca.<\/p>\n<p>Afterwards, the lining up ceremony of the troops of the Ceremonial Platoon of the Kosovo Security Force took place. After that, Speaker Konjufca handed over the Constitution of the Republic of Kosovo to President Osmani.<\/p>\n<p>This ceremony took place with a symbolic number of guests, due to the situation with the Covid-19 pandemic.<\/p>\n<p>It was attended by the Ambassadors of the Quint states, Prime Minister Albin Kurti and some of the Ministers of the Government of Kosovo.\u00a0<\/p>\n","protected":false},"excerpt":{"rendered":"<p>The ceremony started with the arrival of the President of the Republic of Kosovo, H.E. Vjosa Osmani-Sadriu, at the \u201cIbrahim Rugova\u201d Square, where she was received by the Speaker of the Assembly, Mr. Glauk Konjufca.<\/p>\n","protected":false},"author":1,"featured_media":21632,"comment_status":"open","ping_status":"closed","sticky":false,"template":"","format":"standard","meta":{"_eb_attr":"","footnotes":""},"categories":[111],"tags":[],"class_list":["post-67527","post","type-post","status-publish","format-standard","has-post-thumbnail","hentry","category-news"],"yoast_head":"<!-- This site is optimized with the Yoast SEO plugin v23.5 - https:\/\/yoast.com\/wordpress\/plugins\/seo\/ -->\n<title>Today, the Inauguration Ceremony of the President of the Republic of Kosovo, Dr. Vjosa Osmani \u2013 Sadriu, was held - President of the Republic of Kosovo - DR. VJOSA OSMANI - SADRIU<\/title>\n<meta name=\"description\" content=\"Today, the Inauguration Ceremony of the President of the Republic of Kosovo, Dr. Vjosa Osmani \u2013 Sadriu, was held - President of the Republic of Kosovo - DR. VJOSA OSMANI - SADRIU -\" \/>\n<meta name=\"robots\" content=\"index, follow, max-snippet:-1, max-image-preview:large, max-video-preview:-1\" \/>\n<link rel=\"canonical\" href=\"https:\/\/president-ksgov.net\/en\/today-the-inauguration-ceremony-of-the-president-of-the-republic-of-kosovo-dr-vjosa-osmani-sadriu-was-held\/\" \/>\n<meta property=\"og:locale\" content=\"en_US\" \/>\n<meta property=\"og:type\" content=\"article\" \/>\n<meta property=\"og:title\" content=\"Today, the Inauguration Ceremony of the President of the Republic of Kosovo, Dr. Vjosa Osmani \u2013 Sadriu, was held - President of the Republic of Kosovo - DR. VJOSA OSMANI - SADRIU\" \/>\n<meta property=\"og:description\" content=\"Today, the Inauguration Ceremony of the President of the Republic of Kosovo, Dr. Vjosa Osmani \u2013 Sadriu, was held - President of the Republic of Kosovo - DR. VJOSA OSMANI - SADRIU -\" \/>\n<meta property=\"og:url\" content=\"https:\/\/president-ksgov.net\/en\/today-the-inauguration-ceremony-of-the-president-of-the-republic-of-kosovo-dr-vjosa-osmani-sadriu-was-held\/\" \/>\n<meta property=\"og:site_name\" content=\"President of the Republic of Kosovo - DR. VJOSA OSMANI - SADRIU\" \/>\n<meta property=\"article:published_time\" content=\"2021-04-06T16:17:38+00:00\" \/>\n<meta property=\"article:modified_time\" content=\"2023-03-07T09:12:10+00:00\" \/>\n<meta property=\"og:image\" content=\"https:\/\/president-ksgov.net\/wp-content\/uploads\/06_04_2021_2185550_170729757_606423086907791_541980532172576252_n.jpg\" \/>\n\t<meta property=\"og:image:width\" content=\"2048\" \/>\n\t<meta property=\"og:image:height\" content=\"1367\" \/>\n\t<meta property=\"og:image:type\" content=\"image\/jpeg\" \/>\n<meta name=\"author\" content=\"admin\" \/>\n<meta name=\"twitter:card\" content=\"summary_large_image\" \/>\n<meta name=\"twitter:label1\" content=\"Written by\" \/>\n\t<meta name=\"twitter:data1\" content=\"admin\" \/>\n\t<meta name=\"twitter:label2\" content=\"Est. reading time\" \/>\n\t<meta name=\"twitter:data2\" content=\"1 minute\" \/>\n<script type=\"application\/ld+json\" class=\"yoast-schema-graph\">{\"@context\":\"https:\/\/schema.org\",\"@graph\":[{\"@type\":\"WebPage\",\"@id\":\"https:\/\/president-ksgov.net\/en\/today-the-inauguration-ceremony-of-the-president-of-the-republic-of-kosovo-dr-vjosa-osmani-sadriu-was-held\/\",\"url\":\"https:\/\/president-ksgov.net\/en\/today-the-inauguration-ceremony-of-the-president-of-the-republic-of-kosovo-dr-vjosa-osmani-sadriu-was-held\/\",\"name\":\"Today, the Inauguration Ceremony of the President of the Republic of Kosovo, Dr. Vjosa Osmani \u2013 Sadriu, was held - President of the Republic of Kosovo - DR. VJOSA OSMANI - SADRIU\",\"isPartOf\":{\"@id\":\"https:\/\/president-ksgov.net\/#website\"},\"primaryImageOfPage\":{\"@id\":\"https:\/\/president-ksgov.net\/en\/today-the-inauguration-ceremony-of-the-president-of-the-republic-of-kosovo-dr-vjosa-osmani-sadriu-was-held\/#primaryimage\"},\"image\":{\"@id\":\"https:\/\/president-ksgov.net\/en\/today-the-inauguration-ceremony-of-the-president-of-the-republic-of-kosovo-dr-vjosa-osmani-sadriu-was-held\/#primaryimage\"},\"thumbnailUrl\":\"https:\/\/president-ksgov.net\/wp-content\/uploads\/06_04_2021_2185550_170729757_606423086907791_541980532172576252_n.jpg\",\"datePublished\":\"2021-04-06T16:17:38+00:00\",\"dateModified\":\"2023-03-07T09:12:10+00:00\",\"author\":{\"@id\":\"https:\/\/president-ksgov.net\/#\/schema\/person\/bb4337a5fb147cb2046d80548172cbee\"},\"description\":\"Today, the Inauguration Ceremony of the President of the Republic of Kosovo, Dr. Vjosa Osmani \u2013 Sadriu, was held - President of the Republic of Kosovo - DR. VJOSA OSMANI - SADRIU -\",\"breadcrumb\":{\"@id\":\"https:\/\/president-ksgov.net\/en\/today-the-inauguration-ceremony-of-the-president-of-the-republic-of-kosovo-dr-vjosa-osmani-sadriu-was-held\/#breadcrumb\"},\"inLanguage\":\"en-US\",\"potentialAction\":[{\"@type\":\"ReadAction\",\"target\":[\"https:\/\/president-ksgov.net\/en\/today-the-inauguration-ceremony-of-the-president-of-the-republic-of-kosovo-dr-vjosa-osmani-sadriu-was-held\/\"]}]},{\"@type\":\"ImageObject\",\"inLanguage\":\"en-US\",\"@id\":\"https:\/\/president-ksgov.net\/en\/today-the-inauguration-ceremony-of-the-president-of-the-republic-of-kosovo-dr-vjosa-osmani-sadriu-was-held\/#primaryimage\",\"url\":\"https:\/\/president-ksgov.net\/wp-content\/uploads\/06_04_2021_2185550_170729757_606423086907791_541980532172576252_n.jpg\",\"contentUrl\":\"https:\/\/president-ksgov.net\/wp-content\/uploads\/06_04_2021_2185550_170729757_606423086907791_541980532172576252_n.jpg\",\"width\":2048,\"height\":1367},{\"@type\":\"BreadcrumbList\",\"@id\":\"https:\/\/president-ksgov.net\/en\/today-the-inauguration-ceremony-of-the-president-of-the-republic-of-kosovo-dr-vjosa-osmani-sadriu-was-held\/#breadcrumb\",\"itemListElement\":[{\"@type\":\"ListItem\",\"position\":1,\"name\":\"Home\",\"item\":\"https:\/\/president-ksgov.net\/en\/\"},{\"@type\":\"ListItem\",\"position\":2,\"name\":\"Today, the Inauguration Ceremony of the President of the Republic of Kosovo, Dr. Vjosa Osmani \u2013 Sadriu, was held\"}]},{\"@type\":\"WebSite\",\"@id\":\"https:\/\/president-ksgov.net\/#website\",\"url\":\"https:\/\/president-ksgov.net\/\",\"name\":\"Presidente e Republik\u00ebs s\u00eb Kosov\u00ebs\",\"description\":\"Presidente e Republik\u00ebs s\u00eb Kosov\u00ebs\",\"alternateName\":\"DR. VJOSA OSMANI - SADRIU\",\"potentialAction\":[{\"@type\":\"SearchAction\",\"target\":{\"@type\":\"EntryPoint\",\"urlTemplate\":\"https:\/\/president-ksgov.net\/?s={search_term_string}\"},\"query-input\":{\"@type\":\"PropertyValueSpecification\",\"valueRequired\":true,\"valueName\":\"search_term_string\"}}],\"inLanguage\":\"en-US\"},{\"@type\":\"Person\",\"@id\":\"https:\/\/president-ksgov.net\/#\/schema\/person\/bb4337a5fb147cb2046d80548172cbee\",\"name\":\"admin\",\"image\":{\"@type\":\"ImageObject\",\"inLanguage\":\"en-US\",\"@id\":\"https:\/\/president-ksgov.net\/#\/schema\/person\/image\/\",\"url\":\"https:\/\/secure.gravatar.com\/avatar\/36156ca0fa3b8d9d25174f146e16beea0cf28f37adf1b9e19b6c9c279a7c9dd3?s=96&d=mm&r=g\",\"contentUrl\":\"https:\/\/secure.gravatar.com\/avatar\/36156ca0fa3b8d9d25174f146e16beea0cf28f37adf1b9e19b6c9c279a7c9dd3?s=96&d=mm&r=g\",\"caption\":\"admin\"},\"sameAs\":[\"https:\/\/president-ksgov.net\"]}]}<\/script>\n<!-- \/ Yoast SEO plugin. -->","yoast_head_json":{"title":"Today, the Inauguration Ceremony of the President of the Republic of Kosovo, Dr. Vjosa Osmani \u2013 Sadriu, was held - President of the Republic of Kosovo - DR. VJOSA OSMANI - SADRIU","description":"Today, the Inauguration Ceremony of the President of the Republic of Kosovo, Dr. Vjosa Osmani \u2013 Sadriu, was held - President of the Republic of Kosovo - DR. VJOSA OSMANI - SADRIU -","robots":{"index":"index","follow":"follow","max-snippet":"max-snippet:-1","max-image-preview":"max-image-preview:large","max-video-preview":"max-video-preview:-1"},"canonical":"https:\/\/president-ksgov.net\/en\/today-the-inauguration-ceremony-of-the-president-of-the-republic-of-kosovo-dr-vjosa-osmani-sadriu-was-held\/","og_locale":"en_US","og_type":"article","og_title":"Today, the Inauguration Ceremony of the President of the Republic of Kosovo, Dr. Vjosa Osmani \u2013 Sadriu, was held - President of the Republic of Kosovo - DR. VJOSA OSMANI - SADRIU","og_description":"Today, the Inauguration Ceremony of the President of the Republic of Kosovo, Dr. Vjosa Osmani \u2013 Sadriu, was held - President of the Republic of Kosovo - DR. VJOSA OSMANI - SADRIU -","og_url":"https:\/\/president-ksgov.net\/en\/today-the-inauguration-ceremony-of-the-president-of-the-republic-of-kosovo-dr-vjosa-osmani-sadriu-was-held\/","og_site_name":"President of the Republic of Kosovo - DR. VJOSA OSMANI - SADRIU","article_published_time":"2021-04-06T16:17:38+00:00","article_modified_time":"2023-03-07T09:12:10+00:00","og_image":[{"width":2048,"height":1367,"url":"https:\/\/president-ksgov.net\/wp-content\/uploads\/06_04_2021_2185550_170729757_606423086907791_541980532172576252_n.jpg","type":"image\/jpeg"}],"author":"admin","twitter_card":"summary_large_image","twitter_misc":{"Written by":"admin","Est. reading time":"1 minute"},"schema":{"@context":"https:\/\/schema.org","@graph":[{"@type":"WebPage","@id":"https:\/\/president-ksgov.net\/en\/today-the-inauguration-ceremony-of-the-president-of-the-republic-of-kosovo-dr-vjosa-osmani-sadriu-was-held\/","url":"https:\/\/president-ksgov.net\/en\/today-the-inauguration-ceremony-of-the-president-of-the-republic-of-kosovo-dr-vjosa-osmani-sadriu-was-held\/","name":"Today, the Inauguration Ceremony of the President of the Republic of Kosovo, Dr. Vjosa Osmani \u2013 Sadriu, was held - President of the Republic of Kosovo - DR. VJOSA OSMANI - SADRIU","isPartOf":{"@id":"https:\/\/president-ksgov.net\/#website"},"primaryImageOfPage":{"@id":"https:\/\/president-ksgov.net\/en\/today-the-inauguration-ceremony-of-the-president-of-the-republic-of-kosovo-dr-vjosa-osmani-sadriu-was-held\/#primaryimage"},"image":{"@id":"https:\/\/president-ksgov.net\/en\/today-the-inauguration-ceremony-of-the-president-of-the-republic-of-kosovo-dr-vjosa-osmani-sadriu-was-held\/#primaryimage"},"thumbnailUrl":"https:\/\/president-ksgov.net\/wp-content\/uploads\/06_04_2021_2185550_170729757_606423086907791_541980532172576252_n.jpg","datePublished":"2021-04-06T16:17:38+00:00","dateModified":"2023-03-07T09:12:10+00:00","author":{"@id":"https:\/\/president-ksgov.net\/#\/schema\/person\/bb4337a5fb147cb2046d80548172cbee"},"description":"Today, the Inauguration Ceremony of the President of the Republic of Kosovo, Dr. Vjosa Osmani \u2013 Sadriu, was held - President of the Republic of Kosovo - DR. VJOSA OSMANI - SADRIU -","breadcrumb":{"@id":"https:\/\/president-ksgov.net\/en\/today-the-inauguration-ceremony-of-the-president-of-the-republic-of-kosovo-dr-vjosa-osmani-sadriu-was-held\/#breadcrumb"},"inLanguage":"en-US","potentialAction":[{"@type":"ReadAction","target":["https:\/\/president-ksgov.net\/en\/today-the-inauguration-ceremony-of-the-president-of-the-republic-of-kosovo-dr-vjosa-osmani-sadriu-was-held\/"]}]},{"@type":"ImageObject","inLanguage":"en-US","@id":"https:\/\/president-ksgov.net\/en\/today-the-inauguration-ceremony-of-the-president-of-the-republic-of-kosovo-dr-vjosa-osmani-sadriu-was-held\/#primaryimage","url":"https:\/\/president-ksgov.net\/wp-content\/uploads\/06_04_2021_2185550_170729757_606423086907791_541980532172576252_n.jpg","contentUrl":"https:\/\/president-ksgov.net\/wp-content\/uploads\/06_04_2021_2185550_170729757_606423086907791_541980532172576252_n.jpg","width":2048,"height":1367},{"@type":"BreadcrumbList","@id":"https:\/\/president-ksgov.net\/en\/today-the-inauguration-ceremony-of-the-president-of-the-republic-of-kosovo-dr-vjosa-osmani-sadriu-was-held\/#breadcrumb","itemListElement":[{"@type":"ListItem","position":1,"name":"Home","item":"https:\/\/president-ksgov.net\/en\/"},{"@type":"ListItem","position":2,"name":"Today, the Inauguration Ceremony of the President of the Republic of Kosovo, Dr. Vjosa Osmani \u2013 Sadriu, was held"}]},{"@type":"WebSite","@id":"https:\/\/president-ksgov.net\/#website","url":"https:\/\/president-ksgov.net\/","name":"Presidente e Republik\u00ebs s\u00eb Kosov\u00ebs","description":"Presidente e Republik\u00ebs s\u00eb Kosov\u00ebs","alternateName":"DR. VJOSA OSMANI - SADRIU","potentialAction":[{"@type":"SearchAction","target":{"@type":"EntryPoint","urlTemplate":"https:\/\/president-ksgov.net\/?s={search_term_string}"},"query-input":{"@type":"PropertyValueSpecification","valueRequired":true,"valueName":"search_term_string"}}],"inLanguage":"en-US"},{"@type":"Person","@id":"https:\/\/president-ksgov.net\/#\/schema\/person\/bb4337a5fb147cb2046d80548172cbee","name":"admin","image":{"@type":"ImageObject","inLanguage":"en-US","@id":"https:\/\/president-ksgov.net\/#\/schema\/person\/image\/","url":"https:\/\/secure.gravatar.com\/avatar\/36156ca0fa3b8d9d25174f146e16beea0cf28f37adf1b9e19b6c9c279a7c9dd3?s=96&d=mm&r=g","contentUrl":"https:\/\/secure.gravatar.com\/avatar\/36156ca0fa3b8d9d25174f146e16beea0cf28f37adf1b9e19b6c9c279a7c9dd3?s=96&d=mm&r=g","caption":"admin"},"sameAs":["https:\/\/president-ksgov.net"]}]}},"_links":{"self":[{"href":"https:\/\/president-ksgov.net\/en\/wp-json\/wp\/v2\/posts\/67527","targetHints":{"allow":["GET"]}}],"collection":[{"href":"https:\/\/president-ksgov.net\/en\/wp-json\/wp\/v2\/posts"}],"about":[{"href":"https:\/\/president-ksgov.net\/en\/wp-json\/wp\/v2\/types\/post"}],"author":[{"embeddable":true,"href":"https:\/\/president-ksgov.net\/en\/wp-json\/wp\/v2\/users\/1"}],"replies":[{"embeddable":true,"href":"https:\/\/president-ksgov.net\/en\/wp-json\/wp\/v2\/comments?post=67527"}],"version-history":[{"count":0,"href":"https:\/\/president-ksgov.net\/en\/wp-json\/wp\/v2\/posts\/67527\/revisions"}],"wp:featuredmedia":[{"embeddable":true,"href":"https:\/\/president-ksgov.net\/en\/wp-json\/wp\/v2\/media\/21632"}],"wp:attachment":[{"href":"https:\/\/president-ksgov.net\/en\/wp-json\/wp\/v2\/media?parent=67527"}],"wp:term":[{"taxonomy":"category","embeddable":true,"href":"https:\/\/president-ksgov.net\/en\/wp-json\/wp\/v2\/categories?post=67527"},{"taxonomy":"post_tag","embeddable":true,"href":"https:\/\/president-ksgov.net\/en\/wp-json\/wp\/v2\/tags?post=67527"}],"curies":[{"name":"wp","href":"https:\/\/api.w.org\/{rel}","templated":true}]}}