{"id":67522,"date":"2021-04-06T16:56:48","date_gmt":"2021-04-06T16:56:48","guid":{"rendered":"https:\/\/dev.president-ksgov.net\/president-osmani-the-ksf-ready-for-nato-membership\/"},"modified":"2023-03-07T09:12:10","modified_gmt":"2023-03-07T09:12:10","slug":"president-osmani-the-ksf-ready-for-nato-membership","status":"publish","type":"post","link":"https:\/\/president-ksgov.net\/en\/president-osmani-the-ksf-ready-for-nato-membership\/","title":{"rendered":"President Osmani: The KSF ready for NATO membership"},"content":{"rendered":"<p>Today, President Vjosa Osmani-Sadriu received in a meeting the General Commander of the KSF, Lieutenant General Rrahman Rama with the team of Generals of the Force.<\/p>\n<p>President Osmani congratulated the KSF for the work done so far and gave further support.<\/p>\n<p>\u201cI am very convinced that as they have been until today, the Kosovo Security Force, our army, will continue to remain example of professionalism and trust that citizens have in relation to them. Exactly this high credibility in relation to the Security Force, has influenced it to move forward more and more every day, and every day more and more to prove to each of us, but also to the whole world that our army is ready to move towards NATO membership, as our strategic goal\u201d, President Osmani emphasized.<\/p>\n<p>Mrs. Osman said that as the Supreme Commander of the KSF, she will support it so that the transition process is done as soon as possible.<\/p>\n<p>\u201cWe must have the necessary budget support in order for this transition to be completed on time, and ideally it would be if we could finish it earlier, and of course to provide the greatest international support for bilateral cooperation for the KSF to have it and to advance it with the states separately, but also, as I said, participation in multilateral organizations, and especially there where our main goal is\u201d, stressed the President.<\/p>\n<p>Whereas, Lieutenant General Rama said that the Kosovo Security Force is one of the most reliable institutions, thanks to the commitment, dedication, discipline, professionalism shown from soldiers to the highest level. \u201cAs far as the Kosovo Security Force is concerned, we are ready 24\/7 to come to the aid of all citizens of the Republic of Kosovo without distinction\u201d, marked Lieutenant General Rama.\u00a0<\/p>\n","protected":false},"excerpt":{"rendered":"<p>Today, President Vjosa Osmani-Sadriu received in a meeting the General Commander of the KSF, Lieutenant General Rrahman Rama with the team of Generals of the Force.<\/p>\n","protected":false},"author":1,"featured_media":21540,"comment_status":"open","ping_status":"closed","sticky":false,"template":"","format":"standard","meta":{"_eb_attr":"","footnotes":""},"categories":[111],"tags":[],"class_list":["post-67522","post","type-post","status-publish","format-standard","has-post-thumbnail","hentry","category-news"],"yoast_head":"<!-- This site is optimized with the Yoast SEO plugin v23.5 - https:\/\/yoast.com\/wordpress\/plugins\/seo\/ -->\n<title>President Osmani: The KSF ready for NATO membership - President of the Republic of Kosovo - DR. VJOSA OSMANI - SADRIU<\/title>\n<meta name=\"description\" content=\"President Osmani: The KSF ready for NATO membership - President of the Republic of Kosovo - DR. VJOSA OSMANI - SADRIU -\" \/>\n<meta name=\"robots\" content=\"index, follow, max-snippet:-1, max-image-preview:large, max-video-preview:-1\" \/>\n<link rel=\"canonical\" href=\"https:\/\/president-ksgov.net\/en\/president-osmani-the-ksf-ready-for-nato-membership\/\" \/>\n<meta property=\"og:locale\" content=\"en_US\" \/>\n<meta property=\"og:type\" content=\"article\" \/>\n<meta property=\"og:title\" content=\"President Osmani: The KSF ready for NATO membership - President of the Republic of Kosovo - DR. VJOSA OSMANI - SADRIU\" \/>\n<meta property=\"og:description\" content=\"President Osmani: The KSF ready for NATO membership - President of the Republic of Kosovo - DR. VJOSA OSMANI - SADRIU -\" \/>\n<meta property=\"og:url\" content=\"https:\/\/president-ksgov.net\/en\/president-osmani-the-ksf-ready-for-nato-membership\/\" \/>\n<meta property=\"og:site_name\" content=\"President of the Republic of Kosovo - DR. VJOSA OSMANI - SADRIU\" \/>\n<meta property=\"article:published_time\" content=\"2021-04-06T16:56:48+00:00\" \/>\n<meta property=\"article:modified_time\" content=\"2023-03-07T09:12:10+00:00\" \/>\n<meta property=\"og:image\" content=\"https:\/\/president-ksgov.net\/wp-content\/uploads\/06_04_2021_5580753_169525422_305594504317134_6261908768514868444_n.jpg\" \/>\n\t<meta property=\"og:image:width\" content=\"2048\" \/>\n\t<meta property=\"og:image:height\" content=\"1365\" \/>\n\t<meta property=\"og:image:type\" content=\"image\/jpeg\" \/>\n<meta name=\"author\" content=\"admin\" \/>\n<meta name=\"twitter:card\" content=\"summary_large_image\" \/>\n<meta name=\"twitter:label1\" content=\"Written by\" \/>\n\t<meta name=\"twitter:data1\" content=\"admin\" \/>\n\t<meta name=\"twitter:label2\" content=\"Est. reading time\" \/>\n\t<meta name=\"twitter:data2\" content=\"1 minute\" \/>\n<script type=\"application\/ld+json\" class=\"yoast-schema-graph\">{\"@context\":\"https:\/\/schema.org\",\"@graph\":[{\"@type\":\"WebPage\",\"@id\":\"https:\/\/president-ksgov.net\/en\/president-osmani-the-ksf-ready-for-nato-membership\/\",\"url\":\"https:\/\/president-ksgov.net\/en\/president-osmani-the-ksf-ready-for-nato-membership\/\",\"name\":\"President Osmani: The KSF ready for NATO membership - President of the Republic of Kosovo - DR. VJOSA OSMANI - SADRIU\",\"isPartOf\":{\"@id\":\"https:\/\/president-ksgov.net\/#website\"},\"primaryImageOfPage\":{\"@id\":\"https:\/\/president-ksgov.net\/en\/president-osmani-the-ksf-ready-for-nato-membership\/#primaryimage\"},\"image\":{\"@id\":\"https:\/\/president-ksgov.net\/en\/president-osmani-the-ksf-ready-for-nato-membership\/#primaryimage\"},\"thumbnailUrl\":\"https:\/\/president-ksgov.net\/wp-content\/uploads\/06_04_2021_5580753_169525422_305594504317134_6261908768514868444_n.jpg\",\"datePublished\":\"2021-04-06T16:56:48+00:00\",\"dateModified\":\"2023-03-07T09:12:10+00:00\",\"author\":{\"@id\":\"https:\/\/president-ksgov.net\/#\/schema\/person\/bb4337a5fb147cb2046d80548172cbee\"},\"description\":\"President Osmani: The KSF ready for NATO membership - President of the Republic of Kosovo - DR. VJOSA OSMANI - SADRIU -\",\"breadcrumb\":{\"@id\":\"https:\/\/president-ksgov.net\/en\/president-osmani-the-ksf-ready-for-nato-membership\/#breadcrumb\"},\"inLanguage\":\"en-US\",\"potentialAction\":[{\"@type\":\"ReadAction\",\"target\":[\"https:\/\/president-ksgov.net\/en\/president-osmani-the-ksf-ready-for-nato-membership\/\"]}]},{\"@type\":\"ImageObject\",\"inLanguage\":\"en-US\",\"@id\":\"https:\/\/president-ksgov.net\/en\/president-osmani-the-ksf-ready-for-nato-membership\/#primaryimage\",\"url\":\"https:\/\/president-ksgov.net\/wp-content\/uploads\/06_04_2021_5580753_169525422_305594504317134_6261908768514868444_n.jpg\",\"contentUrl\":\"https:\/\/president-ksgov.net\/wp-content\/uploads\/06_04_2021_5580753_169525422_305594504317134_6261908768514868444_n.jpg\",\"width\":2048,\"height\":1365},{\"@type\":\"BreadcrumbList\",\"@id\":\"https:\/\/president-ksgov.net\/en\/president-osmani-the-ksf-ready-for-nato-membership\/#breadcrumb\",\"itemListElement\":[{\"@type\":\"ListItem\",\"position\":1,\"name\":\"Home\",\"item\":\"https:\/\/president-ksgov.net\/en\/\"},{\"@type\":\"ListItem\",\"position\":2,\"name\":\"President Osmani: The KSF ready for NATO membership\"}]},{\"@type\":\"WebSite\",\"@id\":\"https:\/\/president-ksgov.net\/#website\",\"url\":\"https:\/\/president-ksgov.net\/\",\"name\":\"Presidente e Republik\u00ebs s\u00eb Kosov\u00ebs\",\"description\":\"Presidente e Republik\u00ebs s\u00eb Kosov\u00ebs\",\"alternateName\":\"DR. VJOSA OSMANI - SADRIU\",\"potentialAction\":[{\"@type\":\"SearchAction\",\"target\":{\"@type\":\"EntryPoint\",\"urlTemplate\":\"https:\/\/president-ksgov.net\/?s={search_term_string}\"},\"query-input\":{\"@type\":\"PropertyValueSpecification\",\"valueRequired\":true,\"valueName\":\"search_term_string\"}}],\"inLanguage\":\"en-US\"},{\"@type\":\"Person\",\"@id\":\"https:\/\/president-ksgov.net\/#\/schema\/person\/bb4337a5fb147cb2046d80548172cbee\",\"name\":\"admin\",\"image\":{\"@type\":\"ImageObject\",\"inLanguage\":\"en-US\",\"@id\":\"https:\/\/president-ksgov.net\/#\/schema\/person\/image\/\",\"url\":\"https:\/\/secure.gravatar.com\/avatar\/36156ca0fa3b8d9d25174f146e16beea0cf28f37adf1b9e19b6c9c279a7c9dd3?s=96&d=mm&r=g\",\"contentUrl\":\"https:\/\/secure.gravatar.com\/avatar\/36156ca0fa3b8d9d25174f146e16beea0cf28f37adf1b9e19b6c9c279a7c9dd3?s=96&d=mm&r=g\",\"caption\":\"admin\"},\"sameAs\":[\"https:\/\/president-ksgov.net\"]}]}<\/script>\n<!-- \/ Yoast SEO plugin. -->","yoast_head_json":{"title":"President Osmani: The KSF ready for NATO membership - President of the Republic of Kosovo - DR. VJOSA OSMANI - SADRIU","description":"President Osmani: The KSF ready for NATO membership - President of the Republic of Kosovo - DR. VJOSA OSMANI - SADRIU -","robots":{"index":"index","follow":"follow","max-snippet":"max-snippet:-1","max-image-preview":"max-image-preview:large","max-video-preview":"max-video-preview:-1"},"canonical":"https:\/\/president-ksgov.net\/en\/president-osmani-the-ksf-ready-for-nato-membership\/","og_locale":"en_US","og_type":"article","og_title":"President Osmani: The KSF ready for NATO membership - President of the Republic of Kosovo - DR. VJOSA OSMANI - SADRIU","og_description":"President Osmani: The KSF ready for NATO membership - President of the Republic of Kosovo - DR. VJOSA OSMANI - SADRIU -","og_url":"https:\/\/president-ksgov.net\/en\/president-osmani-the-ksf-ready-for-nato-membership\/","og_site_name":"President of the Republic of Kosovo - DR. VJOSA OSMANI - SADRIU","article_published_time":"2021-04-06T16:56:48+00:00","article_modified_time":"2023-03-07T09:12:10+00:00","og_image":[{"width":2048,"height":1365,"url":"https:\/\/president-ksgov.net\/wp-content\/uploads\/06_04_2021_5580753_169525422_305594504317134_6261908768514868444_n.jpg","type":"image\/jpeg"}],"author":"admin","twitter_card":"summary_large_image","twitter_misc":{"Written by":"admin","Est. reading time":"1 minute"},"schema":{"@context":"https:\/\/schema.org","@graph":[{"@type":"WebPage","@id":"https:\/\/president-ksgov.net\/en\/president-osmani-the-ksf-ready-for-nato-membership\/","url":"https:\/\/president-ksgov.net\/en\/president-osmani-the-ksf-ready-for-nato-membership\/","name":"President Osmani: The KSF ready for NATO membership - President of the Republic of Kosovo - DR. VJOSA OSMANI - SADRIU","isPartOf":{"@id":"https:\/\/president-ksgov.net\/#website"},"primaryImageOfPage":{"@id":"https:\/\/president-ksgov.net\/en\/president-osmani-the-ksf-ready-for-nato-membership\/#primaryimage"},"image":{"@id":"https:\/\/president-ksgov.net\/en\/president-osmani-the-ksf-ready-for-nato-membership\/#primaryimage"},"thumbnailUrl":"https:\/\/president-ksgov.net\/wp-content\/uploads\/06_04_2021_5580753_169525422_305594504317134_6261908768514868444_n.jpg","datePublished":"2021-04-06T16:56:48+00:00","dateModified":"2023-03-07T09:12:10+00:00","author":{"@id":"https:\/\/president-ksgov.net\/#\/schema\/person\/bb4337a5fb147cb2046d80548172cbee"},"description":"President Osmani: The KSF ready for NATO membership - President of the Republic of Kosovo - DR. VJOSA OSMANI - SADRIU -","breadcrumb":{"@id":"https:\/\/president-ksgov.net\/en\/president-osmani-the-ksf-ready-for-nato-membership\/#breadcrumb"},"inLanguage":"en-US","potentialAction":[{"@type":"ReadAction","target":["https:\/\/president-ksgov.net\/en\/president-osmani-the-ksf-ready-for-nato-membership\/"]}]},{"@type":"ImageObject","inLanguage":"en-US","@id":"https:\/\/president-ksgov.net\/en\/president-osmani-the-ksf-ready-for-nato-membership\/#primaryimage","url":"https:\/\/president-ksgov.net\/wp-content\/uploads\/06_04_2021_5580753_169525422_305594504317134_6261908768514868444_n.jpg","contentUrl":"https:\/\/president-ksgov.net\/wp-content\/uploads\/06_04_2021_5580753_169525422_305594504317134_6261908768514868444_n.jpg","width":2048,"height":1365},{"@type":"BreadcrumbList","@id":"https:\/\/president-ksgov.net\/en\/president-osmani-the-ksf-ready-for-nato-membership\/#breadcrumb","itemListElement":[{"@type":"ListItem","position":1,"name":"Home","item":"https:\/\/president-ksgov.net\/en\/"},{"@type":"ListItem","position":2,"name":"President Osmani: The KSF ready for NATO membership"}]},{"@type":"WebSite","@id":"https:\/\/president-ksgov.net\/#website","url":"https:\/\/president-ksgov.net\/","name":"Presidente e Republik\u00ebs s\u00eb Kosov\u00ebs","description":"Presidente e Republik\u00ebs s\u00eb Kosov\u00ebs","alternateName":"DR. VJOSA OSMANI - SADRIU","potentialAction":[{"@type":"SearchAction","target":{"@type":"EntryPoint","urlTemplate":"https:\/\/president-ksgov.net\/?s={search_term_string}"},"query-input":{"@type":"PropertyValueSpecification","valueRequired":true,"valueName":"search_term_string"}}],"inLanguage":"en-US"},{"@type":"Person","@id":"https:\/\/president-ksgov.net\/#\/schema\/person\/bb4337a5fb147cb2046d80548172cbee","name":"admin","image":{"@type":"ImageObject","inLanguage":"en-US","@id":"https:\/\/president-ksgov.net\/#\/schema\/person\/image\/","url":"https:\/\/secure.gravatar.com\/avatar\/36156ca0fa3b8d9d25174f146e16beea0cf28f37adf1b9e19b6c9c279a7c9dd3?s=96&d=mm&r=g","contentUrl":"https:\/\/secure.gravatar.com\/avatar\/36156ca0fa3b8d9d25174f146e16beea0cf28f37adf1b9e19b6c9c279a7c9dd3?s=96&d=mm&r=g","caption":"admin"},"sameAs":["https:\/\/president-ksgov.net"]}]}},"_links":{"self":[{"href":"https:\/\/president-ksgov.net\/en\/wp-json\/wp\/v2\/posts\/67522","targetHints":{"allow":["GET"]}}],"collection":[{"href":"https:\/\/president-ksgov.net\/en\/wp-json\/wp\/v2\/posts"}],"about":[{"href":"https:\/\/president-ksgov.net\/en\/wp-json\/wp\/v2\/types\/post"}],"author":[{"embeddable":true,"href":"https:\/\/president-ksgov.net\/en\/wp-json\/wp\/v2\/users\/1"}],"replies":[{"embeddable":true,"href":"https:\/\/president-ksgov.net\/en\/wp-json\/wp\/v2\/comments?post=67522"}],"version-history":[{"count":0,"href":"https:\/\/president-ksgov.net\/en\/wp-json\/wp\/v2\/posts\/67522\/revisions"}],"wp:featuredmedia":[{"embeddable":true,"href":"https:\/\/president-ksgov.net\/en\/wp-json\/wp\/v2\/media\/21540"}],"wp:attachment":[{"href":"https:\/\/president-ksgov.net\/en\/wp-json\/wp\/v2\/media?parent=67522"}],"wp:term":[{"taxonomy":"category","embeddable":true,"href":"https:\/\/president-ksgov.net\/en\/wp-json\/wp\/v2\/categories?post=67522"},{"taxonomy":"post_tag","embeddable":true,"href":"https:\/\/president-ksgov.net\/en\/wp-json\/wp\/v2\/tags?post=67522"}],"curies":[{"name":"wp","href":"https:\/\/api.w.org\/{rel}","templated":true}]}}