{"id":67518,"date":"2021-04-07T19:38:48","date_gmt":"2021-04-07T19:38:48","guid":{"rendered":"https:\/\/dev.president-ksgov.net\/blerim-vela-has-been-appointed-chief-of-staff-to-the-president\/"},"modified":"2023-03-07T09:11:41","modified_gmt":"2023-03-07T09:11:41","slug":"blerim-vela-has-been-appointed-chief-of-staff-to-the-president","status":"publish","type":"post","link":"https:\/\/president-ksgov.net\/en\/blerim-vela-has-been-appointed-chief-of-staff-to-the-president\/","title":{"rendered":"Blerim Vela has been appointed Chief of Staff to the President"},"content":{"rendered":"<p>The President of the Republic of Kosovo, Dr. Vjosa Osmani \u2013 Sadriu, appointed today Mr. Blerim Vela as Chief of Staff.<\/p>\n<p>Blerim Vela has 20 years of professional experience in the field of democratic governance, foreign policy and parliamentarism. He has worked mainly with international organizations, including the OSCE, UNDP and the Council of Europe. He has advised the parliaments and governments of various countries in Eastern Europe, the Middle East, Central Asia, the Caucasus, the Caribbean and the Pacific Islands.<\/p>\n<p>Blerim is completing his doctoral studies at the University of Sussex in the UK, Department of Politics, where he also completed his Master\u2019s degree in European politics. He completed his Bachelor level studies at the Department of Political Science at the University of Prishtina. He has previously lectured at the American University of Kosovo and the University of Sussex.<\/p>\n<p>Blerim Vela lives in Prishtina together with his wife Shqipe and son Mal. He is fluent in English, with advanced knowledge of Serbian and Macedonian.\u00a0<\/p>\n","protected":false},"excerpt":{"rendered":"<p>The President of the Republic of Kosovo, Dr. Vjosa Osmani \u2013 Sadriu, appointed today Mr. Blerim Vela as Chief of Staff.<\/p>\n","protected":false},"author":1,"featured_media":21491,"comment_status":"open","ping_status":"closed","sticky":false,"template":"","format":"standard","meta":{"_eb_attr":"","footnotes":""},"categories":[111],"tags":[],"class_list":["post-67518","post","type-post","status-publish","format-standard","has-post-thumbnail","hentry","category-news"],"yoast_head":"<!-- This site is optimized with the Yoast SEO plugin v23.5 - https:\/\/yoast.com\/wordpress\/plugins\/seo\/ -->\n<title>Blerim Vela has been appointed Chief of Staff to the President - President of the Republic of Kosovo - DR. VJOSA OSMANI - SADRIU<\/title>\n<meta name=\"description\" content=\"Blerim Vela has been appointed Chief of Staff to the President - President of the Republic of Kosovo - DR. VJOSA OSMANI - SADRIU -\" \/>\n<meta name=\"robots\" content=\"index, follow, max-snippet:-1, max-image-preview:large, max-video-preview:-1\" \/>\n<link rel=\"canonical\" href=\"https:\/\/president-ksgov.net\/en\/blerim-vela-has-been-appointed-chief-of-staff-to-the-president\/\" \/>\n<meta property=\"og:locale\" content=\"en_US\" \/>\n<meta property=\"og:type\" content=\"article\" \/>\n<meta property=\"og:title\" content=\"Blerim Vela has been appointed Chief of Staff to the President - President of the Republic of Kosovo - DR. VJOSA OSMANI - SADRIU\" \/>\n<meta property=\"og:description\" content=\"Blerim Vela has been appointed Chief of Staff to the President - President of the Republic of Kosovo - DR. VJOSA OSMANI - SADRIU -\" \/>\n<meta property=\"og:url\" content=\"https:\/\/president-ksgov.net\/en\/blerim-vela-has-been-appointed-chief-of-staff-to-the-president\/\" \/>\n<meta property=\"og:site_name\" content=\"President of the Republic of Kosovo - DR. VJOSA OSMANI - SADRIU\" \/>\n<meta property=\"article:published_time\" content=\"2021-04-07T19:38:48+00:00\" \/>\n<meta property=\"article:modified_time\" content=\"2023-03-07T09:11:41+00:00\" \/>\n<meta property=\"og:image\" content=\"https:\/\/president-ksgov.net\/wp-content\/uploads\/07_04_2021_903248_170072457_295271838624029_1459649280242833356_n.jpg\" \/>\n\t<meta property=\"og:image:width\" content=\"960\" \/>\n\t<meta property=\"og:image:height\" content=\"638\" \/>\n\t<meta property=\"og:image:type\" content=\"image\/jpeg\" \/>\n<meta name=\"author\" content=\"admin\" \/>\n<meta name=\"twitter:card\" content=\"summary_large_image\" \/>\n<meta name=\"twitter:label1\" content=\"Written by\" \/>\n\t<meta name=\"twitter:data1\" content=\"admin\" \/>\n\t<meta name=\"twitter:label2\" content=\"Est. reading time\" \/>\n\t<meta name=\"twitter:data2\" content=\"1 minute\" \/>\n<script type=\"application\/ld+json\" class=\"yoast-schema-graph\">{\"@context\":\"https:\/\/schema.org\",\"@graph\":[{\"@type\":\"WebPage\",\"@id\":\"https:\/\/president-ksgov.net\/en\/blerim-vela-has-been-appointed-chief-of-staff-to-the-president\/\",\"url\":\"https:\/\/president-ksgov.net\/en\/blerim-vela-has-been-appointed-chief-of-staff-to-the-president\/\",\"name\":\"Blerim Vela has been appointed Chief of Staff to the President - President of the Republic of Kosovo - DR. VJOSA OSMANI - SADRIU\",\"isPartOf\":{\"@id\":\"https:\/\/president-ksgov.net\/#website\"},\"primaryImageOfPage\":{\"@id\":\"https:\/\/president-ksgov.net\/en\/blerim-vela-has-been-appointed-chief-of-staff-to-the-president\/#primaryimage\"},\"image\":{\"@id\":\"https:\/\/president-ksgov.net\/en\/blerim-vela-has-been-appointed-chief-of-staff-to-the-president\/#primaryimage\"},\"thumbnailUrl\":\"https:\/\/president-ksgov.net\/wp-content\/uploads\/07_04_2021_903248_170072457_295271838624029_1459649280242833356_n.jpg\",\"datePublished\":\"2021-04-07T19:38:48+00:00\",\"dateModified\":\"2023-03-07T09:11:41+00:00\",\"author\":{\"@id\":\"https:\/\/president-ksgov.net\/#\/schema\/person\/bb4337a5fb147cb2046d80548172cbee\"},\"description\":\"Blerim Vela has been appointed Chief of Staff to the President - President of the Republic of Kosovo - DR. VJOSA OSMANI - SADRIU -\",\"breadcrumb\":{\"@id\":\"https:\/\/president-ksgov.net\/en\/blerim-vela-has-been-appointed-chief-of-staff-to-the-president\/#breadcrumb\"},\"inLanguage\":\"en-US\",\"potentialAction\":[{\"@type\":\"ReadAction\",\"target\":[\"https:\/\/president-ksgov.net\/en\/blerim-vela-has-been-appointed-chief-of-staff-to-the-president\/\"]}]},{\"@type\":\"ImageObject\",\"inLanguage\":\"en-US\",\"@id\":\"https:\/\/president-ksgov.net\/en\/blerim-vela-has-been-appointed-chief-of-staff-to-the-president\/#primaryimage\",\"url\":\"https:\/\/president-ksgov.net\/wp-content\/uploads\/07_04_2021_903248_170072457_295271838624029_1459649280242833356_n.jpg\",\"contentUrl\":\"https:\/\/president-ksgov.net\/wp-content\/uploads\/07_04_2021_903248_170072457_295271838624029_1459649280242833356_n.jpg\",\"width\":960,\"height\":638},{\"@type\":\"BreadcrumbList\",\"@id\":\"https:\/\/president-ksgov.net\/en\/blerim-vela-has-been-appointed-chief-of-staff-to-the-president\/#breadcrumb\",\"itemListElement\":[{\"@type\":\"ListItem\",\"position\":1,\"name\":\"Home\",\"item\":\"https:\/\/president-ksgov.net\/en\/\"},{\"@type\":\"ListItem\",\"position\":2,\"name\":\"Blerim Vela has been appointed Chief of Staff to the President\"}]},{\"@type\":\"WebSite\",\"@id\":\"https:\/\/president-ksgov.net\/#website\",\"url\":\"https:\/\/president-ksgov.net\/\",\"name\":\"Presidente e Republik\u00ebs s\u00eb Kosov\u00ebs\",\"description\":\"Presidente e Republik\u00ebs s\u00eb Kosov\u00ebs\",\"alternateName\":\"DR. VJOSA OSMANI - SADRIU\",\"potentialAction\":[{\"@type\":\"SearchAction\",\"target\":{\"@type\":\"EntryPoint\",\"urlTemplate\":\"https:\/\/president-ksgov.net\/?s={search_term_string}\"},\"query-input\":{\"@type\":\"PropertyValueSpecification\",\"valueRequired\":true,\"valueName\":\"search_term_string\"}}],\"inLanguage\":\"en-US\"},{\"@type\":\"Person\",\"@id\":\"https:\/\/president-ksgov.net\/#\/schema\/person\/bb4337a5fb147cb2046d80548172cbee\",\"name\":\"admin\",\"image\":{\"@type\":\"ImageObject\",\"inLanguage\":\"en-US\",\"@id\":\"https:\/\/president-ksgov.net\/#\/schema\/person\/image\/\",\"url\":\"https:\/\/secure.gravatar.com\/avatar\/36156ca0fa3b8d9d25174f146e16beea0cf28f37adf1b9e19b6c9c279a7c9dd3?s=96&d=mm&r=g\",\"contentUrl\":\"https:\/\/secure.gravatar.com\/avatar\/36156ca0fa3b8d9d25174f146e16beea0cf28f37adf1b9e19b6c9c279a7c9dd3?s=96&d=mm&r=g\",\"caption\":\"admin\"},\"sameAs\":[\"https:\/\/president-ksgov.net\"]}]}<\/script>\n<!-- \/ Yoast SEO plugin. -->","yoast_head_json":{"title":"Blerim Vela has been appointed Chief of Staff to the President - President of the Republic of Kosovo - DR. VJOSA OSMANI - SADRIU","description":"Blerim Vela has been appointed Chief of Staff to the President - President of the Republic of Kosovo - DR. VJOSA OSMANI - SADRIU -","robots":{"index":"index","follow":"follow","max-snippet":"max-snippet:-1","max-image-preview":"max-image-preview:large","max-video-preview":"max-video-preview:-1"},"canonical":"https:\/\/president-ksgov.net\/en\/blerim-vela-has-been-appointed-chief-of-staff-to-the-president\/","og_locale":"en_US","og_type":"article","og_title":"Blerim Vela has been appointed Chief of Staff to the President - President of the Republic of Kosovo - DR. VJOSA OSMANI - SADRIU","og_description":"Blerim Vela has been appointed Chief of Staff to the President - President of the Republic of Kosovo - DR. VJOSA OSMANI - SADRIU -","og_url":"https:\/\/president-ksgov.net\/en\/blerim-vela-has-been-appointed-chief-of-staff-to-the-president\/","og_site_name":"President of the Republic of Kosovo - DR. VJOSA OSMANI - SADRIU","article_published_time":"2021-04-07T19:38:48+00:00","article_modified_time":"2023-03-07T09:11:41+00:00","og_image":[{"width":960,"height":638,"url":"https:\/\/president-ksgov.net\/wp-content\/uploads\/07_04_2021_903248_170072457_295271838624029_1459649280242833356_n.jpg","type":"image\/jpeg"}],"author":"admin","twitter_card":"summary_large_image","twitter_misc":{"Written by":"admin","Est. reading time":"1 minute"},"schema":{"@context":"https:\/\/schema.org","@graph":[{"@type":"WebPage","@id":"https:\/\/president-ksgov.net\/en\/blerim-vela-has-been-appointed-chief-of-staff-to-the-president\/","url":"https:\/\/president-ksgov.net\/en\/blerim-vela-has-been-appointed-chief-of-staff-to-the-president\/","name":"Blerim Vela has been appointed Chief of Staff to the President - President of the Republic of Kosovo - DR. VJOSA OSMANI - SADRIU","isPartOf":{"@id":"https:\/\/president-ksgov.net\/#website"},"primaryImageOfPage":{"@id":"https:\/\/president-ksgov.net\/en\/blerim-vela-has-been-appointed-chief-of-staff-to-the-president\/#primaryimage"},"image":{"@id":"https:\/\/president-ksgov.net\/en\/blerim-vela-has-been-appointed-chief-of-staff-to-the-president\/#primaryimage"},"thumbnailUrl":"https:\/\/president-ksgov.net\/wp-content\/uploads\/07_04_2021_903248_170072457_295271838624029_1459649280242833356_n.jpg","datePublished":"2021-04-07T19:38:48+00:00","dateModified":"2023-03-07T09:11:41+00:00","author":{"@id":"https:\/\/president-ksgov.net\/#\/schema\/person\/bb4337a5fb147cb2046d80548172cbee"},"description":"Blerim Vela has been appointed Chief of Staff to the President - President of the Republic of Kosovo - DR. VJOSA OSMANI - SADRIU -","breadcrumb":{"@id":"https:\/\/president-ksgov.net\/en\/blerim-vela-has-been-appointed-chief-of-staff-to-the-president\/#breadcrumb"},"inLanguage":"en-US","potentialAction":[{"@type":"ReadAction","target":["https:\/\/president-ksgov.net\/en\/blerim-vela-has-been-appointed-chief-of-staff-to-the-president\/"]}]},{"@type":"ImageObject","inLanguage":"en-US","@id":"https:\/\/president-ksgov.net\/en\/blerim-vela-has-been-appointed-chief-of-staff-to-the-president\/#primaryimage","url":"https:\/\/president-ksgov.net\/wp-content\/uploads\/07_04_2021_903248_170072457_295271838624029_1459649280242833356_n.jpg","contentUrl":"https:\/\/president-ksgov.net\/wp-content\/uploads\/07_04_2021_903248_170072457_295271838624029_1459649280242833356_n.jpg","width":960,"height":638},{"@type":"BreadcrumbList","@id":"https:\/\/president-ksgov.net\/en\/blerim-vela-has-been-appointed-chief-of-staff-to-the-president\/#breadcrumb","itemListElement":[{"@type":"ListItem","position":1,"name":"Home","item":"https:\/\/president-ksgov.net\/en\/"},{"@type":"ListItem","position":2,"name":"Blerim Vela has been appointed Chief of Staff to the President"}]},{"@type":"WebSite","@id":"https:\/\/president-ksgov.net\/#website","url":"https:\/\/president-ksgov.net\/","name":"Presidente e Republik\u00ebs s\u00eb Kosov\u00ebs","description":"Presidente e Republik\u00ebs s\u00eb Kosov\u00ebs","alternateName":"DR. VJOSA OSMANI - SADRIU","potentialAction":[{"@type":"SearchAction","target":{"@type":"EntryPoint","urlTemplate":"https:\/\/president-ksgov.net\/?s={search_term_string}"},"query-input":{"@type":"PropertyValueSpecification","valueRequired":true,"valueName":"search_term_string"}}],"inLanguage":"en-US"},{"@type":"Person","@id":"https:\/\/president-ksgov.net\/#\/schema\/person\/bb4337a5fb147cb2046d80548172cbee","name":"admin","image":{"@type":"ImageObject","inLanguage":"en-US","@id":"https:\/\/president-ksgov.net\/#\/schema\/person\/image\/","url":"https:\/\/secure.gravatar.com\/avatar\/36156ca0fa3b8d9d25174f146e16beea0cf28f37adf1b9e19b6c9c279a7c9dd3?s=96&d=mm&r=g","contentUrl":"https:\/\/secure.gravatar.com\/avatar\/36156ca0fa3b8d9d25174f146e16beea0cf28f37adf1b9e19b6c9c279a7c9dd3?s=96&d=mm&r=g","caption":"admin"},"sameAs":["https:\/\/president-ksgov.net"]}]}},"_links":{"self":[{"href":"https:\/\/president-ksgov.net\/en\/wp-json\/wp\/v2\/posts\/67518","targetHints":{"allow":["GET"]}}],"collection":[{"href":"https:\/\/president-ksgov.net\/en\/wp-json\/wp\/v2\/posts"}],"about":[{"href":"https:\/\/president-ksgov.net\/en\/wp-json\/wp\/v2\/types\/post"}],"author":[{"embeddable":true,"href":"https:\/\/president-ksgov.net\/en\/wp-json\/wp\/v2\/users\/1"}],"replies":[{"embeddable":true,"href":"https:\/\/president-ksgov.net\/en\/wp-json\/wp\/v2\/comments?post=67518"}],"version-history":[{"count":0,"href":"https:\/\/president-ksgov.net\/en\/wp-json\/wp\/v2\/posts\/67518\/revisions"}],"wp:featuredmedia":[{"embeddable":true,"href":"https:\/\/president-ksgov.net\/en\/wp-json\/wp\/v2\/media\/21491"}],"wp:attachment":[{"href":"https:\/\/president-ksgov.net\/en\/wp-json\/wp\/v2\/media?parent=67518"}],"wp:term":[{"taxonomy":"category","embeddable":true,"href":"https:\/\/president-ksgov.net\/en\/wp-json\/wp\/v2\/categories?post=67518"},{"taxonomy":"post_tag","embeddable":true,"href":"https:\/\/president-ksgov.net\/en\/wp-json\/wp\/v2\/tags?post=67518"}],"curies":[{"name":"wp","href":"https:\/\/api.w.org\/{rel}","templated":true}]}}