{"id":67514,"date":"2021-04-08T12:03:04","date_gmt":"2021-04-08T12:03:04","guid":{"rendered":"https:\/\/dev.president-ksgov.net\/president-vjosa-osmani-met-with-the-dutch-ambassador-in-kosovo-carin-lobbezoo\/"},"modified":"2023-03-07T09:11:41","modified_gmt":"2023-03-07T09:11:41","slug":"president-vjosa-osmani-met-with-the-dutch-ambassador-in-kosovo-carin-lobbezoo","status":"publish","type":"post","link":"https:\/\/president-ksgov.net\/en\/president-vjosa-osmani-met-with-the-dutch-ambassador-in-kosovo-carin-lobbezoo\/","title":{"rendered":"President Vjosa Osmani met with the Dutch Ambassador in Kosovo, Carin Lobbezoo"},"content":{"rendered":"<p>President Vjosa Osmani, met today with the Dutch Ambassador in Kosovo, Carin Lobbezoo.<\/p>\n<p>In this meeting, the relations between the two countries were assessed as good relations, while both sides showed the readiness to deepen them.<\/p>\n<p>President Osmani stressed that the new institutions of Kosovo have taken measures to reduce the number of affected persons with Covid-19, as well as to address the economic consequences.<\/p>\n<p>In this context, President Osmani stressed the need for international cooperation and solidarity in Kosovo\u2019s efforts to provide the necessary amount of vaccines.<\/p>\n<p>Mrs. Osmani stressed that in the current situation in which Kosovo is due to the situation with the pandemic, the dialogue can not be prioritized before the provision of vaccines. She expressed the hope that in such a situation Kosovo will not be left alone and that the urgent need to provide vaccines will be supported by friend countries.\u00a0<\/p>\n","protected":false},"excerpt":{"rendered":"<p>President Vjosa Osmani, met today with the Dutch Ambassador in Kosovo, Carin Lobbezoo.<\/p>\n","protected":false},"author":1,"featured_media":21478,"comment_status":"open","ping_status":"closed","sticky":false,"template":"","format":"standard","meta":{"_eb_attr":"","footnotes":""},"categories":[111],"tags":[],"class_list":["post-67514","post","type-post","status-publish","format-standard","has-post-thumbnail","hentry","category-news"],"yoast_head":"<!-- This site is optimized with the Yoast SEO plugin v23.5 - https:\/\/yoast.com\/wordpress\/plugins\/seo\/ -->\n<title>President Vjosa Osmani met with the Dutch Ambassador in Kosovo, Carin Lobbezoo - President of the Republic of Kosovo - DR. VJOSA OSMANI - SADRIU<\/title>\n<meta name=\"description\" content=\"President Vjosa Osmani met with the Dutch Ambassador in Kosovo, Carin Lobbezoo - President of the Republic of Kosovo - DR. VJOSA OSMANI - SADRIU -\" \/>\n<meta name=\"robots\" content=\"index, follow, max-snippet:-1, max-image-preview:large, max-video-preview:-1\" \/>\n<link rel=\"canonical\" href=\"https:\/\/president-ksgov.net\/en\/president-vjosa-osmani-met-with-the-dutch-ambassador-in-kosovo-carin-lobbezoo\/\" \/>\n<meta property=\"og:locale\" content=\"en_US\" \/>\n<meta property=\"og:type\" content=\"article\" \/>\n<meta property=\"og:title\" content=\"President Vjosa Osmani met with the Dutch Ambassador in Kosovo, Carin Lobbezoo - President of the Republic of Kosovo - DR. VJOSA OSMANI - SADRIU\" \/>\n<meta property=\"og:description\" content=\"President Vjosa Osmani met with the Dutch Ambassador in Kosovo, Carin Lobbezoo - President of the Republic of Kosovo - DR. VJOSA OSMANI - SADRIU -\" \/>\n<meta property=\"og:url\" content=\"https:\/\/president-ksgov.net\/en\/president-vjosa-osmani-met-with-the-dutch-ambassador-in-kosovo-carin-lobbezoo\/\" \/>\n<meta property=\"og:site_name\" content=\"President of the Republic of Kosovo - DR. VJOSA OSMANI - SADRIU\" \/>\n<meta property=\"article:published_time\" content=\"2021-04-08T12:03:04+00:00\" \/>\n<meta property=\"article:modified_time\" content=\"2023-03-07T09:11:41+00:00\" \/>\n<meta property=\"og:image\" content=\"https:\/\/president-ksgov.net\/wp-content\/uploads\/08_04_2021_8716377_Presidentja_Vjosa_Osmani_takoi_ambasadoren_holandeze_ne_Kosove__Carin_Lobbezoo_1.jpg\" \/>\n\t<meta property=\"og:image:width\" content=\"2048\" \/>\n\t<meta property=\"og:image:height\" content=\"1365\" \/>\n\t<meta property=\"og:image:type\" content=\"image\/jpeg\" \/>\n<meta name=\"author\" content=\"admin\" \/>\n<meta name=\"twitter:card\" content=\"summary_large_image\" \/>\n<meta name=\"twitter:label1\" content=\"Written by\" \/>\n\t<meta name=\"twitter:data1\" content=\"admin\" \/>\n\t<meta name=\"twitter:label2\" content=\"Est. reading time\" \/>\n\t<meta name=\"twitter:data2\" content=\"1 minute\" \/>\n<script type=\"application\/ld+json\" class=\"yoast-schema-graph\">{\"@context\":\"https:\/\/schema.org\",\"@graph\":[{\"@type\":\"WebPage\",\"@id\":\"https:\/\/president-ksgov.net\/en\/president-vjosa-osmani-met-with-the-dutch-ambassador-in-kosovo-carin-lobbezoo\/\",\"url\":\"https:\/\/president-ksgov.net\/en\/president-vjosa-osmani-met-with-the-dutch-ambassador-in-kosovo-carin-lobbezoo\/\",\"name\":\"President Vjosa Osmani met with the Dutch Ambassador in Kosovo, Carin Lobbezoo - President of the Republic of Kosovo - DR. VJOSA OSMANI - SADRIU\",\"isPartOf\":{\"@id\":\"https:\/\/president-ksgov.net\/#website\"},\"primaryImageOfPage\":{\"@id\":\"https:\/\/president-ksgov.net\/en\/president-vjosa-osmani-met-with-the-dutch-ambassador-in-kosovo-carin-lobbezoo\/#primaryimage\"},\"image\":{\"@id\":\"https:\/\/president-ksgov.net\/en\/president-vjosa-osmani-met-with-the-dutch-ambassador-in-kosovo-carin-lobbezoo\/#primaryimage\"},\"thumbnailUrl\":\"https:\/\/president-ksgov.net\/wp-content\/uploads\/08_04_2021_8716377_Presidentja_Vjosa_Osmani_takoi_ambasadoren_holandeze_ne_Kosove__Carin_Lobbezoo_1.jpg\",\"datePublished\":\"2021-04-08T12:03:04+00:00\",\"dateModified\":\"2023-03-07T09:11:41+00:00\",\"author\":{\"@id\":\"https:\/\/president-ksgov.net\/#\/schema\/person\/bb4337a5fb147cb2046d80548172cbee\"},\"description\":\"President Vjosa Osmani met with the Dutch Ambassador in Kosovo, Carin Lobbezoo - President of the Republic of Kosovo - DR. VJOSA OSMANI - SADRIU -\",\"breadcrumb\":{\"@id\":\"https:\/\/president-ksgov.net\/en\/president-vjosa-osmani-met-with-the-dutch-ambassador-in-kosovo-carin-lobbezoo\/#breadcrumb\"},\"inLanguage\":\"en-US\",\"potentialAction\":[{\"@type\":\"ReadAction\",\"target\":[\"https:\/\/president-ksgov.net\/en\/president-vjosa-osmani-met-with-the-dutch-ambassador-in-kosovo-carin-lobbezoo\/\"]}]},{\"@type\":\"ImageObject\",\"inLanguage\":\"en-US\",\"@id\":\"https:\/\/president-ksgov.net\/en\/president-vjosa-osmani-met-with-the-dutch-ambassador-in-kosovo-carin-lobbezoo\/#primaryimage\",\"url\":\"https:\/\/president-ksgov.net\/wp-content\/uploads\/08_04_2021_8716377_Presidentja_Vjosa_Osmani_takoi_ambasadoren_holandeze_ne_Kosove__Carin_Lobbezoo_1.jpg\",\"contentUrl\":\"https:\/\/president-ksgov.net\/wp-content\/uploads\/08_04_2021_8716377_Presidentja_Vjosa_Osmani_takoi_ambasadoren_holandeze_ne_Kosove__Carin_Lobbezoo_1.jpg\",\"width\":2048,\"height\":1365},{\"@type\":\"BreadcrumbList\",\"@id\":\"https:\/\/president-ksgov.net\/en\/president-vjosa-osmani-met-with-the-dutch-ambassador-in-kosovo-carin-lobbezoo\/#breadcrumb\",\"itemListElement\":[{\"@type\":\"ListItem\",\"position\":1,\"name\":\"Home\",\"item\":\"https:\/\/president-ksgov.net\/en\/\"},{\"@type\":\"ListItem\",\"position\":2,\"name\":\"President Vjosa Osmani met with the Dutch Ambassador in Kosovo, Carin Lobbezoo\"}]},{\"@type\":\"WebSite\",\"@id\":\"https:\/\/president-ksgov.net\/#website\",\"url\":\"https:\/\/president-ksgov.net\/\",\"name\":\"Presidente e Republik\u00ebs s\u00eb Kosov\u00ebs\",\"description\":\"Presidente e Republik\u00ebs s\u00eb Kosov\u00ebs\",\"alternateName\":\"DR. VJOSA OSMANI - SADRIU\",\"potentialAction\":[{\"@type\":\"SearchAction\",\"target\":{\"@type\":\"EntryPoint\",\"urlTemplate\":\"https:\/\/president-ksgov.net\/?s={search_term_string}\"},\"query-input\":{\"@type\":\"PropertyValueSpecification\",\"valueRequired\":true,\"valueName\":\"search_term_string\"}}],\"inLanguage\":\"en-US\"},{\"@type\":\"Person\",\"@id\":\"https:\/\/president-ksgov.net\/#\/schema\/person\/bb4337a5fb147cb2046d80548172cbee\",\"name\":\"admin\",\"image\":{\"@type\":\"ImageObject\",\"inLanguage\":\"en-US\",\"@id\":\"https:\/\/president-ksgov.net\/#\/schema\/person\/image\/\",\"url\":\"https:\/\/secure.gravatar.com\/avatar\/36156ca0fa3b8d9d25174f146e16beea0cf28f37adf1b9e19b6c9c279a7c9dd3?s=96&d=mm&r=g\",\"contentUrl\":\"https:\/\/secure.gravatar.com\/avatar\/36156ca0fa3b8d9d25174f146e16beea0cf28f37adf1b9e19b6c9c279a7c9dd3?s=96&d=mm&r=g\",\"caption\":\"admin\"},\"sameAs\":[\"https:\/\/president-ksgov.net\"]}]}<\/script>\n<!-- \/ Yoast SEO plugin. -->","yoast_head_json":{"title":"President Vjosa Osmani met with the Dutch Ambassador in Kosovo, Carin Lobbezoo - President of the Republic of Kosovo - DR. VJOSA OSMANI - SADRIU","description":"President Vjosa Osmani met with the Dutch Ambassador in Kosovo, Carin Lobbezoo - President of the Republic of Kosovo - DR. VJOSA OSMANI - SADRIU -","robots":{"index":"index","follow":"follow","max-snippet":"max-snippet:-1","max-image-preview":"max-image-preview:large","max-video-preview":"max-video-preview:-1"},"canonical":"https:\/\/president-ksgov.net\/en\/president-vjosa-osmani-met-with-the-dutch-ambassador-in-kosovo-carin-lobbezoo\/","og_locale":"en_US","og_type":"article","og_title":"President Vjosa Osmani met with the Dutch Ambassador in Kosovo, Carin Lobbezoo - President of the Republic of Kosovo - DR. VJOSA OSMANI - SADRIU","og_description":"President Vjosa Osmani met with the Dutch Ambassador in Kosovo, Carin Lobbezoo - President of the Republic of Kosovo - DR. VJOSA OSMANI - SADRIU -","og_url":"https:\/\/president-ksgov.net\/en\/president-vjosa-osmani-met-with-the-dutch-ambassador-in-kosovo-carin-lobbezoo\/","og_site_name":"President of the Republic of Kosovo - DR. VJOSA OSMANI - SADRIU","article_published_time":"2021-04-08T12:03:04+00:00","article_modified_time":"2023-03-07T09:11:41+00:00","og_image":[{"width":2048,"height":1365,"url":"https:\/\/president-ksgov.net\/wp-content\/uploads\/08_04_2021_8716377_Presidentja_Vjosa_Osmani_takoi_ambasadoren_holandeze_ne_Kosove__Carin_Lobbezoo_1.jpg","type":"image\/jpeg"}],"author":"admin","twitter_card":"summary_large_image","twitter_misc":{"Written by":"admin","Est. reading time":"1 minute"},"schema":{"@context":"https:\/\/schema.org","@graph":[{"@type":"WebPage","@id":"https:\/\/president-ksgov.net\/en\/president-vjosa-osmani-met-with-the-dutch-ambassador-in-kosovo-carin-lobbezoo\/","url":"https:\/\/president-ksgov.net\/en\/president-vjosa-osmani-met-with-the-dutch-ambassador-in-kosovo-carin-lobbezoo\/","name":"President Vjosa Osmani met with the Dutch Ambassador in Kosovo, Carin Lobbezoo - President of the Republic of Kosovo - DR. VJOSA OSMANI - SADRIU","isPartOf":{"@id":"https:\/\/president-ksgov.net\/#website"},"primaryImageOfPage":{"@id":"https:\/\/president-ksgov.net\/en\/president-vjosa-osmani-met-with-the-dutch-ambassador-in-kosovo-carin-lobbezoo\/#primaryimage"},"image":{"@id":"https:\/\/president-ksgov.net\/en\/president-vjosa-osmani-met-with-the-dutch-ambassador-in-kosovo-carin-lobbezoo\/#primaryimage"},"thumbnailUrl":"https:\/\/president-ksgov.net\/wp-content\/uploads\/08_04_2021_8716377_Presidentja_Vjosa_Osmani_takoi_ambasadoren_holandeze_ne_Kosove__Carin_Lobbezoo_1.jpg","datePublished":"2021-04-08T12:03:04+00:00","dateModified":"2023-03-07T09:11:41+00:00","author":{"@id":"https:\/\/president-ksgov.net\/#\/schema\/person\/bb4337a5fb147cb2046d80548172cbee"},"description":"President Vjosa Osmani met with the Dutch Ambassador in Kosovo, Carin Lobbezoo - President of the Republic of Kosovo - DR. VJOSA OSMANI - SADRIU -","breadcrumb":{"@id":"https:\/\/president-ksgov.net\/en\/president-vjosa-osmani-met-with-the-dutch-ambassador-in-kosovo-carin-lobbezoo\/#breadcrumb"},"inLanguage":"en-US","potentialAction":[{"@type":"ReadAction","target":["https:\/\/president-ksgov.net\/en\/president-vjosa-osmani-met-with-the-dutch-ambassador-in-kosovo-carin-lobbezoo\/"]}]},{"@type":"ImageObject","inLanguage":"en-US","@id":"https:\/\/president-ksgov.net\/en\/president-vjosa-osmani-met-with-the-dutch-ambassador-in-kosovo-carin-lobbezoo\/#primaryimage","url":"https:\/\/president-ksgov.net\/wp-content\/uploads\/08_04_2021_8716377_Presidentja_Vjosa_Osmani_takoi_ambasadoren_holandeze_ne_Kosove__Carin_Lobbezoo_1.jpg","contentUrl":"https:\/\/president-ksgov.net\/wp-content\/uploads\/08_04_2021_8716377_Presidentja_Vjosa_Osmani_takoi_ambasadoren_holandeze_ne_Kosove__Carin_Lobbezoo_1.jpg","width":2048,"height":1365},{"@type":"BreadcrumbList","@id":"https:\/\/president-ksgov.net\/en\/president-vjosa-osmani-met-with-the-dutch-ambassador-in-kosovo-carin-lobbezoo\/#breadcrumb","itemListElement":[{"@type":"ListItem","position":1,"name":"Home","item":"https:\/\/president-ksgov.net\/en\/"},{"@type":"ListItem","position":2,"name":"President Vjosa Osmani met with the Dutch Ambassador in Kosovo, Carin Lobbezoo"}]},{"@type":"WebSite","@id":"https:\/\/president-ksgov.net\/#website","url":"https:\/\/president-ksgov.net\/","name":"Presidente e Republik\u00ebs s\u00eb Kosov\u00ebs","description":"Presidente e Republik\u00ebs s\u00eb Kosov\u00ebs","alternateName":"DR. VJOSA OSMANI - SADRIU","potentialAction":[{"@type":"SearchAction","target":{"@type":"EntryPoint","urlTemplate":"https:\/\/president-ksgov.net\/?s={search_term_string}"},"query-input":{"@type":"PropertyValueSpecification","valueRequired":true,"valueName":"search_term_string"}}],"inLanguage":"en-US"},{"@type":"Person","@id":"https:\/\/president-ksgov.net\/#\/schema\/person\/bb4337a5fb147cb2046d80548172cbee","name":"admin","image":{"@type":"ImageObject","inLanguage":"en-US","@id":"https:\/\/president-ksgov.net\/#\/schema\/person\/image\/","url":"https:\/\/secure.gravatar.com\/avatar\/36156ca0fa3b8d9d25174f146e16beea0cf28f37adf1b9e19b6c9c279a7c9dd3?s=96&d=mm&r=g","contentUrl":"https:\/\/secure.gravatar.com\/avatar\/36156ca0fa3b8d9d25174f146e16beea0cf28f37adf1b9e19b6c9c279a7c9dd3?s=96&d=mm&r=g","caption":"admin"},"sameAs":["https:\/\/president-ksgov.net"]}]}},"_links":{"self":[{"href":"https:\/\/president-ksgov.net\/en\/wp-json\/wp\/v2\/posts\/67514","targetHints":{"allow":["GET"]}}],"collection":[{"href":"https:\/\/president-ksgov.net\/en\/wp-json\/wp\/v2\/posts"}],"about":[{"href":"https:\/\/president-ksgov.net\/en\/wp-json\/wp\/v2\/types\/post"}],"author":[{"embeddable":true,"href":"https:\/\/president-ksgov.net\/en\/wp-json\/wp\/v2\/users\/1"}],"replies":[{"embeddable":true,"href":"https:\/\/president-ksgov.net\/en\/wp-json\/wp\/v2\/comments?post=67514"}],"version-history":[{"count":0,"href":"https:\/\/president-ksgov.net\/en\/wp-json\/wp\/v2\/posts\/67514\/revisions"}],"wp:featuredmedia":[{"embeddable":true,"href":"https:\/\/president-ksgov.net\/en\/wp-json\/wp\/v2\/media\/21478"}],"wp:attachment":[{"href":"https:\/\/president-ksgov.net\/en\/wp-json\/wp\/v2\/media?parent=67514"}],"wp:term":[{"taxonomy":"category","embeddable":true,"href":"https:\/\/president-ksgov.net\/en\/wp-json\/wp\/v2\/categories?post=67514"},{"taxonomy":"post_tag","embeddable":true,"href":"https:\/\/president-ksgov.net\/en\/wp-json\/wp\/v2\/tags?post=67514"}],"curies":[{"name":"wp","href":"https:\/\/api.w.org\/{rel}","templated":true}]}}