{"id":67513,"date":"2021-04-08T15:19:27","date_gmt":"2021-04-08T15:19:27","guid":{"rendered":"https:\/\/dev.president-ksgov.net\/on-the-international-roma-day-president-osmani-received-representatives-of-this-community\/"},"modified":"2023-03-07T09:11:41","modified_gmt":"2023-03-07T09:11:41","slug":"on-the-international-roma-day-president-osmani-received-representatives-of-this-community","status":"publish","type":"post","link":"https:\/\/president-ksgov.net\/en\/on-the-international-roma-day-president-osmani-received-representatives-of-this-community\/","title":{"rendered":"On the International Roma Day, President Osmani received representatives of this community"},"content":{"rendered":"<p>On the occasion of the International Roma Day, President Vjosa Osmani today received in a meeting the representatives of the Roma community in the Government, the Assembly and civil society. She congratulated them on this day and stressed that it is not enough to turn our eyes to the Roma community only on such days.<\/p>\n<p>President Osmani stressed that it are exactly these days that help us to best understand the achievements within a year and which should serve us to reflect what we can do better.<\/p>\n<p>Mrs. Osmani assured the interlocutors that the doors of the Presidency will always be open for the Roma community to understand and address their needs.\u00a0<\/p>\n","protected":false},"excerpt":{"rendered":"<p>On the occasion of the International Roma Day, President Vjosa Osmani today received in a meeting the representatives of the Roma community in the Government, the Assembly and civil society. She congratulated them on this day and stressed that it is not enough to turn our eyes to the Roma community only on such days.<\/p>\n","protected":false},"author":1,"featured_media":21462,"comment_status":"open","ping_status":"closed","sticky":false,"template":"","format":"standard","meta":{"_eb_attr":"","footnotes":""},"categories":[111],"tags":[],"class_list":["post-67513","post","type-post","status-publish","format-standard","has-post-thumbnail","hentry","category-news"],"yoast_head":"<!-- This site is optimized with the Yoast SEO plugin v23.5 - https:\/\/yoast.com\/wordpress\/plugins\/seo\/ -->\n<title>On the International Roma Day, President Osmani received representatives of this community - President of the Republic of Kosovo - DR. VJOSA OSMANI - SADRIU<\/title>\n<meta name=\"description\" content=\"On the International Roma Day, President Osmani received representatives of this community - President of the Republic of Kosovo - DR. VJOSA OSMANI - SADRIU -\" \/>\n<meta name=\"robots\" content=\"index, follow, max-snippet:-1, max-image-preview:large, max-video-preview:-1\" \/>\n<link rel=\"canonical\" href=\"https:\/\/president-ksgov.net\/en\/on-the-international-roma-day-president-osmani-received-representatives-of-this-community\/\" \/>\n<meta property=\"og:locale\" content=\"en_US\" \/>\n<meta property=\"og:type\" content=\"article\" \/>\n<meta property=\"og:title\" content=\"On the International Roma Day, President Osmani received representatives of this community - President of the Republic of Kosovo - DR. VJOSA OSMANI - SADRIU\" \/>\n<meta property=\"og:description\" content=\"On the International Roma Day, President Osmani received representatives of this community - President of the Republic of Kosovo - DR. VJOSA OSMANI - SADRIU -\" \/>\n<meta property=\"og:url\" content=\"https:\/\/president-ksgov.net\/en\/on-the-international-roma-day-president-osmani-received-representatives-of-this-community\/\" \/>\n<meta property=\"og:site_name\" content=\"President of the Republic of Kosovo - DR. VJOSA OSMANI - SADRIU\" \/>\n<meta property=\"article:published_time\" content=\"2021-04-08T15:19:27+00:00\" \/>\n<meta property=\"article:modified_time\" content=\"2023-03-07T09:11:41+00:00\" \/>\n<meta property=\"og:image\" content=\"https:\/\/president-ksgov.net\/wp-content\/uploads\/08_04_2021_5905673_DSC_3270.jpg\" \/>\n\t<meta property=\"og:image:width\" content=\"2000\" \/>\n\t<meta property=\"og:image:height\" content=\"1333\" \/>\n\t<meta property=\"og:image:type\" content=\"image\/jpeg\" \/>\n<meta name=\"author\" content=\"admin\" \/>\n<meta name=\"twitter:card\" content=\"summary_large_image\" \/>\n<meta name=\"twitter:label1\" content=\"Written by\" \/>\n\t<meta name=\"twitter:data1\" content=\"admin\" \/>\n\t<meta name=\"twitter:label2\" content=\"Est. reading time\" \/>\n\t<meta name=\"twitter:data2\" content=\"1 minute\" \/>\n<script type=\"application\/ld+json\" class=\"yoast-schema-graph\">{\"@context\":\"https:\/\/schema.org\",\"@graph\":[{\"@type\":\"WebPage\",\"@id\":\"https:\/\/president-ksgov.net\/en\/on-the-international-roma-day-president-osmani-received-representatives-of-this-community\/\",\"url\":\"https:\/\/president-ksgov.net\/en\/on-the-international-roma-day-president-osmani-received-representatives-of-this-community\/\",\"name\":\"On the International Roma Day, President Osmani received representatives of this community - President of the Republic of Kosovo - DR. VJOSA OSMANI - SADRIU\",\"isPartOf\":{\"@id\":\"https:\/\/president-ksgov.net\/#website\"},\"primaryImageOfPage\":{\"@id\":\"https:\/\/president-ksgov.net\/en\/on-the-international-roma-day-president-osmani-received-representatives-of-this-community\/#primaryimage\"},\"image\":{\"@id\":\"https:\/\/president-ksgov.net\/en\/on-the-international-roma-day-president-osmani-received-representatives-of-this-community\/#primaryimage\"},\"thumbnailUrl\":\"https:\/\/president-ksgov.net\/wp-content\/uploads\/08_04_2021_5905673_DSC_3270.jpg\",\"datePublished\":\"2021-04-08T15:19:27+00:00\",\"dateModified\":\"2023-03-07T09:11:41+00:00\",\"author\":{\"@id\":\"https:\/\/president-ksgov.net\/#\/schema\/person\/bb4337a5fb147cb2046d80548172cbee\"},\"description\":\"On the International Roma Day, President Osmani received representatives of this community - President of the Republic of Kosovo - DR. VJOSA OSMANI - SADRIU -\",\"breadcrumb\":{\"@id\":\"https:\/\/president-ksgov.net\/en\/on-the-international-roma-day-president-osmani-received-representatives-of-this-community\/#breadcrumb\"},\"inLanguage\":\"en-US\",\"potentialAction\":[{\"@type\":\"ReadAction\",\"target\":[\"https:\/\/president-ksgov.net\/en\/on-the-international-roma-day-president-osmani-received-representatives-of-this-community\/\"]}]},{\"@type\":\"ImageObject\",\"inLanguage\":\"en-US\",\"@id\":\"https:\/\/president-ksgov.net\/en\/on-the-international-roma-day-president-osmani-received-representatives-of-this-community\/#primaryimage\",\"url\":\"https:\/\/president-ksgov.net\/wp-content\/uploads\/08_04_2021_5905673_DSC_3270.jpg\",\"contentUrl\":\"https:\/\/president-ksgov.net\/wp-content\/uploads\/08_04_2021_5905673_DSC_3270.jpg\",\"width\":2000,\"height\":1333},{\"@type\":\"BreadcrumbList\",\"@id\":\"https:\/\/president-ksgov.net\/en\/on-the-international-roma-day-president-osmani-received-representatives-of-this-community\/#breadcrumb\",\"itemListElement\":[{\"@type\":\"ListItem\",\"position\":1,\"name\":\"Home\",\"item\":\"https:\/\/president-ksgov.net\/en\/\"},{\"@type\":\"ListItem\",\"position\":2,\"name\":\"On the International Roma Day, President Osmani received representatives of this community\"}]},{\"@type\":\"WebSite\",\"@id\":\"https:\/\/president-ksgov.net\/#website\",\"url\":\"https:\/\/president-ksgov.net\/\",\"name\":\"Presidente e Republik\u00ebs s\u00eb Kosov\u00ebs\",\"description\":\"Presidente e Republik\u00ebs s\u00eb Kosov\u00ebs\",\"alternateName\":\"DR. VJOSA OSMANI - SADRIU\",\"potentialAction\":[{\"@type\":\"SearchAction\",\"target\":{\"@type\":\"EntryPoint\",\"urlTemplate\":\"https:\/\/president-ksgov.net\/?s={search_term_string}\"},\"query-input\":{\"@type\":\"PropertyValueSpecification\",\"valueRequired\":true,\"valueName\":\"search_term_string\"}}],\"inLanguage\":\"en-US\"},{\"@type\":\"Person\",\"@id\":\"https:\/\/president-ksgov.net\/#\/schema\/person\/bb4337a5fb147cb2046d80548172cbee\",\"name\":\"admin\",\"image\":{\"@type\":\"ImageObject\",\"inLanguage\":\"en-US\",\"@id\":\"https:\/\/president-ksgov.net\/#\/schema\/person\/image\/\",\"url\":\"https:\/\/secure.gravatar.com\/avatar\/36156ca0fa3b8d9d25174f146e16beea0cf28f37adf1b9e19b6c9c279a7c9dd3?s=96&d=mm&r=g\",\"contentUrl\":\"https:\/\/secure.gravatar.com\/avatar\/36156ca0fa3b8d9d25174f146e16beea0cf28f37adf1b9e19b6c9c279a7c9dd3?s=96&d=mm&r=g\",\"caption\":\"admin\"},\"sameAs\":[\"https:\/\/president-ksgov.net\"]}]}<\/script>\n<!-- \/ Yoast SEO plugin. -->","yoast_head_json":{"title":"On the International Roma Day, President Osmani received representatives of this community - President of the Republic of Kosovo - DR. VJOSA OSMANI - SADRIU","description":"On the International Roma Day, President Osmani received representatives of this community - President of the Republic of Kosovo - DR. VJOSA OSMANI - SADRIU -","robots":{"index":"index","follow":"follow","max-snippet":"max-snippet:-1","max-image-preview":"max-image-preview:large","max-video-preview":"max-video-preview:-1"},"canonical":"https:\/\/president-ksgov.net\/en\/on-the-international-roma-day-president-osmani-received-representatives-of-this-community\/","og_locale":"en_US","og_type":"article","og_title":"On the International Roma Day, President Osmani received representatives of this community - President of the Republic of Kosovo - DR. VJOSA OSMANI - SADRIU","og_description":"On the International Roma Day, President Osmani received representatives of this community - President of the Republic of Kosovo - DR. VJOSA OSMANI - SADRIU -","og_url":"https:\/\/president-ksgov.net\/en\/on-the-international-roma-day-president-osmani-received-representatives-of-this-community\/","og_site_name":"President of the Republic of Kosovo - DR. VJOSA OSMANI - SADRIU","article_published_time":"2021-04-08T15:19:27+00:00","article_modified_time":"2023-03-07T09:11:41+00:00","og_image":[{"width":2000,"height":1333,"url":"https:\/\/president-ksgov.net\/wp-content\/uploads\/08_04_2021_5905673_DSC_3270.jpg","type":"image\/jpeg"}],"author":"admin","twitter_card":"summary_large_image","twitter_misc":{"Written by":"admin","Est. reading time":"1 minute"},"schema":{"@context":"https:\/\/schema.org","@graph":[{"@type":"WebPage","@id":"https:\/\/president-ksgov.net\/en\/on-the-international-roma-day-president-osmani-received-representatives-of-this-community\/","url":"https:\/\/president-ksgov.net\/en\/on-the-international-roma-day-president-osmani-received-representatives-of-this-community\/","name":"On the International Roma Day, President Osmani received representatives of this community - President of the Republic of Kosovo - DR. VJOSA OSMANI - SADRIU","isPartOf":{"@id":"https:\/\/president-ksgov.net\/#website"},"primaryImageOfPage":{"@id":"https:\/\/president-ksgov.net\/en\/on-the-international-roma-day-president-osmani-received-representatives-of-this-community\/#primaryimage"},"image":{"@id":"https:\/\/president-ksgov.net\/en\/on-the-international-roma-day-president-osmani-received-representatives-of-this-community\/#primaryimage"},"thumbnailUrl":"https:\/\/president-ksgov.net\/wp-content\/uploads\/08_04_2021_5905673_DSC_3270.jpg","datePublished":"2021-04-08T15:19:27+00:00","dateModified":"2023-03-07T09:11:41+00:00","author":{"@id":"https:\/\/president-ksgov.net\/#\/schema\/person\/bb4337a5fb147cb2046d80548172cbee"},"description":"On the International Roma Day, President Osmani received representatives of this community - President of the Republic of Kosovo - DR. VJOSA OSMANI - SADRIU -","breadcrumb":{"@id":"https:\/\/president-ksgov.net\/en\/on-the-international-roma-day-president-osmani-received-representatives-of-this-community\/#breadcrumb"},"inLanguage":"en-US","potentialAction":[{"@type":"ReadAction","target":["https:\/\/president-ksgov.net\/en\/on-the-international-roma-day-president-osmani-received-representatives-of-this-community\/"]}]},{"@type":"ImageObject","inLanguage":"en-US","@id":"https:\/\/president-ksgov.net\/en\/on-the-international-roma-day-president-osmani-received-representatives-of-this-community\/#primaryimage","url":"https:\/\/president-ksgov.net\/wp-content\/uploads\/08_04_2021_5905673_DSC_3270.jpg","contentUrl":"https:\/\/president-ksgov.net\/wp-content\/uploads\/08_04_2021_5905673_DSC_3270.jpg","width":2000,"height":1333},{"@type":"BreadcrumbList","@id":"https:\/\/president-ksgov.net\/en\/on-the-international-roma-day-president-osmani-received-representatives-of-this-community\/#breadcrumb","itemListElement":[{"@type":"ListItem","position":1,"name":"Home","item":"https:\/\/president-ksgov.net\/en\/"},{"@type":"ListItem","position":2,"name":"On the International Roma Day, President Osmani received representatives of this community"}]},{"@type":"WebSite","@id":"https:\/\/president-ksgov.net\/#website","url":"https:\/\/president-ksgov.net\/","name":"Presidente e Republik\u00ebs s\u00eb Kosov\u00ebs","description":"Presidente e Republik\u00ebs s\u00eb Kosov\u00ebs","alternateName":"DR. VJOSA OSMANI - SADRIU","potentialAction":[{"@type":"SearchAction","target":{"@type":"EntryPoint","urlTemplate":"https:\/\/president-ksgov.net\/?s={search_term_string}"},"query-input":{"@type":"PropertyValueSpecification","valueRequired":true,"valueName":"search_term_string"}}],"inLanguage":"en-US"},{"@type":"Person","@id":"https:\/\/president-ksgov.net\/#\/schema\/person\/bb4337a5fb147cb2046d80548172cbee","name":"admin","image":{"@type":"ImageObject","inLanguage":"en-US","@id":"https:\/\/president-ksgov.net\/#\/schema\/person\/image\/","url":"https:\/\/secure.gravatar.com\/avatar\/36156ca0fa3b8d9d25174f146e16beea0cf28f37adf1b9e19b6c9c279a7c9dd3?s=96&d=mm&r=g","contentUrl":"https:\/\/secure.gravatar.com\/avatar\/36156ca0fa3b8d9d25174f146e16beea0cf28f37adf1b9e19b6c9c279a7c9dd3?s=96&d=mm&r=g","caption":"admin"},"sameAs":["https:\/\/president-ksgov.net"]}]}},"_links":{"self":[{"href":"https:\/\/president-ksgov.net\/en\/wp-json\/wp\/v2\/posts\/67513","targetHints":{"allow":["GET"]}}],"collection":[{"href":"https:\/\/president-ksgov.net\/en\/wp-json\/wp\/v2\/posts"}],"about":[{"href":"https:\/\/president-ksgov.net\/en\/wp-json\/wp\/v2\/types\/post"}],"author":[{"embeddable":true,"href":"https:\/\/president-ksgov.net\/en\/wp-json\/wp\/v2\/users\/1"}],"replies":[{"embeddable":true,"href":"https:\/\/president-ksgov.net\/en\/wp-json\/wp\/v2\/comments?post=67513"}],"version-history":[{"count":0,"href":"https:\/\/president-ksgov.net\/en\/wp-json\/wp\/v2\/posts\/67513\/revisions"}],"wp:featuredmedia":[{"embeddable":true,"href":"https:\/\/president-ksgov.net\/en\/wp-json\/wp\/v2\/media\/21462"}],"wp:attachment":[{"href":"https:\/\/president-ksgov.net\/en\/wp-json\/wp\/v2\/media?parent=67513"}],"wp:term":[{"taxonomy":"category","embeddable":true,"href":"https:\/\/president-ksgov.net\/en\/wp-json\/wp\/v2\/categories?post=67513"},{"taxonomy":"post_tag","embeddable":true,"href":"https:\/\/president-ksgov.net\/en\/wp-json\/wp\/v2\/tags?post=67513"}],"curies":[{"name":"wp","href":"https:\/\/api.w.org\/{rel}","templated":true}]}}