{"id":67508,"date":"2021-04-09T15:01:27","date_gmt":"2021-04-09T15:01:27","guid":{"rendered":"https:\/\/dev.president-ksgov.net\/on-the-constitution-day-of-the-republic-of-kosovo-president-osmani-talked-with-professors-of-the-constitutional-department\/"},"modified":"2023-03-07T09:11:41","modified_gmt":"2023-03-07T09:11:41","slug":"on-the-constitution-day-of-the-republic-of-kosovo-president-osmani-talked-with-professors-of-the-constitutional-department","status":"publish","type":"post","link":"https:\/\/president-ksgov.net\/en\/on-the-constitution-day-of-the-republic-of-kosovo-president-osmani-talked-with-professors-of-the-constitutional-department\/","title":{"rendered":"On the Constitution Day of the Republic of Kosovo, President Osmani talked with professors of the Constitutional Department"},"content":{"rendered":"<p>At the invitation of the President of the Republic of Kosovo, Vjosa Osmani-Sadriu, a joint discussion was held with professors of the Constitutional Department of the Faculty of Law of the University of Prishtina.<\/p>\n<p>This joint discussion was made to mark Constitution Day.<\/p>\n<p>On this occasion, President Osmani thanked the professors for the work they do every day in educating the new generations of jurists.<\/p>\n<p>\u201cThe citizens need to hear you talk about aspects of the Constitution. Your professional opinion is important. Therefore, I have used the first week of my work to talk to you in order to affirm the importance of the Constitution and its implementation\u201d, emphasized President Osmani.<\/p>\n<p>Mrs. Osmani offered cooperation to the professors and at the same time emphasized that the door of the Presidency is open to consult them on important processes for the country.<\/p>\n<p>The participants in the conversation thanked the President for the invitation, because according to them it is the first time that they are invited for such a conversation from the highest state level.<\/p>\n<p>According to them, the process of the election of the President presents a model of the constitutional election of the country\u2019s President.<\/p>\n<p>In this context, they stressed that it is important for the Presidency to guarantee constitutional stability for all institutions.<\/p>\n<p>At the same time, the professors have expressed full readiness for further cooperation with the President on topics related to the field of constitutional justice.\u00a0<\/p>\n","protected":false},"excerpt":{"rendered":"<p>At the invitation of the President of the Republic of Kosovo, Vjosa Osmani-Sadriu, a joint discussion was held with professors of the Constitutional Department of the Faculty of Law of the University of Prishtina.<\/p>\n","protected":false},"author":1,"featured_media":21412,"comment_status":"open","ping_status":"closed","sticky":false,"template":"","format":"standard","meta":{"_eb_attr":"","footnotes":""},"categories":[111],"tags":[],"class_list":["post-67508","post","type-post","status-publish","format-standard","has-post-thumbnail","hentry","category-news"],"yoast_head":"<!-- This site is optimized with the Yoast SEO plugin v23.5 - https:\/\/yoast.com\/wordpress\/plugins\/seo\/ -->\n<title>On the Constitution Day of the Republic of Kosovo, President Osmani talked with professors of the Constitutional Department - President of the Republic of Kosovo - DR. VJOSA OSMANI - SADRIU<\/title>\n<meta name=\"description\" content=\"On the Constitution Day of the Republic of Kosovo, President Osmani talked with professors of the Constitutional Department - President of the Republic of Kosovo - DR. VJOSA OSMANI - SADRIU -\" \/>\n<meta name=\"robots\" content=\"index, follow, max-snippet:-1, max-image-preview:large, max-video-preview:-1\" \/>\n<link rel=\"canonical\" href=\"https:\/\/president-ksgov.net\/en\/on-the-constitution-day-of-the-republic-of-kosovo-president-osmani-talked-with-professors-of-the-constitutional-department\/\" \/>\n<meta property=\"og:locale\" content=\"en_US\" \/>\n<meta property=\"og:type\" content=\"article\" \/>\n<meta property=\"og:title\" content=\"On the Constitution Day of the Republic of Kosovo, President Osmani talked with professors of the Constitutional Department - President of the Republic of Kosovo - DR. VJOSA OSMANI - SADRIU\" \/>\n<meta property=\"og:description\" content=\"On the Constitution Day of the Republic of Kosovo, President Osmani talked with professors of the Constitutional Department - President of the Republic of Kosovo - DR. VJOSA OSMANI - SADRIU -\" \/>\n<meta property=\"og:url\" content=\"https:\/\/president-ksgov.net\/en\/on-the-constitution-day-of-the-republic-of-kosovo-president-osmani-talked-with-professors-of-the-constitutional-department\/\" \/>\n<meta property=\"og:site_name\" content=\"President of the Republic of Kosovo - DR. VJOSA OSMANI - SADRIU\" \/>\n<meta property=\"article:published_time\" content=\"2021-04-09T15:01:27+00:00\" \/>\n<meta property=\"article:modified_time\" content=\"2023-03-07T09:11:41+00:00\" \/>\n<meta property=\"og:image\" content=\"https:\/\/president-ksgov.net\/wp-content\/uploads\/09_04_2021_9146867_171788174_459174712082304_6176848621975325491_n-scaled.jpg\" \/>\n\t<meta property=\"og:image:width\" content=\"2560\" \/>\n\t<meta property=\"og:image:height\" content=\"1706\" \/>\n\t<meta property=\"og:image:type\" content=\"image\/jpeg\" \/>\n<meta name=\"author\" content=\"admin\" \/>\n<meta name=\"twitter:card\" content=\"summary_large_image\" \/>\n<meta name=\"twitter:label1\" content=\"Written by\" \/>\n\t<meta name=\"twitter:data1\" content=\"admin\" \/>\n\t<meta name=\"twitter:label2\" content=\"Est. reading time\" \/>\n\t<meta name=\"twitter:data2\" content=\"1 minute\" \/>\n<script type=\"application\/ld+json\" class=\"yoast-schema-graph\">{\"@context\":\"https:\/\/schema.org\",\"@graph\":[{\"@type\":\"WebPage\",\"@id\":\"https:\/\/president-ksgov.net\/en\/on-the-constitution-day-of-the-republic-of-kosovo-president-osmani-talked-with-professors-of-the-constitutional-department\/\",\"url\":\"https:\/\/president-ksgov.net\/en\/on-the-constitution-day-of-the-republic-of-kosovo-president-osmani-talked-with-professors-of-the-constitutional-department\/\",\"name\":\"On the Constitution Day of the Republic of Kosovo, President Osmani talked with professors of the Constitutional Department - President of the Republic of Kosovo - DR. VJOSA OSMANI - SADRIU\",\"isPartOf\":{\"@id\":\"https:\/\/president-ksgov.net\/#website\"},\"primaryImageOfPage\":{\"@id\":\"https:\/\/president-ksgov.net\/en\/on-the-constitution-day-of-the-republic-of-kosovo-president-osmani-talked-with-professors-of-the-constitutional-department\/#primaryimage\"},\"image\":{\"@id\":\"https:\/\/president-ksgov.net\/en\/on-the-constitution-day-of-the-republic-of-kosovo-president-osmani-talked-with-professors-of-the-constitutional-department\/#primaryimage\"},\"thumbnailUrl\":\"https:\/\/president-ksgov.net\/wp-content\/uploads\/09_04_2021_9146867_171788174_459174712082304_6176848621975325491_n-scaled.jpg\",\"datePublished\":\"2021-04-09T15:01:27+00:00\",\"dateModified\":\"2023-03-07T09:11:41+00:00\",\"author\":{\"@id\":\"https:\/\/president-ksgov.net\/#\/schema\/person\/bb4337a5fb147cb2046d80548172cbee\"},\"description\":\"On the Constitution Day of the Republic of Kosovo, President Osmani talked with professors of the Constitutional Department - President of the Republic of Kosovo - DR. VJOSA OSMANI - SADRIU -\",\"breadcrumb\":{\"@id\":\"https:\/\/president-ksgov.net\/en\/on-the-constitution-day-of-the-republic-of-kosovo-president-osmani-talked-with-professors-of-the-constitutional-department\/#breadcrumb\"},\"inLanguage\":\"en-US\",\"potentialAction\":[{\"@type\":\"ReadAction\",\"target\":[\"https:\/\/president-ksgov.net\/en\/on-the-constitution-day-of-the-republic-of-kosovo-president-osmani-talked-with-professors-of-the-constitutional-department\/\"]}]},{\"@type\":\"ImageObject\",\"inLanguage\":\"en-US\",\"@id\":\"https:\/\/president-ksgov.net\/en\/on-the-constitution-day-of-the-republic-of-kosovo-president-osmani-talked-with-professors-of-the-constitutional-department\/#primaryimage\",\"url\":\"https:\/\/president-ksgov.net\/wp-content\/uploads\/09_04_2021_9146867_171788174_459174712082304_6176848621975325491_n-scaled.jpg\",\"contentUrl\":\"https:\/\/president-ksgov.net\/wp-content\/uploads\/09_04_2021_9146867_171788174_459174712082304_6176848621975325491_n-scaled.jpg\",\"width\":2560,\"height\":1706},{\"@type\":\"BreadcrumbList\",\"@id\":\"https:\/\/president-ksgov.net\/en\/on-the-constitution-day-of-the-republic-of-kosovo-president-osmani-talked-with-professors-of-the-constitutional-department\/#breadcrumb\",\"itemListElement\":[{\"@type\":\"ListItem\",\"position\":1,\"name\":\"Home\",\"item\":\"https:\/\/president-ksgov.net\/en\/\"},{\"@type\":\"ListItem\",\"position\":2,\"name\":\"On the Constitution Day of the Republic of Kosovo, President Osmani talked with professors of the Constitutional Department\"}]},{\"@type\":\"WebSite\",\"@id\":\"https:\/\/president-ksgov.net\/#website\",\"url\":\"https:\/\/president-ksgov.net\/\",\"name\":\"Presidente e Republik\u00ebs s\u00eb Kosov\u00ebs\",\"description\":\"Presidente e Republik\u00ebs s\u00eb Kosov\u00ebs\",\"alternateName\":\"DR. VJOSA OSMANI - SADRIU\",\"potentialAction\":[{\"@type\":\"SearchAction\",\"target\":{\"@type\":\"EntryPoint\",\"urlTemplate\":\"https:\/\/president-ksgov.net\/?s={search_term_string}\"},\"query-input\":{\"@type\":\"PropertyValueSpecification\",\"valueRequired\":true,\"valueName\":\"search_term_string\"}}],\"inLanguage\":\"en-US\"},{\"@type\":\"Person\",\"@id\":\"https:\/\/president-ksgov.net\/#\/schema\/person\/bb4337a5fb147cb2046d80548172cbee\",\"name\":\"admin\",\"image\":{\"@type\":\"ImageObject\",\"inLanguage\":\"en-US\",\"@id\":\"https:\/\/president-ksgov.net\/#\/schema\/person\/image\/\",\"url\":\"https:\/\/secure.gravatar.com\/avatar\/36156ca0fa3b8d9d25174f146e16beea0cf28f37adf1b9e19b6c9c279a7c9dd3?s=96&d=mm&r=g\",\"contentUrl\":\"https:\/\/secure.gravatar.com\/avatar\/36156ca0fa3b8d9d25174f146e16beea0cf28f37adf1b9e19b6c9c279a7c9dd3?s=96&d=mm&r=g\",\"caption\":\"admin\"},\"sameAs\":[\"https:\/\/president-ksgov.net\"]}]}<\/script>\n<!-- \/ Yoast SEO plugin. -->","yoast_head_json":{"title":"On the Constitution Day of the Republic of Kosovo, President Osmani talked with professors of the Constitutional Department - President of the Republic of Kosovo - DR. VJOSA OSMANI - SADRIU","description":"On the Constitution Day of the Republic of Kosovo, President Osmani talked with professors of the Constitutional Department - President of the Republic of Kosovo - DR. VJOSA OSMANI - SADRIU -","robots":{"index":"index","follow":"follow","max-snippet":"max-snippet:-1","max-image-preview":"max-image-preview:large","max-video-preview":"max-video-preview:-1"},"canonical":"https:\/\/president-ksgov.net\/en\/on-the-constitution-day-of-the-republic-of-kosovo-president-osmani-talked-with-professors-of-the-constitutional-department\/","og_locale":"en_US","og_type":"article","og_title":"On the Constitution Day of the Republic of Kosovo, President Osmani talked with professors of the Constitutional Department - President of the Republic of Kosovo - DR. VJOSA OSMANI - SADRIU","og_description":"On the Constitution Day of the Republic of Kosovo, President Osmani talked with professors of the Constitutional Department - President of the Republic of Kosovo - DR. VJOSA OSMANI - SADRIU -","og_url":"https:\/\/president-ksgov.net\/en\/on-the-constitution-day-of-the-republic-of-kosovo-president-osmani-talked-with-professors-of-the-constitutional-department\/","og_site_name":"President of the Republic of Kosovo - DR. VJOSA OSMANI - SADRIU","article_published_time":"2021-04-09T15:01:27+00:00","article_modified_time":"2023-03-07T09:11:41+00:00","og_image":[{"width":2560,"height":1706,"url":"https:\/\/president-ksgov.net\/wp-content\/uploads\/09_04_2021_9146867_171788174_459174712082304_6176848621975325491_n-scaled.jpg","type":"image\/jpeg"}],"author":"admin","twitter_card":"summary_large_image","twitter_misc":{"Written by":"admin","Est. reading time":"1 minute"},"schema":{"@context":"https:\/\/schema.org","@graph":[{"@type":"WebPage","@id":"https:\/\/president-ksgov.net\/en\/on-the-constitution-day-of-the-republic-of-kosovo-president-osmani-talked-with-professors-of-the-constitutional-department\/","url":"https:\/\/president-ksgov.net\/en\/on-the-constitution-day-of-the-republic-of-kosovo-president-osmani-talked-with-professors-of-the-constitutional-department\/","name":"On the Constitution Day of the Republic of Kosovo, President Osmani talked with professors of the Constitutional Department - President of the Republic of Kosovo - DR. VJOSA OSMANI - SADRIU","isPartOf":{"@id":"https:\/\/president-ksgov.net\/#website"},"primaryImageOfPage":{"@id":"https:\/\/president-ksgov.net\/en\/on-the-constitution-day-of-the-republic-of-kosovo-president-osmani-talked-with-professors-of-the-constitutional-department\/#primaryimage"},"image":{"@id":"https:\/\/president-ksgov.net\/en\/on-the-constitution-day-of-the-republic-of-kosovo-president-osmani-talked-with-professors-of-the-constitutional-department\/#primaryimage"},"thumbnailUrl":"https:\/\/president-ksgov.net\/wp-content\/uploads\/09_04_2021_9146867_171788174_459174712082304_6176848621975325491_n-scaled.jpg","datePublished":"2021-04-09T15:01:27+00:00","dateModified":"2023-03-07T09:11:41+00:00","author":{"@id":"https:\/\/president-ksgov.net\/#\/schema\/person\/bb4337a5fb147cb2046d80548172cbee"},"description":"On the Constitution Day of the Republic of Kosovo, President Osmani talked with professors of the Constitutional Department - President of the Republic of Kosovo - DR. VJOSA OSMANI - SADRIU -","breadcrumb":{"@id":"https:\/\/president-ksgov.net\/en\/on-the-constitution-day-of-the-republic-of-kosovo-president-osmani-talked-with-professors-of-the-constitutional-department\/#breadcrumb"},"inLanguage":"en-US","potentialAction":[{"@type":"ReadAction","target":["https:\/\/president-ksgov.net\/en\/on-the-constitution-day-of-the-republic-of-kosovo-president-osmani-talked-with-professors-of-the-constitutional-department\/"]}]},{"@type":"ImageObject","inLanguage":"en-US","@id":"https:\/\/president-ksgov.net\/en\/on-the-constitution-day-of-the-republic-of-kosovo-president-osmani-talked-with-professors-of-the-constitutional-department\/#primaryimage","url":"https:\/\/president-ksgov.net\/wp-content\/uploads\/09_04_2021_9146867_171788174_459174712082304_6176848621975325491_n-scaled.jpg","contentUrl":"https:\/\/president-ksgov.net\/wp-content\/uploads\/09_04_2021_9146867_171788174_459174712082304_6176848621975325491_n-scaled.jpg","width":2560,"height":1706},{"@type":"BreadcrumbList","@id":"https:\/\/president-ksgov.net\/en\/on-the-constitution-day-of-the-republic-of-kosovo-president-osmani-talked-with-professors-of-the-constitutional-department\/#breadcrumb","itemListElement":[{"@type":"ListItem","position":1,"name":"Home","item":"https:\/\/president-ksgov.net\/en\/"},{"@type":"ListItem","position":2,"name":"On the Constitution Day of the Republic of Kosovo, President Osmani talked with professors of the Constitutional Department"}]},{"@type":"WebSite","@id":"https:\/\/president-ksgov.net\/#website","url":"https:\/\/president-ksgov.net\/","name":"Presidente e Republik\u00ebs s\u00eb Kosov\u00ebs","description":"Presidente e Republik\u00ebs s\u00eb Kosov\u00ebs","alternateName":"DR. VJOSA OSMANI - SADRIU","potentialAction":[{"@type":"SearchAction","target":{"@type":"EntryPoint","urlTemplate":"https:\/\/president-ksgov.net\/?s={search_term_string}"},"query-input":{"@type":"PropertyValueSpecification","valueRequired":true,"valueName":"search_term_string"}}],"inLanguage":"en-US"},{"@type":"Person","@id":"https:\/\/president-ksgov.net\/#\/schema\/person\/bb4337a5fb147cb2046d80548172cbee","name":"admin","image":{"@type":"ImageObject","inLanguage":"en-US","@id":"https:\/\/president-ksgov.net\/#\/schema\/person\/image\/","url":"https:\/\/secure.gravatar.com\/avatar\/36156ca0fa3b8d9d25174f146e16beea0cf28f37adf1b9e19b6c9c279a7c9dd3?s=96&d=mm&r=g","contentUrl":"https:\/\/secure.gravatar.com\/avatar\/36156ca0fa3b8d9d25174f146e16beea0cf28f37adf1b9e19b6c9c279a7c9dd3?s=96&d=mm&r=g","caption":"admin"},"sameAs":["https:\/\/president-ksgov.net"]}]}},"_links":{"self":[{"href":"https:\/\/president-ksgov.net\/en\/wp-json\/wp\/v2\/posts\/67508","targetHints":{"allow":["GET"]}}],"collection":[{"href":"https:\/\/president-ksgov.net\/en\/wp-json\/wp\/v2\/posts"}],"about":[{"href":"https:\/\/president-ksgov.net\/en\/wp-json\/wp\/v2\/types\/post"}],"author":[{"embeddable":true,"href":"https:\/\/president-ksgov.net\/en\/wp-json\/wp\/v2\/users\/1"}],"replies":[{"embeddable":true,"href":"https:\/\/president-ksgov.net\/en\/wp-json\/wp\/v2\/comments?post=67508"}],"version-history":[{"count":0,"href":"https:\/\/president-ksgov.net\/en\/wp-json\/wp\/v2\/posts\/67508\/revisions"}],"wp:featuredmedia":[{"embeddable":true,"href":"https:\/\/president-ksgov.net\/en\/wp-json\/wp\/v2\/media\/21412"}],"wp:attachment":[{"href":"https:\/\/president-ksgov.net\/en\/wp-json\/wp\/v2\/media?parent=67508"}],"wp:term":[{"taxonomy":"category","embeddable":true,"href":"https:\/\/president-ksgov.net\/en\/wp-json\/wp\/v2\/categories?post=67508"},{"taxonomy":"post_tag","embeddable":true,"href":"https:\/\/president-ksgov.net\/en\/wp-json\/wp\/v2\/tags?post=67508"}],"curies":[{"name":"wp","href":"https:\/\/api.w.org\/{rel}","templated":true}]}}