{"id":67491,"date":"2021-04-13T16:00:15","date_gmt":"2021-04-13T16:00:15","guid":{"rendered":"https:\/\/dev.president-ksgov.net\/president-osmani-received-in-a-meeting-the-ambassador-of-the-czech-republic-to-kosovo-pavel-bilek\/"},"modified":"2023-03-07T09:11:17","modified_gmt":"2023-03-07T09:11:17","slug":"president-osmani-received-in-a-meeting-the-ambassador-of-the-czech-republic-to-kosovo-pavel-bilek","status":"publish","type":"post","link":"https:\/\/president-ksgov.net\/en\/president-osmani-received-in-a-meeting-the-ambassador-of-the-czech-republic-to-kosovo-pavel-bilek\/","title":{"rendered":"President Osmani received in a meeting the Ambassador of the Czech Republic to Kosovo, Pavel B\u00edlek"},"content":{"rendered":"<p>Today, the President of the Republic of Kosovo, Vjosa Osmani, received the Ambassador of the Czech Republic to Kosovo, Pavel B\u00edlek, who congratulated her on her appointment.<\/p>\n<p>Ambassador Bilek stressed that the relations between the two countries are good and that their deepening will continue even further. He mentioned the challenge of the Covid-19 pandemic, which the whole world is facing.<\/p>\n<p>Whereas President Osmani, referring to this topic, stressed that the dialogue with Serbia can not be prioritized, as vaccines are not provided for the citizens of Kosovo. She stressed that solidarity between states is needed at this time, so she expressed hope that Kosovo will be assisted by friend countries and international organizations to provide the necessary amount of vaccines for its citizens.<\/p>\n<p>Mrs. Osmani thanked the Czech state for the support so far, showing the readiness to intensify and deepen inter-state relations. Whereas, Ambassador B\u00edlek, on the other hand, stressed that the Czech Republic supports Kosovo\u2019s European path.\u00a0<\/p>\n","protected":false},"excerpt":{"rendered":"<p>Today, the President of the Republic of Kosovo, Vjosa Osmani, received the Ambassador of the Czech Republic to Kosovo, Pavel B\u00edlek, who congratulated her on her appointment.<\/p>\n","protected":false},"author":1,"featured_media":21332,"comment_status":"open","ping_status":"closed","sticky":false,"template":"","format":"standard","meta":{"_eb_attr":"","footnotes":""},"categories":[111],"tags":[],"class_list":["post-67491","post","type-post","status-publish","format-standard","has-post-thumbnail","hentry","category-news"],"yoast_head":"<!-- This site is optimized with the Yoast SEO plugin v23.5 - https:\/\/yoast.com\/wordpress\/plugins\/seo\/ -->\n<title>President Osmani received in a meeting the Ambassador of the Czech Republic to Kosovo, Pavel B\u00edlek - President of the Republic of Kosovo - DR. VJOSA OSMANI - SADRIU<\/title>\n<meta name=\"description\" content=\"President Osmani received in a meeting the Ambassador of the Czech Republic to Kosovo, Pavel B\u00edlek - President of the Republic of Kosovo - DR. VJOSA OSMANI - SADRIU -\" \/>\n<meta name=\"robots\" content=\"index, follow, max-snippet:-1, max-image-preview:large, max-video-preview:-1\" \/>\n<link rel=\"canonical\" href=\"https:\/\/president-ksgov.net\/presidentja-osmani-priti-ne-takim-ambasadorin-e-cekise-ne-kosoves-pavel-bilek\/\" \/>\n<meta property=\"og:locale\" content=\"en_US\" \/>\n<meta property=\"og:type\" content=\"article\" \/>\n<meta property=\"og:title\" content=\"President Osmani received in a meeting the Ambassador of the Czech Republic to Kosovo, Pavel B\u00edlek - President of the Republic of Kosovo - DR. VJOSA OSMANI - SADRIU\" \/>\n<meta property=\"og:description\" content=\"President Osmani received in a meeting the Ambassador of the Czech Republic to Kosovo, Pavel B\u00edlek - President of the Republic of Kosovo - DR. VJOSA OSMANI - SADRIU -\" \/>\n<meta property=\"og:url\" content=\"https:\/\/president-ksgov.net\/presidentja-osmani-priti-ne-takim-ambasadorin-e-cekise-ne-kosoves-pavel-bilek\/\" \/>\n<meta property=\"og:site_name\" content=\"President of the Republic of Kosovo - DR. VJOSA OSMANI - SADRIU\" \/>\n<meta property=\"article:published_time\" content=\"2021-04-13T16:00:15+00:00\" \/>\n<meta property=\"article:modified_time\" content=\"2023-03-07T09:11:17+00:00\" \/>\n<meta property=\"og:image\" content=\"https:\/\/president-ksgov.net\/wp-content\/uploads\/13_04_2021_9733249_Presidentja_Osmani_priti_ne_takim_ambasadorin_e_Cekise_ne_Kosoves__Pavel_B__lek_2_jpg.jpg\" \/>\n\t<meta property=\"og:image:width\" content=\"1600\" \/>\n\t<meta property=\"og:image:height\" content=\"1066\" \/>\n\t<meta property=\"og:image:type\" content=\"image\/jpeg\" \/>\n<meta name=\"author\" content=\"admin\" \/>\n<meta name=\"twitter:card\" content=\"summary_large_image\" \/>\n<meta name=\"twitter:label1\" content=\"Written by\" \/>\n\t<meta name=\"twitter:data1\" content=\"admin\" \/>\n\t<meta name=\"twitter:label2\" content=\"Est. reading time\" \/>\n\t<meta name=\"twitter:data2\" content=\"1 minute\" \/>\n<script type=\"application\/ld+json\" class=\"yoast-schema-graph\">{\"@context\":\"https:\/\/schema.org\",\"@graph\":[{\"@type\":\"WebPage\",\"@id\":\"https:\/\/president-ksgov.net\/presidentja-osmani-priti-ne-takim-ambasadorin-e-cekise-ne-kosoves-pavel-bilek\/\",\"url\":\"https:\/\/president-ksgov.net\/presidentja-osmani-priti-ne-takim-ambasadorin-e-cekise-ne-kosoves-pavel-bilek\/\",\"name\":\"President Osmani received in a meeting the Ambassador of the Czech Republic to Kosovo, Pavel B\u00edlek - President of the Republic of Kosovo - DR. VJOSA OSMANI - SADRIU\",\"isPartOf\":{\"@id\":\"https:\/\/president-ksgov.net\/#website\"},\"primaryImageOfPage\":{\"@id\":\"https:\/\/president-ksgov.net\/presidentja-osmani-priti-ne-takim-ambasadorin-e-cekise-ne-kosoves-pavel-bilek\/#primaryimage\"},\"image\":{\"@id\":\"https:\/\/president-ksgov.net\/presidentja-osmani-priti-ne-takim-ambasadorin-e-cekise-ne-kosoves-pavel-bilek\/#primaryimage\"},\"thumbnailUrl\":\"https:\/\/president-ksgov.net\/wp-content\/uploads\/13_04_2021_9733249_Presidentja_Osmani_priti_ne_takim_ambasadorin_e_Cekise_ne_Kosoves__Pavel_B__lek_2_jpg.jpg\",\"datePublished\":\"2021-04-13T16:00:15+00:00\",\"dateModified\":\"2023-03-07T09:11:17+00:00\",\"author\":{\"@id\":\"https:\/\/president-ksgov.net\/#\/schema\/person\/bb4337a5fb147cb2046d80548172cbee\"},\"description\":\"President Osmani received in a meeting the Ambassador of the Czech Republic to Kosovo, Pavel B\u00edlek - President of the Republic of Kosovo - DR. VJOSA OSMANI - SADRIU -\",\"breadcrumb\":{\"@id\":\"https:\/\/president-ksgov.net\/presidentja-osmani-priti-ne-takim-ambasadorin-e-cekise-ne-kosoves-pavel-bilek\/#breadcrumb\"},\"inLanguage\":\"en-US\",\"potentialAction\":[{\"@type\":\"ReadAction\",\"target\":[\"https:\/\/president-ksgov.net\/presidentja-osmani-priti-ne-takim-ambasadorin-e-cekise-ne-kosoves-pavel-bilek\/\"]}]},{\"@type\":\"ImageObject\",\"inLanguage\":\"en-US\",\"@id\":\"https:\/\/president-ksgov.net\/presidentja-osmani-priti-ne-takim-ambasadorin-e-cekise-ne-kosoves-pavel-bilek\/#primaryimage\",\"url\":\"https:\/\/president-ksgov.net\/wp-content\/uploads\/13_04_2021_9733249_Presidentja_Osmani_priti_ne_takim_ambasadorin_e_Cekise_ne_Kosoves__Pavel_B__lek_2_jpg.jpg\",\"contentUrl\":\"https:\/\/president-ksgov.net\/wp-content\/uploads\/13_04_2021_9733249_Presidentja_Osmani_priti_ne_takim_ambasadorin_e_Cekise_ne_Kosoves__Pavel_B__lek_2_jpg.jpg\",\"width\":1600,\"height\":1066},{\"@type\":\"BreadcrumbList\",\"@id\":\"https:\/\/president-ksgov.net\/presidentja-osmani-priti-ne-takim-ambasadorin-e-cekise-ne-kosoves-pavel-bilek\/#breadcrumb\",\"itemListElement\":[{\"@type\":\"ListItem\",\"position\":1,\"name\":\"Home\",\"item\":\"https:\/\/president-ksgov.net\/en\/\"},{\"@type\":\"ListItem\",\"position\":2,\"name\":\"President Osmani received in a meeting the Ambassador of the Czech Republic to Kosovo, Pavel B\u00edlek\"}]},{\"@type\":\"WebSite\",\"@id\":\"https:\/\/president-ksgov.net\/#website\",\"url\":\"https:\/\/president-ksgov.net\/\",\"name\":\"Presidente e Republik\u00ebs s\u00eb Kosov\u00ebs\",\"description\":\"Presidente e Republik\u00ebs s\u00eb Kosov\u00ebs\",\"alternateName\":\"DR. VJOSA OSMANI - SADRIU\",\"potentialAction\":[{\"@type\":\"SearchAction\",\"target\":{\"@type\":\"EntryPoint\",\"urlTemplate\":\"https:\/\/president-ksgov.net\/?s={search_term_string}\"},\"query-input\":{\"@type\":\"PropertyValueSpecification\",\"valueRequired\":true,\"valueName\":\"search_term_string\"}}],\"inLanguage\":\"en-US\"},{\"@type\":\"Person\",\"@id\":\"https:\/\/president-ksgov.net\/#\/schema\/person\/bb4337a5fb147cb2046d80548172cbee\",\"name\":\"admin\",\"image\":{\"@type\":\"ImageObject\",\"inLanguage\":\"en-US\",\"@id\":\"https:\/\/president-ksgov.net\/#\/schema\/person\/image\/\",\"url\":\"https:\/\/secure.gravatar.com\/avatar\/36156ca0fa3b8d9d25174f146e16beea0cf28f37adf1b9e19b6c9c279a7c9dd3?s=96&d=mm&r=g\",\"contentUrl\":\"https:\/\/secure.gravatar.com\/avatar\/36156ca0fa3b8d9d25174f146e16beea0cf28f37adf1b9e19b6c9c279a7c9dd3?s=96&d=mm&r=g\",\"caption\":\"admin\"},\"sameAs\":[\"https:\/\/president-ksgov.net\"]}]}<\/script>\n<!-- \/ Yoast SEO plugin. -->","yoast_head_json":{"title":"President Osmani received in a meeting the Ambassador of the Czech Republic to Kosovo, Pavel B\u00edlek - President of the Republic of Kosovo - DR. VJOSA OSMANI - SADRIU","description":"President Osmani received in a meeting the Ambassador of the Czech Republic to Kosovo, Pavel B\u00edlek - President of the Republic of Kosovo - DR. VJOSA OSMANI - SADRIU -","robots":{"index":"index","follow":"follow","max-snippet":"max-snippet:-1","max-image-preview":"max-image-preview:large","max-video-preview":"max-video-preview:-1"},"canonical":"https:\/\/president-ksgov.net\/presidentja-osmani-priti-ne-takim-ambasadorin-e-cekise-ne-kosoves-pavel-bilek\/","og_locale":"en_US","og_type":"article","og_title":"President Osmani received in a meeting the Ambassador of the Czech Republic to Kosovo, Pavel B\u00edlek - President of the Republic of Kosovo - DR. VJOSA OSMANI - SADRIU","og_description":"President Osmani received in a meeting the Ambassador of the Czech Republic to Kosovo, Pavel B\u00edlek - President of the Republic of Kosovo - DR. VJOSA OSMANI - SADRIU -","og_url":"https:\/\/president-ksgov.net\/presidentja-osmani-priti-ne-takim-ambasadorin-e-cekise-ne-kosoves-pavel-bilek\/","og_site_name":"President of the Republic of Kosovo - DR. VJOSA OSMANI - SADRIU","article_published_time":"2021-04-13T16:00:15+00:00","article_modified_time":"2023-03-07T09:11:17+00:00","og_image":[{"width":1600,"height":1066,"url":"https:\/\/president-ksgov.net\/wp-content\/uploads\/13_04_2021_9733249_Presidentja_Osmani_priti_ne_takim_ambasadorin_e_Cekise_ne_Kosoves__Pavel_B__lek_2_jpg.jpg","type":"image\/jpeg"}],"author":"admin","twitter_card":"summary_large_image","twitter_misc":{"Written by":"admin","Est. reading time":"1 minute"},"schema":{"@context":"https:\/\/schema.org","@graph":[{"@type":"WebPage","@id":"https:\/\/president-ksgov.net\/presidentja-osmani-priti-ne-takim-ambasadorin-e-cekise-ne-kosoves-pavel-bilek\/","url":"https:\/\/president-ksgov.net\/presidentja-osmani-priti-ne-takim-ambasadorin-e-cekise-ne-kosoves-pavel-bilek\/","name":"President Osmani received in a meeting the Ambassador of the Czech Republic to Kosovo, Pavel B\u00edlek - President of the Republic of Kosovo - DR. VJOSA OSMANI - SADRIU","isPartOf":{"@id":"https:\/\/president-ksgov.net\/#website"},"primaryImageOfPage":{"@id":"https:\/\/president-ksgov.net\/presidentja-osmani-priti-ne-takim-ambasadorin-e-cekise-ne-kosoves-pavel-bilek\/#primaryimage"},"image":{"@id":"https:\/\/president-ksgov.net\/presidentja-osmani-priti-ne-takim-ambasadorin-e-cekise-ne-kosoves-pavel-bilek\/#primaryimage"},"thumbnailUrl":"https:\/\/president-ksgov.net\/wp-content\/uploads\/13_04_2021_9733249_Presidentja_Osmani_priti_ne_takim_ambasadorin_e_Cekise_ne_Kosoves__Pavel_B__lek_2_jpg.jpg","datePublished":"2021-04-13T16:00:15+00:00","dateModified":"2023-03-07T09:11:17+00:00","author":{"@id":"https:\/\/president-ksgov.net\/#\/schema\/person\/bb4337a5fb147cb2046d80548172cbee"},"description":"President Osmani received in a meeting the Ambassador of the Czech Republic to Kosovo, Pavel B\u00edlek - President of the Republic of Kosovo - DR. VJOSA OSMANI - SADRIU -","breadcrumb":{"@id":"https:\/\/president-ksgov.net\/presidentja-osmani-priti-ne-takim-ambasadorin-e-cekise-ne-kosoves-pavel-bilek\/#breadcrumb"},"inLanguage":"en-US","potentialAction":[{"@type":"ReadAction","target":["https:\/\/president-ksgov.net\/presidentja-osmani-priti-ne-takim-ambasadorin-e-cekise-ne-kosoves-pavel-bilek\/"]}]},{"@type":"ImageObject","inLanguage":"en-US","@id":"https:\/\/president-ksgov.net\/presidentja-osmani-priti-ne-takim-ambasadorin-e-cekise-ne-kosoves-pavel-bilek\/#primaryimage","url":"https:\/\/president-ksgov.net\/wp-content\/uploads\/13_04_2021_9733249_Presidentja_Osmani_priti_ne_takim_ambasadorin_e_Cekise_ne_Kosoves__Pavel_B__lek_2_jpg.jpg","contentUrl":"https:\/\/president-ksgov.net\/wp-content\/uploads\/13_04_2021_9733249_Presidentja_Osmani_priti_ne_takim_ambasadorin_e_Cekise_ne_Kosoves__Pavel_B__lek_2_jpg.jpg","width":1600,"height":1066},{"@type":"BreadcrumbList","@id":"https:\/\/president-ksgov.net\/presidentja-osmani-priti-ne-takim-ambasadorin-e-cekise-ne-kosoves-pavel-bilek\/#breadcrumb","itemListElement":[{"@type":"ListItem","position":1,"name":"Home","item":"https:\/\/president-ksgov.net\/en\/"},{"@type":"ListItem","position":2,"name":"President Osmani received in a meeting the Ambassador of the Czech Republic to Kosovo, Pavel B\u00edlek"}]},{"@type":"WebSite","@id":"https:\/\/president-ksgov.net\/#website","url":"https:\/\/president-ksgov.net\/","name":"Presidente e Republik\u00ebs s\u00eb Kosov\u00ebs","description":"Presidente e Republik\u00ebs s\u00eb Kosov\u00ebs","alternateName":"DR. VJOSA OSMANI - SADRIU","potentialAction":[{"@type":"SearchAction","target":{"@type":"EntryPoint","urlTemplate":"https:\/\/president-ksgov.net\/?s={search_term_string}"},"query-input":{"@type":"PropertyValueSpecification","valueRequired":true,"valueName":"search_term_string"}}],"inLanguage":"en-US"},{"@type":"Person","@id":"https:\/\/president-ksgov.net\/#\/schema\/person\/bb4337a5fb147cb2046d80548172cbee","name":"admin","image":{"@type":"ImageObject","inLanguage":"en-US","@id":"https:\/\/president-ksgov.net\/#\/schema\/person\/image\/","url":"https:\/\/secure.gravatar.com\/avatar\/36156ca0fa3b8d9d25174f146e16beea0cf28f37adf1b9e19b6c9c279a7c9dd3?s=96&d=mm&r=g","contentUrl":"https:\/\/secure.gravatar.com\/avatar\/36156ca0fa3b8d9d25174f146e16beea0cf28f37adf1b9e19b6c9c279a7c9dd3?s=96&d=mm&r=g","caption":"admin"},"sameAs":["https:\/\/president-ksgov.net"]}]}},"_links":{"self":[{"href":"https:\/\/president-ksgov.net\/en\/wp-json\/wp\/v2\/posts\/67491","targetHints":{"allow":["GET"]}}],"collection":[{"href":"https:\/\/president-ksgov.net\/en\/wp-json\/wp\/v2\/posts"}],"about":[{"href":"https:\/\/president-ksgov.net\/en\/wp-json\/wp\/v2\/types\/post"}],"author":[{"embeddable":true,"href":"https:\/\/president-ksgov.net\/en\/wp-json\/wp\/v2\/users\/1"}],"replies":[{"embeddable":true,"href":"https:\/\/president-ksgov.net\/en\/wp-json\/wp\/v2\/comments?post=67491"}],"version-history":[{"count":0,"href":"https:\/\/president-ksgov.net\/en\/wp-json\/wp\/v2\/posts\/67491\/revisions"}],"wp:featuredmedia":[{"embeddable":true,"href":"https:\/\/president-ksgov.net\/en\/wp-json\/wp\/v2\/media\/21332"}],"wp:attachment":[{"href":"https:\/\/president-ksgov.net\/en\/wp-json\/wp\/v2\/media?parent=67491"}],"wp:term":[{"taxonomy":"category","embeddable":true,"href":"https:\/\/president-ksgov.net\/en\/wp-json\/wp\/v2\/categories?post=67491"},{"taxonomy":"post_tag","embeddable":true,"href":"https:\/\/president-ksgov.net\/en\/wp-json\/wp\/v2\/tags?post=67491"}],"curies":[{"name":"wp","href":"https:\/\/api.w.org\/{rel}","templated":true}]}}