{"id":67483,"date":"2021-04-15T12:15:05","date_gmt":"2021-04-15T12:15:05","guid":{"rendered":"https:\/\/dev.president-ksgov.net\/joint-statement-of-the-president-the-speaker-of-the-assembly-and-the-prime-minister-of-kosovo\/"},"modified":"2023-03-07T09:11:17","modified_gmt":"2023-03-07T09:11:17","slug":"joint-statement-of-the-president-the-speaker-of-the-assembly-and-the-prime-minister-of-kosovo","status":"publish","type":"post","link":"https:\/\/president-ksgov.net\/en\/joint-statement-of-the-president-the-speaker-of-the-assembly-and-the-prime-minister-of-kosovo\/","title":{"rendered":"Joint statement of the President, the Speaker of the Assembly and the Prime Minister of Kosovo"},"content":{"rendered":"<p>President Osmani, Speaker Konjufca and Prime Minister Kurti received in a meeting the heads of the \u201cThirrjet e N\u00ebnave\u201d (Mothers\u2019 Calls) association<\/p>\n<p>President Vjosa Osmani, together with the Speaker of the Assembly of Kosovo, Glauk Konjufca, the Prime Minister, Albin Kurti, and the Deputy Speaker of the Assembly, Ms. Saranda Bogujevci, received today in a meeting the mothers of the missing persons from the organization \u201cThirrjet e N\u00ebnave\u201d.<\/p>\n<p>President Osmani said that the missing are a common wound.<\/p>\n<p>\u201cFor the new institutions, the finding of your loved ones \u2013 the girls and boys who are of all of Kosovo, is a priority. We are committed and we promise you that we will work unceasingly to find them as soon as possible\u201d, stressed President Osmani.<\/p>\n<p>Speaker Konjufca stressed that all share the pain for the missing.<\/p>\n<p>\u201cAs so far, we all share the pain with you. You have given your most loved ones and made the most sublime sacrifice for us to be free today. Therefore, we will work together to ensure the delayed justice\u201d, stressed Speaker Konjufca.<\/p>\n<p>Whereas, the Prime Minister of Kosovo, Albin Kurti promised maximum commitment to clarify the fate of the missing.<\/p>\n<p>\u201cThe pain and anxiety you experience are incomparable. We will work continuously to guarantee your right to know about the fate of your loved ones\u201d, said Prime Minister Kurti.<\/p>\n<p>On behalf of the \u201cThirrjet e n\u00ebnave\u201d association, Mrs. Nusrete Kumnova thanked the heads of state for the reception and understanding.<\/p>\n<p>\u201cWe all have high hopes and expectations and we are looking forward for real work to be done and to be acted in order to address the needs and demands of the mothers and the families of the missing\u201d, said Kumnova.<\/p>\n<p>The three institutional leaders guaranteed that they will continue to be close to the mothers and families of the missing and that their priority will be to clarify their fate as a precondition to ensure justice.\u00a0<\/p>\n","protected":false},"excerpt":{"rendered":"<p>President Osmani, Speaker Konjufca and Prime Minister Kurti received in a meeting the heads of the \u201cThirrjet e N\u00ebnave\u201d (Mothers\u2019 Calls) association<\/p>\n","protected":false},"author":1,"featured_media":21282,"comment_status":"open","ping_status":"closed","sticky":false,"template":"","format":"standard","meta":{"_eb_attr":"","footnotes":""},"categories":[111],"tags":[],"class_list":["post-67483","post","type-post","status-publish","format-standard","has-post-thumbnail","hentry","category-news"],"yoast_head":"<!-- This site is optimized with the Yoast SEO plugin v23.5 - https:\/\/yoast.com\/wordpress\/plugins\/seo\/ -->\n<title>Joint statement of the President, the Speaker of the Assembly and the Prime Minister of Kosovo - President of the Republic of Kosovo - DR. VJOSA OSMANI - SADRIU<\/title>\n<meta name=\"description\" content=\"Joint statement of the President, the Speaker of the Assembly and the Prime Minister of Kosovo - President of the Republic of Kosovo - DR. VJOSA OSMANI - SADRIU -\" \/>\n<meta name=\"robots\" content=\"index, follow, max-snippet:-1, max-image-preview:large, max-video-preview:-1\" \/>\n<link rel=\"canonical\" href=\"https:\/\/president-ksgov.net\/komunikate-e-perbashket-e-presidentes-kryetarit-te-kuvendit-dhe-e-kryeministrit-te-kosoves\/\" \/>\n<meta property=\"og:locale\" content=\"en_US\" \/>\n<meta property=\"og:type\" content=\"article\" \/>\n<meta property=\"og:title\" content=\"Joint statement of the President, the Speaker of the Assembly and the Prime Minister of Kosovo - President of the Republic of Kosovo - DR. VJOSA OSMANI - SADRIU\" \/>\n<meta property=\"og:description\" content=\"Joint statement of the President, the Speaker of the Assembly and the Prime Minister of Kosovo - President of the Republic of Kosovo - DR. VJOSA OSMANI - SADRIU -\" \/>\n<meta property=\"og:url\" content=\"https:\/\/president-ksgov.net\/komunikate-e-perbashket-e-presidentes-kryetarit-te-kuvendit-dhe-e-kryeministrit-te-kosoves\/\" \/>\n<meta property=\"og:site_name\" content=\"President of the Republic of Kosovo - DR. VJOSA OSMANI - SADRIU\" \/>\n<meta property=\"article:published_time\" content=\"2021-04-15T12:15:05+00:00\" \/>\n<meta property=\"article:modified_time\" content=\"2023-03-07T09:11:17+00:00\" \/>\n<meta property=\"og:image\" content=\"https:\/\/president-ksgov.net\/wp-content\/uploads\/15_04_2021_7603897_Komunikate_e_perbashket_e_Presidentes__Kryetarit_te_Kuvendit_dhe_e_Kryeministrit_te_Kosoves_13.jpg\" \/>\n\t<meta property=\"og:image:width\" content=\"2048\" \/>\n\t<meta property=\"og:image:height\" content=\"1365\" \/>\n\t<meta property=\"og:image:type\" content=\"image\/jpeg\" \/>\n<meta name=\"author\" content=\"admin\" \/>\n<meta name=\"twitter:card\" content=\"summary_large_image\" \/>\n<meta name=\"twitter:label1\" content=\"Written by\" \/>\n\t<meta name=\"twitter:data1\" content=\"admin\" \/>\n\t<meta name=\"twitter:label2\" content=\"Est. reading time\" \/>\n\t<meta name=\"twitter:data2\" content=\"2 minutes\" \/>\n<script type=\"application\/ld+json\" class=\"yoast-schema-graph\">{\"@context\":\"https:\/\/schema.org\",\"@graph\":[{\"@type\":\"WebPage\",\"@id\":\"https:\/\/president-ksgov.net\/komunikate-e-perbashket-e-presidentes-kryetarit-te-kuvendit-dhe-e-kryeministrit-te-kosoves\/\",\"url\":\"https:\/\/president-ksgov.net\/komunikate-e-perbashket-e-presidentes-kryetarit-te-kuvendit-dhe-e-kryeministrit-te-kosoves\/\",\"name\":\"Joint statement of the President, the Speaker of the Assembly and the Prime Minister of Kosovo - President of the Republic of Kosovo - DR. VJOSA OSMANI - SADRIU\",\"isPartOf\":{\"@id\":\"https:\/\/president-ksgov.net\/#website\"},\"primaryImageOfPage\":{\"@id\":\"https:\/\/president-ksgov.net\/komunikate-e-perbashket-e-presidentes-kryetarit-te-kuvendit-dhe-e-kryeministrit-te-kosoves\/#primaryimage\"},\"image\":{\"@id\":\"https:\/\/president-ksgov.net\/komunikate-e-perbashket-e-presidentes-kryetarit-te-kuvendit-dhe-e-kryeministrit-te-kosoves\/#primaryimage\"},\"thumbnailUrl\":\"https:\/\/president-ksgov.net\/wp-content\/uploads\/15_04_2021_7603897_Komunikate_e_perbashket_e_Presidentes__Kryetarit_te_Kuvendit_dhe_e_Kryeministrit_te_Kosoves_13.jpg\",\"datePublished\":\"2021-04-15T12:15:05+00:00\",\"dateModified\":\"2023-03-07T09:11:17+00:00\",\"author\":{\"@id\":\"https:\/\/president-ksgov.net\/#\/schema\/person\/bb4337a5fb147cb2046d80548172cbee\"},\"description\":\"Joint statement of the President, the Speaker of the Assembly and the Prime Minister of Kosovo - President of the Republic of Kosovo - DR. VJOSA OSMANI - SADRIU -\",\"breadcrumb\":{\"@id\":\"https:\/\/president-ksgov.net\/komunikate-e-perbashket-e-presidentes-kryetarit-te-kuvendit-dhe-e-kryeministrit-te-kosoves\/#breadcrumb\"},\"inLanguage\":\"en-US\",\"potentialAction\":[{\"@type\":\"ReadAction\",\"target\":[\"https:\/\/president-ksgov.net\/komunikate-e-perbashket-e-presidentes-kryetarit-te-kuvendit-dhe-e-kryeministrit-te-kosoves\/\"]}]},{\"@type\":\"ImageObject\",\"inLanguage\":\"en-US\",\"@id\":\"https:\/\/president-ksgov.net\/komunikate-e-perbashket-e-presidentes-kryetarit-te-kuvendit-dhe-e-kryeministrit-te-kosoves\/#primaryimage\",\"url\":\"https:\/\/president-ksgov.net\/wp-content\/uploads\/15_04_2021_7603897_Komunikate_e_perbashket_e_Presidentes__Kryetarit_te_Kuvendit_dhe_e_Kryeministrit_te_Kosoves_13.jpg\",\"contentUrl\":\"https:\/\/president-ksgov.net\/wp-content\/uploads\/15_04_2021_7603897_Komunikate_e_perbashket_e_Presidentes__Kryetarit_te_Kuvendit_dhe_e_Kryeministrit_te_Kosoves_13.jpg\",\"width\":2048,\"height\":1365},{\"@type\":\"BreadcrumbList\",\"@id\":\"https:\/\/president-ksgov.net\/komunikate-e-perbashket-e-presidentes-kryetarit-te-kuvendit-dhe-e-kryeministrit-te-kosoves\/#breadcrumb\",\"itemListElement\":[{\"@type\":\"ListItem\",\"position\":1,\"name\":\"Home\",\"item\":\"https:\/\/president-ksgov.net\/en\/\"},{\"@type\":\"ListItem\",\"position\":2,\"name\":\"Joint statement of the President, the Speaker of the Assembly and the Prime Minister of Kosovo\"}]},{\"@type\":\"WebSite\",\"@id\":\"https:\/\/president-ksgov.net\/#website\",\"url\":\"https:\/\/president-ksgov.net\/\",\"name\":\"Presidente e Republik\u00ebs s\u00eb Kosov\u00ebs\",\"description\":\"Presidente e Republik\u00ebs s\u00eb Kosov\u00ebs\",\"alternateName\":\"DR. VJOSA OSMANI - SADRIU\",\"potentialAction\":[{\"@type\":\"SearchAction\",\"target\":{\"@type\":\"EntryPoint\",\"urlTemplate\":\"https:\/\/president-ksgov.net\/?s={search_term_string}\"},\"query-input\":{\"@type\":\"PropertyValueSpecification\",\"valueRequired\":true,\"valueName\":\"search_term_string\"}}],\"inLanguage\":\"en-US\"},{\"@type\":\"Person\",\"@id\":\"https:\/\/president-ksgov.net\/#\/schema\/person\/bb4337a5fb147cb2046d80548172cbee\",\"name\":\"admin\",\"image\":{\"@type\":\"ImageObject\",\"inLanguage\":\"en-US\",\"@id\":\"https:\/\/president-ksgov.net\/#\/schema\/person\/image\/\",\"url\":\"https:\/\/secure.gravatar.com\/avatar\/36156ca0fa3b8d9d25174f146e16beea0cf28f37adf1b9e19b6c9c279a7c9dd3?s=96&d=mm&r=g\",\"contentUrl\":\"https:\/\/secure.gravatar.com\/avatar\/36156ca0fa3b8d9d25174f146e16beea0cf28f37adf1b9e19b6c9c279a7c9dd3?s=96&d=mm&r=g\",\"caption\":\"admin\"},\"sameAs\":[\"https:\/\/president-ksgov.net\"]}]}<\/script>\n<!-- \/ Yoast SEO plugin. -->","yoast_head_json":{"title":"Joint statement of the President, the Speaker of the Assembly and the Prime Minister of Kosovo - President of the Republic of Kosovo - DR. VJOSA OSMANI - SADRIU","description":"Joint statement of the President, the Speaker of the Assembly and the Prime Minister of Kosovo - President of the Republic of Kosovo - DR. VJOSA OSMANI - SADRIU -","robots":{"index":"index","follow":"follow","max-snippet":"max-snippet:-1","max-image-preview":"max-image-preview:large","max-video-preview":"max-video-preview:-1"},"canonical":"https:\/\/president-ksgov.net\/komunikate-e-perbashket-e-presidentes-kryetarit-te-kuvendit-dhe-e-kryeministrit-te-kosoves\/","og_locale":"en_US","og_type":"article","og_title":"Joint statement of the President, the Speaker of the Assembly and the Prime Minister of Kosovo - President of the Republic of Kosovo - DR. VJOSA OSMANI - SADRIU","og_description":"Joint statement of the President, the Speaker of the Assembly and the Prime Minister of Kosovo - President of the Republic of Kosovo - DR. VJOSA OSMANI - SADRIU -","og_url":"https:\/\/president-ksgov.net\/komunikate-e-perbashket-e-presidentes-kryetarit-te-kuvendit-dhe-e-kryeministrit-te-kosoves\/","og_site_name":"President of the Republic of Kosovo - DR. VJOSA OSMANI - SADRIU","article_published_time":"2021-04-15T12:15:05+00:00","article_modified_time":"2023-03-07T09:11:17+00:00","og_image":[{"width":2048,"height":1365,"url":"https:\/\/president-ksgov.net\/wp-content\/uploads\/15_04_2021_7603897_Komunikate_e_perbashket_e_Presidentes__Kryetarit_te_Kuvendit_dhe_e_Kryeministrit_te_Kosoves_13.jpg","type":"image\/jpeg"}],"author":"admin","twitter_card":"summary_large_image","twitter_misc":{"Written by":"admin","Est. reading time":"2 minutes"},"schema":{"@context":"https:\/\/schema.org","@graph":[{"@type":"WebPage","@id":"https:\/\/president-ksgov.net\/komunikate-e-perbashket-e-presidentes-kryetarit-te-kuvendit-dhe-e-kryeministrit-te-kosoves\/","url":"https:\/\/president-ksgov.net\/komunikate-e-perbashket-e-presidentes-kryetarit-te-kuvendit-dhe-e-kryeministrit-te-kosoves\/","name":"Joint statement of the President, the Speaker of the Assembly and the Prime Minister of Kosovo - President of the Republic of Kosovo - DR. VJOSA OSMANI - SADRIU","isPartOf":{"@id":"https:\/\/president-ksgov.net\/#website"},"primaryImageOfPage":{"@id":"https:\/\/president-ksgov.net\/komunikate-e-perbashket-e-presidentes-kryetarit-te-kuvendit-dhe-e-kryeministrit-te-kosoves\/#primaryimage"},"image":{"@id":"https:\/\/president-ksgov.net\/komunikate-e-perbashket-e-presidentes-kryetarit-te-kuvendit-dhe-e-kryeministrit-te-kosoves\/#primaryimage"},"thumbnailUrl":"https:\/\/president-ksgov.net\/wp-content\/uploads\/15_04_2021_7603897_Komunikate_e_perbashket_e_Presidentes__Kryetarit_te_Kuvendit_dhe_e_Kryeministrit_te_Kosoves_13.jpg","datePublished":"2021-04-15T12:15:05+00:00","dateModified":"2023-03-07T09:11:17+00:00","author":{"@id":"https:\/\/president-ksgov.net\/#\/schema\/person\/bb4337a5fb147cb2046d80548172cbee"},"description":"Joint statement of the President, the Speaker of the Assembly and the Prime Minister of Kosovo - President of the Republic of Kosovo - DR. VJOSA OSMANI - SADRIU -","breadcrumb":{"@id":"https:\/\/president-ksgov.net\/komunikate-e-perbashket-e-presidentes-kryetarit-te-kuvendit-dhe-e-kryeministrit-te-kosoves\/#breadcrumb"},"inLanguage":"en-US","potentialAction":[{"@type":"ReadAction","target":["https:\/\/president-ksgov.net\/komunikate-e-perbashket-e-presidentes-kryetarit-te-kuvendit-dhe-e-kryeministrit-te-kosoves\/"]}]},{"@type":"ImageObject","inLanguage":"en-US","@id":"https:\/\/president-ksgov.net\/komunikate-e-perbashket-e-presidentes-kryetarit-te-kuvendit-dhe-e-kryeministrit-te-kosoves\/#primaryimage","url":"https:\/\/president-ksgov.net\/wp-content\/uploads\/15_04_2021_7603897_Komunikate_e_perbashket_e_Presidentes__Kryetarit_te_Kuvendit_dhe_e_Kryeministrit_te_Kosoves_13.jpg","contentUrl":"https:\/\/president-ksgov.net\/wp-content\/uploads\/15_04_2021_7603897_Komunikate_e_perbashket_e_Presidentes__Kryetarit_te_Kuvendit_dhe_e_Kryeministrit_te_Kosoves_13.jpg","width":2048,"height":1365},{"@type":"BreadcrumbList","@id":"https:\/\/president-ksgov.net\/komunikate-e-perbashket-e-presidentes-kryetarit-te-kuvendit-dhe-e-kryeministrit-te-kosoves\/#breadcrumb","itemListElement":[{"@type":"ListItem","position":1,"name":"Home","item":"https:\/\/president-ksgov.net\/en\/"},{"@type":"ListItem","position":2,"name":"Joint statement of the President, the Speaker of the Assembly and the Prime Minister of Kosovo"}]},{"@type":"WebSite","@id":"https:\/\/president-ksgov.net\/#website","url":"https:\/\/president-ksgov.net\/","name":"Presidente e Republik\u00ebs s\u00eb Kosov\u00ebs","description":"Presidente e Republik\u00ebs s\u00eb Kosov\u00ebs","alternateName":"DR. VJOSA OSMANI - SADRIU","potentialAction":[{"@type":"SearchAction","target":{"@type":"EntryPoint","urlTemplate":"https:\/\/president-ksgov.net\/?s={search_term_string}"},"query-input":{"@type":"PropertyValueSpecification","valueRequired":true,"valueName":"search_term_string"}}],"inLanguage":"en-US"},{"@type":"Person","@id":"https:\/\/president-ksgov.net\/#\/schema\/person\/bb4337a5fb147cb2046d80548172cbee","name":"admin","image":{"@type":"ImageObject","inLanguage":"en-US","@id":"https:\/\/president-ksgov.net\/#\/schema\/person\/image\/","url":"https:\/\/secure.gravatar.com\/avatar\/36156ca0fa3b8d9d25174f146e16beea0cf28f37adf1b9e19b6c9c279a7c9dd3?s=96&d=mm&r=g","contentUrl":"https:\/\/secure.gravatar.com\/avatar\/36156ca0fa3b8d9d25174f146e16beea0cf28f37adf1b9e19b6c9c279a7c9dd3?s=96&d=mm&r=g","caption":"admin"},"sameAs":["https:\/\/president-ksgov.net"]}]}},"_links":{"self":[{"href":"https:\/\/president-ksgov.net\/en\/wp-json\/wp\/v2\/posts\/67483","targetHints":{"allow":["GET"]}}],"collection":[{"href":"https:\/\/president-ksgov.net\/en\/wp-json\/wp\/v2\/posts"}],"about":[{"href":"https:\/\/president-ksgov.net\/en\/wp-json\/wp\/v2\/types\/post"}],"author":[{"embeddable":true,"href":"https:\/\/president-ksgov.net\/en\/wp-json\/wp\/v2\/users\/1"}],"replies":[{"embeddable":true,"href":"https:\/\/president-ksgov.net\/en\/wp-json\/wp\/v2\/comments?post=67483"}],"version-history":[{"count":0,"href":"https:\/\/president-ksgov.net\/en\/wp-json\/wp\/v2\/posts\/67483\/revisions"}],"wp:featuredmedia":[{"embeddable":true,"href":"https:\/\/president-ksgov.net\/en\/wp-json\/wp\/v2\/media\/21282"}],"wp:attachment":[{"href":"https:\/\/president-ksgov.net\/en\/wp-json\/wp\/v2\/media?parent=67483"}],"wp:term":[{"taxonomy":"category","embeddable":true,"href":"https:\/\/president-ksgov.net\/en\/wp-json\/wp\/v2\/categories?post=67483"},{"taxonomy":"post_tag","embeddable":true,"href":"https:\/\/president-ksgov.net\/en\/wp-json\/wp\/v2\/tags?post=67483"}],"curies":[{"name":"wp","href":"https:\/\/api.w.org\/{rel}","templated":true}]}}