{"id":67470,"date":"2021-04-05T13:23:10","date_gmt":"2021-04-05T13:23:10","guid":{"rendered":"https:\/\/dev.president-ksgov.net\/kosovos-parliament-picks-reformist-vjosa-osmani-as-president\/"},"modified":"2023-03-07T09:10:51","modified_gmt":"2023-03-07T09:10:51","slug":"kosovos-parliament-picks-reformist-vjosa-osmani-as-president","status":"publish","type":"post","link":"https:\/\/president-ksgov.net\/en\/kosovos-parliament-picks-reformist-vjosa-osmani-as-president\/","title":{"rendered":"Kosovo\u2019s parliament picks reformist Vjosa Osmani as president"},"content":{"rendered":"<p>Vjosa Osmani is a coalition partner of Kosovo\u2019s prime minister Albin Kurti.<\/p>\n<p>Reformist lawyer Vjosa Osmani has been elected as Kosovo\u2019s president for a five-year term.<\/p>\n<p>A 38-year-old U.S.-educated jurist, Osmani was already serving as interim president after Hashim Tha\u00e7i\u2019s resignation last year to face charges of crimes against humanity.<\/p>\n<p>\u201cWe will be eternally grateful to those who stand by Kosovo through freedom and independence and the establishment of the state. Today we ask them to stand by our side in our common goals for rapid integration into Euro-Atlantic structures,\u201d Osmani said during her victory speech.<\/p>\n<p>Osmani won 71 votes from the 82 members of parliament present. Representatives of the Serbian ethnic minority and members of Tha\u00e7i\u2019s party of former guerilla fighters boycotted the election.<\/p>\n<p>\u201cCongratulations to Vjosa Osmani on her election as President, and to those MPs who performed their duty as members of the Assembly,\u201d the U.S. ambassador to Kosovo Philip Kosnett tweeted.<\/p>\n<p>Osmani is a coalition partner of Kosovo\u2019s prime minister Albin Kurti and his reformist social-democratic Vet\u00ebvendosje party, which won a landslide victory in this year\u2019s parliamentary elections.<\/p>\n<p>Kosovo declared independence from Serbia in 2008. Now that Osmani and Kurti\u2019s reformist coalition is in power, they will be faced not only with the COVID-19 pandemic and vaccination drive, but also with easing political tensions with Serbia that stem from the Yugoslav wars.<br \/>\n\u00a0<br \/>\nhttps:\/\/www.politico.eu\/article\/kosovos-parliament-picks-reformist-vjosa-osmani-as-president\/\u00a0<\/p>\n","protected":false},"excerpt":{"rendered":"<p>Vjosa Osmani is a coalition partner of Kosovo\u2019s prime minister Albin Kurti.<\/p>\n","protected":false},"author":1,"featured_media":21212,"comment_status":"open","ping_status":"closed","sticky":false,"template":"","format":"standard","meta":{"_eb_attr":"","footnotes":""},"categories":[103],"tags":[],"class_list":["post-67470","post","type-post","status-publish","format-standard","has-post-thumbnail","hentry","category-interviews"],"yoast_head":"<!-- This site is optimized with the Yoast SEO plugin v23.5 - https:\/\/yoast.com\/wordpress\/plugins\/seo\/ -->\n<title>Kosovo\u2019s parliament picks reformist Vjosa Osmani as president - President of the Republic of Kosovo - DR. VJOSA OSMANI - SADRIU<\/title>\n<meta name=\"description\" content=\"Kosovo\u2019s parliament picks reformist Vjosa Osmani as president - President of the Republic of Kosovo - DR. VJOSA OSMANI - SADRIU -\" \/>\n<meta name=\"robots\" content=\"index, follow, max-snippet:-1, max-image-preview:large, max-video-preview:-1\" \/>\n<link rel=\"canonical\" href=\"https:\/\/president-ksgov.net\/en\/kosovos-parliament-picks-reformist-vjosa-osmani-as-president\/\" \/>\n<meta property=\"og:locale\" content=\"en_US\" \/>\n<meta property=\"og:type\" content=\"article\" \/>\n<meta property=\"og:title\" content=\"Kosovo\u2019s parliament picks reformist Vjosa Osmani as president - President of the Republic of Kosovo - DR. VJOSA OSMANI - SADRIU\" \/>\n<meta property=\"og:description\" content=\"Kosovo\u2019s parliament picks reformist Vjosa Osmani as president - President of the Republic of Kosovo - DR. VJOSA OSMANI - SADRIU -\" \/>\n<meta property=\"og:url\" content=\"https:\/\/president-ksgov.net\/en\/kosovos-parliament-picks-reformist-vjosa-osmani-as-president\/\" \/>\n<meta property=\"og:site_name\" content=\"President of the Republic of Kosovo - DR. VJOSA OSMANI - SADRIU\" \/>\n<meta property=\"article:published_time\" content=\"2021-04-05T13:23:10+00:00\" \/>\n<meta property=\"article:modified_time\" content=\"2023-03-07T09:10:51+00:00\" \/>\n<meta property=\"og:image\" content=\"https:\/\/president-ksgov.net\/wp-content\/uploads\/16_04_2021_8060168_GettyImages_1232093606_1320x878.jpg\" \/>\n\t<meta property=\"og:image:width\" content=\"1320\" \/>\n\t<meta property=\"og:image:height\" content=\"878\" \/>\n\t<meta property=\"og:image:type\" content=\"image\/jpeg\" \/>\n<meta name=\"author\" content=\"admin\" \/>\n<meta name=\"twitter:card\" content=\"summary_large_image\" \/>\n<meta name=\"twitter:label1\" content=\"Written by\" \/>\n\t<meta name=\"twitter:data1\" content=\"admin\" \/>\n\t<meta name=\"twitter:label2\" content=\"Est. reading time\" \/>\n\t<meta name=\"twitter:data2\" content=\"1 minute\" \/>\n<script type=\"application\/ld+json\" class=\"yoast-schema-graph\">{\"@context\":\"https:\/\/schema.org\",\"@graph\":[{\"@type\":\"WebPage\",\"@id\":\"https:\/\/president-ksgov.net\/en\/kosovos-parliament-picks-reformist-vjosa-osmani-as-president\/\",\"url\":\"https:\/\/president-ksgov.net\/en\/kosovos-parliament-picks-reformist-vjosa-osmani-as-president\/\",\"name\":\"Kosovo\u2019s parliament picks reformist Vjosa Osmani as president - President of the Republic of Kosovo - DR. VJOSA OSMANI - SADRIU\",\"isPartOf\":{\"@id\":\"https:\/\/president-ksgov.net\/#website\"},\"primaryImageOfPage\":{\"@id\":\"https:\/\/president-ksgov.net\/en\/kosovos-parliament-picks-reformist-vjosa-osmani-as-president\/#primaryimage\"},\"image\":{\"@id\":\"https:\/\/president-ksgov.net\/en\/kosovos-parliament-picks-reformist-vjosa-osmani-as-president\/#primaryimage\"},\"thumbnailUrl\":\"https:\/\/president-ksgov.net\/wp-content\/uploads\/16_04_2021_8060168_GettyImages_1232093606_1320x878.jpg\",\"datePublished\":\"2021-04-05T13:23:10+00:00\",\"dateModified\":\"2023-03-07T09:10:51+00:00\",\"author\":{\"@id\":\"https:\/\/president-ksgov.net\/#\/schema\/person\/bb4337a5fb147cb2046d80548172cbee\"},\"description\":\"Kosovo\u2019s parliament picks reformist Vjosa Osmani as president - President of the Republic of Kosovo - DR. VJOSA OSMANI - SADRIU -\",\"breadcrumb\":{\"@id\":\"https:\/\/president-ksgov.net\/en\/kosovos-parliament-picks-reformist-vjosa-osmani-as-president\/#breadcrumb\"},\"inLanguage\":\"en-US\",\"potentialAction\":[{\"@type\":\"ReadAction\",\"target\":[\"https:\/\/president-ksgov.net\/en\/kosovos-parliament-picks-reformist-vjosa-osmani-as-president\/\"]}]},{\"@type\":\"ImageObject\",\"inLanguage\":\"en-US\",\"@id\":\"https:\/\/president-ksgov.net\/en\/kosovos-parliament-picks-reformist-vjosa-osmani-as-president\/#primaryimage\",\"url\":\"https:\/\/president-ksgov.net\/wp-content\/uploads\/16_04_2021_8060168_GettyImages_1232093606_1320x878.jpg\",\"contentUrl\":\"https:\/\/president-ksgov.net\/wp-content\/uploads\/16_04_2021_8060168_GettyImages_1232093606_1320x878.jpg\",\"width\":1320,\"height\":878},{\"@type\":\"BreadcrumbList\",\"@id\":\"https:\/\/president-ksgov.net\/en\/kosovos-parliament-picks-reformist-vjosa-osmani-as-president\/#breadcrumb\",\"itemListElement\":[{\"@type\":\"ListItem\",\"position\":1,\"name\":\"Home\",\"item\":\"https:\/\/president-ksgov.net\/en\/\"},{\"@type\":\"ListItem\",\"position\":2,\"name\":\"Kosovo\u2019s parliament picks reformist Vjosa Osmani as president\"}]},{\"@type\":\"WebSite\",\"@id\":\"https:\/\/president-ksgov.net\/#website\",\"url\":\"https:\/\/president-ksgov.net\/\",\"name\":\"Presidente e Republik\u00ebs s\u00eb Kosov\u00ebs\",\"description\":\"Presidente e Republik\u00ebs s\u00eb Kosov\u00ebs\",\"alternateName\":\"DR. VJOSA OSMANI - SADRIU\",\"potentialAction\":[{\"@type\":\"SearchAction\",\"target\":{\"@type\":\"EntryPoint\",\"urlTemplate\":\"https:\/\/president-ksgov.net\/?s={search_term_string}\"},\"query-input\":{\"@type\":\"PropertyValueSpecification\",\"valueRequired\":true,\"valueName\":\"search_term_string\"}}],\"inLanguage\":\"en-US\"},{\"@type\":\"Person\",\"@id\":\"https:\/\/president-ksgov.net\/#\/schema\/person\/bb4337a5fb147cb2046d80548172cbee\",\"name\":\"admin\",\"image\":{\"@type\":\"ImageObject\",\"inLanguage\":\"en-US\",\"@id\":\"https:\/\/president-ksgov.net\/#\/schema\/person\/image\/\",\"url\":\"https:\/\/secure.gravatar.com\/avatar\/36156ca0fa3b8d9d25174f146e16beea0cf28f37adf1b9e19b6c9c279a7c9dd3?s=96&d=mm&r=g\",\"contentUrl\":\"https:\/\/secure.gravatar.com\/avatar\/36156ca0fa3b8d9d25174f146e16beea0cf28f37adf1b9e19b6c9c279a7c9dd3?s=96&d=mm&r=g\",\"caption\":\"admin\"},\"sameAs\":[\"https:\/\/president-ksgov.net\"]}]}<\/script>\n<!-- \/ Yoast SEO plugin. -->","yoast_head_json":{"title":"Kosovo\u2019s parliament picks reformist Vjosa Osmani as president - President of the Republic of Kosovo - DR. VJOSA OSMANI - SADRIU","description":"Kosovo\u2019s parliament picks reformist Vjosa Osmani as president - President of the Republic of Kosovo - DR. VJOSA OSMANI - SADRIU -","robots":{"index":"index","follow":"follow","max-snippet":"max-snippet:-1","max-image-preview":"max-image-preview:large","max-video-preview":"max-video-preview:-1"},"canonical":"https:\/\/president-ksgov.net\/en\/kosovos-parliament-picks-reformist-vjosa-osmani-as-president\/","og_locale":"en_US","og_type":"article","og_title":"Kosovo\u2019s parliament picks reformist Vjosa Osmani as president - President of the Republic of Kosovo - DR. VJOSA OSMANI - SADRIU","og_description":"Kosovo\u2019s parliament picks reformist Vjosa Osmani as president - President of the Republic of Kosovo - DR. VJOSA OSMANI - SADRIU -","og_url":"https:\/\/president-ksgov.net\/en\/kosovos-parliament-picks-reformist-vjosa-osmani-as-president\/","og_site_name":"President of the Republic of Kosovo - DR. VJOSA OSMANI - SADRIU","article_published_time":"2021-04-05T13:23:10+00:00","article_modified_time":"2023-03-07T09:10:51+00:00","og_image":[{"width":1320,"height":878,"url":"https:\/\/president-ksgov.net\/wp-content\/uploads\/16_04_2021_8060168_GettyImages_1232093606_1320x878.jpg","type":"image\/jpeg"}],"author":"admin","twitter_card":"summary_large_image","twitter_misc":{"Written by":"admin","Est. reading time":"1 minute"},"schema":{"@context":"https:\/\/schema.org","@graph":[{"@type":"WebPage","@id":"https:\/\/president-ksgov.net\/en\/kosovos-parliament-picks-reformist-vjosa-osmani-as-president\/","url":"https:\/\/president-ksgov.net\/en\/kosovos-parliament-picks-reformist-vjosa-osmani-as-president\/","name":"Kosovo\u2019s parliament picks reformist Vjosa Osmani as president - President of the Republic of Kosovo - DR. VJOSA OSMANI - SADRIU","isPartOf":{"@id":"https:\/\/president-ksgov.net\/#website"},"primaryImageOfPage":{"@id":"https:\/\/president-ksgov.net\/en\/kosovos-parliament-picks-reformist-vjosa-osmani-as-president\/#primaryimage"},"image":{"@id":"https:\/\/president-ksgov.net\/en\/kosovos-parliament-picks-reformist-vjosa-osmani-as-president\/#primaryimage"},"thumbnailUrl":"https:\/\/president-ksgov.net\/wp-content\/uploads\/16_04_2021_8060168_GettyImages_1232093606_1320x878.jpg","datePublished":"2021-04-05T13:23:10+00:00","dateModified":"2023-03-07T09:10:51+00:00","author":{"@id":"https:\/\/president-ksgov.net\/#\/schema\/person\/bb4337a5fb147cb2046d80548172cbee"},"description":"Kosovo\u2019s parliament picks reformist Vjosa Osmani as president - President of the Republic of Kosovo - DR. VJOSA OSMANI - SADRIU -","breadcrumb":{"@id":"https:\/\/president-ksgov.net\/en\/kosovos-parliament-picks-reformist-vjosa-osmani-as-president\/#breadcrumb"},"inLanguage":"en-US","potentialAction":[{"@type":"ReadAction","target":["https:\/\/president-ksgov.net\/en\/kosovos-parliament-picks-reformist-vjosa-osmani-as-president\/"]}]},{"@type":"ImageObject","inLanguage":"en-US","@id":"https:\/\/president-ksgov.net\/en\/kosovos-parliament-picks-reformist-vjosa-osmani-as-president\/#primaryimage","url":"https:\/\/president-ksgov.net\/wp-content\/uploads\/16_04_2021_8060168_GettyImages_1232093606_1320x878.jpg","contentUrl":"https:\/\/president-ksgov.net\/wp-content\/uploads\/16_04_2021_8060168_GettyImages_1232093606_1320x878.jpg","width":1320,"height":878},{"@type":"BreadcrumbList","@id":"https:\/\/president-ksgov.net\/en\/kosovos-parliament-picks-reformist-vjosa-osmani-as-president\/#breadcrumb","itemListElement":[{"@type":"ListItem","position":1,"name":"Home","item":"https:\/\/president-ksgov.net\/en\/"},{"@type":"ListItem","position":2,"name":"Kosovo\u2019s parliament picks reformist Vjosa Osmani as president"}]},{"@type":"WebSite","@id":"https:\/\/president-ksgov.net\/#website","url":"https:\/\/president-ksgov.net\/","name":"Presidente e Republik\u00ebs s\u00eb Kosov\u00ebs","description":"Presidente e Republik\u00ebs s\u00eb Kosov\u00ebs","alternateName":"DR. VJOSA OSMANI - SADRIU","potentialAction":[{"@type":"SearchAction","target":{"@type":"EntryPoint","urlTemplate":"https:\/\/president-ksgov.net\/?s={search_term_string}"},"query-input":{"@type":"PropertyValueSpecification","valueRequired":true,"valueName":"search_term_string"}}],"inLanguage":"en-US"},{"@type":"Person","@id":"https:\/\/president-ksgov.net\/#\/schema\/person\/bb4337a5fb147cb2046d80548172cbee","name":"admin","image":{"@type":"ImageObject","inLanguage":"en-US","@id":"https:\/\/president-ksgov.net\/#\/schema\/person\/image\/","url":"https:\/\/secure.gravatar.com\/avatar\/36156ca0fa3b8d9d25174f146e16beea0cf28f37adf1b9e19b6c9c279a7c9dd3?s=96&d=mm&r=g","contentUrl":"https:\/\/secure.gravatar.com\/avatar\/36156ca0fa3b8d9d25174f146e16beea0cf28f37adf1b9e19b6c9c279a7c9dd3?s=96&d=mm&r=g","caption":"admin"},"sameAs":["https:\/\/president-ksgov.net"]}]}},"_links":{"self":[{"href":"https:\/\/president-ksgov.net\/en\/wp-json\/wp\/v2\/posts\/67470","targetHints":{"allow":["GET"]}}],"collection":[{"href":"https:\/\/president-ksgov.net\/en\/wp-json\/wp\/v2\/posts"}],"about":[{"href":"https:\/\/president-ksgov.net\/en\/wp-json\/wp\/v2\/types\/post"}],"author":[{"embeddable":true,"href":"https:\/\/president-ksgov.net\/en\/wp-json\/wp\/v2\/users\/1"}],"replies":[{"embeddable":true,"href":"https:\/\/president-ksgov.net\/en\/wp-json\/wp\/v2\/comments?post=67470"}],"version-history":[{"count":0,"href":"https:\/\/president-ksgov.net\/en\/wp-json\/wp\/v2\/posts\/67470\/revisions"}],"wp:featuredmedia":[{"embeddable":true,"href":"https:\/\/president-ksgov.net\/en\/wp-json\/wp\/v2\/media\/21212"}],"wp:attachment":[{"href":"https:\/\/president-ksgov.net\/en\/wp-json\/wp\/v2\/media?parent=67470"}],"wp:term":[{"taxonomy":"category","embeddable":true,"href":"https:\/\/president-ksgov.net\/en\/wp-json\/wp\/v2\/categories?post=67470"},{"taxonomy":"post_tag","embeddable":true,"href":"https:\/\/president-ksgov.net\/en\/wp-json\/wp\/v2\/tags?post=67470"}],"curies":[{"name":"wp","href":"https:\/\/api.w.org\/{rel}","templated":true}]}}