{"id":67466,"date":"2021-04-16T16:47:46","date_gmt":"2021-04-16T16:47:46","guid":{"rendered":"https:\/\/dev.president-ksgov.net\/president-osmani-met-with-the-head-of-the-osce-mission-in-kosovo-michael-davenport\/"},"modified":"2023-03-07T09:10:51","modified_gmt":"2023-03-07T09:10:51","slug":"president-osmani-met-with-the-head-of-the-osce-mission-in-kosovo-michael-davenport","status":"publish","type":"post","link":"https:\/\/president-ksgov.net\/en\/president-osmani-met-with-the-head-of-the-osce-mission-in-kosovo-michael-davenport\/","title":{"rendered":"President Osmani met with the Head of the OSCE Mission in Kosovo, Michael Davenport"},"content":{"rendered":"<p>The President of the Republic of Kosovo, Vjosa Osmani, received today the Head of the Mission of the Organization for Security and Cooperation in Europe (OSCE) in Kosovo, Michael Davenport.<\/p>\n<p>\u00a0<\/p>\n<p>President Osmani congratulated Mr. Davenport for starting the new task in the Republic of Kosovo, wishing him success. President Osmani stressed the important role of the OSCE, emphasizing that the Republic of Kosovo aims the membership in this organization.<\/p>\n<p>\u00a0<\/p>\n<p>Whereas, Mr. Davenport congratulated the President on her election as Head of State and expressed his readiness and the readiness of the OSCE to cooperate in all areas.\u00a0<\/p>\n","protected":false},"excerpt":{"rendered":"<p>The President of the Republic of Kosovo, Vjosa Osmani, received today the Head of the Mission of the Organization for Security and Cooperation in Europe (OSCE) in Kosovo, Michael Davenport. \u00a0 President Osmani congratulated Mr. Davenport for starting the new task in the Republic of Kosovo, wishing him success. President Osmani stressed the important role of the OSCE, emphasizing that the Republic of Kosovo aims the membership in this organization. \u00a0 Whereas, Mr. Davenport congratulated the President on her election as Head of State and expressed his readiness and the readiness of the OSCE to cooperate in all areas.\u00a0<\/p>\n","protected":false},"author":1,"featured_media":21187,"comment_status":"open","ping_status":"closed","sticky":false,"template":"","format":"standard","meta":{"_eb_attr":"","footnotes":""},"categories":[111],"tags":[],"class_list":["post-67466","post","type-post","status-publish","format-standard","has-post-thumbnail","hentry","category-news"],"yoast_head":"<!-- This site is optimized with the Yoast SEO plugin v23.5 - https:\/\/yoast.com\/wordpress\/plugins\/seo\/ -->\n<title>President Osmani met with the Head of the OSCE Mission in Kosovo, Michael Davenport - President of the Republic of Kosovo - DR. VJOSA OSMANI - SADRIU<\/title>\n<meta name=\"description\" content=\"President Osmani met with the Head of the OSCE Mission in Kosovo, Michael Davenport - President of the Republic of Kosovo - DR. VJOSA OSMANI - SADRIU -\" \/>\n<meta name=\"robots\" content=\"index, follow, max-snippet:-1, max-image-preview:large, max-video-preview:-1\" \/>\n<link rel=\"canonical\" href=\"https:\/\/president-ksgov.net\/presidentja-osmani-u-takua-me-shefin-e-misionit-te-osbe-se-ne-kosove-michael-davenport\/\" \/>\n<meta property=\"og:locale\" content=\"en_US\" \/>\n<meta property=\"og:type\" content=\"article\" \/>\n<meta property=\"og:title\" content=\"President Osmani met with the Head of the OSCE Mission in Kosovo, Michael Davenport - President of the Republic of Kosovo - DR. VJOSA OSMANI - SADRIU\" \/>\n<meta property=\"og:description\" content=\"President Osmani met with the Head of the OSCE Mission in Kosovo, Michael Davenport - President of the Republic of Kosovo - DR. VJOSA OSMANI - SADRIU -\" \/>\n<meta property=\"og:url\" content=\"https:\/\/president-ksgov.net\/presidentja-osmani-u-takua-me-shefin-e-misionit-te-osbe-se-ne-kosove-michael-davenport\/\" \/>\n<meta property=\"og:site_name\" content=\"President of the Republic of Kosovo - DR. VJOSA OSMANI - SADRIU\" \/>\n<meta property=\"article:published_time\" content=\"2021-04-16T16:47:46+00:00\" \/>\n<meta property=\"article:modified_time\" content=\"2023-03-07T09:10:51+00:00\" \/>\n<meta property=\"og:image\" content=\"https:\/\/president-ksgov.net\/wp-content\/uploads\/16_04_2021_4219307_Presidentja_Osmani_u_takua_me_shefin_e_Misionit_te_OSBE_se_ne_Kosove__Michael_Davenport_1-scaled.jpg\" \/>\n\t<meta property=\"og:image:width\" content=\"2560\" \/>\n\t<meta property=\"og:image:height\" content=\"1707\" \/>\n\t<meta property=\"og:image:type\" content=\"image\/jpeg\" \/>\n<meta name=\"author\" content=\"admin\" \/>\n<meta name=\"twitter:card\" content=\"summary_large_image\" \/>\n<meta name=\"twitter:label1\" content=\"Written by\" \/>\n\t<meta name=\"twitter:data1\" content=\"admin\" \/>\n<script type=\"application\/ld+json\" class=\"yoast-schema-graph\">{\"@context\":\"https:\/\/schema.org\",\"@graph\":[{\"@type\":\"WebPage\",\"@id\":\"https:\/\/president-ksgov.net\/presidentja-osmani-u-takua-me-shefin-e-misionit-te-osbe-se-ne-kosove-michael-davenport\/\",\"url\":\"https:\/\/president-ksgov.net\/presidentja-osmani-u-takua-me-shefin-e-misionit-te-osbe-se-ne-kosove-michael-davenport\/\",\"name\":\"President Osmani met with the Head of the OSCE Mission in Kosovo, Michael Davenport - President of the Republic of Kosovo - DR. VJOSA OSMANI - SADRIU\",\"isPartOf\":{\"@id\":\"https:\/\/president-ksgov.net\/#website\"},\"primaryImageOfPage\":{\"@id\":\"https:\/\/president-ksgov.net\/presidentja-osmani-u-takua-me-shefin-e-misionit-te-osbe-se-ne-kosove-michael-davenport\/#primaryimage\"},\"image\":{\"@id\":\"https:\/\/president-ksgov.net\/presidentja-osmani-u-takua-me-shefin-e-misionit-te-osbe-se-ne-kosove-michael-davenport\/#primaryimage\"},\"thumbnailUrl\":\"https:\/\/president-ksgov.net\/wp-content\/uploads\/16_04_2021_4219307_Presidentja_Osmani_u_takua_me_shefin_e_Misionit_te_OSBE_se_ne_Kosove__Michael_Davenport_1-scaled.jpg\",\"datePublished\":\"2021-04-16T16:47:46+00:00\",\"dateModified\":\"2023-03-07T09:10:51+00:00\",\"author\":{\"@id\":\"https:\/\/president-ksgov.net\/#\/schema\/person\/bb4337a5fb147cb2046d80548172cbee\"},\"description\":\"President Osmani met with the Head of the OSCE Mission in Kosovo, Michael Davenport - President of the Republic of Kosovo - DR. VJOSA OSMANI - SADRIU -\",\"breadcrumb\":{\"@id\":\"https:\/\/president-ksgov.net\/presidentja-osmani-u-takua-me-shefin-e-misionit-te-osbe-se-ne-kosove-michael-davenport\/#breadcrumb\"},\"inLanguage\":\"en-US\",\"potentialAction\":[{\"@type\":\"ReadAction\",\"target\":[\"https:\/\/president-ksgov.net\/presidentja-osmani-u-takua-me-shefin-e-misionit-te-osbe-se-ne-kosove-michael-davenport\/\"]}]},{\"@type\":\"ImageObject\",\"inLanguage\":\"en-US\",\"@id\":\"https:\/\/president-ksgov.net\/presidentja-osmani-u-takua-me-shefin-e-misionit-te-osbe-se-ne-kosove-michael-davenport\/#primaryimage\",\"url\":\"https:\/\/president-ksgov.net\/wp-content\/uploads\/16_04_2021_4219307_Presidentja_Osmani_u_takua_me_shefin_e_Misionit_te_OSBE_se_ne_Kosove__Michael_Davenport_1-scaled.jpg\",\"contentUrl\":\"https:\/\/president-ksgov.net\/wp-content\/uploads\/16_04_2021_4219307_Presidentja_Osmani_u_takua_me_shefin_e_Misionit_te_OSBE_se_ne_Kosove__Michael_Davenport_1-scaled.jpg\",\"width\":2560,\"height\":1707},{\"@type\":\"BreadcrumbList\",\"@id\":\"https:\/\/president-ksgov.net\/presidentja-osmani-u-takua-me-shefin-e-misionit-te-osbe-se-ne-kosove-michael-davenport\/#breadcrumb\",\"itemListElement\":[{\"@type\":\"ListItem\",\"position\":1,\"name\":\"Home\",\"item\":\"https:\/\/president-ksgov.net\/en\/\"},{\"@type\":\"ListItem\",\"position\":2,\"name\":\"President Osmani met with the Head of the OSCE Mission in Kosovo, Michael Davenport\"}]},{\"@type\":\"WebSite\",\"@id\":\"https:\/\/president-ksgov.net\/#website\",\"url\":\"https:\/\/president-ksgov.net\/\",\"name\":\"Presidente e Republik\u00ebs s\u00eb Kosov\u00ebs\",\"description\":\"Presidente e Republik\u00ebs s\u00eb Kosov\u00ebs\",\"alternateName\":\"DR. VJOSA OSMANI - SADRIU\",\"potentialAction\":[{\"@type\":\"SearchAction\",\"target\":{\"@type\":\"EntryPoint\",\"urlTemplate\":\"https:\/\/president-ksgov.net\/?s={search_term_string}\"},\"query-input\":{\"@type\":\"PropertyValueSpecification\",\"valueRequired\":true,\"valueName\":\"search_term_string\"}}],\"inLanguage\":\"en-US\"},{\"@type\":\"Person\",\"@id\":\"https:\/\/president-ksgov.net\/#\/schema\/person\/bb4337a5fb147cb2046d80548172cbee\",\"name\":\"admin\",\"image\":{\"@type\":\"ImageObject\",\"inLanguage\":\"en-US\",\"@id\":\"https:\/\/president-ksgov.net\/#\/schema\/person\/image\/\",\"url\":\"https:\/\/secure.gravatar.com\/avatar\/36156ca0fa3b8d9d25174f146e16beea0cf28f37adf1b9e19b6c9c279a7c9dd3?s=96&d=mm&r=g\",\"contentUrl\":\"https:\/\/secure.gravatar.com\/avatar\/36156ca0fa3b8d9d25174f146e16beea0cf28f37adf1b9e19b6c9c279a7c9dd3?s=96&d=mm&r=g\",\"caption\":\"admin\"},\"sameAs\":[\"https:\/\/president-ksgov.net\"]}]}<\/script>\n<!-- \/ Yoast SEO plugin. -->","yoast_head_json":{"title":"President Osmani met with the Head of the OSCE Mission in Kosovo, Michael Davenport - President of the Republic of Kosovo - DR. VJOSA OSMANI - SADRIU","description":"President Osmani met with the Head of the OSCE Mission in Kosovo, Michael Davenport - President of the Republic of Kosovo - DR. VJOSA OSMANI - SADRIU -","robots":{"index":"index","follow":"follow","max-snippet":"max-snippet:-1","max-image-preview":"max-image-preview:large","max-video-preview":"max-video-preview:-1"},"canonical":"https:\/\/president-ksgov.net\/presidentja-osmani-u-takua-me-shefin-e-misionit-te-osbe-se-ne-kosove-michael-davenport\/","og_locale":"en_US","og_type":"article","og_title":"President Osmani met with the Head of the OSCE Mission in Kosovo, Michael Davenport - President of the Republic of Kosovo - DR. VJOSA OSMANI - SADRIU","og_description":"President Osmani met with the Head of the OSCE Mission in Kosovo, Michael Davenport - President of the Republic of Kosovo - DR. VJOSA OSMANI - SADRIU -","og_url":"https:\/\/president-ksgov.net\/presidentja-osmani-u-takua-me-shefin-e-misionit-te-osbe-se-ne-kosove-michael-davenport\/","og_site_name":"President of the Republic of Kosovo - DR. VJOSA OSMANI - SADRIU","article_published_time":"2021-04-16T16:47:46+00:00","article_modified_time":"2023-03-07T09:10:51+00:00","og_image":[{"width":2560,"height":1707,"url":"https:\/\/president-ksgov.net\/wp-content\/uploads\/16_04_2021_4219307_Presidentja_Osmani_u_takua_me_shefin_e_Misionit_te_OSBE_se_ne_Kosove__Michael_Davenport_1-scaled.jpg","type":"image\/jpeg"}],"author":"admin","twitter_card":"summary_large_image","twitter_misc":{"Written by":"admin"},"schema":{"@context":"https:\/\/schema.org","@graph":[{"@type":"WebPage","@id":"https:\/\/president-ksgov.net\/presidentja-osmani-u-takua-me-shefin-e-misionit-te-osbe-se-ne-kosove-michael-davenport\/","url":"https:\/\/president-ksgov.net\/presidentja-osmani-u-takua-me-shefin-e-misionit-te-osbe-se-ne-kosove-michael-davenport\/","name":"President Osmani met with the Head of the OSCE Mission in Kosovo, Michael Davenport - President of the Republic of Kosovo - DR. VJOSA OSMANI - SADRIU","isPartOf":{"@id":"https:\/\/president-ksgov.net\/#website"},"primaryImageOfPage":{"@id":"https:\/\/president-ksgov.net\/presidentja-osmani-u-takua-me-shefin-e-misionit-te-osbe-se-ne-kosove-michael-davenport\/#primaryimage"},"image":{"@id":"https:\/\/president-ksgov.net\/presidentja-osmani-u-takua-me-shefin-e-misionit-te-osbe-se-ne-kosove-michael-davenport\/#primaryimage"},"thumbnailUrl":"https:\/\/president-ksgov.net\/wp-content\/uploads\/16_04_2021_4219307_Presidentja_Osmani_u_takua_me_shefin_e_Misionit_te_OSBE_se_ne_Kosove__Michael_Davenport_1-scaled.jpg","datePublished":"2021-04-16T16:47:46+00:00","dateModified":"2023-03-07T09:10:51+00:00","author":{"@id":"https:\/\/president-ksgov.net\/#\/schema\/person\/bb4337a5fb147cb2046d80548172cbee"},"description":"President Osmani met with the Head of the OSCE Mission in Kosovo, Michael Davenport - President of the Republic of Kosovo - DR. VJOSA OSMANI - SADRIU -","breadcrumb":{"@id":"https:\/\/president-ksgov.net\/presidentja-osmani-u-takua-me-shefin-e-misionit-te-osbe-se-ne-kosove-michael-davenport\/#breadcrumb"},"inLanguage":"en-US","potentialAction":[{"@type":"ReadAction","target":["https:\/\/president-ksgov.net\/presidentja-osmani-u-takua-me-shefin-e-misionit-te-osbe-se-ne-kosove-michael-davenport\/"]}]},{"@type":"ImageObject","inLanguage":"en-US","@id":"https:\/\/president-ksgov.net\/presidentja-osmani-u-takua-me-shefin-e-misionit-te-osbe-se-ne-kosove-michael-davenport\/#primaryimage","url":"https:\/\/president-ksgov.net\/wp-content\/uploads\/16_04_2021_4219307_Presidentja_Osmani_u_takua_me_shefin_e_Misionit_te_OSBE_se_ne_Kosove__Michael_Davenport_1-scaled.jpg","contentUrl":"https:\/\/president-ksgov.net\/wp-content\/uploads\/16_04_2021_4219307_Presidentja_Osmani_u_takua_me_shefin_e_Misionit_te_OSBE_se_ne_Kosove__Michael_Davenport_1-scaled.jpg","width":2560,"height":1707},{"@type":"BreadcrumbList","@id":"https:\/\/president-ksgov.net\/presidentja-osmani-u-takua-me-shefin-e-misionit-te-osbe-se-ne-kosove-michael-davenport\/#breadcrumb","itemListElement":[{"@type":"ListItem","position":1,"name":"Home","item":"https:\/\/president-ksgov.net\/en\/"},{"@type":"ListItem","position":2,"name":"President Osmani met with the Head of the OSCE Mission in Kosovo, Michael Davenport"}]},{"@type":"WebSite","@id":"https:\/\/president-ksgov.net\/#website","url":"https:\/\/president-ksgov.net\/","name":"Presidente e Republik\u00ebs s\u00eb Kosov\u00ebs","description":"Presidente e Republik\u00ebs s\u00eb Kosov\u00ebs","alternateName":"DR. VJOSA OSMANI - SADRIU","potentialAction":[{"@type":"SearchAction","target":{"@type":"EntryPoint","urlTemplate":"https:\/\/president-ksgov.net\/?s={search_term_string}"},"query-input":{"@type":"PropertyValueSpecification","valueRequired":true,"valueName":"search_term_string"}}],"inLanguage":"en-US"},{"@type":"Person","@id":"https:\/\/president-ksgov.net\/#\/schema\/person\/bb4337a5fb147cb2046d80548172cbee","name":"admin","image":{"@type":"ImageObject","inLanguage":"en-US","@id":"https:\/\/president-ksgov.net\/#\/schema\/person\/image\/","url":"https:\/\/secure.gravatar.com\/avatar\/36156ca0fa3b8d9d25174f146e16beea0cf28f37adf1b9e19b6c9c279a7c9dd3?s=96&d=mm&r=g","contentUrl":"https:\/\/secure.gravatar.com\/avatar\/36156ca0fa3b8d9d25174f146e16beea0cf28f37adf1b9e19b6c9c279a7c9dd3?s=96&d=mm&r=g","caption":"admin"},"sameAs":["https:\/\/president-ksgov.net"]}]}},"_links":{"self":[{"href":"https:\/\/president-ksgov.net\/en\/wp-json\/wp\/v2\/posts\/67466","targetHints":{"allow":["GET"]}}],"collection":[{"href":"https:\/\/president-ksgov.net\/en\/wp-json\/wp\/v2\/posts"}],"about":[{"href":"https:\/\/president-ksgov.net\/en\/wp-json\/wp\/v2\/types\/post"}],"author":[{"embeddable":true,"href":"https:\/\/president-ksgov.net\/en\/wp-json\/wp\/v2\/users\/1"}],"replies":[{"embeddable":true,"href":"https:\/\/president-ksgov.net\/en\/wp-json\/wp\/v2\/comments?post=67466"}],"version-history":[{"count":0,"href":"https:\/\/president-ksgov.net\/en\/wp-json\/wp\/v2\/posts\/67466\/revisions"}],"wp:featuredmedia":[{"embeddable":true,"href":"https:\/\/president-ksgov.net\/en\/wp-json\/wp\/v2\/media\/21187"}],"wp:attachment":[{"href":"https:\/\/president-ksgov.net\/en\/wp-json\/wp\/v2\/media?parent=67466"}],"wp:term":[{"taxonomy":"category","embeddable":true,"href":"https:\/\/president-ksgov.net\/en\/wp-json\/wp\/v2\/categories?post=67466"},{"taxonomy":"post_tag","embeddable":true,"href":"https:\/\/president-ksgov.net\/en\/wp-json\/wp\/v2\/tags?post=67466"}],"curies":[{"name":"wp","href":"https:\/\/api.w.org\/{rel}","templated":true}]}}