{"id":67463,"date":"2021-04-17T14:14:24","date_gmt":"2021-04-17T14:14:24","guid":{"rendered":"https:\/\/dev.president-ksgov.net\/president-osmani-together-with-speaker-konjufca-paid-homage-to-the-memorial-complex-in-old-cikatova-and-poklek\/"},"modified":"2023-03-07T09:10:51","modified_gmt":"2023-03-07T09:10:51","slug":"president-osmani-together-with-speaker-konjufca-paid-homage-to-the-memorial-complex-in-old-cikatova-and-poklek","status":"publish","type":"post","link":"https:\/\/president-ksgov.net\/en\/president-osmani-together-with-speaker-konjufca-paid-homage-to-the-memorial-complex-in-old-cikatova-and-poklek\/","title":{"rendered":"President Osmani together with Speaker Konjufca paid homage to the memorial  complex in Old \u00c7ikatova and Poklek"},"content":{"rendered":"<p>The President of the Republic of Kosovo, Dr. Vjosa Osmani-Sadriu, together with the<br \/>\nSpeaker of the Assembly of Kosovo, Glauk Konjufca, paid homage today to the<br \/>\nmemorial complex in Old \u00c7ikatova and Poklek in Drenas.<\/p>\n<p>President Osmani said that the massacre that took place in Old \u00c7ikatova is one of the cruellest, horrible massacres of the last war in Kosovo, which clearly proves the extermination goal that Serbia had against the Albanian people in Kosovo.\u00a0\u00a0<br \/>\n\u00a0<br \/>\n\u201cAnyone who may have doubts about this goal should just come here to \u00c7ikatova, then go to Poklek and see how the Serbs did not spare even the older ones, and did not spare the little children, nor the children\u2019s writers in Poklek, to show that their goal was not only ethnic cleansing, but to eradicate the Albanian people\u201d, said President Osmani.\u00a0<br \/>\n\u00a0<br \/>\nAccording to President Osmani, today\u2019s freedom is thanks to the sacrifice of those who gave their lives for the freedom of Kosovo.\u00a0<br \/>\n\u00a0<br \/>\n\u201cBecause, only on the day when there is justice for all those who fell for our freedom, then peace, and also long-term stability in our region will be possible\u201d, said President Osmani.\u00a0<br \/>\n\u00a0<br \/>\nWhereas, the Speaker of the Assembly of Kosovo, Glauk Konjufca said that the massacre of Old \u00c7ikatova is one of the most barbaric acts of the genocide of Serbia in Kosovo.\u00a0\u00a0<br \/>\n\u00a0<br \/>\n\u201cEvery time we come here we understand even better the very big price we have paid as people for the freedom of our state, for the freedom of our people. What is worse, it has to do with the fact that there was no justice for the massacre of \u00c7ikatova. Many criminals who took part directly in the \u00c7ikatova massacre are still free, they are in Serbia, I do not rule out that any of them may be in Kosovo\u201d, said Speaker Konjufca.\u00a0<br \/>\n\u00a0\u00a0<br \/>\nPresident Osmani and President Konjufca, today paid homage in Poklek as well.\u00a0<br \/>\nThe Head of State has said that six months old Liria rests in this cemetery.<br \/>\n\u00a0<br \/>\n\u201cLirie Muqolli was only six months old when she was brutally killed and then together with over 50 other martyrs were not only killed, but burned, and not only burned, but burned twice, so that they can not even be identified. For such atrocities of burning innocent children, we had heard and read about from the Second World War, from the Holocaust\u201d, said President Osmani\u00a0<br \/>\n\u00a0<br \/>\nAccording to the President, this massacre can not be called otherwise than genocide, because it is the clearest evidence of the intention the Serbian genocidal regime had.\u00a0<br \/>\n\u00a0<br \/>\n\u201cWe must say out loud that freedom is not complete. And freedom is not complete because of the lack of justice. And freedom will make sense only on the day when there will be justice for little Liria, only on the day when there will be justice for all the victims of the Serbian genocidal rule, when Serbia apologizes, when it lays flowers and when it accepts the blame for all the massacres in Kosovo against innocent people\u201d, said the President.\u00a0<br \/>\n\u00a0<br \/>\nShe further added that we, as the institutions of Kosovo, must remember every day, and work tirelessly so as not to leave a single stone unturned for justice to be achieved, for Serbia to be brought to justice.\u00a0\u00a0<br \/>\n\u00a0<br \/>\n\u201cIt is also our obligation to ensure that the institutions gather all the necessary evidence so that Serbia can soon be indicted for genocide. And the whole world should hear from us, regardless of whether we are here today in Kosovo, tomorrow in Washington, in Brussels, in Berlin and everywhere, about the atrocities that Serbia has committed in our country. Because, only by remembering our past, only by remembering everyone who gave life for our homeland, we will be able to work well, fair and honest for those who are alive, for everyone who has survived the Serbian cruelty\u201d, the President emphasized.\u00a0<br \/>\n\u00a0<br \/>\nWhereas, the Speaker of the Assembly of Kosovo said that the massacre of Poklek is one of the most barbaric massacres of the Serbian genocide against the Albanian people of Kosovo.\u00a0\u00a0<br \/>\n\u00a0<br \/>\nHe further said that anyone who wants to understand the barbarity of the genocide of Serbia in Kosovo should visit Poklek.\u00a0\u00a0<\/p>\n","protected":false},"excerpt":{"rendered":"<p>The President of the Republic of Kosovo, Dr. Vjosa Osmani-Sadriu, together with the<br \/>\nSpeaker of the Assembly of Kosovo, Glauk Konjufca, paid homage today to the<br \/>\nmemorial complex in Old \u00c7ikatova and Poklek in Drenas.<\/p>\n","protected":false},"author":1,"featured_media":21151,"comment_status":"open","ping_status":"closed","sticky":false,"template":"","format":"standard","meta":{"_eb_attr":"","footnotes":""},"categories":[111],"tags":[],"class_list":["post-67463","post","type-post","status-publish","format-standard","has-post-thumbnail","hentry","category-news"],"yoast_head":"<!-- This site is optimized with the Yoast SEO plugin v23.5 - https:\/\/yoast.com\/wordpress\/plugins\/seo\/ -->\n<title>President Osmani together with Speaker Konjufca paid homage to the memorial complex in Old \u00c7ikatova and Poklek - President of the Republic of Kosovo - DR. VJOSA OSMANI - SADRIU<\/title>\n<meta name=\"description\" content=\"President Osmani together with Speaker Konjufca paid homage to the memorial complex in Old \u00c7ikatova and Poklek - President of the Republic of Kosovo - DR. VJOSA OSMANI - SADRIU -\" \/>\n<meta name=\"robots\" content=\"index, follow, max-snippet:-1, max-image-preview:large, max-video-preview:-1\" \/>\n<link rel=\"canonical\" href=\"https:\/\/president-ksgov.net\/presidentja-osmani-se-bashku-me-kryetarin-konjufca-bene-homazhe-ne-kompleksin-memorial-ne-cikatove-te-vjeter-dhe-ne-poklek\/\" \/>\n<meta property=\"og:locale\" content=\"en_US\" \/>\n<meta property=\"og:type\" content=\"article\" \/>\n<meta property=\"og:title\" content=\"President Osmani together with Speaker Konjufca paid homage to the memorial complex in Old \u00c7ikatova and Poklek - President of the Republic of Kosovo - DR. VJOSA OSMANI - SADRIU\" \/>\n<meta property=\"og:description\" content=\"President Osmani together with Speaker Konjufca paid homage to the memorial complex in Old \u00c7ikatova and Poklek - President of the Republic of Kosovo - DR. VJOSA OSMANI - SADRIU -\" \/>\n<meta property=\"og:url\" content=\"https:\/\/president-ksgov.net\/presidentja-osmani-se-bashku-me-kryetarin-konjufca-bene-homazhe-ne-kompleksin-memorial-ne-cikatove-te-vjeter-dhe-ne-poklek\/\" \/>\n<meta property=\"og:site_name\" content=\"President of the Republic of Kosovo - DR. VJOSA OSMANI - SADRIU\" \/>\n<meta property=\"article:published_time\" content=\"2021-04-17T14:14:24+00:00\" \/>\n<meta property=\"article:modified_time\" content=\"2023-03-07T09:10:51+00:00\" \/>\n<meta property=\"og:image\" content=\"https:\/\/president-ksgov.net\/wp-content\/uploads\/17_04_2021_3650723_175596708_301238718027341_7701305540353608949_n.jpg\" \/>\n\t<meta property=\"og:image:width\" content=\"960\" \/>\n\t<meta property=\"og:image:height\" content=\"638\" \/>\n\t<meta property=\"og:image:type\" content=\"image\/jpeg\" \/>\n<meta name=\"author\" content=\"admin\" \/>\n<meta name=\"twitter:card\" content=\"summary_large_image\" \/>\n<meta name=\"twitter:label1\" content=\"Written by\" \/>\n\t<meta name=\"twitter:data1\" content=\"admin\" \/>\n\t<meta name=\"twitter:label2\" content=\"Est. reading time\" \/>\n\t<meta name=\"twitter:data2\" content=\"3 minutes\" \/>\n<script type=\"application\/ld+json\" class=\"yoast-schema-graph\">{\"@context\":\"https:\/\/schema.org\",\"@graph\":[{\"@type\":\"WebPage\",\"@id\":\"https:\/\/president-ksgov.net\/presidentja-osmani-se-bashku-me-kryetarin-konjufca-bene-homazhe-ne-kompleksin-memorial-ne-cikatove-te-vjeter-dhe-ne-poklek\/\",\"url\":\"https:\/\/president-ksgov.net\/presidentja-osmani-se-bashku-me-kryetarin-konjufca-bene-homazhe-ne-kompleksin-memorial-ne-cikatove-te-vjeter-dhe-ne-poklek\/\",\"name\":\"President Osmani together with Speaker Konjufca paid homage to the memorial complex in Old \u00c7ikatova and Poklek - President of the Republic of Kosovo - DR. VJOSA OSMANI - SADRIU\",\"isPartOf\":{\"@id\":\"https:\/\/president-ksgov.net\/#website\"},\"primaryImageOfPage\":{\"@id\":\"https:\/\/president-ksgov.net\/presidentja-osmani-se-bashku-me-kryetarin-konjufca-bene-homazhe-ne-kompleksin-memorial-ne-cikatove-te-vjeter-dhe-ne-poklek\/#primaryimage\"},\"image\":{\"@id\":\"https:\/\/president-ksgov.net\/presidentja-osmani-se-bashku-me-kryetarin-konjufca-bene-homazhe-ne-kompleksin-memorial-ne-cikatove-te-vjeter-dhe-ne-poklek\/#primaryimage\"},\"thumbnailUrl\":\"https:\/\/president-ksgov.net\/wp-content\/uploads\/17_04_2021_3650723_175596708_301238718027341_7701305540353608949_n.jpg\",\"datePublished\":\"2021-04-17T14:14:24+00:00\",\"dateModified\":\"2023-03-07T09:10:51+00:00\",\"author\":{\"@id\":\"https:\/\/president-ksgov.net\/#\/schema\/person\/bb4337a5fb147cb2046d80548172cbee\"},\"description\":\"President Osmani together with Speaker Konjufca paid homage to the memorial complex in Old \u00c7ikatova and Poklek - President of the Republic of Kosovo - DR. VJOSA OSMANI - SADRIU -\",\"breadcrumb\":{\"@id\":\"https:\/\/president-ksgov.net\/presidentja-osmani-se-bashku-me-kryetarin-konjufca-bene-homazhe-ne-kompleksin-memorial-ne-cikatove-te-vjeter-dhe-ne-poklek\/#breadcrumb\"},\"inLanguage\":\"en-US\",\"potentialAction\":[{\"@type\":\"ReadAction\",\"target\":[\"https:\/\/president-ksgov.net\/presidentja-osmani-se-bashku-me-kryetarin-konjufca-bene-homazhe-ne-kompleksin-memorial-ne-cikatove-te-vjeter-dhe-ne-poklek\/\"]}]},{\"@type\":\"ImageObject\",\"inLanguage\":\"en-US\",\"@id\":\"https:\/\/president-ksgov.net\/presidentja-osmani-se-bashku-me-kryetarin-konjufca-bene-homazhe-ne-kompleksin-memorial-ne-cikatove-te-vjeter-dhe-ne-poklek\/#primaryimage\",\"url\":\"https:\/\/president-ksgov.net\/wp-content\/uploads\/17_04_2021_3650723_175596708_301238718027341_7701305540353608949_n.jpg\",\"contentUrl\":\"https:\/\/president-ksgov.net\/wp-content\/uploads\/17_04_2021_3650723_175596708_301238718027341_7701305540353608949_n.jpg\",\"width\":960,\"height\":638},{\"@type\":\"BreadcrumbList\",\"@id\":\"https:\/\/president-ksgov.net\/presidentja-osmani-se-bashku-me-kryetarin-konjufca-bene-homazhe-ne-kompleksin-memorial-ne-cikatove-te-vjeter-dhe-ne-poklek\/#breadcrumb\",\"itemListElement\":[{\"@type\":\"ListItem\",\"position\":1,\"name\":\"Home\",\"item\":\"https:\/\/president-ksgov.net\/en\/\"},{\"@type\":\"ListItem\",\"position\":2,\"name\":\"President Osmani together with Speaker Konjufca paid homage to the memorial complex in Old \u00c7ikatova and Poklek\"}]},{\"@type\":\"WebSite\",\"@id\":\"https:\/\/president-ksgov.net\/#website\",\"url\":\"https:\/\/president-ksgov.net\/\",\"name\":\"Presidente e Republik\u00ebs s\u00eb Kosov\u00ebs\",\"description\":\"Presidente e Republik\u00ebs s\u00eb Kosov\u00ebs\",\"alternateName\":\"DR. VJOSA OSMANI - SADRIU\",\"potentialAction\":[{\"@type\":\"SearchAction\",\"target\":{\"@type\":\"EntryPoint\",\"urlTemplate\":\"https:\/\/president-ksgov.net\/?s={search_term_string}\"},\"query-input\":{\"@type\":\"PropertyValueSpecification\",\"valueRequired\":true,\"valueName\":\"search_term_string\"}}],\"inLanguage\":\"en-US\"},{\"@type\":\"Person\",\"@id\":\"https:\/\/president-ksgov.net\/#\/schema\/person\/bb4337a5fb147cb2046d80548172cbee\",\"name\":\"admin\",\"image\":{\"@type\":\"ImageObject\",\"inLanguage\":\"en-US\",\"@id\":\"https:\/\/president-ksgov.net\/#\/schema\/person\/image\/\",\"url\":\"https:\/\/secure.gravatar.com\/avatar\/36156ca0fa3b8d9d25174f146e16beea0cf28f37adf1b9e19b6c9c279a7c9dd3?s=96&d=mm&r=g\",\"contentUrl\":\"https:\/\/secure.gravatar.com\/avatar\/36156ca0fa3b8d9d25174f146e16beea0cf28f37adf1b9e19b6c9c279a7c9dd3?s=96&d=mm&r=g\",\"caption\":\"admin\"},\"sameAs\":[\"https:\/\/president-ksgov.net\"]}]}<\/script>\n<!-- \/ Yoast SEO plugin. -->","yoast_head_json":{"title":"President Osmani together with Speaker Konjufca paid homage to the memorial complex in Old \u00c7ikatova and Poklek - President of the Republic of Kosovo - DR. VJOSA OSMANI - SADRIU","description":"President Osmani together with Speaker Konjufca paid homage to the memorial complex in Old \u00c7ikatova and Poklek - President of the Republic of Kosovo - DR. VJOSA OSMANI - SADRIU -","robots":{"index":"index","follow":"follow","max-snippet":"max-snippet:-1","max-image-preview":"max-image-preview:large","max-video-preview":"max-video-preview:-1"},"canonical":"https:\/\/president-ksgov.net\/presidentja-osmani-se-bashku-me-kryetarin-konjufca-bene-homazhe-ne-kompleksin-memorial-ne-cikatove-te-vjeter-dhe-ne-poklek\/","og_locale":"en_US","og_type":"article","og_title":"President Osmani together with Speaker Konjufca paid homage to the memorial complex in Old \u00c7ikatova and Poklek - President of the Republic of Kosovo - DR. VJOSA OSMANI - SADRIU","og_description":"President Osmani together with Speaker Konjufca paid homage to the memorial complex in Old \u00c7ikatova and Poklek - President of the Republic of Kosovo - DR. VJOSA OSMANI - SADRIU -","og_url":"https:\/\/president-ksgov.net\/presidentja-osmani-se-bashku-me-kryetarin-konjufca-bene-homazhe-ne-kompleksin-memorial-ne-cikatove-te-vjeter-dhe-ne-poklek\/","og_site_name":"President of the Republic of Kosovo - DR. VJOSA OSMANI - SADRIU","article_published_time":"2021-04-17T14:14:24+00:00","article_modified_time":"2023-03-07T09:10:51+00:00","og_image":[{"width":960,"height":638,"url":"https:\/\/president-ksgov.net\/wp-content\/uploads\/17_04_2021_3650723_175596708_301238718027341_7701305540353608949_n.jpg","type":"image\/jpeg"}],"author":"admin","twitter_card":"summary_large_image","twitter_misc":{"Written by":"admin","Est. reading time":"3 minutes"},"schema":{"@context":"https:\/\/schema.org","@graph":[{"@type":"WebPage","@id":"https:\/\/president-ksgov.net\/presidentja-osmani-se-bashku-me-kryetarin-konjufca-bene-homazhe-ne-kompleksin-memorial-ne-cikatove-te-vjeter-dhe-ne-poklek\/","url":"https:\/\/president-ksgov.net\/presidentja-osmani-se-bashku-me-kryetarin-konjufca-bene-homazhe-ne-kompleksin-memorial-ne-cikatove-te-vjeter-dhe-ne-poklek\/","name":"President Osmani together with Speaker Konjufca paid homage to the memorial complex in Old \u00c7ikatova and Poklek - President of the Republic of Kosovo - DR. VJOSA OSMANI - SADRIU","isPartOf":{"@id":"https:\/\/president-ksgov.net\/#website"},"primaryImageOfPage":{"@id":"https:\/\/president-ksgov.net\/presidentja-osmani-se-bashku-me-kryetarin-konjufca-bene-homazhe-ne-kompleksin-memorial-ne-cikatove-te-vjeter-dhe-ne-poklek\/#primaryimage"},"image":{"@id":"https:\/\/president-ksgov.net\/presidentja-osmani-se-bashku-me-kryetarin-konjufca-bene-homazhe-ne-kompleksin-memorial-ne-cikatove-te-vjeter-dhe-ne-poklek\/#primaryimage"},"thumbnailUrl":"https:\/\/president-ksgov.net\/wp-content\/uploads\/17_04_2021_3650723_175596708_301238718027341_7701305540353608949_n.jpg","datePublished":"2021-04-17T14:14:24+00:00","dateModified":"2023-03-07T09:10:51+00:00","author":{"@id":"https:\/\/president-ksgov.net\/#\/schema\/person\/bb4337a5fb147cb2046d80548172cbee"},"description":"President Osmani together with Speaker Konjufca paid homage to the memorial complex in Old \u00c7ikatova and Poklek - President of the Republic of Kosovo - DR. VJOSA OSMANI - SADRIU -","breadcrumb":{"@id":"https:\/\/president-ksgov.net\/presidentja-osmani-se-bashku-me-kryetarin-konjufca-bene-homazhe-ne-kompleksin-memorial-ne-cikatove-te-vjeter-dhe-ne-poklek\/#breadcrumb"},"inLanguage":"en-US","potentialAction":[{"@type":"ReadAction","target":["https:\/\/president-ksgov.net\/presidentja-osmani-se-bashku-me-kryetarin-konjufca-bene-homazhe-ne-kompleksin-memorial-ne-cikatove-te-vjeter-dhe-ne-poklek\/"]}]},{"@type":"ImageObject","inLanguage":"en-US","@id":"https:\/\/president-ksgov.net\/presidentja-osmani-se-bashku-me-kryetarin-konjufca-bene-homazhe-ne-kompleksin-memorial-ne-cikatove-te-vjeter-dhe-ne-poklek\/#primaryimage","url":"https:\/\/president-ksgov.net\/wp-content\/uploads\/17_04_2021_3650723_175596708_301238718027341_7701305540353608949_n.jpg","contentUrl":"https:\/\/president-ksgov.net\/wp-content\/uploads\/17_04_2021_3650723_175596708_301238718027341_7701305540353608949_n.jpg","width":960,"height":638},{"@type":"BreadcrumbList","@id":"https:\/\/president-ksgov.net\/presidentja-osmani-se-bashku-me-kryetarin-konjufca-bene-homazhe-ne-kompleksin-memorial-ne-cikatove-te-vjeter-dhe-ne-poklek\/#breadcrumb","itemListElement":[{"@type":"ListItem","position":1,"name":"Home","item":"https:\/\/president-ksgov.net\/en\/"},{"@type":"ListItem","position":2,"name":"President Osmani together with Speaker Konjufca paid homage to the memorial complex in Old \u00c7ikatova and Poklek"}]},{"@type":"WebSite","@id":"https:\/\/president-ksgov.net\/#website","url":"https:\/\/president-ksgov.net\/","name":"Presidente e Republik\u00ebs s\u00eb Kosov\u00ebs","description":"Presidente e Republik\u00ebs s\u00eb Kosov\u00ebs","alternateName":"DR. VJOSA OSMANI - SADRIU","potentialAction":[{"@type":"SearchAction","target":{"@type":"EntryPoint","urlTemplate":"https:\/\/president-ksgov.net\/?s={search_term_string}"},"query-input":{"@type":"PropertyValueSpecification","valueRequired":true,"valueName":"search_term_string"}}],"inLanguage":"en-US"},{"@type":"Person","@id":"https:\/\/president-ksgov.net\/#\/schema\/person\/bb4337a5fb147cb2046d80548172cbee","name":"admin","image":{"@type":"ImageObject","inLanguage":"en-US","@id":"https:\/\/president-ksgov.net\/#\/schema\/person\/image\/","url":"https:\/\/secure.gravatar.com\/avatar\/36156ca0fa3b8d9d25174f146e16beea0cf28f37adf1b9e19b6c9c279a7c9dd3?s=96&d=mm&r=g","contentUrl":"https:\/\/secure.gravatar.com\/avatar\/36156ca0fa3b8d9d25174f146e16beea0cf28f37adf1b9e19b6c9c279a7c9dd3?s=96&d=mm&r=g","caption":"admin"},"sameAs":["https:\/\/president-ksgov.net"]}]}},"_links":{"self":[{"href":"https:\/\/president-ksgov.net\/en\/wp-json\/wp\/v2\/posts\/67463","targetHints":{"allow":["GET"]}}],"collection":[{"href":"https:\/\/president-ksgov.net\/en\/wp-json\/wp\/v2\/posts"}],"about":[{"href":"https:\/\/president-ksgov.net\/en\/wp-json\/wp\/v2\/types\/post"}],"author":[{"embeddable":true,"href":"https:\/\/president-ksgov.net\/en\/wp-json\/wp\/v2\/users\/1"}],"replies":[{"embeddable":true,"href":"https:\/\/president-ksgov.net\/en\/wp-json\/wp\/v2\/comments?post=67463"}],"version-history":[{"count":0,"href":"https:\/\/president-ksgov.net\/en\/wp-json\/wp\/v2\/posts\/67463\/revisions"}],"wp:featuredmedia":[{"embeddable":true,"href":"https:\/\/president-ksgov.net\/en\/wp-json\/wp\/v2\/media\/21151"}],"wp:attachment":[{"href":"https:\/\/president-ksgov.net\/en\/wp-json\/wp\/v2\/media?parent=67463"}],"wp:term":[{"taxonomy":"category","embeddable":true,"href":"https:\/\/president-ksgov.net\/en\/wp-json\/wp\/v2\/categories?post=67463"},{"taxonomy":"post_tag","embeddable":true,"href":"https:\/\/president-ksgov.net\/en\/wp-json\/wp\/v2\/tags?post=67463"}],"curies":[{"name":"wp","href":"https:\/\/api.w.org\/{rel}","templated":true}]}}