{"id":67461,"date":"2021-04-18T10:42:19","date_gmt":"2021-04-18T10:42:19","guid":{"rendered":"https:\/\/dev.president-ksgov.net\/tributes-on-the-occasion-of-april-18-martyrs-day-of-the-prishtina-region\/"},"modified":"2023-03-07T09:10:07","modified_gmt":"2023-03-07T09:10:07","slug":"tributes-on-the-occasion-of-april-18-martyrs-day-of-the-prishtina-region","status":"publish","type":"post","link":"https:\/\/president-ksgov.net\/en\/tributes-on-the-occasion-of-april-18-martyrs-day-of-the-prishtina-region\/","title":{"rendered":"Tributes on the occasion of April 18 &#8211; Martyrs&#039; Day of the Prishtina region"},"content":{"rendered":"<p>Today, the President of the Republic of Kosovo, Dr. Vjosa Osmani &#8211; Sadriu together with the<br \/>\nSpeaker of the Assembly of Kosovo Glauk Konjufca and the Prime Minister Albin Kurti paid<br \/>\nhomage at the cemeteries of heroes and martyrs in Pristina and Makoc.<\/p>\n<p>President Osmani said that the Martyrs&#039; Day of the Prishtina region is one of the days when we all come together to honour the sublime sacrifice that each of the heroes and martyrs of this region made in order for us to can enjoy the freedom today.\u00a0<br \/>\n\u00a0<br \/>\n&#8220;We must talk to the younger generations, the new generations, about the bravery of the martyrs of Kosovo, the martyrs who as part of our liberation war, as part of the KLA, fell while defending Kosovo,&#8221; said President Osmani.\u00a0<\/p>\n<p>While honouring the martyrs of this region, President Osmani said that we should all insist that there must be justice for the victims of the Serbian genocide against the Albanian people of Kosovo.<br \/>\n\u00a0<br \/>\n&#8220;There can be no lasting peace without justice for these victims,&#8221; said Ms. Osmani.\u00a0\u00a0<\/p>\n","protected":false},"excerpt":{"rendered":"<p>Today, the President of the Republic of Kosovo, Dr. Vjosa Osmani &#8211; Sadriu together with the<br \/>\nSpeaker of the Assembly of Kosovo Glauk Konjufca and the Prime Minister Albin Kurti paid<br \/>\nhomage at the cemeteries of heroes and martyrs in Pristina and Makoc.<\/p>\n","protected":false},"author":1,"featured_media":21128,"comment_status":"open","ping_status":"closed","sticky":false,"template":"","format":"standard","meta":{"_eb_attr":"","footnotes":""},"categories":[111],"tags":[],"class_list":["post-67461","post","type-post","status-publish","format-standard","has-post-thumbnail","hentry","category-news"],"yoast_head":"<!-- This site is optimized with the Yoast SEO plugin v23.5 - https:\/\/yoast.com\/wordpress\/plugins\/seo\/ -->\n<title>Tributes on the occasion of April 18 - Martyrs&#039; Day of the Prishtina region - President of the Republic of Kosovo - DR. VJOSA OSMANI - SADRIU<\/title>\n<meta name=\"description\" content=\"Tributes on the occasion of April 18 - Martyrs&#039; Day of the Prishtina region - President of the Republic of Kosovo - DR. VJOSA OSMANI - SADRIU -\" \/>\n<meta name=\"robots\" content=\"index, follow, max-snippet:-1, max-image-preview:large, max-video-preview:-1\" \/>\n<link rel=\"canonical\" href=\"https:\/\/president-ksgov.net\/en\/tributes-on-the-occasion-of-april-18-martyrs-day-of-the-prishtina-region\/\" \/>\n<meta property=\"og:locale\" content=\"en_US\" \/>\n<meta property=\"og:type\" content=\"article\" \/>\n<meta property=\"og:title\" content=\"Tributes on the occasion of April 18 - Martyrs&#039; Day of the Prishtina region - President of the Republic of Kosovo - DR. VJOSA OSMANI - SADRIU\" \/>\n<meta property=\"og:description\" content=\"Tributes on the occasion of April 18 - Martyrs&#039; Day of the Prishtina region - President of the Republic of Kosovo - DR. VJOSA OSMANI - SADRIU -\" \/>\n<meta property=\"og:url\" content=\"https:\/\/president-ksgov.net\/en\/tributes-on-the-occasion-of-april-18-martyrs-day-of-the-prishtina-region\/\" \/>\n<meta property=\"og:site_name\" content=\"President of the Republic of Kosovo - DR. VJOSA OSMANI - SADRIU\" \/>\n<meta property=\"article:published_time\" content=\"2021-04-18T10:42:19+00:00\" \/>\n<meta property=\"article:modified_time\" content=\"2023-03-07T09:10:07+00:00\" \/>\n<meta property=\"og:image\" content=\"https:\/\/president-ksgov.net\/wp-content\/uploads\/18_04_2021_9400858_Homazhe_me_rastin_e_18_Prillit_____Dites_se_Deshmoreve_te_rajonit_te_Prishtines_10-scaled.jpg\" \/>\n\t<meta property=\"og:image:width\" content=\"2560\" \/>\n\t<meta property=\"og:image:height\" content=\"1707\" \/>\n\t<meta property=\"og:image:type\" content=\"image\/jpeg\" \/>\n<meta name=\"author\" content=\"admin\" \/>\n<meta name=\"twitter:card\" content=\"summary_large_image\" \/>\n<meta name=\"twitter:label1\" content=\"Written by\" \/>\n\t<meta name=\"twitter:data1\" content=\"admin\" \/>\n\t<meta name=\"twitter:label2\" content=\"Est. reading time\" \/>\n\t<meta name=\"twitter:data2\" content=\"1 minute\" \/>\n<script type=\"application\/ld+json\" class=\"yoast-schema-graph\">{\"@context\":\"https:\/\/schema.org\",\"@graph\":[{\"@type\":\"WebPage\",\"@id\":\"https:\/\/president-ksgov.net\/en\/tributes-on-the-occasion-of-april-18-martyrs-day-of-the-prishtina-region\/\",\"url\":\"https:\/\/president-ksgov.net\/en\/tributes-on-the-occasion-of-april-18-martyrs-day-of-the-prishtina-region\/\",\"name\":\"Tributes on the occasion of April 18 - Martyrs&#039; Day of the Prishtina region - President of the Republic of Kosovo - DR. VJOSA OSMANI - SADRIU\",\"isPartOf\":{\"@id\":\"https:\/\/president-ksgov.net\/#website\"},\"primaryImageOfPage\":{\"@id\":\"https:\/\/president-ksgov.net\/en\/tributes-on-the-occasion-of-april-18-martyrs-day-of-the-prishtina-region\/#primaryimage\"},\"image\":{\"@id\":\"https:\/\/president-ksgov.net\/en\/tributes-on-the-occasion-of-april-18-martyrs-day-of-the-prishtina-region\/#primaryimage\"},\"thumbnailUrl\":\"https:\/\/president-ksgov.net\/wp-content\/uploads\/18_04_2021_9400858_Homazhe_me_rastin_e_18_Prillit_____Dites_se_Deshmoreve_te_rajonit_te_Prishtines_10-scaled.jpg\",\"datePublished\":\"2021-04-18T10:42:19+00:00\",\"dateModified\":\"2023-03-07T09:10:07+00:00\",\"author\":{\"@id\":\"https:\/\/president-ksgov.net\/#\/schema\/person\/bb4337a5fb147cb2046d80548172cbee\"},\"description\":\"Tributes on the occasion of April 18 - Martyrs&#039; Day of the Prishtina region - President of the Republic of Kosovo - DR. VJOSA OSMANI - SADRIU -\",\"breadcrumb\":{\"@id\":\"https:\/\/president-ksgov.net\/en\/tributes-on-the-occasion-of-april-18-martyrs-day-of-the-prishtina-region\/#breadcrumb\"},\"inLanguage\":\"en-US\",\"potentialAction\":[{\"@type\":\"ReadAction\",\"target\":[\"https:\/\/president-ksgov.net\/en\/tributes-on-the-occasion-of-april-18-martyrs-day-of-the-prishtina-region\/\"]}]},{\"@type\":\"ImageObject\",\"inLanguage\":\"en-US\",\"@id\":\"https:\/\/president-ksgov.net\/en\/tributes-on-the-occasion-of-april-18-martyrs-day-of-the-prishtina-region\/#primaryimage\",\"url\":\"https:\/\/president-ksgov.net\/wp-content\/uploads\/18_04_2021_9400858_Homazhe_me_rastin_e_18_Prillit_____Dites_se_Deshmoreve_te_rajonit_te_Prishtines_10-scaled.jpg\",\"contentUrl\":\"https:\/\/president-ksgov.net\/wp-content\/uploads\/18_04_2021_9400858_Homazhe_me_rastin_e_18_Prillit_____Dites_se_Deshmoreve_te_rajonit_te_Prishtines_10-scaled.jpg\",\"width\":2560,\"height\":1707},{\"@type\":\"BreadcrumbList\",\"@id\":\"https:\/\/president-ksgov.net\/en\/tributes-on-the-occasion-of-april-18-martyrs-day-of-the-prishtina-region\/#breadcrumb\",\"itemListElement\":[{\"@type\":\"ListItem\",\"position\":1,\"name\":\"Home\",\"item\":\"https:\/\/president-ksgov.net\/en\/\"},{\"@type\":\"ListItem\",\"position\":2,\"name\":\"Tributes on the occasion of April 18 &#8211; Martyrs&#039; Day of the Prishtina region\"}]},{\"@type\":\"WebSite\",\"@id\":\"https:\/\/president-ksgov.net\/#website\",\"url\":\"https:\/\/president-ksgov.net\/\",\"name\":\"Presidente e Republik\u00ebs s\u00eb Kosov\u00ebs\",\"description\":\"Presidente e Republik\u00ebs s\u00eb Kosov\u00ebs\",\"alternateName\":\"DR. VJOSA OSMANI - SADRIU\",\"potentialAction\":[{\"@type\":\"SearchAction\",\"target\":{\"@type\":\"EntryPoint\",\"urlTemplate\":\"https:\/\/president-ksgov.net\/?s={search_term_string}\"},\"query-input\":{\"@type\":\"PropertyValueSpecification\",\"valueRequired\":true,\"valueName\":\"search_term_string\"}}],\"inLanguage\":\"en-US\"},{\"@type\":\"Person\",\"@id\":\"https:\/\/president-ksgov.net\/#\/schema\/person\/bb4337a5fb147cb2046d80548172cbee\",\"name\":\"admin\",\"image\":{\"@type\":\"ImageObject\",\"inLanguage\":\"en-US\",\"@id\":\"https:\/\/president-ksgov.net\/#\/schema\/person\/image\/\",\"url\":\"https:\/\/secure.gravatar.com\/avatar\/36156ca0fa3b8d9d25174f146e16beea0cf28f37adf1b9e19b6c9c279a7c9dd3?s=96&d=mm&r=g\",\"contentUrl\":\"https:\/\/secure.gravatar.com\/avatar\/36156ca0fa3b8d9d25174f146e16beea0cf28f37adf1b9e19b6c9c279a7c9dd3?s=96&d=mm&r=g\",\"caption\":\"admin\"},\"sameAs\":[\"https:\/\/president-ksgov.net\"]}]}<\/script>\n<!-- \/ Yoast SEO plugin. -->","yoast_head_json":{"title":"Tributes on the occasion of April 18 - Martyrs&#039; Day of the Prishtina region - President of the Republic of Kosovo - DR. VJOSA OSMANI - SADRIU","description":"Tributes on the occasion of April 18 - Martyrs&#039; Day of the Prishtina region - President of the Republic of Kosovo - DR. VJOSA OSMANI - SADRIU -","robots":{"index":"index","follow":"follow","max-snippet":"max-snippet:-1","max-image-preview":"max-image-preview:large","max-video-preview":"max-video-preview:-1"},"canonical":"https:\/\/president-ksgov.net\/en\/tributes-on-the-occasion-of-april-18-martyrs-day-of-the-prishtina-region\/","og_locale":"en_US","og_type":"article","og_title":"Tributes on the occasion of April 18 - Martyrs&#039; Day of the Prishtina region - President of the Republic of Kosovo - DR. VJOSA OSMANI - SADRIU","og_description":"Tributes on the occasion of April 18 - Martyrs&#039; Day of the Prishtina region - President of the Republic of Kosovo - DR. VJOSA OSMANI - SADRIU -","og_url":"https:\/\/president-ksgov.net\/en\/tributes-on-the-occasion-of-april-18-martyrs-day-of-the-prishtina-region\/","og_site_name":"President of the Republic of Kosovo - DR. VJOSA OSMANI - SADRIU","article_published_time":"2021-04-18T10:42:19+00:00","article_modified_time":"2023-03-07T09:10:07+00:00","og_image":[{"width":2560,"height":1707,"url":"https:\/\/president-ksgov.net\/wp-content\/uploads\/18_04_2021_9400858_Homazhe_me_rastin_e_18_Prillit_____Dites_se_Deshmoreve_te_rajonit_te_Prishtines_10-scaled.jpg","type":"image\/jpeg"}],"author":"admin","twitter_card":"summary_large_image","twitter_misc":{"Written by":"admin","Est. reading time":"1 minute"},"schema":{"@context":"https:\/\/schema.org","@graph":[{"@type":"WebPage","@id":"https:\/\/president-ksgov.net\/en\/tributes-on-the-occasion-of-april-18-martyrs-day-of-the-prishtina-region\/","url":"https:\/\/president-ksgov.net\/en\/tributes-on-the-occasion-of-april-18-martyrs-day-of-the-prishtina-region\/","name":"Tributes on the occasion of April 18 - Martyrs&#039; Day of the Prishtina region - President of the Republic of Kosovo - DR. VJOSA OSMANI - SADRIU","isPartOf":{"@id":"https:\/\/president-ksgov.net\/#website"},"primaryImageOfPage":{"@id":"https:\/\/president-ksgov.net\/en\/tributes-on-the-occasion-of-april-18-martyrs-day-of-the-prishtina-region\/#primaryimage"},"image":{"@id":"https:\/\/president-ksgov.net\/en\/tributes-on-the-occasion-of-april-18-martyrs-day-of-the-prishtina-region\/#primaryimage"},"thumbnailUrl":"https:\/\/president-ksgov.net\/wp-content\/uploads\/18_04_2021_9400858_Homazhe_me_rastin_e_18_Prillit_____Dites_se_Deshmoreve_te_rajonit_te_Prishtines_10-scaled.jpg","datePublished":"2021-04-18T10:42:19+00:00","dateModified":"2023-03-07T09:10:07+00:00","author":{"@id":"https:\/\/president-ksgov.net\/#\/schema\/person\/bb4337a5fb147cb2046d80548172cbee"},"description":"Tributes on the occasion of April 18 - Martyrs&#039; Day of the Prishtina region - President of the Republic of Kosovo - DR. VJOSA OSMANI - SADRIU -","breadcrumb":{"@id":"https:\/\/president-ksgov.net\/en\/tributes-on-the-occasion-of-april-18-martyrs-day-of-the-prishtina-region\/#breadcrumb"},"inLanguage":"en-US","potentialAction":[{"@type":"ReadAction","target":["https:\/\/president-ksgov.net\/en\/tributes-on-the-occasion-of-april-18-martyrs-day-of-the-prishtina-region\/"]}]},{"@type":"ImageObject","inLanguage":"en-US","@id":"https:\/\/president-ksgov.net\/en\/tributes-on-the-occasion-of-april-18-martyrs-day-of-the-prishtina-region\/#primaryimage","url":"https:\/\/president-ksgov.net\/wp-content\/uploads\/18_04_2021_9400858_Homazhe_me_rastin_e_18_Prillit_____Dites_se_Deshmoreve_te_rajonit_te_Prishtines_10-scaled.jpg","contentUrl":"https:\/\/president-ksgov.net\/wp-content\/uploads\/18_04_2021_9400858_Homazhe_me_rastin_e_18_Prillit_____Dites_se_Deshmoreve_te_rajonit_te_Prishtines_10-scaled.jpg","width":2560,"height":1707},{"@type":"BreadcrumbList","@id":"https:\/\/president-ksgov.net\/en\/tributes-on-the-occasion-of-april-18-martyrs-day-of-the-prishtina-region\/#breadcrumb","itemListElement":[{"@type":"ListItem","position":1,"name":"Home","item":"https:\/\/president-ksgov.net\/en\/"},{"@type":"ListItem","position":2,"name":"Tributes on the occasion of April 18 &#8211; Martyrs&#039; Day of the Prishtina region"}]},{"@type":"WebSite","@id":"https:\/\/president-ksgov.net\/#website","url":"https:\/\/president-ksgov.net\/","name":"Presidente e Republik\u00ebs s\u00eb Kosov\u00ebs","description":"Presidente e Republik\u00ebs s\u00eb Kosov\u00ebs","alternateName":"DR. VJOSA OSMANI - SADRIU","potentialAction":[{"@type":"SearchAction","target":{"@type":"EntryPoint","urlTemplate":"https:\/\/president-ksgov.net\/?s={search_term_string}"},"query-input":{"@type":"PropertyValueSpecification","valueRequired":true,"valueName":"search_term_string"}}],"inLanguage":"en-US"},{"@type":"Person","@id":"https:\/\/president-ksgov.net\/#\/schema\/person\/bb4337a5fb147cb2046d80548172cbee","name":"admin","image":{"@type":"ImageObject","inLanguage":"en-US","@id":"https:\/\/president-ksgov.net\/#\/schema\/person\/image\/","url":"https:\/\/secure.gravatar.com\/avatar\/36156ca0fa3b8d9d25174f146e16beea0cf28f37adf1b9e19b6c9c279a7c9dd3?s=96&d=mm&r=g","contentUrl":"https:\/\/secure.gravatar.com\/avatar\/36156ca0fa3b8d9d25174f146e16beea0cf28f37adf1b9e19b6c9c279a7c9dd3?s=96&d=mm&r=g","caption":"admin"},"sameAs":["https:\/\/president-ksgov.net"]}]}},"_links":{"self":[{"href":"https:\/\/president-ksgov.net\/en\/wp-json\/wp\/v2\/posts\/67461","targetHints":{"allow":["GET"]}}],"collection":[{"href":"https:\/\/president-ksgov.net\/en\/wp-json\/wp\/v2\/posts"}],"about":[{"href":"https:\/\/president-ksgov.net\/en\/wp-json\/wp\/v2\/types\/post"}],"author":[{"embeddable":true,"href":"https:\/\/president-ksgov.net\/en\/wp-json\/wp\/v2\/users\/1"}],"replies":[{"embeddable":true,"href":"https:\/\/president-ksgov.net\/en\/wp-json\/wp\/v2\/comments?post=67461"}],"version-history":[{"count":0,"href":"https:\/\/president-ksgov.net\/en\/wp-json\/wp\/v2\/posts\/67461\/revisions"}],"wp:featuredmedia":[{"embeddable":true,"href":"https:\/\/president-ksgov.net\/en\/wp-json\/wp\/v2\/media\/21128"}],"wp:attachment":[{"href":"https:\/\/president-ksgov.net\/en\/wp-json\/wp\/v2\/media?parent=67461"}],"wp:term":[{"taxonomy":"category","embeddable":true,"href":"https:\/\/president-ksgov.net\/en\/wp-json\/wp\/v2\/categories?post=67461"},{"taxonomy":"post_tag","embeddable":true,"href":"https:\/\/president-ksgov.net\/en\/wp-json\/wp\/v2\/tags?post=67461"}],"curies":[{"name":"wp","href":"https:\/\/api.w.org\/{rel}","templated":true}]}}