{"id":67447,"date":"2021-04-22T17:54:55","date_gmt":"2021-04-22T17:54:55","guid":{"rendered":"https:\/\/dev.president-ksgov.net\/president-osmani-received-the-foreign-minister-of-germany-heiko-maas\/"},"modified":"2023-03-07T09:10:07","modified_gmt":"2023-03-07T09:10:07","slug":"president-osmani-received-the-foreign-minister-of-germany-heiko-maas","status":"publish","type":"post","link":"https:\/\/president-ksgov.net\/en\/president-osmani-received-the-foreign-minister-of-germany-heiko-maas\/","title":{"rendered":"President Osmani received the Foreign Minister of Germany, Heiko Maas"},"content":{"rendered":"<p>The President of the Republic of Kosovo, Vjosa Osmani Sadriu, received today the<br \/>\nMinister of Foreign Affairs of Germany, Heiko Maas.<\/p>\n<p>On behalf of the citizens of the country, President Osmani thanked Minister Maas for<br \/>\nthe support that Germany has historically offered to Kosovo, to increase the number<br \/>\nof recognitions, to strengthen international subjectivity, to develop the economy and<br \/>\nto build a more lasting peace.<br \/>\nAfterwards, the two interlocutors held a press conference, in which they expressed<br \/>\ntheir views on the processes that Kosovo is going through, the confrontation with the<br \/>\npandemic, the dialogue and the European perspective.<br \/>\nPresident Osmani said that the first issue and the basic priority of the institutions of<br \/>\nKosovo is the pandemic management.<br \/>\n\u201cI thanked the Minister for the assistance that Germany has given through the Covax<br \/>\ninitiative and the European Union as well. So far, Kosovo has received 24,000<br \/>\nvaccines and another 95,000 are expected, but this is still a very small percentage<br \/>\nand I expressed the interest of the institutions of Kosovo to continue cooperation with<br \/>\nGermany to have support in the future as well\u201d, said President Osmani.<br \/>\n\u00a0<br \/>\nMadam Osmani further added that the vaccines are necessary so that we can<br \/>\nmanage this so dangerous pandemic.<br \/>\nAs for the visa liberalization process, President Osmani emphasized that Kosovo has<br \/>\nalready met the criteria.<br \/>\n\u201cA process for which Kosovo has already met the criteria and I thank the Minister for<br \/>\nthe support that the German institutions have given in this regard. Now we expect<br \/>\nfrom all the member states of the European Union to fulfill their promise in relation to<br \/>\nthe people of Kosovo, who are still being unjustly kept isolated\u201d, stressed Osmani.<br \/>\n\u00a0<br \/>\nPresident Osmani and Minister Maas also spoke about the dialogue process with<br \/>\nSerbia.<\/p>\n<p>\u201cThe dialogue with Serbia is a process in which Kosovo has been engaged from the<br \/>\nbeginning and our Republic has offered a hand of cooperation in relation to Serbia,<br \/>\nalthough unfortunately Serbia has not yet apologized for the crimes committed in<br \/>\nKosovo and there is still no justice for the thousands and thousands of victims of<br \/>\nKosovo. As institutions of Kosovo, I informed the Minister that we will continue to<br \/>\nraise our voice and to do our best to have justice for all these victims\u201d, said President<br \/>\nOsmani.<br \/>\n\u00a0<br \/>\nAccording to the Head of State, the dialogue process needs a reset.<br \/>\n\u201cWe are in favor of the dialogue. But first we will do a \u2018reset\u2019 where we will take a<br \/>\nlook at each agreement so far. Importantly, we will not embark on adventures<br \/>\nlike those with border changes, being this a logic that belongs to a logic of the<br \/>\npast century. All our institutions will carefully review each agreement reached, each<br \/>\ndocument reviewed so far and we will develop a dialogue based on clear principles<br \/>\nwhere the Republic of Kosovo will in no way accept to enter into dangerous<br \/>\nadventures which have to do either with border changes, being this a logic that<br \/>\nbelongs to the past century, or with the changes of the constitutional order of the<br \/>\nRepublic of Kosovo which would endanger our internal functionality and a<br \/>\ndysfunctional Kosovo is not of need either for our region or our partners. Naturally,<br \/>\nwe expect for this process to end with mutual recognition\u201d, said the President.<br \/>\nAt this conference, President Osmani and Minister Maas have opposed the idea of<br \/>\nredrawing the borders.<br \/>\n\u201cWe immediately got in touch with the Slovenian authorities, and they told us that<br \/>\nsuch a thing is not true. Such ideas are dangerous for the region and beyond, such<br \/>\nideas belong to the nineteenth century and the drawing of borders on ethnic grounds<br \/>\nis contrary to European values\u201d, stressed President Osmani. Whereas, Minister Maas<br \/>\nhas said that such ideas are strongly rejected by Germany.<br \/>\n\u00a0<br \/>\n\u201cI do not know if there are such attempts because all the time there has been talk of<br \/>\nnon-paper what should remain as such. The German government strongly rejects<br \/>\nthem because this solution would not lead to conflict resolution but would exacerbate<br \/>\nthem, so we reject them. No one inside the EU would imagine that this could become<br \/>\na reality\u201d, declared the German Foreign Minister.\u00a0<\/p>\n","protected":false},"excerpt":{"rendered":"<p>The President of the Republic of Kosovo, Vjosa Osmani Sadriu, received today the<br \/>\nMinister of Foreign Affairs of Germany, Heiko Maas.<\/p>\n","protected":false},"author":1,"featured_media":20979,"comment_status":"open","ping_status":"closed","sticky":false,"template":"","format":"standard","meta":{"_eb_attr":"","footnotes":""},"categories":[111],"tags":[],"class_list":["post-67447","post","type-post","status-publish","format-standard","has-post-thumbnail","hentry","category-news"],"yoast_head":"<!-- This site is optimized with the Yoast SEO plugin v23.5 - https:\/\/yoast.com\/wordpress\/plugins\/seo\/ -->\n<title>President Osmani received the Foreign Minister of Germany, Heiko Maas - President of the Republic of Kosovo - DR. VJOSA OSMANI - SADRIU<\/title>\n<meta name=\"description\" content=\"President Osmani received the Foreign Minister of Germany, Heiko Maas - President of the Republic of Kosovo - DR. VJOSA OSMANI - SADRIU -\" \/>\n<meta name=\"robots\" content=\"index, follow, max-snippet:-1, max-image-preview:large, max-video-preview:-1\" \/>\n<link rel=\"canonical\" href=\"https:\/\/president-ksgov.net\/en\/president-osmani-received-the-foreign-minister-of-germany-heiko-maas\/\" \/>\n<meta property=\"og:locale\" content=\"en_US\" \/>\n<meta property=\"og:type\" content=\"article\" \/>\n<meta property=\"og:title\" content=\"President Osmani received the Foreign Minister of Germany, Heiko Maas - President of the Republic of Kosovo - DR. VJOSA OSMANI - SADRIU\" \/>\n<meta property=\"og:description\" content=\"President Osmani received the Foreign Minister of Germany, Heiko Maas - President of the Republic of Kosovo - DR. VJOSA OSMANI - SADRIU -\" \/>\n<meta property=\"og:url\" content=\"https:\/\/president-ksgov.net\/en\/president-osmani-received-the-foreign-minister-of-germany-heiko-maas\/\" \/>\n<meta property=\"og:site_name\" content=\"President of the Republic of Kosovo - DR. VJOSA OSMANI - SADRIU\" \/>\n<meta property=\"article:published_time\" content=\"2021-04-22T17:54:55+00:00\" \/>\n<meta property=\"article:modified_time\" content=\"2023-03-07T09:10:07+00:00\" \/>\n<meta property=\"og:image\" content=\"https:\/\/president-ksgov.net\/wp-content\/uploads\/22_04_2021_5544395_177420157_515639136117590_7872555270731485457_n.jpg\" \/>\n\t<meta property=\"og:image:width\" content=\"2048\" \/>\n\t<meta property=\"og:image:height\" content=\"1362\" \/>\n\t<meta property=\"og:image:type\" content=\"image\/jpeg\" \/>\n<meta name=\"author\" content=\"admin\" \/>\n<meta name=\"twitter:card\" content=\"summary_large_image\" \/>\n<meta name=\"twitter:label1\" content=\"Written by\" \/>\n\t<meta name=\"twitter:data1\" content=\"admin\" \/>\n\t<meta name=\"twitter:label2\" content=\"Est. reading time\" \/>\n\t<meta name=\"twitter:data2\" content=\"3 minutes\" \/>\n<script type=\"application\/ld+json\" class=\"yoast-schema-graph\">{\"@context\":\"https:\/\/schema.org\",\"@graph\":[{\"@type\":\"WebPage\",\"@id\":\"https:\/\/president-ksgov.net\/en\/president-osmani-received-the-foreign-minister-of-germany-heiko-maas\/\",\"url\":\"https:\/\/president-ksgov.net\/en\/president-osmani-received-the-foreign-minister-of-germany-heiko-maas\/\",\"name\":\"President Osmani received the Foreign Minister of Germany, Heiko Maas - President of the Republic of Kosovo - DR. VJOSA OSMANI - SADRIU\",\"isPartOf\":{\"@id\":\"https:\/\/president-ksgov.net\/#website\"},\"primaryImageOfPage\":{\"@id\":\"https:\/\/president-ksgov.net\/en\/president-osmani-received-the-foreign-minister-of-germany-heiko-maas\/#primaryimage\"},\"image\":{\"@id\":\"https:\/\/president-ksgov.net\/en\/president-osmani-received-the-foreign-minister-of-germany-heiko-maas\/#primaryimage\"},\"thumbnailUrl\":\"https:\/\/president-ksgov.net\/wp-content\/uploads\/22_04_2021_5544395_177420157_515639136117590_7872555270731485457_n.jpg\",\"datePublished\":\"2021-04-22T17:54:55+00:00\",\"dateModified\":\"2023-03-07T09:10:07+00:00\",\"author\":{\"@id\":\"https:\/\/president-ksgov.net\/#\/schema\/person\/bb4337a5fb147cb2046d80548172cbee\"},\"description\":\"President Osmani received the Foreign Minister of Germany, Heiko Maas - President of the Republic of Kosovo - DR. VJOSA OSMANI - SADRIU -\",\"breadcrumb\":{\"@id\":\"https:\/\/president-ksgov.net\/en\/president-osmani-received-the-foreign-minister-of-germany-heiko-maas\/#breadcrumb\"},\"inLanguage\":\"en-US\",\"potentialAction\":[{\"@type\":\"ReadAction\",\"target\":[\"https:\/\/president-ksgov.net\/en\/president-osmani-received-the-foreign-minister-of-germany-heiko-maas\/\"]}]},{\"@type\":\"ImageObject\",\"inLanguage\":\"en-US\",\"@id\":\"https:\/\/president-ksgov.net\/en\/president-osmani-received-the-foreign-minister-of-germany-heiko-maas\/#primaryimage\",\"url\":\"https:\/\/president-ksgov.net\/wp-content\/uploads\/22_04_2021_5544395_177420157_515639136117590_7872555270731485457_n.jpg\",\"contentUrl\":\"https:\/\/president-ksgov.net\/wp-content\/uploads\/22_04_2021_5544395_177420157_515639136117590_7872555270731485457_n.jpg\",\"width\":2048,\"height\":1362},{\"@type\":\"BreadcrumbList\",\"@id\":\"https:\/\/president-ksgov.net\/en\/president-osmani-received-the-foreign-minister-of-germany-heiko-maas\/#breadcrumb\",\"itemListElement\":[{\"@type\":\"ListItem\",\"position\":1,\"name\":\"Home\",\"item\":\"https:\/\/president-ksgov.net\/en\/\"},{\"@type\":\"ListItem\",\"position\":2,\"name\":\"President Osmani received the Foreign Minister of Germany, Heiko Maas\"}]},{\"@type\":\"WebSite\",\"@id\":\"https:\/\/president-ksgov.net\/#website\",\"url\":\"https:\/\/president-ksgov.net\/\",\"name\":\"Presidente e Republik\u00ebs s\u00eb Kosov\u00ebs\",\"description\":\"Presidente e Republik\u00ebs s\u00eb Kosov\u00ebs\",\"alternateName\":\"DR. VJOSA OSMANI - SADRIU\",\"potentialAction\":[{\"@type\":\"SearchAction\",\"target\":{\"@type\":\"EntryPoint\",\"urlTemplate\":\"https:\/\/president-ksgov.net\/?s={search_term_string}\"},\"query-input\":{\"@type\":\"PropertyValueSpecification\",\"valueRequired\":true,\"valueName\":\"search_term_string\"}}],\"inLanguage\":\"en-US\"},{\"@type\":\"Person\",\"@id\":\"https:\/\/president-ksgov.net\/#\/schema\/person\/bb4337a5fb147cb2046d80548172cbee\",\"name\":\"admin\",\"image\":{\"@type\":\"ImageObject\",\"inLanguage\":\"en-US\",\"@id\":\"https:\/\/president-ksgov.net\/#\/schema\/person\/image\/\",\"url\":\"https:\/\/secure.gravatar.com\/avatar\/36156ca0fa3b8d9d25174f146e16beea0cf28f37adf1b9e19b6c9c279a7c9dd3?s=96&d=mm&r=g\",\"contentUrl\":\"https:\/\/secure.gravatar.com\/avatar\/36156ca0fa3b8d9d25174f146e16beea0cf28f37adf1b9e19b6c9c279a7c9dd3?s=96&d=mm&r=g\",\"caption\":\"admin\"},\"sameAs\":[\"https:\/\/president-ksgov.net\"]}]}<\/script>\n<!-- \/ Yoast SEO plugin. -->","yoast_head_json":{"title":"President Osmani received the Foreign Minister of Germany, Heiko Maas - President of the Republic of Kosovo - DR. VJOSA OSMANI - SADRIU","description":"President Osmani received the Foreign Minister of Germany, Heiko Maas - President of the Republic of Kosovo - DR. VJOSA OSMANI - SADRIU -","robots":{"index":"index","follow":"follow","max-snippet":"max-snippet:-1","max-image-preview":"max-image-preview:large","max-video-preview":"max-video-preview:-1"},"canonical":"https:\/\/president-ksgov.net\/en\/president-osmani-received-the-foreign-minister-of-germany-heiko-maas\/","og_locale":"en_US","og_type":"article","og_title":"President Osmani received the Foreign Minister of Germany, Heiko Maas - President of the Republic of Kosovo - DR. VJOSA OSMANI - SADRIU","og_description":"President Osmani received the Foreign Minister of Germany, Heiko Maas - President of the Republic of Kosovo - DR. VJOSA OSMANI - SADRIU -","og_url":"https:\/\/president-ksgov.net\/en\/president-osmani-received-the-foreign-minister-of-germany-heiko-maas\/","og_site_name":"President of the Republic of Kosovo - DR. VJOSA OSMANI - SADRIU","article_published_time":"2021-04-22T17:54:55+00:00","article_modified_time":"2023-03-07T09:10:07+00:00","og_image":[{"width":2048,"height":1362,"url":"https:\/\/president-ksgov.net\/wp-content\/uploads\/22_04_2021_5544395_177420157_515639136117590_7872555270731485457_n.jpg","type":"image\/jpeg"}],"author":"admin","twitter_card":"summary_large_image","twitter_misc":{"Written by":"admin","Est. reading time":"3 minutes"},"schema":{"@context":"https:\/\/schema.org","@graph":[{"@type":"WebPage","@id":"https:\/\/president-ksgov.net\/en\/president-osmani-received-the-foreign-minister-of-germany-heiko-maas\/","url":"https:\/\/president-ksgov.net\/en\/president-osmani-received-the-foreign-minister-of-germany-heiko-maas\/","name":"President Osmani received the Foreign Minister of Germany, Heiko Maas - President of the Republic of Kosovo - DR. VJOSA OSMANI - SADRIU","isPartOf":{"@id":"https:\/\/president-ksgov.net\/#website"},"primaryImageOfPage":{"@id":"https:\/\/president-ksgov.net\/en\/president-osmani-received-the-foreign-minister-of-germany-heiko-maas\/#primaryimage"},"image":{"@id":"https:\/\/president-ksgov.net\/en\/president-osmani-received-the-foreign-minister-of-germany-heiko-maas\/#primaryimage"},"thumbnailUrl":"https:\/\/president-ksgov.net\/wp-content\/uploads\/22_04_2021_5544395_177420157_515639136117590_7872555270731485457_n.jpg","datePublished":"2021-04-22T17:54:55+00:00","dateModified":"2023-03-07T09:10:07+00:00","author":{"@id":"https:\/\/president-ksgov.net\/#\/schema\/person\/bb4337a5fb147cb2046d80548172cbee"},"description":"President Osmani received the Foreign Minister of Germany, Heiko Maas - President of the Republic of Kosovo - DR. VJOSA OSMANI - SADRIU -","breadcrumb":{"@id":"https:\/\/president-ksgov.net\/en\/president-osmani-received-the-foreign-minister-of-germany-heiko-maas\/#breadcrumb"},"inLanguage":"en-US","potentialAction":[{"@type":"ReadAction","target":["https:\/\/president-ksgov.net\/en\/president-osmani-received-the-foreign-minister-of-germany-heiko-maas\/"]}]},{"@type":"ImageObject","inLanguage":"en-US","@id":"https:\/\/president-ksgov.net\/en\/president-osmani-received-the-foreign-minister-of-germany-heiko-maas\/#primaryimage","url":"https:\/\/president-ksgov.net\/wp-content\/uploads\/22_04_2021_5544395_177420157_515639136117590_7872555270731485457_n.jpg","contentUrl":"https:\/\/president-ksgov.net\/wp-content\/uploads\/22_04_2021_5544395_177420157_515639136117590_7872555270731485457_n.jpg","width":2048,"height":1362},{"@type":"BreadcrumbList","@id":"https:\/\/president-ksgov.net\/en\/president-osmani-received-the-foreign-minister-of-germany-heiko-maas\/#breadcrumb","itemListElement":[{"@type":"ListItem","position":1,"name":"Home","item":"https:\/\/president-ksgov.net\/en\/"},{"@type":"ListItem","position":2,"name":"President Osmani received the Foreign Minister of Germany, Heiko Maas"}]},{"@type":"WebSite","@id":"https:\/\/president-ksgov.net\/#website","url":"https:\/\/president-ksgov.net\/","name":"Presidente e Republik\u00ebs s\u00eb Kosov\u00ebs","description":"Presidente e Republik\u00ebs s\u00eb Kosov\u00ebs","alternateName":"DR. VJOSA OSMANI - SADRIU","potentialAction":[{"@type":"SearchAction","target":{"@type":"EntryPoint","urlTemplate":"https:\/\/president-ksgov.net\/?s={search_term_string}"},"query-input":{"@type":"PropertyValueSpecification","valueRequired":true,"valueName":"search_term_string"}}],"inLanguage":"en-US"},{"@type":"Person","@id":"https:\/\/president-ksgov.net\/#\/schema\/person\/bb4337a5fb147cb2046d80548172cbee","name":"admin","image":{"@type":"ImageObject","inLanguage":"en-US","@id":"https:\/\/president-ksgov.net\/#\/schema\/person\/image\/","url":"https:\/\/secure.gravatar.com\/avatar\/36156ca0fa3b8d9d25174f146e16beea0cf28f37adf1b9e19b6c9c279a7c9dd3?s=96&d=mm&r=g","contentUrl":"https:\/\/secure.gravatar.com\/avatar\/36156ca0fa3b8d9d25174f146e16beea0cf28f37adf1b9e19b6c9c279a7c9dd3?s=96&d=mm&r=g","caption":"admin"},"sameAs":["https:\/\/president-ksgov.net"]}]}},"_links":{"self":[{"href":"https:\/\/president-ksgov.net\/en\/wp-json\/wp\/v2\/posts\/67447","targetHints":{"allow":["GET"]}}],"collection":[{"href":"https:\/\/president-ksgov.net\/en\/wp-json\/wp\/v2\/posts"}],"about":[{"href":"https:\/\/president-ksgov.net\/en\/wp-json\/wp\/v2\/types\/post"}],"author":[{"embeddable":true,"href":"https:\/\/president-ksgov.net\/en\/wp-json\/wp\/v2\/users\/1"}],"replies":[{"embeddable":true,"href":"https:\/\/president-ksgov.net\/en\/wp-json\/wp\/v2\/comments?post=67447"}],"version-history":[{"count":0,"href":"https:\/\/president-ksgov.net\/en\/wp-json\/wp\/v2\/posts\/67447\/revisions"}],"wp:featuredmedia":[{"embeddable":true,"href":"https:\/\/president-ksgov.net\/en\/wp-json\/wp\/v2\/media\/20979"}],"wp:attachment":[{"href":"https:\/\/president-ksgov.net\/en\/wp-json\/wp\/v2\/media?parent=67447"}],"wp:term":[{"taxonomy":"category","embeddable":true,"href":"https:\/\/president-ksgov.net\/en\/wp-json\/wp\/v2\/categories?post=67447"},{"taxonomy":"post_tag","embeddable":true,"href":"https:\/\/president-ksgov.net\/en\/wp-json\/wp\/v2\/tags?post=67447"}],"curies":[{"name":"wp","href":"https:\/\/api.w.org\/{rel}","templated":true}]}}