{"id":67446,"date":"2021-04-23T10:55:53","date_gmt":"2021-04-23T10:55:53","guid":{"rendered":"https:\/\/dev.president-ksgov.net\/president-osmani-received-the-foreign-minister-of-north-macedonia-bujar-osmani\/"},"modified":"2023-03-07T09:10:07","modified_gmt":"2023-03-07T09:10:07","slug":"president-osmani-received-the-foreign-minister-of-north-macedonia-bujar-osmani","status":"publish","type":"post","link":"https:\/\/president-ksgov.net\/en\/president-osmani-received-the-foreign-minister-of-north-macedonia-bujar-osmani\/","title":{"rendered":"President Osmani received the Foreign Minister of North Macedonia Bujar Osmani"},"content":{"rendered":"<p>The President of the Republic of Kosovo, Vjosa Osmani received the Minister of Foreign Affairs of North Macedonia, Mr. Bujar Osmani.<\/p>\n<p>At this meeting, the bilateral relations between the two countries were praised as excellent. Both sides have expressed readiness to deepen them even further, especially in the field of economy and tourism.<\/p>\n<p>Minister Osmani has stressed that North Macedonia will stand by Kosovo on its European path, expressing support for Kosovo\u2019s membership in NATO and the EU. In this context, he opposed the ideas for the redrawing of borders, emphasizing that the Ohrid Agreement, Kosovo\u2019s independence and the Euro-Atlantic perspective of the region have shown to be successful models.\u00a0<\/p>\n<p>President Osmani reiterated that such scenarios should be prevented jointly.<\/p>\n<p>\u201cWe do not accept ideas that affect our borders and make Kosovo dysfunctional\u201d, said President Osmani.\u00a0<\/p>\n<p>At the meeting, among others, there was discussed about the situation with the Covoid-19 pandemic in both countries.\u00a0<\/p>\n<p>President Osmani said that in coordination with the Government they are doing the impossible that together with the international partners to ensure vaccines for the citizens of Kosovo.\u00a0<\/p>\n","protected":false},"excerpt":{"rendered":"<p>The President of the Republic of Kosovo, Vjosa Osmani received the Minister of Foreign Affairs of North Macedonia, Mr. Bujar Osmani.<\/p>\n","protected":false},"author":1,"featured_media":20966,"comment_status":"open","ping_status":"closed","sticky":false,"template":"","format":"standard","meta":{"_eb_attr":"","footnotes":""},"categories":[111],"tags":[],"class_list":["post-67446","post","type-post","status-publish","format-standard","has-post-thumbnail","hentry","category-news"],"yoast_head":"<!-- This site is optimized with the Yoast SEO plugin v23.5 - https:\/\/yoast.com\/wordpress\/plugins\/seo\/ -->\n<title>President Osmani received the Foreign Minister of North Macedonia Bujar Osmani - President of the Republic of Kosovo - DR. VJOSA OSMANI - SADRIU<\/title>\n<meta name=\"description\" content=\"President Osmani received the Foreign Minister of North Macedonia Bujar Osmani - President of the Republic of Kosovo - DR. VJOSA OSMANI - SADRIU -\" \/>\n<meta name=\"robots\" content=\"index, follow, max-snippet:-1, max-image-preview:large, max-video-preview:-1\" \/>\n<link rel=\"canonical\" href=\"https:\/\/president-ksgov.net\/presidentja-osmani-ka-pritur-ne-takim-ministrin-e-jashtem-te-maqedonise-se-veriut-bujar-osmani\/\" \/>\n<meta property=\"og:locale\" content=\"en_US\" \/>\n<meta property=\"og:type\" content=\"article\" \/>\n<meta property=\"og:title\" content=\"President Osmani received the Foreign Minister of North Macedonia Bujar Osmani - President of the Republic of Kosovo - DR. VJOSA OSMANI - SADRIU\" \/>\n<meta property=\"og:description\" content=\"President Osmani received the Foreign Minister of North Macedonia Bujar Osmani - President of the Republic of Kosovo - DR. VJOSA OSMANI - SADRIU -\" \/>\n<meta property=\"og:url\" content=\"https:\/\/president-ksgov.net\/presidentja-osmani-ka-pritur-ne-takim-ministrin-e-jashtem-te-maqedonise-se-veriut-bujar-osmani\/\" \/>\n<meta property=\"og:site_name\" content=\"President of the Republic of Kosovo - DR. VJOSA OSMANI - SADRIU\" \/>\n<meta property=\"article:published_time\" content=\"2021-04-23T10:55:53+00:00\" \/>\n<meta property=\"article:modified_time\" content=\"2023-03-07T09:10:07+00:00\" \/>\n<meta property=\"og:image\" content=\"https:\/\/president-ksgov.net\/wp-content\/uploads\/23_04_2021_4303526_Presidentja_Osmani_ka_pritur_ne_takim_ministrin_e_Jashtem_te_Maqedonise_Veriore_Bujar_Osmani_4.jpg\" \/>\n\t<meta property=\"og:image:width\" content=\"2125\" \/>\n\t<meta property=\"og:image:height\" content=\"1417\" \/>\n\t<meta property=\"og:image:type\" content=\"image\/jpeg\" \/>\n<meta name=\"author\" content=\"admin\" \/>\n<meta name=\"twitter:card\" content=\"summary_large_image\" \/>\n<meta name=\"twitter:label1\" content=\"Written by\" \/>\n\t<meta name=\"twitter:data1\" content=\"admin\" \/>\n\t<meta name=\"twitter:label2\" content=\"Est. reading time\" \/>\n\t<meta name=\"twitter:data2\" content=\"1 minute\" \/>\n<script type=\"application\/ld+json\" class=\"yoast-schema-graph\">{\"@context\":\"https:\/\/schema.org\",\"@graph\":[{\"@type\":\"WebPage\",\"@id\":\"https:\/\/president-ksgov.net\/presidentja-osmani-ka-pritur-ne-takim-ministrin-e-jashtem-te-maqedonise-se-veriut-bujar-osmani\/\",\"url\":\"https:\/\/president-ksgov.net\/presidentja-osmani-ka-pritur-ne-takim-ministrin-e-jashtem-te-maqedonise-se-veriut-bujar-osmani\/\",\"name\":\"President Osmani received the Foreign Minister of North Macedonia Bujar Osmani - President of the Republic of Kosovo - DR. VJOSA OSMANI - SADRIU\",\"isPartOf\":{\"@id\":\"https:\/\/president-ksgov.net\/#website\"},\"primaryImageOfPage\":{\"@id\":\"https:\/\/president-ksgov.net\/presidentja-osmani-ka-pritur-ne-takim-ministrin-e-jashtem-te-maqedonise-se-veriut-bujar-osmani\/#primaryimage\"},\"image\":{\"@id\":\"https:\/\/president-ksgov.net\/presidentja-osmani-ka-pritur-ne-takim-ministrin-e-jashtem-te-maqedonise-se-veriut-bujar-osmani\/#primaryimage\"},\"thumbnailUrl\":\"https:\/\/president-ksgov.net\/wp-content\/uploads\/23_04_2021_4303526_Presidentja_Osmani_ka_pritur_ne_takim_ministrin_e_Jashtem_te_Maqedonise_Veriore_Bujar_Osmani_4.jpg\",\"datePublished\":\"2021-04-23T10:55:53+00:00\",\"dateModified\":\"2023-03-07T09:10:07+00:00\",\"author\":{\"@id\":\"https:\/\/president-ksgov.net\/#\/schema\/person\/bb4337a5fb147cb2046d80548172cbee\"},\"description\":\"President Osmani received the Foreign Minister of North Macedonia Bujar Osmani - President of the Republic of Kosovo - DR. VJOSA OSMANI - SADRIU -\",\"breadcrumb\":{\"@id\":\"https:\/\/president-ksgov.net\/presidentja-osmani-ka-pritur-ne-takim-ministrin-e-jashtem-te-maqedonise-se-veriut-bujar-osmani\/#breadcrumb\"},\"inLanguage\":\"en-US\",\"potentialAction\":[{\"@type\":\"ReadAction\",\"target\":[\"https:\/\/president-ksgov.net\/presidentja-osmani-ka-pritur-ne-takim-ministrin-e-jashtem-te-maqedonise-se-veriut-bujar-osmani\/\"]}]},{\"@type\":\"ImageObject\",\"inLanguage\":\"en-US\",\"@id\":\"https:\/\/president-ksgov.net\/presidentja-osmani-ka-pritur-ne-takim-ministrin-e-jashtem-te-maqedonise-se-veriut-bujar-osmani\/#primaryimage\",\"url\":\"https:\/\/president-ksgov.net\/wp-content\/uploads\/23_04_2021_4303526_Presidentja_Osmani_ka_pritur_ne_takim_ministrin_e_Jashtem_te_Maqedonise_Veriore_Bujar_Osmani_4.jpg\",\"contentUrl\":\"https:\/\/president-ksgov.net\/wp-content\/uploads\/23_04_2021_4303526_Presidentja_Osmani_ka_pritur_ne_takim_ministrin_e_Jashtem_te_Maqedonise_Veriore_Bujar_Osmani_4.jpg\",\"width\":2125,\"height\":1417},{\"@type\":\"BreadcrumbList\",\"@id\":\"https:\/\/president-ksgov.net\/presidentja-osmani-ka-pritur-ne-takim-ministrin-e-jashtem-te-maqedonise-se-veriut-bujar-osmani\/#breadcrumb\",\"itemListElement\":[{\"@type\":\"ListItem\",\"position\":1,\"name\":\"Home\",\"item\":\"https:\/\/president-ksgov.net\/en\/\"},{\"@type\":\"ListItem\",\"position\":2,\"name\":\"President Osmani received the Foreign Minister of North Macedonia Bujar Osmani\"}]},{\"@type\":\"WebSite\",\"@id\":\"https:\/\/president-ksgov.net\/#website\",\"url\":\"https:\/\/president-ksgov.net\/\",\"name\":\"Presidente e Republik\u00ebs s\u00eb Kosov\u00ebs\",\"description\":\"Presidente e Republik\u00ebs s\u00eb Kosov\u00ebs\",\"alternateName\":\"DR. VJOSA OSMANI - SADRIU\",\"potentialAction\":[{\"@type\":\"SearchAction\",\"target\":{\"@type\":\"EntryPoint\",\"urlTemplate\":\"https:\/\/president-ksgov.net\/?s={search_term_string}\"},\"query-input\":{\"@type\":\"PropertyValueSpecification\",\"valueRequired\":true,\"valueName\":\"search_term_string\"}}],\"inLanguage\":\"en-US\"},{\"@type\":\"Person\",\"@id\":\"https:\/\/president-ksgov.net\/#\/schema\/person\/bb4337a5fb147cb2046d80548172cbee\",\"name\":\"admin\",\"image\":{\"@type\":\"ImageObject\",\"inLanguage\":\"en-US\",\"@id\":\"https:\/\/president-ksgov.net\/#\/schema\/person\/image\/\",\"url\":\"https:\/\/secure.gravatar.com\/avatar\/36156ca0fa3b8d9d25174f146e16beea0cf28f37adf1b9e19b6c9c279a7c9dd3?s=96&d=mm&r=g\",\"contentUrl\":\"https:\/\/secure.gravatar.com\/avatar\/36156ca0fa3b8d9d25174f146e16beea0cf28f37adf1b9e19b6c9c279a7c9dd3?s=96&d=mm&r=g\",\"caption\":\"admin\"},\"sameAs\":[\"https:\/\/president-ksgov.net\"]}]}<\/script>\n<!-- \/ Yoast SEO plugin. -->","yoast_head_json":{"title":"President Osmani received the Foreign Minister of North Macedonia Bujar Osmani - President of the Republic of Kosovo - DR. VJOSA OSMANI - SADRIU","description":"President Osmani received the Foreign Minister of North Macedonia Bujar Osmani - President of the Republic of Kosovo - DR. VJOSA OSMANI - SADRIU -","robots":{"index":"index","follow":"follow","max-snippet":"max-snippet:-1","max-image-preview":"max-image-preview:large","max-video-preview":"max-video-preview:-1"},"canonical":"https:\/\/president-ksgov.net\/presidentja-osmani-ka-pritur-ne-takim-ministrin-e-jashtem-te-maqedonise-se-veriut-bujar-osmani\/","og_locale":"en_US","og_type":"article","og_title":"President Osmani received the Foreign Minister of North Macedonia Bujar Osmani - President of the Republic of Kosovo - DR. VJOSA OSMANI - SADRIU","og_description":"President Osmani received the Foreign Minister of North Macedonia Bujar Osmani - President of the Republic of Kosovo - DR. VJOSA OSMANI - SADRIU -","og_url":"https:\/\/president-ksgov.net\/presidentja-osmani-ka-pritur-ne-takim-ministrin-e-jashtem-te-maqedonise-se-veriut-bujar-osmani\/","og_site_name":"President of the Republic of Kosovo - DR. VJOSA OSMANI - SADRIU","article_published_time":"2021-04-23T10:55:53+00:00","article_modified_time":"2023-03-07T09:10:07+00:00","og_image":[{"width":2125,"height":1417,"url":"https:\/\/president-ksgov.net\/wp-content\/uploads\/23_04_2021_4303526_Presidentja_Osmani_ka_pritur_ne_takim_ministrin_e_Jashtem_te_Maqedonise_Veriore_Bujar_Osmani_4.jpg","type":"image\/jpeg"}],"author":"admin","twitter_card":"summary_large_image","twitter_misc":{"Written by":"admin","Est. reading time":"1 minute"},"schema":{"@context":"https:\/\/schema.org","@graph":[{"@type":"WebPage","@id":"https:\/\/president-ksgov.net\/presidentja-osmani-ka-pritur-ne-takim-ministrin-e-jashtem-te-maqedonise-se-veriut-bujar-osmani\/","url":"https:\/\/president-ksgov.net\/presidentja-osmani-ka-pritur-ne-takim-ministrin-e-jashtem-te-maqedonise-se-veriut-bujar-osmani\/","name":"President Osmani received the Foreign Minister of North Macedonia Bujar Osmani - President of the Republic of Kosovo - DR. VJOSA OSMANI - SADRIU","isPartOf":{"@id":"https:\/\/president-ksgov.net\/#website"},"primaryImageOfPage":{"@id":"https:\/\/president-ksgov.net\/presidentja-osmani-ka-pritur-ne-takim-ministrin-e-jashtem-te-maqedonise-se-veriut-bujar-osmani\/#primaryimage"},"image":{"@id":"https:\/\/president-ksgov.net\/presidentja-osmani-ka-pritur-ne-takim-ministrin-e-jashtem-te-maqedonise-se-veriut-bujar-osmani\/#primaryimage"},"thumbnailUrl":"https:\/\/president-ksgov.net\/wp-content\/uploads\/23_04_2021_4303526_Presidentja_Osmani_ka_pritur_ne_takim_ministrin_e_Jashtem_te_Maqedonise_Veriore_Bujar_Osmani_4.jpg","datePublished":"2021-04-23T10:55:53+00:00","dateModified":"2023-03-07T09:10:07+00:00","author":{"@id":"https:\/\/president-ksgov.net\/#\/schema\/person\/bb4337a5fb147cb2046d80548172cbee"},"description":"President Osmani received the Foreign Minister of North Macedonia Bujar Osmani - President of the Republic of Kosovo - DR. VJOSA OSMANI - SADRIU -","breadcrumb":{"@id":"https:\/\/president-ksgov.net\/presidentja-osmani-ka-pritur-ne-takim-ministrin-e-jashtem-te-maqedonise-se-veriut-bujar-osmani\/#breadcrumb"},"inLanguage":"en-US","potentialAction":[{"@type":"ReadAction","target":["https:\/\/president-ksgov.net\/presidentja-osmani-ka-pritur-ne-takim-ministrin-e-jashtem-te-maqedonise-se-veriut-bujar-osmani\/"]}]},{"@type":"ImageObject","inLanguage":"en-US","@id":"https:\/\/president-ksgov.net\/presidentja-osmani-ka-pritur-ne-takim-ministrin-e-jashtem-te-maqedonise-se-veriut-bujar-osmani\/#primaryimage","url":"https:\/\/president-ksgov.net\/wp-content\/uploads\/23_04_2021_4303526_Presidentja_Osmani_ka_pritur_ne_takim_ministrin_e_Jashtem_te_Maqedonise_Veriore_Bujar_Osmani_4.jpg","contentUrl":"https:\/\/president-ksgov.net\/wp-content\/uploads\/23_04_2021_4303526_Presidentja_Osmani_ka_pritur_ne_takim_ministrin_e_Jashtem_te_Maqedonise_Veriore_Bujar_Osmani_4.jpg","width":2125,"height":1417},{"@type":"BreadcrumbList","@id":"https:\/\/president-ksgov.net\/presidentja-osmani-ka-pritur-ne-takim-ministrin-e-jashtem-te-maqedonise-se-veriut-bujar-osmani\/#breadcrumb","itemListElement":[{"@type":"ListItem","position":1,"name":"Home","item":"https:\/\/president-ksgov.net\/en\/"},{"@type":"ListItem","position":2,"name":"President Osmani received the Foreign Minister of North Macedonia Bujar Osmani"}]},{"@type":"WebSite","@id":"https:\/\/president-ksgov.net\/#website","url":"https:\/\/president-ksgov.net\/","name":"Presidente e Republik\u00ebs s\u00eb Kosov\u00ebs","description":"Presidente e Republik\u00ebs s\u00eb Kosov\u00ebs","alternateName":"DR. VJOSA OSMANI - SADRIU","potentialAction":[{"@type":"SearchAction","target":{"@type":"EntryPoint","urlTemplate":"https:\/\/president-ksgov.net\/?s={search_term_string}"},"query-input":{"@type":"PropertyValueSpecification","valueRequired":true,"valueName":"search_term_string"}}],"inLanguage":"en-US"},{"@type":"Person","@id":"https:\/\/president-ksgov.net\/#\/schema\/person\/bb4337a5fb147cb2046d80548172cbee","name":"admin","image":{"@type":"ImageObject","inLanguage":"en-US","@id":"https:\/\/president-ksgov.net\/#\/schema\/person\/image\/","url":"https:\/\/secure.gravatar.com\/avatar\/36156ca0fa3b8d9d25174f146e16beea0cf28f37adf1b9e19b6c9c279a7c9dd3?s=96&d=mm&r=g","contentUrl":"https:\/\/secure.gravatar.com\/avatar\/36156ca0fa3b8d9d25174f146e16beea0cf28f37adf1b9e19b6c9c279a7c9dd3?s=96&d=mm&r=g","caption":"admin"},"sameAs":["https:\/\/president-ksgov.net"]}]}},"_links":{"self":[{"href":"https:\/\/president-ksgov.net\/en\/wp-json\/wp\/v2\/posts\/67446","targetHints":{"allow":["GET"]}}],"collection":[{"href":"https:\/\/president-ksgov.net\/en\/wp-json\/wp\/v2\/posts"}],"about":[{"href":"https:\/\/president-ksgov.net\/en\/wp-json\/wp\/v2\/types\/post"}],"author":[{"embeddable":true,"href":"https:\/\/president-ksgov.net\/en\/wp-json\/wp\/v2\/users\/1"}],"replies":[{"embeddable":true,"href":"https:\/\/president-ksgov.net\/en\/wp-json\/wp\/v2\/comments?post=67446"}],"version-history":[{"count":0,"href":"https:\/\/president-ksgov.net\/en\/wp-json\/wp\/v2\/posts\/67446\/revisions"}],"wp:featuredmedia":[{"embeddable":true,"href":"https:\/\/president-ksgov.net\/en\/wp-json\/wp\/v2\/media\/20966"}],"wp:attachment":[{"href":"https:\/\/president-ksgov.net\/en\/wp-json\/wp\/v2\/media?parent=67446"}],"wp:term":[{"taxonomy":"category","embeddable":true,"href":"https:\/\/president-ksgov.net\/en\/wp-json\/wp\/v2\/categories?post=67446"},{"taxonomy":"post_tag","embeddable":true,"href":"https:\/\/president-ksgov.net\/en\/wp-json\/wp\/v2\/tags?post=67446"}],"curies":[{"name":"wp","href":"https:\/\/api.w.org\/{rel}","templated":true}]}}