{"id":67437,"date":"2021-04-27T09:11:07","date_gmt":"2021-04-27T09:11:07","guid":{"rendered":"https:\/\/dev.president-ksgov.net\/the-president-the-fate-of-kosovo-is-linked-to-the-fate-of-those-missing-due-to-violence\/"},"modified":"2023-03-07T09:09:31","modified_gmt":"2023-03-07T09:09:31","slug":"the-president-the-fate-of-kosovo-is-linked-to-the-fate-of-those-missing-due-to-violence","status":"publish","type":"post","link":"https:\/\/president-ksgov.net\/en\/the-president-the-fate-of-kosovo-is-linked-to-the-fate-of-those-missing-due-to-violence\/","title":{"rendered":"The President: The fate of Kosovo is  linked to the fate of those missing due to violence"},"content":{"rendered":"<p>The President of the Republic of Kosovo Dr. Vjosa Osmani, together with the Speaker of the Assembly Glauk Konjufca and Prime Minister Albin Kurti, today paid their tribute at the  Missing Persons Memorial.<\/p>\n<p>President Osmani said that today the whole of the Republic of Kosovo, every one of its citizens, sympathizes with the families of over 1,600 people who went missing due to violence during the last war in Kosovo.<\/p>\n<p>&#8220;Today, we reiterate that the fate of all of Kosovo is directly related to the fate of over 1,600 family members and our loved ones. Today, we also reiterate that freedom in Kosovo will only make sense on the very day when all our people return, on the day when there will be justice for each one of them, and on the day when the open wound of all these families, a common wound of us all, of the whole of Kosovo, may start to close, or at least to heal as the fate of all those missing people will be brought to light,&#8221; said President Osmani. &#8221;<br \/>\n\u00a0<br \/>\nThe head of state,\u00a0 in front of all present family members, said that this will never be solely their burden.<br \/>\n\u00a0<br \/>\n&#8220;It is not an individual burden, it is not just a burden carried by families, it is a burden of ours, together. Because, they are our people, they are our boys and girls. They belong to everyone, they belong to the whole of Kosovo. Therefore, we share this burden jointly, we have a joint open wound, we have the pain in common, &#8221; said the President.<br \/>\n\u00a0<br \/>\nThe President of the Republic of Kosovo dr. Vjosa Osmani added further that the voice of the relatives of the missing will be heard anywhere and that the primary, basic request, will be to clarify the fate of your loved ones and ours.<br \/>\n\u00a0<br \/>\n&#8220;Today we remember them together, in order to remind ourselves, the whole region and all our allies that for Kosovo there is nothing more important than clarifying the fate of those who dare missing due to violence,&#8221; said\u00a0 President Osmani.\u00a0<\/p>\n","protected":false},"excerpt":{"rendered":"<p>The President of the Republic of Kosovo Dr. Vjosa Osmani, together with the Speaker of the Assembly Glauk Konjufca and Prime Minister Albin Kurti, today paid their tribute at the  Missing Persons Memorial.<\/p>\n","protected":false},"author":1,"featured_media":20879,"comment_status":"open","ping_status":"closed","sticky":false,"template":"","format":"standard","meta":{"_eb_attr":"","footnotes":""},"categories":[111],"tags":[],"class_list":["post-67437","post","type-post","status-publish","format-standard","has-post-thumbnail","hentry","category-news"],"yoast_head":"<!-- This site is optimized with the Yoast SEO plugin v23.5 - https:\/\/yoast.com\/wordpress\/plugins\/seo\/ -->\n<title>The President: The fate of Kosovo is linked to the fate of those missing due to violence - President of the Republic of Kosovo - DR. VJOSA OSMANI - SADRIU<\/title>\n<meta name=\"description\" content=\"The President: The fate of Kosovo is linked to the fate of those missing due to violence - President of the Republic of Kosovo - DR. VJOSA OSMANI - SADRIU -\" \/>\n<meta name=\"robots\" content=\"index, follow, max-snippet:-1, max-image-preview:large, max-video-preview:-1\" \/>\n<link rel=\"canonical\" href=\"https:\/\/president-ksgov.net\/en\/the-president-the-fate-of-kosovo-is-linked-to-the-fate-of-those-missing-due-to-violence\/\" \/>\n<meta property=\"og:locale\" content=\"en_US\" \/>\n<meta property=\"og:type\" content=\"article\" \/>\n<meta property=\"og:title\" content=\"The President: The fate of Kosovo is linked to the fate of those missing due to violence - President of the Republic of Kosovo - DR. VJOSA OSMANI - SADRIU\" \/>\n<meta property=\"og:description\" content=\"The President: The fate of Kosovo is linked to the fate of those missing due to violence - President of the Republic of Kosovo - DR. VJOSA OSMANI - SADRIU -\" \/>\n<meta property=\"og:url\" content=\"https:\/\/president-ksgov.net\/en\/the-president-the-fate-of-kosovo-is-linked-to-the-fate-of-those-missing-due-to-violence\/\" \/>\n<meta property=\"og:site_name\" content=\"President of the Republic of Kosovo - DR. VJOSA OSMANI - SADRIU\" \/>\n<meta property=\"article:published_time\" content=\"2021-04-27T09:11:07+00:00\" \/>\n<meta property=\"article:modified_time\" content=\"2023-03-07T09:09:31+00:00\" \/>\n<meta property=\"og:image\" content=\"https:\/\/president-ksgov.net\/wp-content\/uploads\/27_04_2021_2072421_27_4_2021_5_jpg.jpg\" \/>\n\t<meta property=\"og:image:width\" content=\"2048\" \/>\n\t<meta property=\"og:image:height\" content=\"1366\" \/>\n\t<meta property=\"og:image:type\" content=\"image\/jpeg\" \/>\n<meta name=\"author\" content=\"admin\" \/>\n<meta name=\"twitter:card\" content=\"summary_large_image\" \/>\n<meta name=\"twitter:label1\" content=\"Written by\" \/>\n\t<meta name=\"twitter:data1\" content=\"admin\" \/>\n\t<meta name=\"twitter:label2\" content=\"Est. reading time\" \/>\n\t<meta name=\"twitter:data2\" content=\"2 minutes\" \/>\n<script type=\"application\/ld+json\" class=\"yoast-schema-graph\">{\"@context\":\"https:\/\/schema.org\",\"@graph\":[{\"@type\":\"WebPage\",\"@id\":\"https:\/\/president-ksgov.net\/en\/the-president-the-fate-of-kosovo-is-linked-to-the-fate-of-those-missing-due-to-violence\/\",\"url\":\"https:\/\/president-ksgov.net\/en\/the-president-the-fate-of-kosovo-is-linked-to-the-fate-of-those-missing-due-to-violence\/\",\"name\":\"The President: The fate of Kosovo is linked to the fate of those missing due to violence - President of the Republic of Kosovo - DR. VJOSA OSMANI - SADRIU\",\"isPartOf\":{\"@id\":\"https:\/\/president-ksgov.net\/#website\"},\"primaryImageOfPage\":{\"@id\":\"https:\/\/president-ksgov.net\/en\/the-president-the-fate-of-kosovo-is-linked-to-the-fate-of-those-missing-due-to-violence\/#primaryimage\"},\"image\":{\"@id\":\"https:\/\/president-ksgov.net\/en\/the-president-the-fate-of-kosovo-is-linked-to-the-fate-of-those-missing-due-to-violence\/#primaryimage\"},\"thumbnailUrl\":\"https:\/\/president-ksgov.net\/wp-content\/uploads\/27_04_2021_2072421_27_4_2021_5_jpg.jpg\",\"datePublished\":\"2021-04-27T09:11:07+00:00\",\"dateModified\":\"2023-03-07T09:09:31+00:00\",\"author\":{\"@id\":\"https:\/\/president-ksgov.net\/#\/schema\/person\/bb4337a5fb147cb2046d80548172cbee\"},\"description\":\"The President: The fate of Kosovo is linked to the fate of those missing due to violence - President of the Republic of Kosovo - DR. VJOSA OSMANI - SADRIU -\",\"breadcrumb\":{\"@id\":\"https:\/\/president-ksgov.net\/en\/the-president-the-fate-of-kosovo-is-linked-to-the-fate-of-those-missing-due-to-violence\/#breadcrumb\"},\"inLanguage\":\"en-US\",\"potentialAction\":[{\"@type\":\"ReadAction\",\"target\":[\"https:\/\/president-ksgov.net\/en\/the-president-the-fate-of-kosovo-is-linked-to-the-fate-of-those-missing-due-to-violence\/\"]}]},{\"@type\":\"ImageObject\",\"inLanguage\":\"en-US\",\"@id\":\"https:\/\/president-ksgov.net\/en\/the-president-the-fate-of-kosovo-is-linked-to-the-fate-of-those-missing-due-to-violence\/#primaryimage\",\"url\":\"https:\/\/president-ksgov.net\/wp-content\/uploads\/27_04_2021_2072421_27_4_2021_5_jpg.jpg\",\"contentUrl\":\"https:\/\/president-ksgov.net\/wp-content\/uploads\/27_04_2021_2072421_27_4_2021_5_jpg.jpg\",\"width\":2048,\"height\":1366},{\"@type\":\"BreadcrumbList\",\"@id\":\"https:\/\/president-ksgov.net\/en\/the-president-the-fate-of-kosovo-is-linked-to-the-fate-of-those-missing-due-to-violence\/#breadcrumb\",\"itemListElement\":[{\"@type\":\"ListItem\",\"position\":1,\"name\":\"Home\",\"item\":\"https:\/\/president-ksgov.net\/en\/\"},{\"@type\":\"ListItem\",\"position\":2,\"name\":\"The President: The fate of Kosovo is linked to the fate of those missing due to violence\"}]},{\"@type\":\"WebSite\",\"@id\":\"https:\/\/president-ksgov.net\/#website\",\"url\":\"https:\/\/president-ksgov.net\/\",\"name\":\"Presidente e Republik\u00ebs s\u00eb Kosov\u00ebs\",\"description\":\"Presidente e Republik\u00ebs s\u00eb Kosov\u00ebs\",\"alternateName\":\"DR. VJOSA OSMANI - SADRIU\",\"potentialAction\":[{\"@type\":\"SearchAction\",\"target\":{\"@type\":\"EntryPoint\",\"urlTemplate\":\"https:\/\/president-ksgov.net\/?s={search_term_string}\"},\"query-input\":{\"@type\":\"PropertyValueSpecification\",\"valueRequired\":true,\"valueName\":\"search_term_string\"}}],\"inLanguage\":\"en-US\"},{\"@type\":\"Person\",\"@id\":\"https:\/\/president-ksgov.net\/#\/schema\/person\/bb4337a5fb147cb2046d80548172cbee\",\"name\":\"admin\",\"image\":{\"@type\":\"ImageObject\",\"inLanguage\":\"en-US\",\"@id\":\"https:\/\/president-ksgov.net\/#\/schema\/person\/image\/\",\"url\":\"https:\/\/secure.gravatar.com\/avatar\/36156ca0fa3b8d9d25174f146e16beea0cf28f37adf1b9e19b6c9c279a7c9dd3?s=96&d=mm&r=g\",\"contentUrl\":\"https:\/\/secure.gravatar.com\/avatar\/36156ca0fa3b8d9d25174f146e16beea0cf28f37adf1b9e19b6c9c279a7c9dd3?s=96&d=mm&r=g\",\"caption\":\"admin\"},\"sameAs\":[\"https:\/\/president-ksgov.net\"]}]}<\/script>\n<!-- \/ Yoast SEO plugin. -->","yoast_head_json":{"title":"The President: The fate of Kosovo is linked to the fate of those missing due to violence - President of the Republic of Kosovo - DR. VJOSA OSMANI - SADRIU","description":"The President: The fate of Kosovo is linked to the fate of those missing due to violence - President of the Republic of Kosovo - DR. VJOSA OSMANI - SADRIU -","robots":{"index":"index","follow":"follow","max-snippet":"max-snippet:-1","max-image-preview":"max-image-preview:large","max-video-preview":"max-video-preview:-1"},"canonical":"https:\/\/president-ksgov.net\/en\/the-president-the-fate-of-kosovo-is-linked-to-the-fate-of-those-missing-due-to-violence\/","og_locale":"en_US","og_type":"article","og_title":"The President: The fate of Kosovo is linked to the fate of those missing due to violence - President of the Republic of Kosovo - DR. VJOSA OSMANI - SADRIU","og_description":"The President: The fate of Kosovo is linked to the fate of those missing due to violence - President of the Republic of Kosovo - DR. VJOSA OSMANI - SADRIU -","og_url":"https:\/\/president-ksgov.net\/en\/the-president-the-fate-of-kosovo-is-linked-to-the-fate-of-those-missing-due-to-violence\/","og_site_name":"President of the Republic of Kosovo - DR. VJOSA OSMANI - SADRIU","article_published_time":"2021-04-27T09:11:07+00:00","article_modified_time":"2023-03-07T09:09:31+00:00","og_image":[{"width":2048,"height":1366,"url":"https:\/\/president-ksgov.net\/wp-content\/uploads\/27_04_2021_2072421_27_4_2021_5_jpg.jpg","type":"image\/jpeg"}],"author":"admin","twitter_card":"summary_large_image","twitter_misc":{"Written by":"admin","Est. reading time":"2 minutes"},"schema":{"@context":"https:\/\/schema.org","@graph":[{"@type":"WebPage","@id":"https:\/\/president-ksgov.net\/en\/the-president-the-fate-of-kosovo-is-linked-to-the-fate-of-those-missing-due-to-violence\/","url":"https:\/\/president-ksgov.net\/en\/the-president-the-fate-of-kosovo-is-linked-to-the-fate-of-those-missing-due-to-violence\/","name":"The President: The fate of Kosovo is linked to the fate of those missing due to violence - President of the Republic of Kosovo - DR. VJOSA OSMANI - SADRIU","isPartOf":{"@id":"https:\/\/president-ksgov.net\/#website"},"primaryImageOfPage":{"@id":"https:\/\/president-ksgov.net\/en\/the-president-the-fate-of-kosovo-is-linked-to-the-fate-of-those-missing-due-to-violence\/#primaryimage"},"image":{"@id":"https:\/\/president-ksgov.net\/en\/the-president-the-fate-of-kosovo-is-linked-to-the-fate-of-those-missing-due-to-violence\/#primaryimage"},"thumbnailUrl":"https:\/\/president-ksgov.net\/wp-content\/uploads\/27_04_2021_2072421_27_4_2021_5_jpg.jpg","datePublished":"2021-04-27T09:11:07+00:00","dateModified":"2023-03-07T09:09:31+00:00","author":{"@id":"https:\/\/president-ksgov.net\/#\/schema\/person\/bb4337a5fb147cb2046d80548172cbee"},"description":"The President: The fate of Kosovo is linked to the fate of those missing due to violence - President of the Republic of Kosovo - DR. VJOSA OSMANI - SADRIU -","breadcrumb":{"@id":"https:\/\/president-ksgov.net\/en\/the-president-the-fate-of-kosovo-is-linked-to-the-fate-of-those-missing-due-to-violence\/#breadcrumb"},"inLanguage":"en-US","potentialAction":[{"@type":"ReadAction","target":["https:\/\/president-ksgov.net\/en\/the-president-the-fate-of-kosovo-is-linked-to-the-fate-of-those-missing-due-to-violence\/"]}]},{"@type":"ImageObject","inLanguage":"en-US","@id":"https:\/\/president-ksgov.net\/en\/the-president-the-fate-of-kosovo-is-linked-to-the-fate-of-those-missing-due-to-violence\/#primaryimage","url":"https:\/\/president-ksgov.net\/wp-content\/uploads\/27_04_2021_2072421_27_4_2021_5_jpg.jpg","contentUrl":"https:\/\/president-ksgov.net\/wp-content\/uploads\/27_04_2021_2072421_27_4_2021_5_jpg.jpg","width":2048,"height":1366},{"@type":"BreadcrumbList","@id":"https:\/\/president-ksgov.net\/en\/the-president-the-fate-of-kosovo-is-linked-to-the-fate-of-those-missing-due-to-violence\/#breadcrumb","itemListElement":[{"@type":"ListItem","position":1,"name":"Home","item":"https:\/\/president-ksgov.net\/en\/"},{"@type":"ListItem","position":2,"name":"The President: The fate of Kosovo is linked to the fate of those missing due to violence"}]},{"@type":"WebSite","@id":"https:\/\/president-ksgov.net\/#website","url":"https:\/\/president-ksgov.net\/","name":"Presidente e Republik\u00ebs s\u00eb Kosov\u00ebs","description":"Presidente e Republik\u00ebs s\u00eb Kosov\u00ebs","alternateName":"DR. VJOSA OSMANI - SADRIU","potentialAction":[{"@type":"SearchAction","target":{"@type":"EntryPoint","urlTemplate":"https:\/\/president-ksgov.net\/?s={search_term_string}"},"query-input":{"@type":"PropertyValueSpecification","valueRequired":true,"valueName":"search_term_string"}}],"inLanguage":"en-US"},{"@type":"Person","@id":"https:\/\/president-ksgov.net\/#\/schema\/person\/bb4337a5fb147cb2046d80548172cbee","name":"admin","image":{"@type":"ImageObject","inLanguage":"en-US","@id":"https:\/\/president-ksgov.net\/#\/schema\/person\/image\/","url":"https:\/\/secure.gravatar.com\/avatar\/36156ca0fa3b8d9d25174f146e16beea0cf28f37adf1b9e19b6c9c279a7c9dd3?s=96&d=mm&r=g","contentUrl":"https:\/\/secure.gravatar.com\/avatar\/36156ca0fa3b8d9d25174f146e16beea0cf28f37adf1b9e19b6c9c279a7c9dd3?s=96&d=mm&r=g","caption":"admin"},"sameAs":["https:\/\/president-ksgov.net"]}]}},"_links":{"self":[{"href":"https:\/\/president-ksgov.net\/en\/wp-json\/wp\/v2\/posts\/67437","targetHints":{"allow":["GET"]}}],"collection":[{"href":"https:\/\/president-ksgov.net\/en\/wp-json\/wp\/v2\/posts"}],"about":[{"href":"https:\/\/president-ksgov.net\/en\/wp-json\/wp\/v2\/types\/post"}],"author":[{"embeddable":true,"href":"https:\/\/president-ksgov.net\/en\/wp-json\/wp\/v2\/users\/1"}],"replies":[{"embeddable":true,"href":"https:\/\/president-ksgov.net\/en\/wp-json\/wp\/v2\/comments?post=67437"}],"version-history":[{"count":0,"href":"https:\/\/president-ksgov.net\/en\/wp-json\/wp\/v2\/posts\/67437\/revisions"}],"wp:featuredmedia":[{"embeddable":true,"href":"https:\/\/president-ksgov.net\/en\/wp-json\/wp\/v2\/media\/20879"}],"wp:attachment":[{"href":"https:\/\/president-ksgov.net\/en\/wp-json\/wp\/v2\/media?parent=67437"}],"wp:term":[{"taxonomy":"category","embeddable":true,"href":"https:\/\/president-ksgov.net\/en\/wp-json\/wp\/v2\/categories?post=67437"},{"taxonomy":"post_tag","embeddable":true,"href":"https:\/\/president-ksgov.net\/en\/wp-json\/wp\/v2\/tags?post=67437"}],"curies":[{"name":"wp","href":"https:\/\/api.w.org\/{rel}","templated":true}]}}