{"id":67308,"date":"2021-06-20T08:57:00","date_gmt":"2021-06-20T08:57:00","guid":{"rendered":"https:\/\/dev.president-ksgov.net\/president-osmani-participated-at-the-antalya-diplomacy-forum\/"},"modified":"2023-03-07T09:05:56","modified_gmt":"2023-03-07T09:05:56","slug":"president-osmani-participated-at-the-antalya-diplomacy-forum","status":"publish","type":"post","link":"https:\/\/president-ksgov.net\/en\/president-osmani-participated-at-the-antalya-diplomacy-forum\/","title":{"rendered":"President Osmani participated at the Antalya Diplomacy Forum"},"content":{"rendered":"<p>During her stay in Turkey, the President of the Republic of Kosovo Vjosa Osmani participated at the Antalya Diplomacy Forum, at which the issues of global governance and new approaches to global solutions were discussed.<\/p>\n<p>President Osmani said that given the situation created by the COVID19 pandemic, in addition to the health emergency, it has increased the inequalities and has shown us that we need to review the current model of globalization as it has focused on the importance of multilateralism, and has sent a clear message on how unbalanced is the human activity towards the environment.<\/p>\n<p>\u00a0<\/p>\n<p>Following is President Osmani&#039;s entire post:<\/p>\n<p>\u00a0<\/p>\n<p>As part of the first session of the Antalya Diplomacy Forum, together with Mohamed Abdullahi Farmajo &#8211; President of Somalia, Uhuru Kenyatta &#8211; President of Kenya, Abdullah Abdullah &#8211; Chairman of the High Council of Afghanistan for National Reconciliation<\/p>\n<p>\u00a0<\/p>\n<p>Josep Borell &#8211; High Representative of the European Union and Vice President of the European Commission, and Mathias Cormann &#8211; Secretary-General of the OECD, we discussed global governance and new approaches to global solutions.<\/p>\n<p>\u00a0<\/p>\n<p>Given the situation created by the pandemic, I stressed that COVID19, \u00a0in addition to the health emergency, has increased the inequalities and has shown us that we need to review the current model of globalization as it has focused on the importance of multilateralism, and has sent a clear message on how unbalanced is the human activity towards the environment.<\/p>\n<p>\u00a0<\/p>\n<p>Expressing gratitude to the friendly countries and initiatives like COVAX for their help in these challenging times, I stressed that equally, we must further nurture solidarity, but always based on fair criteria and ensure that we rebuild through policies that promote all-inclusiveness and gender equality.\u00a0<\/p>\n","protected":false},"excerpt":{"rendered":"<p>During her stay in Turkey, the President of the Republic of Kosovo Vjosa Osmani participated at the Antalya Diplomacy Forum, at which the issues of global governance and new approaches to global solutions were discussed.<\/p>\n","protected":false},"author":1,"featured_media":19739,"comment_status":"open","ping_status":"closed","sticky":false,"template":"","format":"standard","meta":{"_eb_attr":"","footnotes":""},"categories":[111],"tags":[],"class_list":["post-67308","post","type-post","status-publish","format-standard","has-post-thumbnail","hentry","category-news"],"yoast_head":"<!-- This site is optimized with the Yoast SEO plugin v23.5 - https:\/\/yoast.com\/wordpress\/plugins\/seo\/ -->\n<title>President Osmani participated at the Antalya Diplomacy Forum - President of the Republic of Kosovo - DR. VJOSA OSMANI - SADRIU<\/title>\n<meta name=\"description\" content=\"President Osmani participated at the Antalya Diplomacy Forum - President of the Republic of Kosovo - DR. VJOSA OSMANI - SADRIU -\" \/>\n<meta name=\"robots\" content=\"index, follow, max-snippet:-1, max-image-preview:large, max-video-preview:-1\" \/>\n<link rel=\"canonical\" href=\"https:\/\/president-ksgov.net\/en\/president-osmani-participated-at-the-antalya-diplomacy-forum\/\" \/>\n<meta property=\"og:locale\" content=\"en_US\" \/>\n<meta property=\"og:type\" content=\"article\" \/>\n<meta property=\"og:title\" content=\"President Osmani participated at the Antalya Diplomacy Forum - President of the Republic of Kosovo - DR. VJOSA OSMANI - SADRIU\" \/>\n<meta property=\"og:description\" content=\"President Osmani participated at the Antalya Diplomacy Forum - President of the Republic of Kosovo - DR. VJOSA OSMANI - SADRIU -\" \/>\n<meta property=\"og:url\" content=\"https:\/\/president-ksgov.net\/en\/president-osmani-participated-at-the-antalya-diplomacy-forum\/\" \/>\n<meta property=\"og:site_name\" content=\"President of the Republic of Kosovo - DR. VJOSA OSMANI - SADRIU\" \/>\n<meta property=\"article:published_time\" content=\"2021-06-20T08:57:00+00:00\" \/>\n<meta property=\"article:modified_time\" content=\"2023-03-07T09:05:56+00:00\" \/>\n<meta property=\"og:image\" content=\"https:\/\/president-ksgov.net\/wp-content\/uploads\/20_06_2021_9714663_Presidentja_Osmani_ka_marre_pjese_ne_Antalya_Diplomacy_Forum_7.jpg\" \/>\n\t<meta property=\"og:image:width\" content=\"960\" \/>\n\t<meta property=\"og:image:height\" content=\"638\" \/>\n\t<meta property=\"og:image:type\" content=\"image\/jpeg\" \/>\n<meta name=\"author\" content=\"admin\" \/>\n<meta name=\"twitter:card\" content=\"summary_large_image\" \/>\n<meta name=\"twitter:label1\" content=\"Written by\" \/>\n\t<meta name=\"twitter:data1\" content=\"admin\" \/>\n\t<meta name=\"twitter:label2\" content=\"Est. reading time\" \/>\n\t<meta name=\"twitter:data2\" content=\"1 minute\" \/>\n<script type=\"application\/ld+json\" class=\"yoast-schema-graph\">{\"@context\":\"https:\/\/schema.org\",\"@graph\":[{\"@type\":\"WebPage\",\"@id\":\"https:\/\/president-ksgov.net\/en\/president-osmani-participated-at-the-antalya-diplomacy-forum\/\",\"url\":\"https:\/\/president-ksgov.net\/en\/president-osmani-participated-at-the-antalya-diplomacy-forum\/\",\"name\":\"President Osmani participated at the Antalya Diplomacy Forum - President of the Republic of Kosovo - DR. VJOSA OSMANI - SADRIU\",\"isPartOf\":{\"@id\":\"https:\/\/president-ksgov.net\/#website\"},\"primaryImageOfPage\":{\"@id\":\"https:\/\/president-ksgov.net\/en\/president-osmani-participated-at-the-antalya-diplomacy-forum\/#primaryimage\"},\"image\":{\"@id\":\"https:\/\/president-ksgov.net\/en\/president-osmani-participated-at-the-antalya-diplomacy-forum\/#primaryimage\"},\"thumbnailUrl\":\"https:\/\/president-ksgov.net\/wp-content\/uploads\/20_06_2021_9714663_Presidentja_Osmani_ka_marre_pjese_ne_Antalya_Diplomacy_Forum_7.jpg\",\"datePublished\":\"2021-06-20T08:57:00+00:00\",\"dateModified\":\"2023-03-07T09:05:56+00:00\",\"author\":{\"@id\":\"https:\/\/president-ksgov.net\/#\/schema\/person\/bb4337a5fb147cb2046d80548172cbee\"},\"description\":\"President Osmani participated at the Antalya Diplomacy Forum - President of the Republic of Kosovo - DR. VJOSA OSMANI - SADRIU -\",\"breadcrumb\":{\"@id\":\"https:\/\/president-ksgov.net\/en\/president-osmani-participated-at-the-antalya-diplomacy-forum\/#breadcrumb\"},\"inLanguage\":\"en-US\",\"potentialAction\":[{\"@type\":\"ReadAction\",\"target\":[\"https:\/\/president-ksgov.net\/en\/president-osmani-participated-at-the-antalya-diplomacy-forum\/\"]}]},{\"@type\":\"ImageObject\",\"inLanguage\":\"en-US\",\"@id\":\"https:\/\/president-ksgov.net\/en\/president-osmani-participated-at-the-antalya-diplomacy-forum\/#primaryimage\",\"url\":\"https:\/\/president-ksgov.net\/wp-content\/uploads\/20_06_2021_9714663_Presidentja_Osmani_ka_marre_pjese_ne_Antalya_Diplomacy_Forum_7.jpg\",\"contentUrl\":\"https:\/\/president-ksgov.net\/wp-content\/uploads\/20_06_2021_9714663_Presidentja_Osmani_ka_marre_pjese_ne_Antalya_Diplomacy_Forum_7.jpg\",\"width\":960,\"height\":638},{\"@type\":\"BreadcrumbList\",\"@id\":\"https:\/\/president-ksgov.net\/en\/president-osmani-participated-at-the-antalya-diplomacy-forum\/#breadcrumb\",\"itemListElement\":[{\"@type\":\"ListItem\",\"position\":1,\"name\":\"Home\",\"item\":\"https:\/\/president-ksgov.net\/en\/\"},{\"@type\":\"ListItem\",\"position\":2,\"name\":\"President Osmani participated at the Antalya Diplomacy Forum\"}]},{\"@type\":\"WebSite\",\"@id\":\"https:\/\/president-ksgov.net\/#website\",\"url\":\"https:\/\/president-ksgov.net\/\",\"name\":\"Presidente e Republik\u00ebs s\u00eb Kosov\u00ebs\",\"description\":\"Presidente e Republik\u00ebs s\u00eb Kosov\u00ebs\",\"alternateName\":\"DR. VJOSA OSMANI - SADRIU\",\"potentialAction\":[{\"@type\":\"SearchAction\",\"target\":{\"@type\":\"EntryPoint\",\"urlTemplate\":\"https:\/\/president-ksgov.net\/?s={search_term_string}\"},\"query-input\":{\"@type\":\"PropertyValueSpecification\",\"valueRequired\":true,\"valueName\":\"search_term_string\"}}],\"inLanguage\":\"en-US\"},{\"@type\":\"Person\",\"@id\":\"https:\/\/president-ksgov.net\/#\/schema\/person\/bb4337a5fb147cb2046d80548172cbee\",\"name\":\"admin\",\"image\":{\"@type\":\"ImageObject\",\"inLanguage\":\"en-US\",\"@id\":\"https:\/\/president-ksgov.net\/#\/schema\/person\/image\/\",\"url\":\"https:\/\/secure.gravatar.com\/avatar\/36156ca0fa3b8d9d25174f146e16beea0cf28f37adf1b9e19b6c9c279a7c9dd3?s=96&d=mm&r=g\",\"contentUrl\":\"https:\/\/secure.gravatar.com\/avatar\/36156ca0fa3b8d9d25174f146e16beea0cf28f37adf1b9e19b6c9c279a7c9dd3?s=96&d=mm&r=g\",\"caption\":\"admin\"},\"sameAs\":[\"https:\/\/president-ksgov.net\"]}]}<\/script>\n<!-- \/ Yoast SEO plugin. -->","yoast_head_json":{"title":"President Osmani participated at the Antalya Diplomacy Forum - President of the Republic of Kosovo - DR. VJOSA OSMANI - SADRIU","description":"President Osmani participated at the Antalya Diplomacy Forum - President of the Republic of Kosovo - DR. VJOSA OSMANI - SADRIU -","robots":{"index":"index","follow":"follow","max-snippet":"max-snippet:-1","max-image-preview":"max-image-preview:large","max-video-preview":"max-video-preview:-1"},"canonical":"https:\/\/president-ksgov.net\/en\/president-osmani-participated-at-the-antalya-diplomacy-forum\/","og_locale":"en_US","og_type":"article","og_title":"President Osmani participated at the Antalya Diplomacy Forum - President of the Republic of Kosovo - DR. VJOSA OSMANI - SADRIU","og_description":"President Osmani participated at the Antalya Diplomacy Forum - President of the Republic of Kosovo - DR. VJOSA OSMANI - SADRIU -","og_url":"https:\/\/president-ksgov.net\/en\/president-osmani-participated-at-the-antalya-diplomacy-forum\/","og_site_name":"President of the Republic of Kosovo - DR. VJOSA OSMANI - SADRIU","article_published_time":"2021-06-20T08:57:00+00:00","article_modified_time":"2023-03-07T09:05:56+00:00","og_image":[{"width":960,"height":638,"url":"https:\/\/president-ksgov.net\/wp-content\/uploads\/20_06_2021_9714663_Presidentja_Osmani_ka_marre_pjese_ne_Antalya_Diplomacy_Forum_7.jpg","type":"image\/jpeg"}],"author":"admin","twitter_card":"summary_large_image","twitter_misc":{"Written by":"admin","Est. reading time":"1 minute"},"schema":{"@context":"https:\/\/schema.org","@graph":[{"@type":"WebPage","@id":"https:\/\/president-ksgov.net\/en\/president-osmani-participated-at-the-antalya-diplomacy-forum\/","url":"https:\/\/president-ksgov.net\/en\/president-osmani-participated-at-the-antalya-diplomacy-forum\/","name":"President Osmani participated at the Antalya Diplomacy Forum - President of the Republic of Kosovo - DR. VJOSA OSMANI - SADRIU","isPartOf":{"@id":"https:\/\/president-ksgov.net\/#website"},"primaryImageOfPage":{"@id":"https:\/\/president-ksgov.net\/en\/president-osmani-participated-at-the-antalya-diplomacy-forum\/#primaryimage"},"image":{"@id":"https:\/\/president-ksgov.net\/en\/president-osmani-participated-at-the-antalya-diplomacy-forum\/#primaryimage"},"thumbnailUrl":"https:\/\/president-ksgov.net\/wp-content\/uploads\/20_06_2021_9714663_Presidentja_Osmani_ka_marre_pjese_ne_Antalya_Diplomacy_Forum_7.jpg","datePublished":"2021-06-20T08:57:00+00:00","dateModified":"2023-03-07T09:05:56+00:00","author":{"@id":"https:\/\/president-ksgov.net\/#\/schema\/person\/bb4337a5fb147cb2046d80548172cbee"},"description":"President Osmani participated at the Antalya Diplomacy Forum - President of the Republic of Kosovo - DR. VJOSA OSMANI - SADRIU -","breadcrumb":{"@id":"https:\/\/president-ksgov.net\/en\/president-osmani-participated-at-the-antalya-diplomacy-forum\/#breadcrumb"},"inLanguage":"en-US","potentialAction":[{"@type":"ReadAction","target":["https:\/\/president-ksgov.net\/en\/president-osmani-participated-at-the-antalya-diplomacy-forum\/"]}]},{"@type":"ImageObject","inLanguage":"en-US","@id":"https:\/\/president-ksgov.net\/en\/president-osmani-participated-at-the-antalya-diplomacy-forum\/#primaryimage","url":"https:\/\/president-ksgov.net\/wp-content\/uploads\/20_06_2021_9714663_Presidentja_Osmani_ka_marre_pjese_ne_Antalya_Diplomacy_Forum_7.jpg","contentUrl":"https:\/\/president-ksgov.net\/wp-content\/uploads\/20_06_2021_9714663_Presidentja_Osmani_ka_marre_pjese_ne_Antalya_Diplomacy_Forum_7.jpg","width":960,"height":638},{"@type":"BreadcrumbList","@id":"https:\/\/president-ksgov.net\/en\/president-osmani-participated-at-the-antalya-diplomacy-forum\/#breadcrumb","itemListElement":[{"@type":"ListItem","position":1,"name":"Home","item":"https:\/\/president-ksgov.net\/en\/"},{"@type":"ListItem","position":2,"name":"President Osmani participated at the Antalya Diplomacy Forum"}]},{"@type":"WebSite","@id":"https:\/\/president-ksgov.net\/#website","url":"https:\/\/president-ksgov.net\/","name":"Presidente e Republik\u00ebs s\u00eb Kosov\u00ebs","description":"Presidente e Republik\u00ebs s\u00eb Kosov\u00ebs","alternateName":"DR. VJOSA OSMANI - SADRIU","potentialAction":[{"@type":"SearchAction","target":{"@type":"EntryPoint","urlTemplate":"https:\/\/president-ksgov.net\/?s={search_term_string}"},"query-input":{"@type":"PropertyValueSpecification","valueRequired":true,"valueName":"search_term_string"}}],"inLanguage":"en-US"},{"@type":"Person","@id":"https:\/\/president-ksgov.net\/#\/schema\/person\/bb4337a5fb147cb2046d80548172cbee","name":"admin","image":{"@type":"ImageObject","inLanguage":"en-US","@id":"https:\/\/president-ksgov.net\/#\/schema\/person\/image\/","url":"https:\/\/secure.gravatar.com\/avatar\/36156ca0fa3b8d9d25174f146e16beea0cf28f37adf1b9e19b6c9c279a7c9dd3?s=96&d=mm&r=g","contentUrl":"https:\/\/secure.gravatar.com\/avatar\/36156ca0fa3b8d9d25174f146e16beea0cf28f37adf1b9e19b6c9c279a7c9dd3?s=96&d=mm&r=g","caption":"admin"},"sameAs":["https:\/\/president-ksgov.net"]}]}},"_links":{"self":[{"href":"https:\/\/president-ksgov.net\/en\/wp-json\/wp\/v2\/posts\/67308","targetHints":{"allow":["GET"]}}],"collection":[{"href":"https:\/\/president-ksgov.net\/en\/wp-json\/wp\/v2\/posts"}],"about":[{"href":"https:\/\/president-ksgov.net\/en\/wp-json\/wp\/v2\/types\/post"}],"author":[{"embeddable":true,"href":"https:\/\/president-ksgov.net\/en\/wp-json\/wp\/v2\/users\/1"}],"replies":[{"embeddable":true,"href":"https:\/\/president-ksgov.net\/en\/wp-json\/wp\/v2\/comments?post=67308"}],"version-history":[{"count":0,"href":"https:\/\/president-ksgov.net\/en\/wp-json\/wp\/v2\/posts\/67308\/revisions"}],"wp:featuredmedia":[{"embeddable":true,"href":"https:\/\/president-ksgov.net\/en\/wp-json\/wp\/v2\/media\/19739"}],"wp:attachment":[{"href":"https:\/\/president-ksgov.net\/en\/wp-json\/wp\/v2\/media?parent=67308"}],"wp:term":[{"taxonomy":"category","embeddable":true,"href":"https:\/\/president-ksgov.net\/en\/wp-json\/wp\/v2\/categories?post=67308"},{"taxonomy":"post_tag","embeddable":true,"href":"https:\/\/president-ksgov.net\/en\/wp-json\/wp\/v2\/tags?post=67308"}],"curies":[{"name":"wp","href":"https:\/\/api.w.org\/{rel}","templated":true}]}}