{"id":67307,"date":"2021-06-21T06:44:33","date_gmt":"2021-06-21T04:44:33","guid":{"rendered":"https:\/\/dev.president-ksgov.net\/the-president-it-is-not-said-in-vain-that-the-youth-are-our-future\/"},"modified":"2023-03-07T09:05:56","modified_gmt":"2023-03-07T09:05:56","slug":"the-president-it-is-not-said-in-vain-that-the-youth-are-our-future","status":"publish","type":"post","link":"https:\/\/president-ksgov.net\/en\/the-president-it-is-not-said-in-vain-that-the-youth-are-our-future\/","title":{"rendered":"The President: It is not said in vain that the youth are our future"},"content":{"rendered":"<p>The President of the Republic of Kosovo Vjosa Osmani concluded her stay in Turkey&#039;s<br \/>\nAntalya Diplomatic Forum with a conversation with the members of the ADF Youth.<\/p>\n<p>President Osmani said that it is not said in vain that young people are our future.<br \/>\n\u00a0<br \/>\n&#8220;In a packed hall, as I saw the faces of young people full of hope, enthusiasm, curiosity and willingness to listen and learn, I realized once again that if we want to do really good work, we must always have our eyes on them and that the best ever investment is the investment in our youth,&#8221; emphasized President Osmani.\u00a0<br \/>\n\u00a0<br \/>\nFollowing is President Osmani&#039;s entire post:<br \/>\n\u00a0<br \/>\nI concluded my participation at the Antalya Diplomatic Forum in Turkey with an extremely pleasant conversation with the members of ADF Youth.\u00a0<br \/>\n\u00a0<br \/>\nIt is not said in vain that young people are our future. In a packed hall, as I saw the faces of young people full of hope, enthusiasm, curiosity and willingness to listen and learn, I realized once again that if we want to do really good work, we must always have our eyes on them and that the best ever investment is the investment in our youth.\u00a0<br \/>\n\u00a0<br \/>\nThank you, ADF Youth and Antalya Diplomacy Forum. I hope that the bridges we have built these days will serve us well in the coming chapters of the relationship between our countries, our nations and our youth.\u00a0<\/p>\n","protected":false},"excerpt":{"rendered":"<p>The President of the Republic of Kosovo Vjosa Osmani concluded her stay in Turkey&#039;s<br \/>\nAntalya Diplomatic Forum with a conversation with the members of the ADF Youth.<\/p>\n","protected":false},"author":1,"featured_media":19720,"comment_status":"open","ping_status":"closed","sticky":false,"template":"","format":"standard","meta":{"_eb_attr":"","footnotes":""},"categories":[113,111],"tags":[],"class_list":["post-67307","post","type-post","status-publish","format-standard","has-post-thumbnail","hentry","category-international-visits","category-news"],"yoast_head":"<!-- This site is optimized with the Yoast SEO plugin v23.5 - https:\/\/yoast.com\/wordpress\/plugins\/seo\/ -->\n<title>The President: It is not said in vain that the youth are our future - President of the Republic of Kosovo - DR. VJOSA OSMANI - SADRIU<\/title>\n<meta name=\"description\" content=\"The President: It is not said in vain that the youth are our future - President of the Republic of Kosovo - DR. VJOSA OSMANI - SADRIU -\" \/>\n<meta name=\"robots\" content=\"index, follow, max-snippet:-1, max-image-preview:large, max-video-preview:-1\" \/>\n<link rel=\"canonical\" href=\"https:\/\/president-ksgov.net\/en\/the-president-it-is-not-said-in-vain-that-the-youth-are-our-future\/\" \/>\n<meta property=\"og:locale\" content=\"en_US\" \/>\n<meta property=\"og:type\" content=\"article\" \/>\n<meta property=\"og:title\" content=\"The President: It is not said in vain that the youth are our future - President of the Republic of Kosovo - DR. VJOSA OSMANI - SADRIU\" \/>\n<meta property=\"og:description\" content=\"The President: It is not said in vain that the youth are our future - President of the Republic of Kosovo - DR. VJOSA OSMANI - SADRIU -\" \/>\n<meta property=\"og:url\" content=\"https:\/\/president-ksgov.net\/en\/the-president-it-is-not-said-in-vain-that-the-youth-are-our-future\/\" \/>\n<meta property=\"og:site_name\" content=\"President of the Republic of Kosovo - DR. VJOSA OSMANI - SADRIU\" \/>\n<meta property=\"article:published_time\" content=\"2021-06-21T04:44:33+00:00\" \/>\n<meta property=\"article:modified_time\" content=\"2023-03-07T09:05:56+00:00\" \/>\n<meta property=\"og:image\" content=\"https:\/\/president-ksgov.net\/wp-content\/uploads\/21_06_2021_9747143_Presidentja_Nuk_thuhet_kot_qe_te_rinjte_jane_e_ardhmja_jone_6.jpg\" \/>\n\t<meta property=\"og:image:width\" content=\"960\" \/>\n\t<meta property=\"og:image:height\" content=\"640\" \/>\n\t<meta property=\"og:image:type\" content=\"image\/jpeg\" \/>\n<meta name=\"author\" content=\"admin\" \/>\n<meta name=\"twitter:card\" content=\"summary_large_image\" \/>\n<meta name=\"twitter:label1\" content=\"Written by\" \/>\n\t<meta name=\"twitter:data1\" content=\"admin\" \/>\n\t<meta name=\"twitter:label2\" content=\"Est. reading time\" \/>\n\t<meta name=\"twitter:data2\" content=\"1 minute\" \/>\n<script type=\"application\/ld+json\" class=\"yoast-schema-graph\">{\"@context\":\"https:\/\/schema.org\",\"@graph\":[{\"@type\":\"WebPage\",\"@id\":\"https:\/\/president-ksgov.net\/en\/the-president-it-is-not-said-in-vain-that-the-youth-are-our-future\/\",\"url\":\"https:\/\/president-ksgov.net\/en\/the-president-it-is-not-said-in-vain-that-the-youth-are-our-future\/\",\"name\":\"The President: It is not said in vain that the youth are our future - President of the Republic of Kosovo - DR. VJOSA OSMANI - SADRIU\",\"isPartOf\":{\"@id\":\"https:\/\/president-ksgov.net\/#website\"},\"primaryImageOfPage\":{\"@id\":\"https:\/\/president-ksgov.net\/en\/the-president-it-is-not-said-in-vain-that-the-youth-are-our-future\/#primaryimage\"},\"image\":{\"@id\":\"https:\/\/president-ksgov.net\/en\/the-president-it-is-not-said-in-vain-that-the-youth-are-our-future\/#primaryimage\"},\"thumbnailUrl\":\"https:\/\/president-ksgov.net\/wp-content\/uploads\/21_06_2021_9747143_Presidentja_Nuk_thuhet_kot_qe_te_rinjte_jane_e_ardhmja_jone_6.jpg\",\"datePublished\":\"2021-06-21T04:44:33+00:00\",\"dateModified\":\"2023-03-07T09:05:56+00:00\",\"author\":{\"@id\":\"https:\/\/president-ksgov.net\/#\/schema\/person\/bb4337a5fb147cb2046d80548172cbee\"},\"description\":\"The President: It is not said in vain that the youth are our future - President of the Republic of Kosovo - DR. VJOSA OSMANI - SADRIU -\",\"breadcrumb\":{\"@id\":\"https:\/\/president-ksgov.net\/en\/the-president-it-is-not-said-in-vain-that-the-youth-are-our-future\/#breadcrumb\"},\"inLanguage\":\"en-US\",\"potentialAction\":[{\"@type\":\"ReadAction\",\"target\":[\"https:\/\/president-ksgov.net\/en\/the-president-it-is-not-said-in-vain-that-the-youth-are-our-future\/\"]}]},{\"@type\":\"ImageObject\",\"inLanguage\":\"en-US\",\"@id\":\"https:\/\/president-ksgov.net\/en\/the-president-it-is-not-said-in-vain-that-the-youth-are-our-future\/#primaryimage\",\"url\":\"https:\/\/president-ksgov.net\/wp-content\/uploads\/21_06_2021_9747143_Presidentja_Nuk_thuhet_kot_qe_te_rinjte_jane_e_ardhmja_jone_6.jpg\",\"contentUrl\":\"https:\/\/president-ksgov.net\/wp-content\/uploads\/21_06_2021_9747143_Presidentja_Nuk_thuhet_kot_qe_te_rinjte_jane_e_ardhmja_jone_6.jpg\",\"width\":960,\"height\":640},{\"@type\":\"BreadcrumbList\",\"@id\":\"https:\/\/president-ksgov.net\/en\/the-president-it-is-not-said-in-vain-that-the-youth-are-our-future\/#breadcrumb\",\"itemListElement\":[{\"@type\":\"ListItem\",\"position\":1,\"name\":\"Home\",\"item\":\"https:\/\/president-ksgov.net\/en\/\"},{\"@type\":\"ListItem\",\"position\":2,\"name\":\"The President: It is not said in vain that the youth are our future\"}]},{\"@type\":\"WebSite\",\"@id\":\"https:\/\/president-ksgov.net\/#website\",\"url\":\"https:\/\/president-ksgov.net\/\",\"name\":\"Presidente e Republik\u00ebs s\u00eb Kosov\u00ebs\",\"description\":\"Presidente e Republik\u00ebs s\u00eb Kosov\u00ebs\",\"alternateName\":\"DR. VJOSA OSMANI - SADRIU\",\"potentialAction\":[{\"@type\":\"SearchAction\",\"target\":{\"@type\":\"EntryPoint\",\"urlTemplate\":\"https:\/\/president-ksgov.net\/?s={search_term_string}\"},\"query-input\":{\"@type\":\"PropertyValueSpecification\",\"valueRequired\":true,\"valueName\":\"search_term_string\"}}],\"inLanguage\":\"en-US\"},{\"@type\":\"Person\",\"@id\":\"https:\/\/president-ksgov.net\/#\/schema\/person\/bb4337a5fb147cb2046d80548172cbee\",\"name\":\"admin\",\"image\":{\"@type\":\"ImageObject\",\"inLanguage\":\"en-US\",\"@id\":\"https:\/\/president-ksgov.net\/#\/schema\/person\/image\/\",\"url\":\"https:\/\/secure.gravatar.com\/avatar\/36156ca0fa3b8d9d25174f146e16beea0cf28f37adf1b9e19b6c9c279a7c9dd3?s=96&d=mm&r=g\",\"contentUrl\":\"https:\/\/secure.gravatar.com\/avatar\/36156ca0fa3b8d9d25174f146e16beea0cf28f37adf1b9e19b6c9c279a7c9dd3?s=96&d=mm&r=g\",\"caption\":\"admin\"},\"sameAs\":[\"https:\/\/president-ksgov.net\"]}]}<\/script>\n<!-- \/ Yoast SEO plugin. -->","yoast_head_json":{"title":"The President: It is not said in vain that the youth are our future - President of the Republic of Kosovo - DR. VJOSA OSMANI - SADRIU","description":"The President: It is not said in vain that the youth are our future - President of the Republic of Kosovo - DR. VJOSA OSMANI - SADRIU -","robots":{"index":"index","follow":"follow","max-snippet":"max-snippet:-1","max-image-preview":"max-image-preview:large","max-video-preview":"max-video-preview:-1"},"canonical":"https:\/\/president-ksgov.net\/en\/the-president-it-is-not-said-in-vain-that-the-youth-are-our-future\/","og_locale":"en_US","og_type":"article","og_title":"The President: It is not said in vain that the youth are our future - President of the Republic of Kosovo - DR. VJOSA OSMANI - SADRIU","og_description":"The President: It is not said in vain that the youth are our future - President of the Republic of Kosovo - DR. VJOSA OSMANI - SADRIU -","og_url":"https:\/\/president-ksgov.net\/en\/the-president-it-is-not-said-in-vain-that-the-youth-are-our-future\/","og_site_name":"President of the Republic of Kosovo - DR. VJOSA OSMANI - SADRIU","article_published_time":"2021-06-21T04:44:33+00:00","article_modified_time":"2023-03-07T09:05:56+00:00","og_image":[{"width":960,"height":640,"url":"https:\/\/president-ksgov.net\/wp-content\/uploads\/21_06_2021_9747143_Presidentja_Nuk_thuhet_kot_qe_te_rinjte_jane_e_ardhmja_jone_6.jpg","type":"image\/jpeg"}],"author":"admin","twitter_card":"summary_large_image","twitter_misc":{"Written by":"admin","Est. reading time":"1 minute"},"schema":{"@context":"https:\/\/schema.org","@graph":[{"@type":"WebPage","@id":"https:\/\/president-ksgov.net\/en\/the-president-it-is-not-said-in-vain-that-the-youth-are-our-future\/","url":"https:\/\/president-ksgov.net\/en\/the-president-it-is-not-said-in-vain-that-the-youth-are-our-future\/","name":"The President: It is not said in vain that the youth are our future - President of the Republic of Kosovo - DR. VJOSA OSMANI - SADRIU","isPartOf":{"@id":"https:\/\/president-ksgov.net\/#website"},"primaryImageOfPage":{"@id":"https:\/\/president-ksgov.net\/en\/the-president-it-is-not-said-in-vain-that-the-youth-are-our-future\/#primaryimage"},"image":{"@id":"https:\/\/president-ksgov.net\/en\/the-president-it-is-not-said-in-vain-that-the-youth-are-our-future\/#primaryimage"},"thumbnailUrl":"https:\/\/president-ksgov.net\/wp-content\/uploads\/21_06_2021_9747143_Presidentja_Nuk_thuhet_kot_qe_te_rinjte_jane_e_ardhmja_jone_6.jpg","datePublished":"2021-06-21T04:44:33+00:00","dateModified":"2023-03-07T09:05:56+00:00","author":{"@id":"https:\/\/president-ksgov.net\/#\/schema\/person\/bb4337a5fb147cb2046d80548172cbee"},"description":"The President: It is not said in vain that the youth are our future - President of the Republic of Kosovo - DR. VJOSA OSMANI - SADRIU -","breadcrumb":{"@id":"https:\/\/president-ksgov.net\/en\/the-president-it-is-not-said-in-vain-that-the-youth-are-our-future\/#breadcrumb"},"inLanguage":"en-US","potentialAction":[{"@type":"ReadAction","target":["https:\/\/president-ksgov.net\/en\/the-president-it-is-not-said-in-vain-that-the-youth-are-our-future\/"]}]},{"@type":"ImageObject","inLanguage":"en-US","@id":"https:\/\/president-ksgov.net\/en\/the-president-it-is-not-said-in-vain-that-the-youth-are-our-future\/#primaryimage","url":"https:\/\/president-ksgov.net\/wp-content\/uploads\/21_06_2021_9747143_Presidentja_Nuk_thuhet_kot_qe_te_rinjte_jane_e_ardhmja_jone_6.jpg","contentUrl":"https:\/\/president-ksgov.net\/wp-content\/uploads\/21_06_2021_9747143_Presidentja_Nuk_thuhet_kot_qe_te_rinjte_jane_e_ardhmja_jone_6.jpg","width":960,"height":640},{"@type":"BreadcrumbList","@id":"https:\/\/president-ksgov.net\/en\/the-president-it-is-not-said-in-vain-that-the-youth-are-our-future\/#breadcrumb","itemListElement":[{"@type":"ListItem","position":1,"name":"Home","item":"https:\/\/president-ksgov.net\/en\/"},{"@type":"ListItem","position":2,"name":"The President: It is not said in vain that the youth are our future"}]},{"@type":"WebSite","@id":"https:\/\/president-ksgov.net\/#website","url":"https:\/\/president-ksgov.net\/","name":"Presidente e Republik\u00ebs s\u00eb Kosov\u00ebs","description":"Presidente e Republik\u00ebs s\u00eb Kosov\u00ebs","alternateName":"DR. VJOSA OSMANI - SADRIU","potentialAction":[{"@type":"SearchAction","target":{"@type":"EntryPoint","urlTemplate":"https:\/\/president-ksgov.net\/?s={search_term_string}"},"query-input":{"@type":"PropertyValueSpecification","valueRequired":true,"valueName":"search_term_string"}}],"inLanguage":"en-US"},{"@type":"Person","@id":"https:\/\/president-ksgov.net\/#\/schema\/person\/bb4337a5fb147cb2046d80548172cbee","name":"admin","image":{"@type":"ImageObject","inLanguage":"en-US","@id":"https:\/\/president-ksgov.net\/#\/schema\/person\/image\/","url":"https:\/\/secure.gravatar.com\/avatar\/36156ca0fa3b8d9d25174f146e16beea0cf28f37adf1b9e19b6c9c279a7c9dd3?s=96&d=mm&r=g","contentUrl":"https:\/\/secure.gravatar.com\/avatar\/36156ca0fa3b8d9d25174f146e16beea0cf28f37adf1b9e19b6c9c279a7c9dd3?s=96&d=mm&r=g","caption":"admin"},"sameAs":["https:\/\/president-ksgov.net"]}]}},"_links":{"self":[{"href":"https:\/\/president-ksgov.net\/en\/wp-json\/wp\/v2\/posts\/67307","targetHints":{"allow":["GET"]}}],"collection":[{"href":"https:\/\/president-ksgov.net\/en\/wp-json\/wp\/v2\/posts"}],"about":[{"href":"https:\/\/president-ksgov.net\/en\/wp-json\/wp\/v2\/types\/post"}],"author":[{"embeddable":true,"href":"https:\/\/president-ksgov.net\/en\/wp-json\/wp\/v2\/users\/1"}],"replies":[{"embeddable":true,"href":"https:\/\/president-ksgov.net\/en\/wp-json\/wp\/v2\/comments?post=67307"}],"version-history":[{"count":0,"href":"https:\/\/president-ksgov.net\/en\/wp-json\/wp\/v2\/posts\/67307\/revisions"}],"wp:featuredmedia":[{"embeddable":true,"href":"https:\/\/president-ksgov.net\/en\/wp-json\/wp\/v2\/media\/19720"}],"wp:attachment":[{"href":"https:\/\/president-ksgov.net\/en\/wp-json\/wp\/v2\/media?parent=67307"}],"wp:term":[{"taxonomy":"category","embeddable":true,"href":"https:\/\/president-ksgov.net\/en\/wp-json\/wp\/v2\/categories?post=67307"},{"taxonomy":"post_tag","embeddable":true,"href":"https:\/\/president-ksgov.net\/en\/wp-json\/wp\/v2\/tags?post=67307"}],"curies":[{"name":"wp","href":"https:\/\/api.w.org\/{rel}","templated":true}]}}