{"id":67301,"date":"2021-06-23T15:36:03","date_gmt":"2021-06-23T13:36:03","guid":{"rendered":"https:\/\/dev.president-ksgov.net\/president-osmani-met-with-the-chancellor-of-austria-sebastian-kurz\/"},"modified":"2023-03-07T09:05:18","modified_gmt":"2023-03-07T09:05:18","slug":"president-osmani-met-with-the-chancellor-of-austria-sebastian-kurz","status":"publish","type":"post","link":"https:\/\/president-ksgov.net\/en\/president-osmani-met-with-the-chancellor-of-austria-sebastian-kurz\/","title":{"rendered":"President Osmani met with the Chancellor of Austria, Sebastian Kurz"},"content":{"rendered":"<p>The President of the Republic of Kosovo Vjosa Osmani, in the framework of her official<br \/>\nvisit to Austria, met today with Chancellor Sebastian Kurz.<\/p>\n<p>At the meeting with Chancellor Kurz, President Osmani expressed her gratitude for the continued support provided by Austria to Kosovo. She stated that it is in Kosovo&#039;s interest that this support continues with the visa liberalization process and in strengthening of Kosovo&#39;s international subjectivity.<br \/>\n\u00a0<br \/>\nPresident Osmani also stressed Kosovo&#39;s readiness to further expand bilateral relations. In this regard, President Osmani highlighted the opportunities for expansion of the cooperation between the two countries in the fields of economy, information technology, green agenda and other areas.<\/p>\n<p>At the meeting, Ms. Osmani thanked Chancellor Kurz for 95 thousand Pfizer vaccines which were provided for Kosovo by the European Union, on which Austria helped in carrying out the procedural requirements.<\/p>\n<p>President Osmani at the meeting with Chancellor Kurz pointed out that the people of Kosovo are the most pro-European, and asked the EU to implement visa liberalisation and keep its promise.<\/p>\n<p>Regarding the dialogue with Serbia, President Osmani reiterated the position for equal dialogue between the parties, ending in mutual recognition.<\/p>\n<p>President Osmani also stressed that preconditions for lasting peace in the region are justice for the victims of the recent war in Kosovo, bringing to light the fate of those missing by force during the war and respect for the sovereignty and constitutional and territorial integrity of the Republic of Kosovo.\u00a0<\/p>\n","protected":false},"excerpt":{"rendered":"<p>The President of the Republic of Kosovo Vjosa Osmani, in the framework of her official<br \/>\nvisit to Austria, met today with Chancellor Sebastian Kurz.<\/p>\n","protected":false},"author":1,"featured_media":19606,"comment_status":"open","ping_status":"closed","sticky":false,"template":"","format":"standard","meta":{"_eb_attr":"","footnotes":""},"categories":[113,111],"tags":[],"class_list":["post-67301","post","type-post","status-publish","format-standard","has-post-thumbnail","hentry","category-international-visits","category-news"],"yoast_head":"<!-- This site is optimized with the Yoast SEO plugin v23.5 - https:\/\/yoast.com\/wordpress\/plugins\/seo\/ -->\n<title>President Osmani met with the Chancellor of Austria, Sebastian Kurz - President of the Republic of Kosovo - DR. VJOSA OSMANI - SADRIU<\/title>\n<meta name=\"description\" content=\"President Osmani met with the Chancellor of Austria, Sebastian Kurz - President of the Republic of Kosovo - DR. VJOSA OSMANI - SADRIU -\" \/>\n<meta name=\"robots\" content=\"index, follow, max-snippet:-1, max-image-preview:large, max-video-preview:-1\" \/>\n<link rel=\"canonical\" href=\"https:\/\/president-ksgov.net\/en\/president-osmani-met-with-the-chancellor-of-austria-sebastian-kurz\/\" \/>\n<meta property=\"og:locale\" content=\"en_US\" \/>\n<meta property=\"og:type\" content=\"article\" \/>\n<meta property=\"og:title\" content=\"President Osmani met with the Chancellor of Austria, Sebastian Kurz - President of the Republic of Kosovo - DR. VJOSA OSMANI - SADRIU\" \/>\n<meta property=\"og:description\" content=\"President Osmani met with the Chancellor of Austria, Sebastian Kurz - President of the Republic of Kosovo - DR. VJOSA OSMANI - SADRIU -\" \/>\n<meta property=\"og:url\" content=\"https:\/\/president-ksgov.net\/en\/president-osmani-met-with-the-chancellor-of-austria-sebastian-kurz\/\" \/>\n<meta property=\"og:site_name\" content=\"President of the Republic of Kosovo - DR. VJOSA OSMANI - SADRIU\" \/>\n<meta property=\"article:published_time\" content=\"2021-06-23T13:36:03+00:00\" \/>\n<meta property=\"article:modified_time\" content=\"2023-03-07T09:05:18+00:00\" \/>\n<meta property=\"og:image\" content=\"https:\/\/president-ksgov.net\/wp-content\/uploads\/23_06_2021_3398825_Presidentja_Osmani_takoi_Kancelarin_e_Austrise__Sebastian_Kurz_4.jpg\" \/>\n\t<meta property=\"og:image:width\" content=\"960\" \/>\n\t<meta property=\"og:image:height\" content=\"640\" \/>\n\t<meta property=\"og:image:type\" content=\"image\/jpeg\" \/>\n<meta name=\"author\" content=\"admin\" \/>\n<meta name=\"twitter:card\" content=\"summary_large_image\" \/>\n<meta name=\"twitter:label1\" content=\"Written by\" \/>\n\t<meta name=\"twitter:data1\" content=\"admin\" \/>\n\t<meta name=\"twitter:label2\" content=\"Est. reading time\" \/>\n\t<meta name=\"twitter:data2\" content=\"1 minute\" \/>\n<script type=\"application\/ld+json\" class=\"yoast-schema-graph\">{\"@context\":\"https:\/\/schema.org\",\"@graph\":[{\"@type\":\"WebPage\",\"@id\":\"https:\/\/president-ksgov.net\/en\/president-osmani-met-with-the-chancellor-of-austria-sebastian-kurz\/\",\"url\":\"https:\/\/president-ksgov.net\/en\/president-osmani-met-with-the-chancellor-of-austria-sebastian-kurz\/\",\"name\":\"President Osmani met with the Chancellor of Austria, Sebastian Kurz - President of the Republic of Kosovo - DR. VJOSA OSMANI - SADRIU\",\"isPartOf\":{\"@id\":\"https:\/\/president-ksgov.net\/#website\"},\"primaryImageOfPage\":{\"@id\":\"https:\/\/president-ksgov.net\/en\/president-osmani-met-with-the-chancellor-of-austria-sebastian-kurz\/#primaryimage\"},\"image\":{\"@id\":\"https:\/\/president-ksgov.net\/en\/president-osmani-met-with-the-chancellor-of-austria-sebastian-kurz\/#primaryimage\"},\"thumbnailUrl\":\"https:\/\/president-ksgov.net\/wp-content\/uploads\/23_06_2021_3398825_Presidentja_Osmani_takoi_Kancelarin_e_Austrise__Sebastian_Kurz_4.jpg\",\"datePublished\":\"2021-06-23T13:36:03+00:00\",\"dateModified\":\"2023-03-07T09:05:18+00:00\",\"author\":{\"@id\":\"https:\/\/president-ksgov.net\/#\/schema\/person\/bb4337a5fb147cb2046d80548172cbee\"},\"description\":\"President Osmani met with the Chancellor of Austria, Sebastian Kurz - President of the Republic of Kosovo - DR. VJOSA OSMANI - SADRIU -\",\"breadcrumb\":{\"@id\":\"https:\/\/president-ksgov.net\/en\/president-osmani-met-with-the-chancellor-of-austria-sebastian-kurz\/#breadcrumb\"},\"inLanguage\":\"en-US\",\"potentialAction\":[{\"@type\":\"ReadAction\",\"target\":[\"https:\/\/president-ksgov.net\/en\/president-osmani-met-with-the-chancellor-of-austria-sebastian-kurz\/\"]}]},{\"@type\":\"ImageObject\",\"inLanguage\":\"en-US\",\"@id\":\"https:\/\/president-ksgov.net\/en\/president-osmani-met-with-the-chancellor-of-austria-sebastian-kurz\/#primaryimage\",\"url\":\"https:\/\/president-ksgov.net\/wp-content\/uploads\/23_06_2021_3398825_Presidentja_Osmani_takoi_Kancelarin_e_Austrise__Sebastian_Kurz_4.jpg\",\"contentUrl\":\"https:\/\/president-ksgov.net\/wp-content\/uploads\/23_06_2021_3398825_Presidentja_Osmani_takoi_Kancelarin_e_Austrise__Sebastian_Kurz_4.jpg\",\"width\":960,\"height\":640},{\"@type\":\"BreadcrumbList\",\"@id\":\"https:\/\/president-ksgov.net\/en\/president-osmani-met-with-the-chancellor-of-austria-sebastian-kurz\/#breadcrumb\",\"itemListElement\":[{\"@type\":\"ListItem\",\"position\":1,\"name\":\"Home\",\"item\":\"https:\/\/president-ksgov.net\/en\/\"},{\"@type\":\"ListItem\",\"position\":2,\"name\":\"President Osmani met with the Chancellor of Austria, Sebastian Kurz\"}]},{\"@type\":\"WebSite\",\"@id\":\"https:\/\/president-ksgov.net\/#website\",\"url\":\"https:\/\/president-ksgov.net\/\",\"name\":\"Presidente e Republik\u00ebs s\u00eb Kosov\u00ebs\",\"description\":\"Presidente e Republik\u00ebs s\u00eb Kosov\u00ebs\",\"alternateName\":\"DR. VJOSA OSMANI - SADRIU\",\"potentialAction\":[{\"@type\":\"SearchAction\",\"target\":{\"@type\":\"EntryPoint\",\"urlTemplate\":\"https:\/\/president-ksgov.net\/?s={search_term_string}\"},\"query-input\":{\"@type\":\"PropertyValueSpecification\",\"valueRequired\":true,\"valueName\":\"search_term_string\"}}],\"inLanguage\":\"en-US\"},{\"@type\":\"Person\",\"@id\":\"https:\/\/president-ksgov.net\/#\/schema\/person\/bb4337a5fb147cb2046d80548172cbee\",\"name\":\"admin\",\"image\":{\"@type\":\"ImageObject\",\"inLanguage\":\"en-US\",\"@id\":\"https:\/\/president-ksgov.net\/#\/schema\/person\/image\/\",\"url\":\"https:\/\/secure.gravatar.com\/avatar\/36156ca0fa3b8d9d25174f146e16beea0cf28f37adf1b9e19b6c9c279a7c9dd3?s=96&d=mm&r=g\",\"contentUrl\":\"https:\/\/secure.gravatar.com\/avatar\/36156ca0fa3b8d9d25174f146e16beea0cf28f37adf1b9e19b6c9c279a7c9dd3?s=96&d=mm&r=g\",\"caption\":\"admin\"},\"sameAs\":[\"https:\/\/president-ksgov.net\"]}]}<\/script>\n<!-- \/ Yoast SEO plugin. -->","yoast_head_json":{"title":"President Osmani met with the Chancellor of Austria, Sebastian Kurz - President of the Republic of Kosovo - DR. VJOSA OSMANI - SADRIU","description":"President Osmani met with the Chancellor of Austria, Sebastian Kurz - President of the Republic of Kosovo - DR. VJOSA OSMANI - SADRIU -","robots":{"index":"index","follow":"follow","max-snippet":"max-snippet:-1","max-image-preview":"max-image-preview:large","max-video-preview":"max-video-preview:-1"},"canonical":"https:\/\/president-ksgov.net\/en\/president-osmani-met-with-the-chancellor-of-austria-sebastian-kurz\/","og_locale":"en_US","og_type":"article","og_title":"President Osmani met with the Chancellor of Austria, Sebastian Kurz - President of the Republic of Kosovo - DR. VJOSA OSMANI - SADRIU","og_description":"President Osmani met with the Chancellor of Austria, Sebastian Kurz - President of the Republic of Kosovo - DR. VJOSA OSMANI - SADRIU -","og_url":"https:\/\/president-ksgov.net\/en\/president-osmani-met-with-the-chancellor-of-austria-sebastian-kurz\/","og_site_name":"President of the Republic of Kosovo - DR. VJOSA OSMANI - SADRIU","article_published_time":"2021-06-23T13:36:03+00:00","article_modified_time":"2023-03-07T09:05:18+00:00","og_image":[{"width":960,"height":640,"url":"https:\/\/president-ksgov.net\/wp-content\/uploads\/23_06_2021_3398825_Presidentja_Osmani_takoi_Kancelarin_e_Austrise__Sebastian_Kurz_4.jpg","type":"image\/jpeg"}],"author":"admin","twitter_card":"summary_large_image","twitter_misc":{"Written by":"admin","Est. reading time":"1 minute"},"schema":{"@context":"https:\/\/schema.org","@graph":[{"@type":"WebPage","@id":"https:\/\/president-ksgov.net\/en\/president-osmani-met-with-the-chancellor-of-austria-sebastian-kurz\/","url":"https:\/\/president-ksgov.net\/en\/president-osmani-met-with-the-chancellor-of-austria-sebastian-kurz\/","name":"President Osmani met with the Chancellor of Austria, Sebastian Kurz - President of the Republic of Kosovo - DR. VJOSA OSMANI - SADRIU","isPartOf":{"@id":"https:\/\/president-ksgov.net\/#website"},"primaryImageOfPage":{"@id":"https:\/\/president-ksgov.net\/en\/president-osmani-met-with-the-chancellor-of-austria-sebastian-kurz\/#primaryimage"},"image":{"@id":"https:\/\/president-ksgov.net\/en\/president-osmani-met-with-the-chancellor-of-austria-sebastian-kurz\/#primaryimage"},"thumbnailUrl":"https:\/\/president-ksgov.net\/wp-content\/uploads\/23_06_2021_3398825_Presidentja_Osmani_takoi_Kancelarin_e_Austrise__Sebastian_Kurz_4.jpg","datePublished":"2021-06-23T13:36:03+00:00","dateModified":"2023-03-07T09:05:18+00:00","author":{"@id":"https:\/\/president-ksgov.net\/#\/schema\/person\/bb4337a5fb147cb2046d80548172cbee"},"description":"President Osmani met with the Chancellor of Austria, Sebastian Kurz - President of the Republic of Kosovo - DR. VJOSA OSMANI - SADRIU -","breadcrumb":{"@id":"https:\/\/president-ksgov.net\/en\/president-osmani-met-with-the-chancellor-of-austria-sebastian-kurz\/#breadcrumb"},"inLanguage":"en-US","potentialAction":[{"@type":"ReadAction","target":["https:\/\/president-ksgov.net\/en\/president-osmani-met-with-the-chancellor-of-austria-sebastian-kurz\/"]}]},{"@type":"ImageObject","inLanguage":"en-US","@id":"https:\/\/president-ksgov.net\/en\/president-osmani-met-with-the-chancellor-of-austria-sebastian-kurz\/#primaryimage","url":"https:\/\/president-ksgov.net\/wp-content\/uploads\/23_06_2021_3398825_Presidentja_Osmani_takoi_Kancelarin_e_Austrise__Sebastian_Kurz_4.jpg","contentUrl":"https:\/\/president-ksgov.net\/wp-content\/uploads\/23_06_2021_3398825_Presidentja_Osmani_takoi_Kancelarin_e_Austrise__Sebastian_Kurz_4.jpg","width":960,"height":640},{"@type":"BreadcrumbList","@id":"https:\/\/president-ksgov.net\/en\/president-osmani-met-with-the-chancellor-of-austria-sebastian-kurz\/#breadcrumb","itemListElement":[{"@type":"ListItem","position":1,"name":"Home","item":"https:\/\/president-ksgov.net\/en\/"},{"@type":"ListItem","position":2,"name":"President Osmani met with the Chancellor of Austria, Sebastian Kurz"}]},{"@type":"WebSite","@id":"https:\/\/president-ksgov.net\/#website","url":"https:\/\/president-ksgov.net\/","name":"Presidente e Republik\u00ebs s\u00eb Kosov\u00ebs","description":"Presidente e Republik\u00ebs s\u00eb Kosov\u00ebs","alternateName":"DR. VJOSA OSMANI - SADRIU","potentialAction":[{"@type":"SearchAction","target":{"@type":"EntryPoint","urlTemplate":"https:\/\/president-ksgov.net\/?s={search_term_string}"},"query-input":{"@type":"PropertyValueSpecification","valueRequired":true,"valueName":"search_term_string"}}],"inLanguage":"en-US"},{"@type":"Person","@id":"https:\/\/president-ksgov.net\/#\/schema\/person\/bb4337a5fb147cb2046d80548172cbee","name":"admin","image":{"@type":"ImageObject","inLanguage":"en-US","@id":"https:\/\/president-ksgov.net\/#\/schema\/person\/image\/","url":"https:\/\/secure.gravatar.com\/avatar\/36156ca0fa3b8d9d25174f146e16beea0cf28f37adf1b9e19b6c9c279a7c9dd3?s=96&d=mm&r=g","contentUrl":"https:\/\/secure.gravatar.com\/avatar\/36156ca0fa3b8d9d25174f146e16beea0cf28f37adf1b9e19b6c9c279a7c9dd3?s=96&d=mm&r=g","caption":"admin"},"sameAs":["https:\/\/president-ksgov.net"]}]}},"_links":{"self":[{"href":"https:\/\/president-ksgov.net\/en\/wp-json\/wp\/v2\/posts\/67301","targetHints":{"allow":["GET"]}}],"collection":[{"href":"https:\/\/president-ksgov.net\/en\/wp-json\/wp\/v2\/posts"}],"about":[{"href":"https:\/\/president-ksgov.net\/en\/wp-json\/wp\/v2\/types\/post"}],"author":[{"embeddable":true,"href":"https:\/\/president-ksgov.net\/en\/wp-json\/wp\/v2\/users\/1"}],"replies":[{"embeddable":true,"href":"https:\/\/president-ksgov.net\/en\/wp-json\/wp\/v2\/comments?post=67301"}],"version-history":[{"count":0,"href":"https:\/\/president-ksgov.net\/en\/wp-json\/wp\/v2\/posts\/67301\/revisions"}],"wp:featuredmedia":[{"embeddable":true,"href":"https:\/\/president-ksgov.net\/en\/wp-json\/wp\/v2\/media\/19606"}],"wp:attachment":[{"href":"https:\/\/president-ksgov.net\/en\/wp-json\/wp\/v2\/media?parent=67301"}],"wp:term":[{"taxonomy":"category","embeddable":true,"href":"https:\/\/president-ksgov.net\/en\/wp-json\/wp\/v2\/categories?post=67301"},{"taxonomy":"post_tag","embeddable":true,"href":"https:\/\/president-ksgov.net\/en\/wp-json\/wp\/v2\/tags?post=67301"}],"curies":[{"name":"wp","href":"https:\/\/api.w.org\/{rel}","templated":true}]}}