{"id":67297,"date":"2021-06-25T07:39:49","date_gmt":"2021-06-25T07:39:49","guid":{"rendered":"https:\/\/dev.president-ksgov.net\/the-president-the-green-agenda-was-an-integral-part-of-the-discussions-during-the-official-visit-to-austria\/"},"modified":"2023-03-07T09:05:18","modified_gmt":"2023-03-07T09:05:18","slug":"the-president-the-green-agenda-was-an-integral-part-of-the-discussions-during-the-official-visit-to-austria","status":"publish","type":"post","link":"https:\/\/president-ksgov.net\/en\/the-president-the-green-agenda-was-an-integral-part-of-the-discussions-during-the-official-visit-to-austria\/","title":{"rendered":"The President: The Green Agenda was an integral part of the discussions during the  official visit to Austria"},"content":{"rendered":"<p>The President of the Republic of Kosovo, Vjosa Osmani has said that the green agenda<br \/>\nwas an integral part of the discussions in the meetings held in the framework of the<br \/>\nofficial visit to Austria.<\/p>\n<p>\u201cAs a country that is day by day committed to leading the promotion of green policies, both nationally and locally, Austria remains an appropriate address to address and discuss today\u2019s challenges in the field of environmental protection, the greening of public spaces and urban planning, waste management, and the most updated practices in the field of sustainable development\u201d, said President Osmani.\u00a0<br \/>\n\u00a0\u00a0<br \/>\nBelow is the full post of President Osmani:\u00a0<br \/>\n\u00a0\u00a0<br \/>\nThe green agenda was an integral part of the discussions in the meetings held in the framework of the official visit to Austria.\u00a0<br \/>\n\u00a0<br \/>\nAs a country that is day by day committed to leading the promotion of green policies, both nationally and locally, Austria remains an appropriate address to address and discuss today\u2019s challenges in the field of environmental protection, the greening of public spaces and urban planning, waste management, and the most updated practices in the field of sustainable development.\u00a0<br \/>\n\u00a0\u00a0<br \/>\nStarting from the meeting with the Minister of Climate Action, Environment, Energy,\u00a0<br \/>\n\u00a0\u00a0<br \/>\nMobility, Innovation and Technology, Mrs. Leonore Gewessler, the meeting at the Secretariat of Energy, as well as the visit to the waste treatment plant &#8211; Spittelau, also one of the iconic buildings of the city of Vienna, we realized that investing in green policies is not only the right decision, but also the wisest one.\u00a0<br \/>\n\u00a0\u00a0<br \/>\nCommitted to advancing the green agenda in our country, we will be committed to policies that are in step with the latest developments and for investments that ensure economic development without harming the environment.\u00a0\u00a0<\/p>\n","protected":false},"excerpt":{"rendered":"<p>The President of the Republic of Kosovo, Vjosa Osmani has said that the green agenda<br \/>\nwas an integral part of the discussions in the meetings held in the framework of the<br \/>\nofficial visit to Austria.<\/p>\n","protected":false},"author":1,"featured_media":19566,"comment_status":"open","ping_status":"closed","sticky":false,"template":"","format":"standard","meta":{"_eb_attr":"","footnotes":""},"categories":[111],"tags":[],"class_list":["post-67297","post","type-post","status-publish","format-standard","has-post-thumbnail","hentry","category-news"],"yoast_head":"<!-- This site is optimized with the Yoast SEO plugin v23.5 - https:\/\/yoast.com\/wordpress\/plugins\/seo\/ -->\n<title>The President: The Green Agenda was an integral part of the discussions during the official visit to Austria - President of the Republic of Kosovo - DR. VJOSA OSMANI - SADRIU<\/title>\n<meta name=\"description\" content=\"The President: The Green Agenda was an integral part of the discussions during the official visit to Austria - President of the Republic of Kosovo - DR. VJOSA OSMANI - SADRIU -\" \/>\n<meta name=\"robots\" content=\"index, follow, max-snippet:-1, max-image-preview:large, max-video-preview:-1\" \/>\n<link rel=\"canonical\" href=\"https:\/\/president-ksgov.net\/en\/the-president-the-green-agenda-was-an-integral-part-of-the-discussions-during-the-official-visit-to-austria\/\" \/>\n<meta property=\"og:locale\" content=\"en_US\" \/>\n<meta property=\"og:type\" content=\"article\" \/>\n<meta property=\"og:title\" content=\"The President: The Green Agenda was an integral part of the discussions during the official visit to Austria - President of the Republic of Kosovo - DR. VJOSA OSMANI - SADRIU\" \/>\n<meta property=\"og:description\" content=\"The President: The Green Agenda was an integral part of the discussions during the official visit to Austria - President of the Republic of Kosovo - DR. VJOSA OSMANI - SADRIU -\" \/>\n<meta property=\"og:url\" content=\"https:\/\/president-ksgov.net\/en\/the-president-the-green-agenda-was-an-integral-part-of-the-discussions-during-the-official-visit-to-austria\/\" \/>\n<meta property=\"og:site_name\" content=\"President of the Republic of Kosovo - DR. VJOSA OSMANI - SADRIU\" \/>\n<meta property=\"article:published_time\" content=\"2021-06-25T07:39:49+00:00\" \/>\n<meta property=\"article:modified_time\" content=\"2023-03-07T09:05:18+00:00\" \/>\n<meta property=\"og:image\" content=\"https:\/\/president-ksgov.net\/wp-content\/uploads\/25_06_2021_6449202_Presidentja_Agjenda_e_gjelber_ishte_pjese_e_pandashme_e_diskutimeve_ne_kuader_te_vizites_zyrtare_ne_Austri_7.jpg\" \/>\n\t<meta property=\"og:image:width\" content=\"1280\" \/>\n\t<meta property=\"og:image:height\" content=\"853\" \/>\n\t<meta property=\"og:image:type\" content=\"image\/jpeg\" \/>\n<meta name=\"author\" content=\"admin\" \/>\n<meta name=\"twitter:card\" content=\"summary_large_image\" \/>\n<meta name=\"twitter:label1\" content=\"Written by\" \/>\n\t<meta name=\"twitter:data1\" content=\"admin\" \/>\n\t<meta name=\"twitter:label2\" content=\"Est. reading time\" \/>\n\t<meta name=\"twitter:data2\" content=\"1 minute\" \/>\n<script type=\"application\/ld+json\" class=\"yoast-schema-graph\">{\"@context\":\"https:\/\/schema.org\",\"@graph\":[{\"@type\":\"WebPage\",\"@id\":\"https:\/\/president-ksgov.net\/en\/the-president-the-green-agenda-was-an-integral-part-of-the-discussions-during-the-official-visit-to-austria\/\",\"url\":\"https:\/\/president-ksgov.net\/en\/the-president-the-green-agenda-was-an-integral-part-of-the-discussions-during-the-official-visit-to-austria\/\",\"name\":\"The President: The Green Agenda was an integral part of the discussions during the official visit to Austria - President of the Republic of Kosovo - DR. VJOSA OSMANI - SADRIU\",\"isPartOf\":{\"@id\":\"https:\/\/president-ksgov.net\/#website\"},\"primaryImageOfPage\":{\"@id\":\"https:\/\/president-ksgov.net\/en\/the-president-the-green-agenda-was-an-integral-part-of-the-discussions-during-the-official-visit-to-austria\/#primaryimage\"},\"image\":{\"@id\":\"https:\/\/president-ksgov.net\/en\/the-president-the-green-agenda-was-an-integral-part-of-the-discussions-during-the-official-visit-to-austria\/#primaryimage\"},\"thumbnailUrl\":\"https:\/\/president-ksgov.net\/wp-content\/uploads\/25_06_2021_6449202_Presidentja_Agjenda_e_gjelber_ishte_pjese_e_pandashme_e_diskutimeve_ne_kuader_te_vizites_zyrtare_ne_Austri_7.jpg\",\"datePublished\":\"2021-06-25T07:39:49+00:00\",\"dateModified\":\"2023-03-07T09:05:18+00:00\",\"author\":{\"@id\":\"https:\/\/president-ksgov.net\/#\/schema\/person\/bb4337a5fb147cb2046d80548172cbee\"},\"description\":\"The President: The Green Agenda was an integral part of the discussions during the official visit to Austria - President of the Republic of Kosovo - DR. VJOSA OSMANI - SADRIU -\",\"breadcrumb\":{\"@id\":\"https:\/\/president-ksgov.net\/en\/the-president-the-green-agenda-was-an-integral-part-of-the-discussions-during-the-official-visit-to-austria\/#breadcrumb\"},\"inLanguage\":\"en-US\",\"potentialAction\":[{\"@type\":\"ReadAction\",\"target\":[\"https:\/\/president-ksgov.net\/en\/the-president-the-green-agenda-was-an-integral-part-of-the-discussions-during-the-official-visit-to-austria\/\"]}]},{\"@type\":\"ImageObject\",\"inLanguage\":\"en-US\",\"@id\":\"https:\/\/president-ksgov.net\/en\/the-president-the-green-agenda-was-an-integral-part-of-the-discussions-during-the-official-visit-to-austria\/#primaryimage\",\"url\":\"https:\/\/president-ksgov.net\/wp-content\/uploads\/25_06_2021_6449202_Presidentja_Agjenda_e_gjelber_ishte_pjese_e_pandashme_e_diskutimeve_ne_kuader_te_vizites_zyrtare_ne_Austri_7.jpg\",\"contentUrl\":\"https:\/\/president-ksgov.net\/wp-content\/uploads\/25_06_2021_6449202_Presidentja_Agjenda_e_gjelber_ishte_pjese_e_pandashme_e_diskutimeve_ne_kuader_te_vizites_zyrtare_ne_Austri_7.jpg\",\"width\":1280,\"height\":853},{\"@type\":\"BreadcrumbList\",\"@id\":\"https:\/\/president-ksgov.net\/en\/the-president-the-green-agenda-was-an-integral-part-of-the-discussions-during-the-official-visit-to-austria\/#breadcrumb\",\"itemListElement\":[{\"@type\":\"ListItem\",\"position\":1,\"name\":\"Home\",\"item\":\"https:\/\/president-ksgov.net\/en\/\"},{\"@type\":\"ListItem\",\"position\":2,\"name\":\"The President: The Green Agenda was an integral part of the discussions during the official visit to Austria\"}]},{\"@type\":\"WebSite\",\"@id\":\"https:\/\/president-ksgov.net\/#website\",\"url\":\"https:\/\/president-ksgov.net\/\",\"name\":\"Presidente e Republik\u00ebs s\u00eb Kosov\u00ebs\",\"description\":\"Presidente e Republik\u00ebs s\u00eb Kosov\u00ebs\",\"alternateName\":\"DR. VJOSA OSMANI - SADRIU\",\"potentialAction\":[{\"@type\":\"SearchAction\",\"target\":{\"@type\":\"EntryPoint\",\"urlTemplate\":\"https:\/\/president-ksgov.net\/?s={search_term_string}\"},\"query-input\":{\"@type\":\"PropertyValueSpecification\",\"valueRequired\":true,\"valueName\":\"search_term_string\"}}],\"inLanguage\":\"en-US\"},{\"@type\":\"Person\",\"@id\":\"https:\/\/president-ksgov.net\/#\/schema\/person\/bb4337a5fb147cb2046d80548172cbee\",\"name\":\"admin\",\"image\":{\"@type\":\"ImageObject\",\"inLanguage\":\"en-US\",\"@id\":\"https:\/\/president-ksgov.net\/#\/schema\/person\/image\/\",\"url\":\"https:\/\/secure.gravatar.com\/avatar\/36156ca0fa3b8d9d25174f146e16beea0cf28f37adf1b9e19b6c9c279a7c9dd3?s=96&d=mm&r=g\",\"contentUrl\":\"https:\/\/secure.gravatar.com\/avatar\/36156ca0fa3b8d9d25174f146e16beea0cf28f37adf1b9e19b6c9c279a7c9dd3?s=96&d=mm&r=g\",\"caption\":\"admin\"},\"sameAs\":[\"https:\/\/president-ksgov.net\"]}]}<\/script>\n<!-- \/ Yoast SEO plugin. -->","yoast_head_json":{"title":"The President: The Green Agenda was an integral part of the discussions during the official visit to Austria - President of the Republic of Kosovo - DR. VJOSA OSMANI - SADRIU","description":"The President: The Green Agenda was an integral part of the discussions during the official visit to Austria - President of the Republic of Kosovo - DR. VJOSA OSMANI - SADRIU -","robots":{"index":"index","follow":"follow","max-snippet":"max-snippet:-1","max-image-preview":"max-image-preview:large","max-video-preview":"max-video-preview:-1"},"canonical":"https:\/\/president-ksgov.net\/en\/the-president-the-green-agenda-was-an-integral-part-of-the-discussions-during-the-official-visit-to-austria\/","og_locale":"en_US","og_type":"article","og_title":"The President: The Green Agenda was an integral part of the discussions during the official visit to Austria - President of the Republic of Kosovo - DR. VJOSA OSMANI - SADRIU","og_description":"The President: The Green Agenda was an integral part of the discussions during the official visit to Austria - President of the Republic of Kosovo - DR. VJOSA OSMANI - SADRIU -","og_url":"https:\/\/president-ksgov.net\/en\/the-president-the-green-agenda-was-an-integral-part-of-the-discussions-during-the-official-visit-to-austria\/","og_site_name":"President of the Republic of Kosovo - DR. VJOSA OSMANI - SADRIU","article_published_time":"2021-06-25T07:39:49+00:00","article_modified_time":"2023-03-07T09:05:18+00:00","og_image":[{"width":1280,"height":853,"url":"https:\/\/president-ksgov.net\/wp-content\/uploads\/25_06_2021_6449202_Presidentja_Agjenda_e_gjelber_ishte_pjese_e_pandashme_e_diskutimeve_ne_kuader_te_vizites_zyrtare_ne_Austri_7.jpg","type":"image\/jpeg"}],"author":"admin","twitter_card":"summary_large_image","twitter_misc":{"Written by":"admin","Est. reading time":"1 minute"},"schema":{"@context":"https:\/\/schema.org","@graph":[{"@type":"WebPage","@id":"https:\/\/president-ksgov.net\/en\/the-president-the-green-agenda-was-an-integral-part-of-the-discussions-during-the-official-visit-to-austria\/","url":"https:\/\/president-ksgov.net\/en\/the-president-the-green-agenda-was-an-integral-part-of-the-discussions-during-the-official-visit-to-austria\/","name":"The President: The Green Agenda was an integral part of the discussions during the official visit to Austria - President of the Republic of Kosovo - DR. VJOSA OSMANI - SADRIU","isPartOf":{"@id":"https:\/\/president-ksgov.net\/#website"},"primaryImageOfPage":{"@id":"https:\/\/president-ksgov.net\/en\/the-president-the-green-agenda-was-an-integral-part-of-the-discussions-during-the-official-visit-to-austria\/#primaryimage"},"image":{"@id":"https:\/\/president-ksgov.net\/en\/the-president-the-green-agenda-was-an-integral-part-of-the-discussions-during-the-official-visit-to-austria\/#primaryimage"},"thumbnailUrl":"https:\/\/president-ksgov.net\/wp-content\/uploads\/25_06_2021_6449202_Presidentja_Agjenda_e_gjelber_ishte_pjese_e_pandashme_e_diskutimeve_ne_kuader_te_vizites_zyrtare_ne_Austri_7.jpg","datePublished":"2021-06-25T07:39:49+00:00","dateModified":"2023-03-07T09:05:18+00:00","author":{"@id":"https:\/\/president-ksgov.net\/#\/schema\/person\/bb4337a5fb147cb2046d80548172cbee"},"description":"The President: The Green Agenda was an integral part of the discussions during the official visit to Austria - President of the Republic of Kosovo - DR. VJOSA OSMANI - SADRIU -","breadcrumb":{"@id":"https:\/\/president-ksgov.net\/en\/the-president-the-green-agenda-was-an-integral-part-of-the-discussions-during-the-official-visit-to-austria\/#breadcrumb"},"inLanguage":"en-US","potentialAction":[{"@type":"ReadAction","target":["https:\/\/president-ksgov.net\/en\/the-president-the-green-agenda-was-an-integral-part-of-the-discussions-during-the-official-visit-to-austria\/"]}]},{"@type":"ImageObject","inLanguage":"en-US","@id":"https:\/\/president-ksgov.net\/en\/the-president-the-green-agenda-was-an-integral-part-of-the-discussions-during-the-official-visit-to-austria\/#primaryimage","url":"https:\/\/president-ksgov.net\/wp-content\/uploads\/25_06_2021_6449202_Presidentja_Agjenda_e_gjelber_ishte_pjese_e_pandashme_e_diskutimeve_ne_kuader_te_vizites_zyrtare_ne_Austri_7.jpg","contentUrl":"https:\/\/president-ksgov.net\/wp-content\/uploads\/25_06_2021_6449202_Presidentja_Agjenda_e_gjelber_ishte_pjese_e_pandashme_e_diskutimeve_ne_kuader_te_vizites_zyrtare_ne_Austri_7.jpg","width":1280,"height":853},{"@type":"BreadcrumbList","@id":"https:\/\/president-ksgov.net\/en\/the-president-the-green-agenda-was-an-integral-part-of-the-discussions-during-the-official-visit-to-austria\/#breadcrumb","itemListElement":[{"@type":"ListItem","position":1,"name":"Home","item":"https:\/\/president-ksgov.net\/en\/"},{"@type":"ListItem","position":2,"name":"The President: The Green Agenda was an integral part of the discussions during the official visit to Austria"}]},{"@type":"WebSite","@id":"https:\/\/president-ksgov.net\/#website","url":"https:\/\/president-ksgov.net\/","name":"Presidente e Republik\u00ebs s\u00eb Kosov\u00ebs","description":"Presidente e Republik\u00ebs s\u00eb Kosov\u00ebs","alternateName":"DR. VJOSA OSMANI - SADRIU","potentialAction":[{"@type":"SearchAction","target":{"@type":"EntryPoint","urlTemplate":"https:\/\/president-ksgov.net\/?s={search_term_string}"},"query-input":{"@type":"PropertyValueSpecification","valueRequired":true,"valueName":"search_term_string"}}],"inLanguage":"en-US"},{"@type":"Person","@id":"https:\/\/president-ksgov.net\/#\/schema\/person\/bb4337a5fb147cb2046d80548172cbee","name":"admin","image":{"@type":"ImageObject","inLanguage":"en-US","@id":"https:\/\/president-ksgov.net\/#\/schema\/person\/image\/","url":"https:\/\/secure.gravatar.com\/avatar\/36156ca0fa3b8d9d25174f146e16beea0cf28f37adf1b9e19b6c9c279a7c9dd3?s=96&d=mm&r=g","contentUrl":"https:\/\/secure.gravatar.com\/avatar\/36156ca0fa3b8d9d25174f146e16beea0cf28f37adf1b9e19b6c9c279a7c9dd3?s=96&d=mm&r=g","caption":"admin"},"sameAs":["https:\/\/president-ksgov.net"]}]}},"_links":{"self":[{"href":"https:\/\/president-ksgov.net\/en\/wp-json\/wp\/v2\/posts\/67297","targetHints":{"allow":["GET"]}}],"collection":[{"href":"https:\/\/president-ksgov.net\/en\/wp-json\/wp\/v2\/posts"}],"about":[{"href":"https:\/\/president-ksgov.net\/en\/wp-json\/wp\/v2\/types\/post"}],"author":[{"embeddable":true,"href":"https:\/\/president-ksgov.net\/en\/wp-json\/wp\/v2\/users\/1"}],"replies":[{"embeddable":true,"href":"https:\/\/president-ksgov.net\/en\/wp-json\/wp\/v2\/comments?post=67297"}],"version-history":[{"count":0,"href":"https:\/\/president-ksgov.net\/en\/wp-json\/wp\/v2\/posts\/67297\/revisions"}],"wp:featuredmedia":[{"embeddable":true,"href":"https:\/\/president-ksgov.net\/en\/wp-json\/wp\/v2\/media\/19566"}],"wp:attachment":[{"href":"https:\/\/president-ksgov.net\/en\/wp-json\/wp\/v2\/media?parent=67297"}],"wp:term":[{"taxonomy":"category","embeddable":true,"href":"https:\/\/president-ksgov.net\/en\/wp-json\/wp\/v2\/categories?post=67297"},{"taxonomy":"post_tag","embeddable":true,"href":"https:\/\/president-ksgov.net\/en\/wp-json\/wp\/v2\/tags?post=67297"}],"curies":[{"name":"wp","href":"https:\/\/api.w.org\/{rel}","templated":true}]}}