{"id":67295,"date":"2021-06-25T18:54:15","date_gmt":"2021-06-25T18:54:15","guid":{"rendered":"https:\/\/dev.president-ksgov.net\/president-osmani-received-the-vice-president-of-the-european-parliament-rainer-wieland-2\/"},"modified":"2023-03-07T09:05:18","modified_gmt":"2023-03-07T09:05:18","slug":"president-osmani-received-the-vice-president-of-the-european-parliament-rainer-wieland-2","status":"publish","type":"post","link":"https:\/\/president-ksgov.net\/en\/president-osmani-received-the-vice-president-of-the-european-parliament-rainer-wieland-2\/","title":{"rendered":"President Osmani received the Vice President of the European Parliament Rainer Wieland"},"content":{"rendered":"<p>The President of the Republic of Kosovo, Vjosa Osmani received today in a meeting the<br \/>\nVice President of the European Parliament, Rainer Wieland and a delegation of the<br \/>\nGerman-Kosovar Association.<\/p>\n<p>In the meeting with Mr. Wieland, President Osmani reiterated that Kosovo has already met all the criteria for visa liberalization, so in this context she requested that reluctant countries enable free movement for the citizens of Kosovo.\u00a0<br \/>\n\u00a0<br \/>\nFurther, the President focused on the dialogue process with Serbia, where she emphasized that it should end with the recognition of Kosovo. According to Mrs. Osmani, despite the dialogue, the citizens of Kosovo face high levels of unemployment, as well as the consequences of the pandemic, especially in the field of economy.\u00a0<br \/>\n\u00a0<br \/>\nTherefore, according to President Osmani, the main priorities of the institutions should be precisely these challenges the citizens face.\u00a0<\/p>\n","protected":false},"excerpt":{"rendered":"<p>The President of the Republic of Kosovo, Vjosa Osmani received today in a meeting the<br \/>\nVice President of the European Parliament, Rainer Wieland and a delegation of the<br \/>\nGerman-Kosovar Association.<\/p>\n","protected":false},"author":1,"featured_media":19546,"comment_status":"open","ping_status":"closed","sticky":false,"template":"","format":"standard","meta":{"_eb_attr":"","footnotes":""},"categories":[111],"tags":[],"class_list":["post-67295","post","type-post","status-publish","format-standard","has-post-thumbnail","hentry","category-news"],"yoast_head":"<!-- This site is optimized with the Yoast SEO plugin v23.5 - https:\/\/yoast.com\/wordpress\/plugins\/seo\/ -->\n<title>President Osmani received the Vice President of the European Parliament Rainer Wieland - President of the Republic of Kosovo - DR. VJOSA OSMANI - SADRIU<\/title>\n<meta name=\"description\" content=\"President Osmani received the Vice President of the European Parliament Rainer Wieland - President of the Republic of Kosovo - DR. VJOSA OSMANI - SADRIU -\" \/>\n<meta name=\"robots\" content=\"index, follow, max-snippet:-1, max-image-preview:large, max-video-preview:-1\" \/>\n<link rel=\"canonical\" href=\"https:\/\/president-ksgov.net\/en\/president-osmani-received-the-vice-president-of-the-european-parliament-rainer-wieland-2\/\" \/>\n<meta property=\"og:locale\" content=\"en_US\" \/>\n<meta property=\"og:type\" content=\"article\" \/>\n<meta property=\"og:title\" content=\"President Osmani received the Vice President of the European Parliament Rainer Wieland - President of the Republic of Kosovo - DR. VJOSA OSMANI - SADRIU\" \/>\n<meta property=\"og:description\" content=\"President Osmani received the Vice President of the European Parliament Rainer Wieland - President of the Republic of Kosovo - DR. VJOSA OSMANI - SADRIU -\" \/>\n<meta property=\"og:url\" content=\"https:\/\/president-ksgov.net\/en\/president-osmani-received-the-vice-president-of-the-european-parliament-rainer-wieland-2\/\" \/>\n<meta property=\"og:site_name\" content=\"President of the Republic of Kosovo - DR. VJOSA OSMANI - SADRIU\" \/>\n<meta property=\"article:published_time\" content=\"2021-06-25T18:54:15+00:00\" \/>\n<meta property=\"article:modified_time\" content=\"2023-03-07T09:05:18+00:00\" \/>\n<meta property=\"og:image\" content=\"https:\/\/president-ksgov.net\/wp-content\/uploads\/25_06_2021_7827208_Presidentja_Osmani_priti_ne_takim_nenkryetarin_e_Parlamentit_Evropian_Raniner_Wieland_4-scaled.jpg\" \/>\n\t<meta property=\"og:image:width\" content=\"2560\" \/>\n\t<meta property=\"og:image:height\" content=\"1707\" \/>\n\t<meta property=\"og:image:type\" content=\"image\/jpeg\" \/>\n<meta name=\"author\" content=\"admin\" \/>\n<meta name=\"twitter:card\" content=\"summary_large_image\" \/>\n<meta name=\"twitter:label1\" content=\"Written by\" \/>\n\t<meta name=\"twitter:data1\" content=\"admin\" \/>\n\t<meta name=\"twitter:label2\" content=\"Est. reading time\" \/>\n\t<meta name=\"twitter:data2\" content=\"1 minute\" \/>\n<script type=\"application\/ld+json\" class=\"yoast-schema-graph\">{\"@context\":\"https:\/\/schema.org\",\"@graph\":[{\"@type\":\"WebPage\",\"@id\":\"https:\/\/president-ksgov.net\/en\/president-osmani-received-the-vice-president-of-the-european-parliament-rainer-wieland-2\/\",\"url\":\"https:\/\/president-ksgov.net\/en\/president-osmani-received-the-vice-president-of-the-european-parliament-rainer-wieland-2\/\",\"name\":\"President Osmani received the Vice President of the European Parliament Rainer Wieland - President of the Republic of Kosovo - DR. VJOSA OSMANI - SADRIU\",\"isPartOf\":{\"@id\":\"https:\/\/president-ksgov.net\/#website\"},\"primaryImageOfPage\":{\"@id\":\"https:\/\/president-ksgov.net\/en\/president-osmani-received-the-vice-president-of-the-european-parliament-rainer-wieland-2\/#primaryimage\"},\"image\":{\"@id\":\"https:\/\/president-ksgov.net\/en\/president-osmani-received-the-vice-president-of-the-european-parliament-rainer-wieland-2\/#primaryimage\"},\"thumbnailUrl\":\"https:\/\/president-ksgov.net\/wp-content\/uploads\/25_06_2021_7827208_Presidentja_Osmani_priti_ne_takim_nenkryetarin_e_Parlamentit_Evropian_Raniner_Wieland_4-scaled.jpg\",\"datePublished\":\"2021-06-25T18:54:15+00:00\",\"dateModified\":\"2023-03-07T09:05:18+00:00\",\"author\":{\"@id\":\"https:\/\/president-ksgov.net\/#\/schema\/person\/bb4337a5fb147cb2046d80548172cbee\"},\"description\":\"President Osmani received the Vice President of the European Parliament Rainer Wieland - President of the Republic of Kosovo - DR. VJOSA OSMANI - SADRIU -\",\"breadcrumb\":{\"@id\":\"https:\/\/president-ksgov.net\/en\/president-osmani-received-the-vice-president-of-the-european-parliament-rainer-wieland-2\/#breadcrumb\"},\"inLanguage\":\"en-US\",\"potentialAction\":[{\"@type\":\"ReadAction\",\"target\":[\"https:\/\/president-ksgov.net\/en\/president-osmani-received-the-vice-president-of-the-european-parliament-rainer-wieland-2\/\"]}]},{\"@type\":\"ImageObject\",\"inLanguage\":\"en-US\",\"@id\":\"https:\/\/president-ksgov.net\/en\/president-osmani-received-the-vice-president-of-the-european-parliament-rainer-wieland-2\/#primaryimage\",\"url\":\"https:\/\/president-ksgov.net\/wp-content\/uploads\/25_06_2021_7827208_Presidentja_Osmani_priti_ne_takim_nenkryetarin_e_Parlamentit_Evropian_Raniner_Wieland_4-scaled.jpg\",\"contentUrl\":\"https:\/\/president-ksgov.net\/wp-content\/uploads\/25_06_2021_7827208_Presidentja_Osmani_priti_ne_takim_nenkryetarin_e_Parlamentit_Evropian_Raniner_Wieland_4-scaled.jpg\",\"width\":2560,\"height\":1707},{\"@type\":\"BreadcrumbList\",\"@id\":\"https:\/\/president-ksgov.net\/en\/president-osmani-received-the-vice-president-of-the-european-parliament-rainer-wieland-2\/#breadcrumb\",\"itemListElement\":[{\"@type\":\"ListItem\",\"position\":1,\"name\":\"Home\",\"item\":\"https:\/\/president-ksgov.net\/en\/\"},{\"@type\":\"ListItem\",\"position\":2,\"name\":\"President Osmani received the Vice President of the European Parliament Rainer Wieland\"}]},{\"@type\":\"WebSite\",\"@id\":\"https:\/\/president-ksgov.net\/#website\",\"url\":\"https:\/\/president-ksgov.net\/\",\"name\":\"Presidente e Republik\u00ebs s\u00eb Kosov\u00ebs\",\"description\":\"Presidente e Republik\u00ebs s\u00eb Kosov\u00ebs\",\"alternateName\":\"DR. VJOSA OSMANI - SADRIU\",\"potentialAction\":[{\"@type\":\"SearchAction\",\"target\":{\"@type\":\"EntryPoint\",\"urlTemplate\":\"https:\/\/president-ksgov.net\/?s={search_term_string}\"},\"query-input\":{\"@type\":\"PropertyValueSpecification\",\"valueRequired\":true,\"valueName\":\"search_term_string\"}}],\"inLanguage\":\"en-US\"},{\"@type\":\"Person\",\"@id\":\"https:\/\/president-ksgov.net\/#\/schema\/person\/bb4337a5fb147cb2046d80548172cbee\",\"name\":\"admin\",\"image\":{\"@type\":\"ImageObject\",\"inLanguage\":\"en-US\",\"@id\":\"https:\/\/president-ksgov.net\/#\/schema\/person\/image\/\",\"url\":\"https:\/\/secure.gravatar.com\/avatar\/36156ca0fa3b8d9d25174f146e16beea0cf28f37adf1b9e19b6c9c279a7c9dd3?s=96&d=mm&r=g\",\"contentUrl\":\"https:\/\/secure.gravatar.com\/avatar\/36156ca0fa3b8d9d25174f146e16beea0cf28f37adf1b9e19b6c9c279a7c9dd3?s=96&d=mm&r=g\",\"caption\":\"admin\"},\"sameAs\":[\"https:\/\/president-ksgov.net\"]}]}<\/script>\n<!-- \/ Yoast SEO plugin. -->","yoast_head_json":{"title":"President Osmani received the Vice President of the European Parliament Rainer Wieland - President of the Republic of Kosovo - DR. VJOSA OSMANI - SADRIU","description":"President Osmani received the Vice President of the European Parliament Rainer Wieland - President of the Republic of Kosovo - DR. VJOSA OSMANI - SADRIU -","robots":{"index":"index","follow":"follow","max-snippet":"max-snippet:-1","max-image-preview":"max-image-preview:large","max-video-preview":"max-video-preview:-1"},"canonical":"https:\/\/president-ksgov.net\/en\/president-osmani-received-the-vice-president-of-the-european-parliament-rainer-wieland-2\/","og_locale":"en_US","og_type":"article","og_title":"President Osmani received the Vice President of the European Parliament Rainer Wieland - President of the Republic of Kosovo - DR. VJOSA OSMANI - SADRIU","og_description":"President Osmani received the Vice President of the European Parliament Rainer Wieland - President of the Republic of Kosovo - DR. VJOSA OSMANI - SADRIU -","og_url":"https:\/\/president-ksgov.net\/en\/president-osmani-received-the-vice-president-of-the-european-parliament-rainer-wieland-2\/","og_site_name":"President of the Republic of Kosovo - DR. VJOSA OSMANI - SADRIU","article_published_time":"2021-06-25T18:54:15+00:00","article_modified_time":"2023-03-07T09:05:18+00:00","og_image":[{"width":2560,"height":1707,"url":"https:\/\/president-ksgov.net\/wp-content\/uploads\/25_06_2021_7827208_Presidentja_Osmani_priti_ne_takim_nenkryetarin_e_Parlamentit_Evropian_Raniner_Wieland_4-scaled.jpg","type":"image\/jpeg"}],"author":"admin","twitter_card":"summary_large_image","twitter_misc":{"Written by":"admin","Est. reading time":"1 minute"},"schema":{"@context":"https:\/\/schema.org","@graph":[{"@type":"WebPage","@id":"https:\/\/president-ksgov.net\/en\/president-osmani-received-the-vice-president-of-the-european-parliament-rainer-wieland-2\/","url":"https:\/\/president-ksgov.net\/en\/president-osmani-received-the-vice-president-of-the-european-parliament-rainer-wieland-2\/","name":"President Osmani received the Vice President of the European Parliament Rainer Wieland - President of the Republic of Kosovo - DR. VJOSA OSMANI - SADRIU","isPartOf":{"@id":"https:\/\/president-ksgov.net\/#website"},"primaryImageOfPage":{"@id":"https:\/\/president-ksgov.net\/en\/president-osmani-received-the-vice-president-of-the-european-parliament-rainer-wieland-2\/#primaryimage"},"image":{"@id":"https:\/\/president-ksgov.net\/en\/president-osmani-received-the-vice-president-of-the-european-parliament-rainer-wieland-2\/#primaryimage"},"thumbnailUrl":"https:\/\/president-ksgov.net\/wp-content\/uploads\/25_06_2021_7827208_Presidentja_Osmani_priti_ne_takim_nenkryetarin_e_Parlamentit_Evropian_Raniner_Wieland_4-scaled.jpg","datePublished":"2021-06-25T18:54:15+00:00","dateModified":"2023-03-07T09:05:18+00:00","author":{"@id":"https:\/\/president-ksgov.net\/#\/schema\/person\/bb4337a5fb147cb2046d80548172cbee"},"description":"President Osmani received the Vice President of the European Parliament Rainer Wieland - President of the Republic of Kosovo - DR. VJOSA OSMANI - SADRIU -","breadcrumb":{"@id":"https:\/\/president-ksgov.net\/en\/president-osmani-received-the-vice-president-of-the-european-parliament-rainer-wieland-2\/#breadcrumb"},"inLanguage":"en-US","potentialAction":[{"@type":"ReadAction","target":["https:\/\/president-ksgov.net\/en\/president-osmani-received-the-vice-president-of-the-european-parliament-rainer-wieland-2\/"]}]},{"@type":"ImageObject","inLanguage":"en-US","@id":"https:\/\/president-ksgov.net\/en\/president-osmani-received-the-vice-president-of-the-european-parliament-rainer-wieland-2\/#primaryimage","url":"https:\/\/president-ksgov.net\/wp-content\/uploads\/25_06_2021_7827208_Presidentja_Osmani_priti_ne_takim_nenkryetarin_e_Parlamentit_Evropian_Raniner_Wieland_4-scaled.jpg","contentUrl":"https:\/\/president-ksgov.net\/wp-content\/uploads\/25_06_2021_7827208_Presidentja_Osmani_priti_ne_takim_nenkryetarin_e_Parlamentit_Evropian_Raniner_Wieland_4-scaled.jpg","width":2560,"height":1707},{"@type":"BreadcrumbList","@id":"https:\/\/president-ksgov.net\/en\/president-osmani-received-the-vice-president-of-the-european-parliament-rainer-wieland-2\/#breadcrumb","itemListElement":[{"@type":"ListItem","position":1,"name":"Home","item":"https:\/\/president-ksgov.net\/en\/"},{"@type":"ListItem","position":2,"name":"President Osmani received the Vice President of the European Parliament Rainer Wieland"}]},{"@type":"WebSite","@id":"https:\/\/president-ksgov.net\/#website","url":"https:\/\/president-ksgov.net\/","name":"Presidente e Republik\u00ebs s\u00eb Kosov\u00ebs","description":"Presidente e Republik\u00ebs s\u00eb Kosov\u00ebs","alternateName":"DR. VJOSA OSMANI - SADRIU","potentialAction":[{"@type":"SearchAction","target":{"@type":"EntryPoint","urlTemplate":"https:\/\/president-ksgov.net\/?s={search_term_string}"},"query-input":{"@type":"PropertyValueSpecification","valueRequired":true,"valueName":"search_term_string"}}],"inLanguage":"en-US"},{"@type":"Person","@id":"https:\/\/president-ksgov.net\/#\/schema\/person\/bb4337a5fb147cb2046d80548172cbee","name":"admin","image":{"@type":"ImageObject","inLanguage":"en-US","@id":"https:\/\/president-ksgov.net\/#\/schema\/person\/image\/","url":"https:\/\/secure.gravatar.com\/avatar\/36156ca0fa3b8d9d25174f146e16beea0cf28f37adf1b9e19b6c9c279a7c9dd3?s=96&d=mm&r=g","contentUrl":"https:\/\/secure.gravatar.com\/avatar\/36156ca0fa3b8d9d25174f146e16beea0cf28f37adf1b9e19b6c9c279a7c9dd3?s=96&d=mm&r=g","caption":"admin"},"sameAs":["https:\/\/president-ksgov.net"]}]}},"_links":{"self":[{"href":"https:\/\/president-ksgov.net\/en\/wp-json\/wp\/v2\/posts\/67295","targetHints":{"allow":["GET"]}}],"collection":[{"href":"https:\/\/president-ksgov.net\/en\/wp-json\/wp\/v2\/posts"}],"about":[{"href":"https:\/\/president-ksgov.net\/en\/wp-json\/wp\/v2\/types\/post"}],"author":[{"embeddable":true,"href":"https:\/\/president-ksgov.net\/en\/wp-json\/wp\/v2\/users\/1"}],"replies":[{"embeddable":true,"href":"https:\/\/president-ksgov.net\/en\/wp-json\/wp\/v2\/comments?post=67295"}],"version-history":[{"count":0,"href":"https:\/\/president-ksgov.net\/en\/wp-json\/wp\/v2\/posts\/67295\/revisions"}],"wp:featuredmedia":[{"embeddable":true,"href":"https:\/\/president-ksgov.net\/en\/wp-json\/wp\/v2\/media\/19546"}],"wp:attachment":[{"href":"https:\/\/president-ksgov.net\/en\/wp-json\/wp\/v2\/media?parent=67295"}],"wp:term":[{"taxonomy":"category","embeddable":true,"href":"https:\/\/president-ksgov.net\/en\/wp-json\/wp\/v2\/categories?post=67295"},{"taxonomy":"post_tag","embeddable":true,"href":"https:\/\/president-ksgov.net\/en\/wp-json\/wp\/v2\/tags?post=67295"}],"curies":[{"name":"wp","href":"https:\/\/api.w.org\/{rel}","templated":true}]}}