{"id":67279,"date":"2021-07-07T12:11:23","date_gmt":"2021-07-07T12:11:23","guid":{"rendered":"https:\/\/dev.president-ksgov.net\/president-osmani-met-with-representatives-of-the-pan-albanian-american-congress\/"},"modified":"2023-03-07T09:04:58","modified_gmt":"2023-03-07T09:04:58","slug":"president-osmani-met-with-representatives-of-the-pan-albanian-american-congress","status":"publish","type":"post","link":"https:\/\/president-ksgov.net\/en\/president-osmani-met-with-representatives-of-the-pan-albanian-american-congress\/","title":{"rendered":"President Osmani met with representatives of the Pan-Albanian American Congress"},"content":{"rendered":"<p>The President of the Republic of Kosovo Vjosa Osmani met the representatives of the Pan-Albanian American Congress, chaired by Mr. Bruno Ceka. President Osmani stressed the key role that the Albanian diaspora has had and still has in the strengthening of the statehood of the Republic of Kosovo.<\/p>\n<p>President Osmani praised the contribution of the Albanian diaspora in the United States of America during the 1990s in the internationalization of the Kosovo issue. President Osmani emphasized the important role that the Albanian lobby in Washington has played over the years in building bridges of cooperation with senators, congressmen and US administration officials, making Kosovo&#039;s voice heard in all decision-making forums.<br \/>\n\u00a0<br \/>\nRepresentatives of the Pan-Albanian American Congress expressed readiness to continue the previous engagements of the Albanian diaspora in the US and discussed with Madam President the opportunities for cooperation with the Kosovo institutions.<br \/>\n\u00a0<br \/>\nPresident Osmani encouraged the representatives of the Congress to act in unison and to be an example of the unification of the Albanian diaspora, to promote the national interests of Kosovo in coordination with the activities of the institutions of the Republic of Kosovo.\u00a0<\/p>\n","protected":false},"excerpt":{"rendered":"<p>The President of the Republic of Kosovo Vjosa Osmani met the representatives of the Pan-Albanian American Congress, chaired by Mr. Bruno Ceka. President Osmani stressed the key role that the Albanian diaspora has had and still has in the strengthening of the statehood of the Republic of Kosovo.<\/p>\n","protected":false},"author":1,"featured_media":19404,"comment_status":"open","ping_status":"closed","sticky":false,"template":"","format":"standard","meta":{"_eb_attr":"","footnotes":""},"categories":[111],"tags":[],"class_list":["post-67279","post","type-post","status-publish","format-standard","has-post-thumbnail","hentry","category-news"],"yoast_head":"<!-- This site is optimized with the Yoast SEO plugin v23.5 - https:\/\/yoast.com\/wordpress\/plugins\/seo\/ -->\n<title>President Osmani met with representatives of the Pan-Albanian American Congress - President of the Republic of Kosovo - DR. VJOSA OSMANI - SADRIU<\/title>\n<meta name=\"description\" content=\"President Osmani met with representatives of the Pan-Albanian American Congress - President of the Republic of Kosovo - DR. VJOSA OSMANI - SADRIU -\" \/>\n<meta name=\"robots\" content=\"index, follow, max-snippet:-1, max-image-preview:large, max-video-preview:-1\" \/>\n<link rel=\"canonical\" href=\"https:\/\/president-ksgov.net\/en\/president-osmani-met-with-representatives-of-the-pan-albanian-american-congress\/\" \/>\n<meta property=\"og:locale\" content=\"en_US\" \/>\n<meta property=\"og:type\" content=\"article\" \/>\n<meta property=\"og:title\" content=\"President Osmani met with representatives of the Pan-Albanian American Congress - President of the Republic of Kosovo - DR. VJOSA OSMANI - SADRIU\" \/>\n<meta property=\"og:description\" content=\"President Osmani met with representatives of the Pan-Albanian American Congress - President of the Republic of Kosovo - DR. VJOSA OSMANI - SADRIU -\" \/>\n<meta property=\"og:url\" content=\"https:\/\/president-ksgov.net\/en\/president-osmani-met-with-representatives-of-the-pan-albanian-american-congress\/\" \/>\n<meta property=\"og:site_name\" content=\"President of the Republic of Kosovo - DR. VJOSA OSMANI - SADRIU\" \/>\n<meta property=\"article:published_time\" content=\"2021-07-07T12:11:23+00:00\" \/>\n<meta property=\"article:modified_time\" content=\"2023-03-07T09:04:58+00:00\" \/>\n<meta property=\"og:image\" content=\"https:\/\/president-ksgov.net\/wp-content\/uploads\/07_07_2021_4809499_Presidentja_Osmani_takoi_perfaqesuesit_e_Kongresit_Pan_Shqiptar_Amerikan_3.jpg\" \/>\n\t<meta property=\"og:image:width\" content=\"1600\" \/>\n\t<meta property=\"og:image:height\" content=\"1200\" \/>\n\t<meta property=\"og:image:type\" content=\"image\/jpeg\" \/>\n<meta name=\"author\" content=\"admin\" \/>\n<meta name=\"twitter:card\" content=\"summary_large_image\" \/>\n<meta name=\"twitter:label1\" content=\"Written by\" \/>\n\t<meta name=\"twitter:data1\" content=\"admin\" \/>\n\t<meta name=\"twitter:label2\" content=\"Est. reading time\" \/>\n\t<meta name=\"twitter:data2\" content=\"1 minute\" \/>\n<script type=\"application\/ld+json\" class=\"yoast-schema-graph\">{\"@context\":\"https:\/\/schema.org\",\"@graph\":[{\"@type\":\"WebPage\",\"@id\":\"https:\/\/president-ksgov.net\/en\/president-osmani-met-with-representatives-of-the-pan-albanian-american-congress\/\",\"url\":\"https:\/\/president-ksgov.net\/en\/president-osmani-met-with-representatives-of-the-pan-albanian-american-congress\/\",\"name\":\"President Osmani met with representatives of the Pan-Albanian American Congress - President of the Republic of Kosovo - DR. VJOSA OSMANI - SADRIU\",\"isPartOf\":{\"@id\":\"https:\/\/president-ksgov.net\/#website\"},\"primaryImageOfPage\":{\"@id\":\"https:\/\/president-ksgov.net\/en\/president-osmani-met-with-representatives-of-the-pan-albanian-american-congress\/#primaryimage\"},\"image\":{\"@id\":\"https:\/\/president-ksgov.net\/en\/president-osmani-met-with-representatives-of-the-pan-albanian-american-congress\/#primaryimage\"},\"thumbnailUrl\":\"https:\/\/president-ksgov.net\/wp-content\/uploads\/07_07_2021_4809499_Presidentja_Osmani_takoi_perfaqesuesit_e_Kongresit_Pan_Shqiptar_Amerikan_3.jpg\",\"datePublished\":\"2021-07-07T12:11:23+00:00\",\"dateModified\":\"2023-03-07T09:04:58+00:00\",\"author\":{\"@id\":\"https:\/\/president-ksgov.net\/#\/schema\/person\/bb4337a5fb147cb2046d80548172cbee\"},\"description\":\"President Osmani met with representatives of the Pan-Albanian American Congress - President of the Republic of Kosovo - DR. VJOSA OSMANI - SADRIU -\",\"breadcrumb\":{\"@id\":\"https:\/\/president-ksgov.net\/en\/president-osmani-met-with-representatives-of-the-pan-albanian-american-congress\/#breadcrumb\"},\"inLanguage\":\"en-US\",\"potentialAction\":[{\"@type\":\"ReadAction\",\"target\":[\"https:\/\/president-ksgov.net\/en\/president-osmani-met-with-representatives-of-the-pan-albanian-american-congress\/\"]}]},{\"@type\":\"ImageObject\",\"inLanguage\":\"en-US\",\"@id\":\"https:\/\/president-ksgov.net\/en\/president-osmani-met-with-representatives-of-the-pan-albanian-american-congress\/#primaryimage\",\"url\":\"https:\/\/president-ksgov.net\/wp-content\/uploads\/07_07_2021_4809499_Presidentja_Osmani_takoi_perfaqesuesit_e_Kongresit_Pan_Shqiptar_Amerikan_3.jpg\",\"contentUrl\":\"https:\/\/president-ksgov.net\/wp-content\/uploads\/07_07_2021_4809499_Presidentja_Osmani_takoi_perfaqesuesit_e_Kongresit_Pan_Shqiptar_Amerikan_3.jpg\",\"width\":1600,\"height\":1200},{\"@type\":\"BreadcrumbList\",\"@id\":\"https:\/\/president-ksgov.net\/en\/president-osmani-met-with-representatives-of-the-pan-albanian-american-congress\/#breadcrumb\",\"itemListElement\":[{\"@type\":\"ListItem\",\"position\":1,\"name\":\"Home\",\"item\":\"https:\/\/president-ksgov.net\/en\/\"},{\"@type\":\"ListItem\",\"position\":2,\"name\":\"President Osmani met with representatives of the Pan-Albanian American Congress\"}]},{\"@type\":\"WebSite\",\"@id\":\"https:\/\/president-ksgov.net\/#website\",\"url\":\"https:\/\/president-ksgov.net\/\",\"name\":\"Presidente e Republik\u00ebs s\u00eb Kosov\u00ebs\",\"description\":\"Presidente e Republik\u00ebs s\u00eb Kosov\u00ebs\",\"alternateName\":\"DR. VJOSA OSMANI - SADRIU\",\"potentialAction\":[{\"@type\":\"SearchAction\",\"target\":{\"@type\":\"EntryPoint\",\"urlTemplate\":\"https:\/\/president-ksgov.net\/?s={search_term_string}\"},\"query-input\":{\"@type\":\"PropertyValueSpecification\",\"valueRequired\":true,\"valueName\":\"search_term_string\"}}],\"inLanguage\":\"en-US\"},{\"@type\":\"Person\",\"@id\":\"https:\/\/president-ksgov.net\/#\/schema\/person\/bb4337a5fb147cb2046d80548172cbee\",\"name\":\"admin\",\"image\":{\"@type\":\"ImageObject\",\"inLanguage\":\"en-US\",\"@id\":\"https:\/\/president-ksgov.net\/#\/schema\/person\/image\/\",\"url\":\"https:\/\/secure.gravatar.com\/avatar\/36156ca0fa3b8d9d25174f146e16beea0cf28f37adf1b9e19b6c9c279a7c9dd3?s=96&d=mm&r=g\",\"contentUrl\":\"https:\/\/secure.gravatar.com\/avatar\/36156ca0fa3b8d9d25174f146e16beea0cf28f37adf1b9e19b6c9c279a7c9dd3?s=96&d=mm&r=g\",\"caption\":\"admin\"},\"sameAs\":[\"https:\/\/president-ksgov.net\"]}]}<\/script>\n<!-- \/ Yoast SEO plugin. -->","yoast_head_json":{"title":"President Osmani met with representatives of the Pan-Albanian American Congress - President of the Republic of Kosovo - DR. VJOSA OSMANI - SADRIU","description":"President Osmani met with representatives of the Pan-Albanian American Congress - President of the Republic of Kosovo - DR. VJOSA OSMANI - SADRIU -","robots":{"index":"index","follow":"follow","max-snippet":"max-snippet:-1","max-image-preview":"max-image-preview:large","max-video-preview":"max-video-preview:-1"},"canonical":"https:\/\/president-ksgov.net\/en\/president-osmani-met-with-representatives-of-the-pan-albanian-american-congress\/","og_locale":"en_US","og_type":"article","og_title":"President Osmani met with representatives of the Pan-Albanian American Congress - President of the Republic of Kosovo - DR. VJOSA OSMANI - SADRIU","og_description":"President Osmani met with representatives of the Pan-Albanian American Congress - President of the Republic of Kosovo - DR. VJOSA OSMANI - SADRIU -","og_url":"https:\/\/president-ksgov.net\/en\/president-osmani-met-with-representatives-of-the-pan-albanian-american-congress\/","og_site_name":"President of the Republic of Kosovo - DR. VJOSA OSMANI - SADRIU","article_published_time":"2021-07-07T12:11:23+00:00","article_modified_time":"2023-03-07T09:04:58+00:00","og_image":[{"width":1600,"height":1200,"url":"https:\/\/president-ksgov.net\/wp-content\/uploads\/07_07_2021_4809499_Presidentja_Osmani_takoi_perfaqesuesit_e_Kongresit_Pan_Shqiptar_Amerikan_3.jpg","type":"image\/jpeg"}],"author":"admin","twitter_card":"summary_large_image","twitter_misc":{"Written by":"admin","Est. reading time":"1 minute"},"schema":{"@context":"https:\/\/schema.org","@graph":[{"@type":"WebPage","@id":"https:\/\/president-ksgov.net\/en\/president-osmani-met-with-representatives-of-the-pan-albanian-american-congress\/","url":"https:\/\/president-ksgov.net\/en\/president-osmani-met-with-representatives-of-the-pan-albanian-american-congress\/","name":"President Osmani met with representatives of the Pan-Albanian American Congress - President of the Republic of Kosovo - DR. VJOSA OSMANI - SADRIU","isPartOf":{"@id":"https:\/\/president-ksgov.net\/#website"},"primaryImageOfPage":{"@id":"https:\/\/president-ksgov.net\/en\/president-osmani-met-with-representatives-of-the-pan-albanian-american-congress\/#primaryimage"},"image":{"@id":"https:\/\/president-ksgov.net\/en\/president-osmani-met-with-representatives-of-the-pan-albanian-american-congress\/#primaryimage"},"thumbnailUrl":"https:\/\/president-ksgov.net\/wp-content\/uploads\/07_07_2021_4809499_Presidentja_Osmani_takoi_perfaqesuesit_e_Kongresit_Pan_Shqiptar_Amerikan_3.jpg","datePublished":"2021-07-07T12:11:23+00:00","dateModified":"2023-03-07T09:04:58+00:00","author":{"@id":"https:\/\/president-ksgov.net\/#\/schema\/person\/bb4337a5fb147cb2046d80548172cbee"},"description":"President Osmani met with representatives of the Pan-Albanian American Congress - President of the Republic of Kosovo - DR. VJOSA OSMANI - SADRIU -","breadcrumb":{"@id":"https:\/\/president-ksgov.net\/en\/president-osmani-met-with-representatives-of-the-pan-albanian-american-congress\/#breadcrumb"},"inLanguage":"en-US","potentialAction":[{"@type":"ReadAction","target":["https:\/\/president-ksgov.net\/en\/president-osmani-met-with-representatives-of-the-pan-albanian-american-congress\/"]}]},{"@type":"ImageObject","inLanguage":"en-US","@id":"https:\/\/president-ksgov.net\/en\/president-osmani-met-with-representatives-of-the-pan-albanian-american-congress\/#primaryimage","url":"https:\/\/president-ksgov.net\/wp-content\/uploads\/07_07_2021_4809499_Presidentja_Osmani_takoi_perfaqesuesit_e_Kongresit_Pan_Shqiptar_Amerikan_3.jpg","contentUrl":"https:\/\/president-ksgov.net\/wp-content\/uploads\/07_07_2021_4809499_Presidentja_Osmani_takoi_perfaqesuesit_e_Kongresit_Pan_Shqiptar_Amerikan_3.jpg","width":1600,"height":1200},{"@type":"BreadcrumbList","@id":"https:\/\/president-ksgov.net\/en\/president-osmani-met-with-representatives-of-the-pan-albanian-american-congress\/#breadcrumb","itemListElement":[{"@type":"ListItem","position":1,"name":"Home","item":"https:\/\/president-ksgov.net\/en\/"},{"@type":"ListItem","position":2,"name":"President Osmani met with representatives of the Pan-Albanian American Congress"}]},{"@type":"WebSite","@id":"https:\/\/president-ksgov.net\/#website","url":"https:\/\/president-ksgov.net\/","name":"Presidente e Republik\u00ebs s\u00eb Kosov\u00ebs","description":"Presidente e Republik\u00ebs s\u00eb Kosov\u00ebs","alternateName":"DR. VJOSA OSMANI - SADRIU","potentialAction":[{"@type":"SearchAction","target":{"@type":"EntryPoint","urlTemplate":"https:\/\/president-ksgov.net\/?s={search_term_string}"},"query-input":{"@type":"PropertyValueSpecification","valueRequired":true,"valueName":"search_term_string"}}],"inLanguage":"en-US"},{"@type":"Person","@id":"https:\/\/president-ksgov.net\/#\/schema\/person\/bb4337a5fb147cb2046d80548172cbee","name":"admin","image":{"@type":"ImageObject","inLanguage":"en-US","@id":"https:\/\/president-ksgov.net\/#\/schema\/person\/image\/","url":"https:\/\/secure.gravatar.com\/avatar\/36156ca0fa3b8d9d25174f146e16beea0cf28f37adf1b9e19b6c9c279a7c9dd3?s=96&d=mm&r=g","contentUrl":"https:\/\/secure.gravatar.com\/avatar\/36156ca0fa3b8d9d25174f146e16beea0cf28f37adf1b9e19b6c9c279a7c9dd3?s=96&d=mm&r=g","caption":"admin"},"sameAs":["https:\/\/president-ksgov.net"]}]}},"_links":{"self":[{"href":"https:\/\/president-ksgov.net\/en\/wp-json\/wp\/v2\/posts\/67279","targetHints":{"allow":["GET"]}}],"collection":[{"href":"https:\/\/president-ksgov.net\/en\/wp-json\/wp\/v2\/posts"}],"about":[{"href":"https:\/\/president-ksgov.net\/en\/wp-json\/wp\/v2\/types\/post"}],"author":[{"embeddable":true,"href":"https:\/\/president-ksgov.net\/en\/wp-json\/wp\/v2\/users\/1"}],"replies":[{"embeddable":true,"href":"https:\/\/president-ksgov.net\/en\/wp-json\/wp\/v2\/comments?post=67279"}],"version-history":[{"count":0,"href":"https:\/\/president-ksgov.net\/en\/wp-json\/wp\/v2\/posts\/67279\/revisions"}],"wp:featuredmedia":[{"embeddable":true,"href":"https:\/\/president-ksgov.net\/en\/wp-json\/wp\/v2\/media\/19404"}],"wp:attachment":[{"href":"https:\/\/president-ksgov.net\/en\/wp-json\/wp\/v2\/media?parent=67279"}],"wp:term":[{"taxonomy":"category","embeddable":true,"href":"https:\/\/president-ksgov.net\/en\/wp-json\/wp\/v2\/categories?post=67279"},{"taxonomy":"post_tag","embeddable":true,"href":"https:\/\/president-ksgov.net\/en\/wp-json\/wp\/v2\/tags?post=67279"}],"curies":[{"name":"wp","href":"https:\/\/api.w.org\/{rel}","templated":true}]}}