{"id":67153,"date":"2021-09-20T21:03:50","date_gmt":"2021-09-20T19:03:50","guid":{"rendered":"https:\/\/dev.president-ksgov.net\/president-osmani-and-minister-gervalla-met-with-the-secretary-general-of-the-organization-of-the-islamic-conference\/"},"modified":"2023-03-07T09:01:56","modified_gmt":"2023-03-07T09:01:56","slug":"president-osmani-and-minister-gervalla-met-with-the-secretary-general-of-the-organization-of-the-islamic-conference","status":"publish","type":"post","link":"https:\/\/president-ksgov.net\/en\/president-osmani-and-minister-gervalla-met-with-the-secretary-general-of-the-organization-of-the-islamic-conference\/","title":{"rendered":"President Osmani and Minister G\u00ebrvalla met with the Secretary General of the Organization of the Islamic Conference"},"content":{"rendered":"<p>The President of Kosovo Dr. Vjosa Osmani accompanied by the Minister of the Foreign Affairs of Kosovo Donika G\u00ebrvalla, met today with the representatives of the Organization of the Islamic Conference, led by the Secretary-General of the Organization of the Islamic Conference, Yousef bin Ahmad Al-Othaimeen.<\/p>\n<p>At the meeting, President Osmani asked for Secretary Al-Othaimeen\u2019s support in securing new recognitions from the member countries of the Islamic Conference, as well as for the membership of the Republic of Kosovo in international organizations.<\/p>\n<p>She underlined Kosovo&#039;s readiness to further expand political and economic cooperation with the member states of this organization.<\/p>\n<p>Minister G\u00ebrvalla pointed out Kosovo&#039;s readiness for cooperation with the countries of the Islamic Conference in various fields, thus deepening bilateral relations with these countries.<\/p>\n<p>Secretary Al-Othaimeen, expressed his willingness to deepen cooperation and underlined the fact that in 2018 he asked the member states of the Islamic Conference, which have not yet recognized Kosovo&#039;s independence to do so as soon as possible.<\/p>\n<p>President Osmani added that the repetition of this call to member states would help Kosovo as a state that has gained its freedom and independence after many sacrifices and in full compliance with international law.<\/p>\n","protected":false},"excerpt":{"rendered":"<p>The President of Kosovo Dr. Vjosa Osmani accompanied by the Minister of the Foreign Affairs of Kosovo Donika G\u00ebrvalla, met today with the representatives of the Organization of the Islamic Conference, led by the Secretary-General of the Organization of the Islamic Conference, Yousef bin Ahmad Al-Othaimeen.<\/p>\n","protected":false},"author":1,"featured_media":18456,"comment_status":"open","ping_status":"closed","sticky":false,"template":"","format":"standard","meta":{"_eb_attr":"","footnotes":""},"categories":[113,111],"tags":[],"class_list":["post-67153","post","type-post","status-publish","format-standard","has-post-thumbnail","hentry","category-international-visits","category-news"],"yoast_head":"<!-- This site is optimized with the Yoast SEO plugin v23.5 - https:\/\/yoast.com\/wordpress\/plugins\/seo\/ -->\n<title>President Osmani and Minister G\u00ebrvalla met with the Secretary General of the Organization of the Islamic Conference - President of the Republic of Kosovo - DR. VJOSA OSMANI - SADRIU<\/title>\n<meta name=\"description\" content=\"President Osmani and Minister G\u00ebrvalla met with the Secretary General of the Organization of the Islamic Conference - President of the Republic of Kosovo - DR. VJOSA OSMANI - SADRIU -\" \/>\n<meta name=\"robots\" content=\"index, follow, max-snippet:-1, max-image-preview:large, max-video-preview:-1\" \/>\n<link rel=\"canonical\" href=\"https:\/\/president-ksgov.net\/en\/president-osmani-and-minister-gervalla-met-with-the-secretary-general-of-the-organization-of-the-islamic-conference\/\" \/>\n<meta property=\"og:locale\" content=\"en_US\" \/>\n<meta property=\"og:type\" content=\"article\" \/>\n<meta property=\"og:title\" content=\"President Osmani and Minister G\u00ebrvalla met with the Secretary General of the Organization of the Islamic Conference - President of the Republic of Kosovo - DR. VJOSA OSMANI - SADRIU\" \/>\n<meta property=\"og:description\" content=\"President Osmani and Minister G\u00ebrvalla met with the Secretary General of the Organization of the Islamic Conference - President of the Republic of Kosovo - DR. VJOSA OSMANI - SADRIU -\" \/>\n<meta property=\"og:url\" content=\"https:\/\/president-ksgov.net\/en\/president-osmani-and-minister-gervalla-met-with-the-secretary-general-of-the-organization-of-the-islamic-conference\/\" \/>\n<meta property=\"og:site_name\" content=\"President of the Republic of Kosovo - DR. VJOSA OSMANI - SADRIU\" \/>\n<meta property=\"article:published_time\" content=\"2021-09-20T19:03:50+00:00\" \/>\n<meta property=\"article:modified_time\" content=\"2023-03-07T09:01:56+00:00\" \/>\n<meta property=\"og:image\" content=\"https:\/\/president-ksgov.net\/wp-content\/uploads\/20_09_2021_6824929_PR77A3_1-scaled.jpg\" \/>\n\t<meta property=\"og:image:width\" content=\"2560\" \/>\n\t<meta property=\"og:image:height\" content=\"2108\" \/>\n\t<meta property=\"og:image:type\" content=\"image\/jpeg\" \/>\n<meta name=\"author\" content=\"admin\" \/>\n<meta name=\"twitter:card\" content=\"summary_large_image\" \/>\n<meta name=\"twitter:label1\" content=\"Written by\" \/>\n\t<meta name=\"twitter:data1\" content=\"admin\" \/>\n\t<meta name=\"twitter:label2\" content=\"Est. reading time\" \/>\n\t<meta name=\"twitter:data2\" content=\"1 minute\" \/>\n<script type=\"application\/ld+json\" class=\"yoast-schema-graph\">{\"@context\":\"https:\/\/schema.org\",\"@graph\":[{\"@type\":\"WebPage\",\"@id\":\"https:\/\/president-ksgov.net\/en\/president-osmani-and-minister-gervalla-met-with-the-secretary-general-of-the-organization-of-the-islamic-conference\/\",\"url\":\"https:\/\/president-ksgov.net\/en\/president-osmani-and-minister-gervalla-met-with-the-secretary-general-of-the-organization-of-the-islamic-conference\/\",\"name\":\"President Osmani and Minister G\u00ebrvalla met with the Secretary General of the Organization of the Islamic Conference - President of the Republic of Kosovo - DR. VJOSA OSMANI - SADRIU\",\"isPartOf\":{\"@id\":\"https:\/\/president-ksgov.net\/#website\"},\"primaryImageOfPage\":{\"@id\":\"https:\/\/president-ksgov.net\/en\/president-osmani-and-minister-gervalla-met-with-the-secretary-general-of-the-organization-of-the-islamic-conference\/#primaryimage\"},\"image\":{\"@id\":\"https:\/\/president-ksgov.net\/en\/president-osmani-and-minister-gervalla-met-with-the-secretary-general-of-the-organization-of-the-islamic-conference\/#primaryimage\"},\"thumbnailUrl\":\"https:\/\/president-ksgov.net\/wp-content\/uploads\/20_09_2021_6824929_PR77A3_1-scaled.jpg\",\"datePublished\":\"2021-09-20T19:03:50+00:00\",\"dateModified\":\"2023-03-07T09:01:56+00:00\",\"author\":{\"@id\":\"https:\/\/president-ksgov.net\/#\/schema\/person\/bb4337a5fb147cb2046d80548172cbee\"},\"description\":\"President Osmani and Minister G\u00ebrvalla met with the Secretary General of the Organization of the Islamic Conference - President of the Republic of Kosovo - DR. VJOSA OSMANI - SADRIU -\",\"breadcrumb\":{\"@id\":\"https:\/\/president-ksgov.net\/en\/president-osmani-and-minister-gervalla-met-with-the-secretary-general-of-the-organization-of-the-islamic-conference\/#breadcrumb\"},\"inLanguage\":\"en-US\",\"potentialAction\":[{\"@type\":\"ReadAction\",\"target\":[\"https:\/\/president-ksgov.net\/en\/president-osmani-and-minister-gervalla-met-with-the-secretary-general-of-the-organization-of-the-islamic-conference\/\"]}]},{\"@type\":\"ImageObject\",\"inLanguage\":\"en-US\",\"@id\":\"https:\/\/president-ksgov.net\/en\/president-osmani-and-minister-gervalla-met-with-the-secretary-general-of-the-organization-of-the-islamic-conference\/#primaryimage\",\"url\":\"https:\/\/president-ksgov.net\/wp-content\/uploads\/20_09_2021_6824929_PR77A3_1-scaled.jpg\",\"contentUrl\":\"https:\/\/president-ksgov.net\/wp-content\/uploads\/20_09_2021_6824929_PR77A3_1-scaled.jpg\",\"width\":2560,\"height\":2108},{\"@type\":\"BreadcrumbList\",\"@id\":\"https:\/\/president-ksgov.net\/en\/president-osmani-and-minister-gervalla-met-with-the-secretary-general-of-the-organization-of-the-islamic-conference\/#breadcrumb\",\"itemListElement\":[{\"@type\":\"ListItem\",\"position\":1,\"name\":\"Home\",\"item\":\"https:\/\/president-ksgov.net\/en\/\"},{\"@type\":\"ListItem\",\"position\":2,\"name\":\"President Osmani and Minister G\u00ebrvalla met with the Secretary General of the Organization of the Islamic Conference\"}]},{\"@type\":\"WebSite\",\"@id\":\"https:\/\/president-ksgov.net\/#website\",\"url\":\"https:\/\/president-ksgov.net\/\",\"name\":\"Presidente e Republik\u00ebs s\u00eb Kosov\u00ebs\",\"description\":\"Presidente e Republik\u00ebs s\u00eb Kosov\u00ebs\",\"alternateName\":\"DR. VJOSA OSMANI - SADRIU\",\"potentialAction\":[{\"@type\":\"SearchAction\",\"target\":{\"@type\":\"EntryPoint\",\"urlTemplate\":\"https:\/\/president-ksgov.net\/?s={search_term_string}\"},\"query-input\":{\"@type\":\"PropertyValueSpecification\",\"valueRequired\":true,\"valueName\":\"search_term_string\"}}],\"inLanguage\":\"en-US\"},{\"@type\":\"Person\",\"@id\":\"https:\/\/president-ksgov.net\/#\/schema\/person\/bb4337a5fb147cb2046d80548172cbee\",\"name\":\"admin\",\"image\":{\"@type\":\"ImageObject\",\"inLanguage\":\"en-US\",\"@id\":\"https:\/\/president-ksgov.net\/#\/schema\/person\/image\/\",\"url\":\"https:\/\/secure.gravatar.com\/avatar\/36156ca0fa3b8d9d25174f146e16beea0cf28f37adf1b9e19b6c9c279a7c9dd3?s=96&d=mm&r=g\",\"contentUrl\":\"https:\/\/secure.gravatar.com\/avatar\/36156ca0fa3b8d9d25174f146e16beea0cf28f37adf1b9e19b6c9c279a7c9dd3?s=96&d=mm&r=g\",\"caption\":\"admin\"},\"sameAs\":[\"https:\/\/president-ksgov.net\"]}]}<\/script>\n<!-- \/ Yoast SEO plugin. -->","yoast_head_json":{"title":"President Osmani and Minister G\u00ebrvalla met with the Secretary General of the Organization of the Islamic Conference - President of the Republic of Kosovo - DR. VJOSA OSMANI - SADRIU","description":"President Osmani and Minister G\u00ebrvalla met with the Secretary General of the Organization of the Islamic Conference - President of the Republic of Kosovo - DR. VJOSA OSMANI - SADRIU -","robots":{"index":"index","follow":"follow","max-snippet":"max-snippet:-1","max-image-preview":"max-image-preview:large","max-video-preview":"max-video-preview:-1"},"canonical":"https:\/\/president-ksgov.net\/en\/president-osmani-and-minister-gervalla-met-with-the-secretary-general-of-the-organization-of-the-islamic-conference\/","og_locale":"en_US","og_type":"article","og_title":"President Osmani and Minister G\u00ebrvalla met with the Secretary General of the Organization of the Islamic Conference - President of the Republic of Kosovo - DR. VJOSA OSMANI - SADRIU","og_description":"President Osmani and Minister G\u00ebrvalla met with the Secretary General of the Organization of the Islamic Conference - President of the Republic of Kosovo - DR. VJOSA OSMANI - SADRIU -","og_url":"https:\/\/president-ksgov.net\/en\/president-osmani-and-minister-gervalla-met-with-the-secretary-general-of-the-organization-of-the-islamic-conference\/","og_site_name":"President of the Republic of Kosovo - DR. VJOSA OSMANI - SADRIU","article_published_time":"2021-09-20T19:03:50+00:00","article_modified_time":"2023-03-07T09:01:56+00:00","og_image":[{"width":2560,"height":2108,"url":"https:\/\/president-ksgov.net\/wp-content\/uploads\/20_09_2021_6824929_PR77A3_1-scaled.jpg","type":"image\/jpeg"}],"author":"admin","twitter_card":"summary_large_image","twitter_misc":{"Written by":"admin","Est. reading time":"1 minute"},"schema":{"@context":"https:\/\/schema.org","@graph":[{"@type":"WebPage","@id":"https:\/\/president-ksgov.net\/en\/president-osmani-and-minister-gervalla-met-with-the-secretary-general-of-the-organization-of-the-islamic-conference\/","url":"https:\/\/president-ksgov.net\/en\/president-osmani-and-minister-gervalla-met-with-the-secretary-general-of-the-organization-of-the-islamic-conference\/","name":"President Osmani and Minister G\u00ebrvalla met with the Secretary General of the Organization of the Islamic Conference - President of the Republic of Kosovo - DR. VJOSA OSMANI - SADRIU","isPartOf":{"@id":"https:\/\/president-ksgov.net\/#website"},"primaryImageOfPage":{"@id":"https:\/\/president-ksgov.net\/en\/president-osmani-and-minister-gervalla-met-with-the-secretary-general-of-the-organization-of-the-islamic-conference\/#primaryimage"},"image":{"@id":"https:\/\/president-ksgov.net\/en\/president-osmani-and-minister-gervalla-met-with-the-secretary-general-of-the-organization-of-the-islamic-conference\/#primaryimage"},"thumbnailUrl":"https:\/\/president-ksgov.net\/wp-content\/uploads\/20_09_2021_6824929_PR77A3_1-scaled.jpg","datePublished":"2021-09-20T19:03:50+00:00","dateModified":"2023-03-07T09:01:56+00:00","author":{"@id":"https:\/\/president-ksgov.net\/#\/schema\/person\/bb4337a5fb147cb2046d80548172cbee"},"description":"President Osmani and Minister G\u00ebrvalla met with the Secretary General of the Organization of the Islamic Conference - President of the Republic of Kosovo - DR. VJOSA OSMANI - SADRIU -","breadcrumb":{"@id":"https:\/\/president-ksgov.net\/en\/president-osmani-and-minister-gervalla-met-with-the-secretary-general-of-the-organization-of-the-islamic-conference\/#breadcrumb"},"inLanguage":"en-US","potentialAction":[{"@type":"ReadAction","target":["https:\/\/president-ksgov.net\/en\/president-osmani-and-minister-gervalla-met-with-the-secretary-general-of-the-organization-of-the-islamic-conference\/"]}]},{"@type":"ImageObject","inLanguage":"en-US","@id":"https:\/\/president-ksgov.net\/en\/president-osmani-and-minister-gervalla-met-with-the-secretary-general-of-the-organization-of-the-islamic-conference\/#primaryimage","url":"https:\/\/president-ksgov.net\/wp-content\/uploads\/20_09_2021_6824929_PR77A3_1-scaled.jpg","contentUrl":"https:\/\/president-ksgov.net\/wp-content\/uploads\/20_09_2021_6824929_PR77A3_1-scaled.jpg","width":2560,"height":2108},{"@type":"BreadcrumbList","@id":"https:\/\/president-ksgov.net\/en\/president-osmani-and-minister-gervalla-met-with-the-secretary-general-of-the-organization-of-the-islamic-conference\/#breadcrumb","itemListElement":[{"@type":"ListItem","position":1,"name":"Home","item":"https:\/\/president-ksgov.net\/en\/"},{"@type":"ListItem","position":2,"name":"President Osmani and Minister G\u00ebrvalla met with the Secretary General of the Organization of the Islamic Conference"}]},{"@type":"WebSite","@id":"https:\/\/president-ksgov.net\/#website","url":"https:\/\/president-ksgov.net\/","name":"Presidente e Republik\u00ebs s\u00eb Kosov\u00ebs","description":"Presidente e Republik\u00ebs s\u00eb Kosov\u00ebs","alternateName":"DR. VJOSA OSMANI - SADRIU","potentialAction":[{"@type":"SearchAction","target":{"@type":"EntryPoint","urlTemplate":"https:\/\/president-ksgov.net\/?s={search_term_string}"},"query-input":{"@type":"PropertyValueSpecification","valueRequired":true,"valueName":"search_term_string"}}],"inLanguage":"en-US"},{"@type":"Person","@id":"https:\/\/president-ksgov.net\/#\/schema\/person\/bb4337a5fb147cb2046d80548172cbee","name":"admin","image":{"@type":"ImageObject","inLanguage":"en-US","@id":"https:\/\/president-ksgov.net\/#\/schema\/person\/image\/","url":"https:\/\/secure.gravatar.com\/avatar\/36156ca0fa3b8d9d25174f146e16beea0cf28f37adf1b9e19b6c9c279a7c9dd3?s=96&d=mm&r=g","contentUrl":"https:\/\/secure.gravatar.com\/avatar\/36156ca0fa3b8d9d25174f146e16beea0cf28f37adf1b9e19b6c9c279a7c9dd3?s=96&d=mm&r=g","caption":"admin"},"sameAs":["https:\/\/president-ksgov.net"]}]}},"_links":{"self":[{"href":"https:\/\/president-ksgov.net\/en\/wp-json\/wp\/v2\/posts\/67153","targetHints":{"allow":["GET"]}}],"collection":[{"href":"https:\/\/president-ksgov.net\/en\/wp-json\/wp\/v2\/posts"}],"about":[{"href":"https:\/\/president-ksgov.net\/en\/wp-json\/wp\/v2\/types\/post"}],"author":[{"embeddable":true,"href":"https:\/\/president-ksgov.net\/en\/wp-json\/wp\/v2\/users\/1"}],"replies":[{"embeddable":true,"href":"https:\/\/president-ksgov.net\/en\/wp-json\/wp\/v2\/comments?post=67153"}],"version-history":[{"count":0,"href":"https:\/\/president-ksgov.net\/en\/wp-json\/wp\/v2\/posts\/67153\/revisions"}],"wp:featuredmedia":[{"embeddable":true,"href":"https:\/\/president-ksgov.net\/en\/wp-json\/wp\/v2\/media\/18456"}],"wp:attachment":[{"href":"https:\/\/president-ksgov.net\/en\/wp-json\/wp\/v2\/media?parent=67153"}],"wp:term":[{"taxonomy":"category","embeddable":true,"href":"https:\/\/president-ksgov.net\/en\/wp-json\/wp\/v2\/categories?post=67153"},{"taxonomy":"post_tag","embeddable":true,"href":"https:\/\/president-ksgov.net\/en\/wp-json\/wp\/v2\/tags?post=67153"}],"curies":[{"name":"wp","href":"https:\/\/api.w.org\/{rel}","templated":true}]}}