{"id":67133,"date":"2021-09-26T19:56:04","date_gmt":"2021-09-26T19:56:04","guid":{"rendered":"https:\/\/dev.president-ksgov.net\/the-president-on-september-26th-1991-kosovos-journey-took-the-direction-aimed-by-many-a-generation\/"},"modified":"2023-03-07T09:01:33","modified_gmt":"2023-03-07T09:01:33","slug":"the-president-on-september-26th-1991-kosovos-journey-took-the-direction-aimed-by-many-a-generation","status":"publish","type":"post","link":"https:\/\/president-ksgov.net\/en\/the-president-on-september-26th-1991-kosovos-journey-took-the-direction-aimed-by-many-a-generation\/","title":{"rendered":"The President: On September 26th 1991, Kosovo&#039;s journey took the direction aimed by many a generation"},"content":{"rendered":"<p>The President of the Republic of Kosovo Vjosa Osmani said that thirty years ago, the political determination expressed in the Referendum on the independence of Kosovo from Serbia was the substantial step taken after the Declaration of July 2, the Constitution of Ka\u00e7anik and finally, the precursor to February 17th, 2008.<\/p>\n<p>&#8220;On September 26th 1991, Kosovo&#039;s journey took the direction aimed by many a generation, towards becoming a state under the wise leadership of the historic president, Dr. Ibrahim Rugova,&#8221; said President Osmani.<\/p>\n<p>Following is President Osmani&#039;s entire post:<\/p>\n<p>Thirty years ago, the political determination expressed in the Referendum on Kosovo&#039;s independence from Serbia was a substantial step after the Declaration of 2 July, the Constitution of Ka\u00e7anik and lately the precursor to February 17th 2008.<\/p>\n<p>On September 26, 1991, Kosovo&#039;s journey took the direction aimed by many a generation, towards becoming a state under the wise leadership of the historic president, Dr. Ibrahim Rugova.<\/p>\n<p>On this anniversary, we respectfully remember all those who organized the Referendum, one of the events, which laid the initial foundations of the state of Kosovo!<br \/>\n\u00a0\u00a0<br \/>\nThe present does not make sense without remembering the past, without looking back at the path we have walked, while recognizing the contribution of many men and women of this country to the state we have today!<\/p>\n","protected":false},"excerpt":{"rendered":"<p>The President of the Republic of Kosovo Vjosa Osmani said that thirty years ago, the political determination expressed in the Referendum on the independence of Kosovo from Serbia was the substantial step taken after the Declaration of July 2, the Constitution of Ka\u00e7anik and finally, the precursor to February 17th, 2008.<\/p>\n","protected":false},"author":1,"featured_media":18325,"comment_status":"open","ping_status":"closed","sticky":false,"template":"","format":"standard","meta":{"_eb_attr":"","footnotes":""},"categories":[111],"tags":[],"class_list":["post-67133","post","type-post","status-publish","format-standard","has-post-thumbnail","hentry","category-news"],"yoast_head":"<!-- This site is optimized with the Yoast SEO plugin v23.5 - https:\/\/yoast.com\/wordpress\/plugins\/seo\/ -->\n<title>The President: On September 26th 1991, Kosovo&#039;s journey took the direction aimed by many a generation - President of the Republic of Kosovo - DR. VJOSA OSMANI - SADRIU<\/title>\n<meta name=\"description\" content=\"The President: On September 26th 1991, Kosovo&#039;s journey took the direction aimed by many a generation - President of the Republic of Kosovo - DR. VJOSA OSMANI - SADRIU -\" \/>\n<meta name=\"robots\" content=\"index, follow, max-snippet:-1, max-image-preview:large, max-video-preview:-1\" \/>\n<link rel=\"canonical\" href=\"https:\/\/president-ksgov.net\/presidentja-me-26-shtator-te-vitit-1991-rrugetimi-i-kosoves-mori-kahun-e-synuar-nder-breza\/\" \/>\n<meta property=\"og:locale\" content=\"en_US\" \/>\n<meta property=\"og:type\" content=\"article\" \/>\n<meta property=\"og:title\" content=\"The President: On September 26th 1991, Kosovo&#039;s journey took the direction aimed by many a generation - President of the Republic of Kosovo - DR. VJOSA OSMANI - SADRIU\" \/>\n<meta property=\"og:description\" content=\"The President: On September 26th 1991, Kosovo&#039;s journey took the direction aimed by many a generation - President of the Republic of Kosovo - DR. VJOSA OSMANI - SADRIU -\" \/>\n<meta property=\"og:url\" content=\"https:\/\/president-ksgov.net\/presidentja-me-26-shtator-te-vitit-1991-rrugetimi-i-kosoves-mori-kahun-e-synuar-nder-breza\/\" \/>\n<meta property=\"og:site_name\" content=\"President of the Republic of Kosovo - DR. VJOSA OSMANI - SADRIU\" \/>\n<meta property=\"article:published_time\" content=\"2021-09-26T19:56:04+00:00\" \/>\n<meta property=\"article:modified_time\" content=\"2023-03-07T09:01:33+00:00\" \/>\n<meta property=\"og:image\" content=\"https:\/\/president-ksgov.net\/wp-content\/uploads\/26_09_2021_3408002_IMG_54a356fd8825d7425790aec67877e816_V.jpg\" \/>\n\t<meta property=\"og:image:width\" content=\"960\" \/>\n\t<meta property=\"og:image:height\" content=\"640\" \/>\n\t<meta property=\"og:image:type\" content=\"image\/jpeg\" \/>\n<meta name=\"author\" content=\"admin\" \/>\n<meta name=\"twitter:card\" content=\"summary_large_image\" \/>\n<meta name=\"twitter:label1\" content=\"Written by\" \/>\n\t<meta name=\"twitter:data1\" content=\"admin\" \/>\n\t<meta name=\"twitter:label2\" content=\"Est. reading time\" \/>\n\t<meta name=\"twitter:data2\" content=\"1 minute\" \/>\n<script type=\"application\/ld+json\" class=\"yoast-schema-graph\">{\"@context\":\"https:\/\/schema.org\",\"@graph\":[{\"@type\":\"WebPage\",\"@id\":\"https:\/\/president-ksgov.net\/presidentja-me-26-shtator-te-vitit-1991-rrugetimi-i-kosoves-mori-kahun-e-synuar-nder-breza\/\",\"url\":\"https:\/\/president-ksgov.net\/presidentja-me-26-shtator-te-vitit-1991-rrugetimi-i-kosoves-mori-kahun-e-synuar-nder-breza\/\",\"name\":\"The President: On September 26th 1991, Kosovo&#039;s journey took the direction aimed by many a generation - President of the Republic of Kosovo - DR. VJOSA OSMANI - SADRIU\",\"isPartOf\":{\"@id\":\"https:\/\/president-ksgov.net\/#website\"},\"primaryImageOfPage\":{\"@id\":\"https:\/\/president-ksgov.net\/presidentja-me-26-shtator-te-vitit-1991-rrugetimi-i-kosoves-mori-kahun-e-synuar-nder-breza\/#primaryimage\"},\"image\":{\"@id\":\"https:\/\/president-ksgov.net\/presidentja-me-26-shtator-te-vitit-1991-rrugetimi-i-kosoves-mori-kahun-e-synuar-nder-breza\/#primaryimage\"},\"thumbnailUrl\":\"https:\/\/president-ksgov.net\/wp-content\/uploads\/26_09_2021_3408002_IMG_54a356fd8825d7425790aec67877e816_V.jpg\",\"datePublished\":\"2021-09-26T19:56:04+00:00\",\"dateModified\":\"2023-03-07T09:01:33+00:00\",\"author\":{\"@id\":\"https:\/\/president-ksgov.net\/#\/schema\/person\/bb4337a5fb147cb2046d80548172cbee\"},\"description\":\"The President: On September 26th 1991, Kosovo&#039;s journey took the direction aimed by many a generation - President of the Republic of Kosovo - DR. VJOSA OSMANI - SADRIU -\",\"breadcrumb\":{\"@id\":\"https:\/\/president-ksgov.net\/presidentja-me-26-shtator-te-vitit-1991-rrugetimi-i-kosoves-mori-kahun-e-synuar-nder-breza\/#breadcrumb\"},\"inLanguage\":\"en-US\",\"potentialAction\":[{\"@type\":\"ReadAction\",\"target\":[\"https:\/\/president-ksgov.net\/presidentja-me-26-shtator-te-vitit-1991-rrugetimi-i-kosoves-mori-kahun-e-synuar-nder-breza\/\"]}]},{\"@type\":\"ImageObject\",\"inLanguage\":\"en-US\",\"@id\":\"https:\/\/president-ksgov.net\/presidentja-me-26-shtator-te-vitit-1991-rrugetimi-i-kosoves-mori-kahun-e-synuar-nder-breza\/#primaryimage\",\"url\":\"https:\/\/president-ksgov.net\/wp-content\/uploads\/26_09_2021_3408002_IMG_54a356fd8825d7425790aec67877e816_V.jpg\",\"contentUrl\":\"https:\/\/president-ksgov.net\/wp-content\/uploads\/26_09_2021_3408002_IMG_54a356fd8825d7425790aec67877e816_V.jpg\",\"width\":960,\"height\":640},{\"@type\":\"BreadcrumbList\",\"@id\":\"https:\/\/president-ksgov.net\/presidentja-me-26-shtator-te-vitit-1991-rrugetimi-i-kosoves-mori-kahun-e-synuar-nder-breza\/#breadcrumb\",\"itemListElement\":[{\"@type\":\"ListItem\",\"position\":1,\"name\":\"Home\",\"item\":\"https:\/\/president-ksgov.net\/en\/\"},{\"@type\":\"ListItem\",\"position\":2,\"name\":\"The President: On September 26th 1991, Kosovo&#039;s journey took the direction aimed by many a generation\"}]},{\"@type\":\"WebSite\",\"@id\":\"https:\/\/president-ksgov.net\/#website\",\"url\":\"https:\/\/president-ksgov.net\/\",\"name\":\"Presidente e Republik\u00ebs s\u00eb Kosov\u00ebs\",\"description\":\"Presidente e Republik\u00ebs s\u00eb Kosov\u00ebs\",\"alternateName\":\"DR. VJOSA OSMANI - SADRIU\",\"potentialAction\":[{\"@type\":\"SearchAction\",\"target\":{\"@type\":\"EntryPoint\",\"urlTemplate\":\"https:\/\/president-ksgov.net\/?s={search_term_string}\"},\"query-input\":{\"@type\":\"PropertyValueSpecification\",\"valueRequired\":true,\"valueName\":\"search_term_string\"}}],\"inLanguage\":\"en-US\"},{\"@type\":\"Person\",\"@id\":\"https:\/\/president-ksgov.net\/#\/schema\/person\/bb4337a5fb147cb2046d80548172cbee\",\"name\":\"admin\",\"image\":{\"@type\":\"ImageObject\",\"inLanguage\":\"en-US\",\"@id\":\"https:\/\/president-ksgov.net\/#\/schema\/person\/image\/\",\"url\":\"https:\/\/secure.gravatar.com\/avatar\/36156ca0fa3b8d9d25174f146e16beea0cf28f37adf1b9e19b6c9c279a7c9dd3?s=96&d=mm&r=g\",\"contentUrl\":\"https:\/\/secure.gravatar.com\/avatar\/36156ca0fa3b8d9d25174f146e16beea0cf28f37adf1b9e19b6c9c279a7c9dd3?s=96&d=mm&r=g\",\"caption\":\"admin\"},\"sameAs\":[\"https:\/\/president-ksgov.net\"]}]}<\/script>\n<!-- \/ Yoast SEO plugin. -->","yoast_head_json":{"title":"The President: On September 26th 1991, Kosovo&#039;s journey took the direction aimed by many a generation - President of the Republic of Kosovo - DR. VJOSA OSMANI - SADRIU","description":"The President: On September 26th 1991, Kosovo&#039;s journey took the direction aimed by many a generation - President of the Republic of Kosovo - DR. VJOSA OSMANI - SADRIU -","robots":{"index":"index","follow":"follow","max-snippet":"max-snippet:-1","max-image-preview":"max-image-preview:large","max-video-preview":"max-video-preview:-1"},"canonical":"https:\/\/president-ksgov.net\/presidentja-me-26-shtator-te-vitit-1991-rrugetimi-i-kosoves-mori-kahun-e-synuar-nder-breza\/","og_locale":"en_US","og_type":"article","og_title":"The President: On September 26th 1991, Kosovo&#039;s journey took the direction aimed by many a generation - President of the Republic of Kosovo - DR. VJOSA OSMANI - SADRIU","og_description":"The President: On September 26th 1991, Kosovo&#039;s journey took the direction aimed by many a generation - President of the Republic of Kosovo - DR. VJOSA OSMANI - SADRIU -","og_url":"https:\/\/president-ksgov.net\/presidentja-me-26-shtator-te-vitit-1991-rrugetimi-i-kosoves-mori-kahun-e-synuar-nder-breza\/","og_site_name":"President of the Republic of Kosovo - DR. VJOSA OSMANI - SADRIU","article_published_time":"2021-09-26T19:56:04+00:00","article_modified_time":"2023-03-07T09:01:33+00:00","og_image":[{"width":960,"height":640,"url":"https:\/\/president-ksgov.net\/wp-content\/uploads\/26_09_2021_3408002_IMG_54a356fd8825d7425790aec67877e816_V.jpg","type":"image\/jpeg"}],"author":"admin","twitter_card":"summary_large_image","twitter_misc":{"Written by":"admin","Est. reading time":"1 minute"},"schema":{"@context":"https:\/\/schema.org","@graph":[{"@type":"WebPage","@id":"https:\/\/president-ksgov.net\/presidentja-me-26-shtator-te-vitit-1991-rrugetimi-i-kosoves-mori-kahun-e-synuar-nder-breza\/","url":"https:\/\/president-ksgov.net\/presidentja-me-26-shtator-te-vitit-1991-rrugetimi-i-kosoves-mori-kahun-e-synuar-nder-breza\/","name":"The President: On September 26th 1991, Kosovo&#039;s journey took the direction aimed by many a generation - President of the Republic of Kosovo - DR. VJOSA OSMANI - SADRIU","isPartOf":{"@id":"https:\/\/president-ksgov.net\/#website"},"primaryImageOfPage":{"@id":"https:\/\/president-ksgov.net\/presidentja-me-26-shtator-te-vitit-1991-rrugetimi-i-kosoves-mori-kahun-e-synuar-nder-breza\/#primaryimage"},"image":{"@id":"https:\/\/president-ksgov.net\/presidentja-me-26-shtator-te-vitit-1991-rrugetimi-i-kosoves-mori-kahun-e-synuar-nder-breza\/#primaryimage"},"thumbnailUrl":"https:\/\/president-ksgov.net\/wp-content\/uploads\/26_09_2021_3408002_IMG_54a356fd8825d7425790aec67877e816_V.jpg","datePublished":"2021-09-26T19:56:04+00:00","dateModified":"2023-03-07T09:01:33+00:00","author":{"@id":"https:\/\/president-ksgov.net\/#\/schema\/person\/bb4337a5fb147cb2046d80548172cbee"},"description":"The President: On September 26th 1991, Kosovo&#039;s journey took the direction aimed by many a generation - President of the Republic of Kosovo - DR. VJOSA OSMANI - SADRIU -","breadcrumb":{"@id":"https:\/\/president-ksgov.net\/presidentja-me-26-shtator-te-vitit-1991-rrugetimi-i-kosoves-mori-kahun-e-synuar-nder-breza\/#breadcrumb"},"inLanguage":"en-US","potentialAction":[{"@type":"ReadAction","target":["https:\/\/president-ksgov.net\/presidentja-me-26-shtator-te-vitit-1991-rrugetimi-i-kosoves-mori-kahun-e-synuar-nder-breza\/"]}]},{"@type":"ImageObject","inLanguage":"en-US","@id":"https:\/\/president-ksgov.net\/presidentja-me-26-shtator-te-vitit-1991-rrugetimi-i-kosoves-mori-kahun-e-synuar-nder-breza\/#primaryimage","url":"https:\/\/president-ksgov.net\/wp-content\/uploads\/26_09_2021_3408002_IMG_54a356fd8825d7425790aec67877e816_V.jpg","contentUrl":"https:\/\/president-ksgov.net\/wp-content\/uploads\/26_09_2021_3408002_IMG_54a356fd8825d7425790aec67877e816_V.jpg","width":960,"height":640},{"@type":"BreadcrumbList","@id":"https:\/\/president-ksgov.net\/presidentja-me-26-shtator-te-vitit-1991-rrugetimi-i-kosoves-mori-kahun-e-synuar-nder-breza\/#breadcrumb","itemListElement":[{"@type":"ListItem","position":1,"name":"Home","item":"https:\/\/president-ksgov.net\/en\/"},{"@type":"ListItem","position":2,"name":"The President: On September 26th 1991, Kosovo&#039;s journey took the direction aimed by many a generation"}]},{"@type":"WebSite","@id":"https:\/\/president-ksgov.net\/#website","url":"https:\/\/president-ksgov.net\/","name":"Presidente e Republik\u00ebs s\u00eb Kosov\u00ebs","description":"Presidente e Republik\u00ebs s\u00eb Kosov\u00ebs","alternateName":"DR. VJOSA OSMANI - SADRIU","potentialAction":[{"@type":"SearchAction","target":{"@type":"EntryPoint","urlTemplate":"https:\/\/president-ksgov.net\/?s={search_term_string}"},"query-input":{"@type":"PropertyValueSpecification","valueRequired":true,"valueName":"search_term_string"}}],"inLanguage":"en-US"},{"@type":"Person","@id":"https:\/\/president-ksgov.net\/#\/schema\/person\/bb4337a5fb147cb2046d80548172cbee","name":"admin","image":{"@type":"ImageObject","inLanguage":"en-US","@id":"https:\/\/president-ksgov.net\/#\/schema\/person\/image\/","url":"https:\/\/secure.gravatar.com\/avatar\/36156ca0fa3b8d9d25174f146e16beea0cf28f37adf1b9e19b6c9c279a7c9dd3?s=96&d=mm&r=g","contentUrl":"https:\/\/secure.gravatar.com\/avatar\/36156ca0fa3b8d9d25174f146e16beea0cf28f37adf1b9e19b6c9c279a7c9dd3?s=96&d=mm&r=g","caption":"admin"},"sameAs":["https:\/\/president-ksgov.net"]}]}},"_links":{"self":[{"href":"https:\/\/president-ksgov.net\/en\/wp-json\/wp\/v2\/posts\/67133","targetHints":{"allow":["GET"]}}],"collection":[{"href":"https:\/\/president-ksgov.net\/en\/wp-json\/wp\/v2\/posts"}],"about":[{"href":"https:\/\/president-ksgov.net\/en\/wp-json\/wp\/v2\/types\/post"}],"author":[{"embeddable":true,"href":"https:\/\/president-ksgov.net\/en\/wp-json\/wp\/v2\/users\/1"}],"replies":[{"embeddable":true,"href":"https:\/\/president-ksgov.net\/en\/wp-json\/wp\/v2\/comments?post=67133"}],"version-history":[{"count":0,"href":"https:\/\/president-ksgov.net\/en\/wp-json\/wp\/v2\/posts\/67133\/revisions"}],"wp:featuredmedia":[{"embeddable":true,"href":"https:\/\/president-ksgov.net\/en\/wp-json\/wp\/v2\/media\/18325"}],"wp:attachment":[{"href":"https:\/\/president-ksgov.net\/en\/wp-json\/wp\/v2\/media?parent=67133"}],"wp:term":[{"taxonomy":"category","embeddable":true,"href":"https:\/\/president-ksgov.net\/en\/wp-json\/wp\/v2\/categories?post=67133"},{"taxonomy":"post_tag","embeddable":true,"href":"https:\/\/president-ksgov.net\/en\/wp-json\/wp\/v2\/tags?post=67133"}],"curies":[{"name":"wp","href":"https:\/\/api.w.org\/{rel}","templated":true}]}}