{"id":67131,"date":"2021-09-28T15:57:17","date_gmt":"2021-09-28T15:57:17","guid":{"rendered":"https:\/\/dev.president-ksgov.net\/president-osmani-received-at-a-meeting-the-ambassador-of-germany-jorn-rohde-2\/"},"modified":"2023-03-07T09:01:33","modified_gmt":"2023-03-07T09:01:33","slug":"president-osmani-received-at-a-meeting-the-ambassador-of-germany-jorn-rohde-2","status":"publish","type":"post","link":"https:\/\/president-ksgov.net\/en\/president-osmani-received-at-a-meeting-the-ambassador-of-germany-jorn-rohde-2\/","title":{"rendered":"President Osmani received at a meeting the Ambassador of Germany J\u00f6rn Rohde"},"content":{"rendered":"<p>The President of the Republic of Kosovo Vjosa Osmani received today at a meeting the Ambassador of Germany J\u00f6rn Rohde, with whom she discussed the security situation in the country, with special emphasis on the situation in the north of the country. President Osmani pointed out that Republic of Kosovo has not in any case incited or created tensions and that the presence of the police force in the north is in service of maintaining of the peace and public order for all citizens regardless. According to President Osmani, Serbia, through discourse and incitement is trying to destabilize the north of the country.<\/p>\n<p>\u00a0President Osmani also reaffirmed the commitment of the institutions of the Republic of Kosovo to implement substantive reforms in the field of rule of law, as a precondition for sustainable development and further advancement of the Euro-Atlantic integration process.<\/p>\n<p>President Osmani also congratulated Ambassador Rohde on the election process in Germany, emphasizing that Republic of Kosovo is always ready to expand its cooperation with German institutions.<\/p>\n","protected":false},"excerpt":{"rendered":"<p>The President of the Republic of Kosovo Vjosa Osmani received today at a meeting the Ambassador of Germany J\u00f6rn Rohde, with whom she discussed the security situation in the country, with special emphasis on the situation in the north of the country. President Osmani pointed out that Republic of Kosovo has not in any case incited or created tensions and that the presence of the police force in the north is in service of maintaining of the peace and public order for all citizens regardless. According to President Osmani, Serbia, through discourse and incitement is trying to destabilize the north of the country. \u00a0President Osmani also reaffirmed the commitment of the institutions of the Republic of Kosovo to implement substantive reforms in the field of rule of law, as a precondition for sustainable development and further advancement of the Euro-Atlantic integration process. President Osmani also congratulated Ambassador Rohde on the election process in Germany, emphasizing that Republic of Kosovo is always ready to expand its cooperation with German institutions.<\/p>\n","protected":false},"author":1,"featured_media":18308,"comment_status":"open","ping_status":"closed","sticky":false,"template":"","format":"standard","meta":{"_eb_attr":"","footnotes":""},"categories":[111],"tags":[],"class_list":["post-67131","post","type-post","status-publish","format-standard","has-post-thumbnail","hentry","category-news"],"yoast_head":"<!-- This site is optimized with the Yoast SEO plugin v23.5 - https:\/\/yoast.com\/wordpress\/plugins\/seo\/ -->\n<title>President Osmani received at a meeting the Ambassador of Germany J\u00f6rn Rohde - President of the Republic of Kosovo - DR. VJOSA OSMANI - SADRIU<\/title>\n<meta name=\"description\" content=\"President Osmani received at a meeting the Ambassador of Germany J\u00f6rn Rohde - President of the Republic of Kosovo - DR. VJOSA OSMANI - SADRIU -\" \/>\n<meta name=\"robots\" content=\"index, follow, max-snippet:-1, max-image-preview:large, max-video-preview:-1\" \/>\n<link rel=\"canonical\" href=\"https:\/\/president-ksgov.net\/presidentja-osmani-priti-ne-takim-ambasadorin-e-gjermanise-jorn-rohde-4\/\" \/>\n<meta property=\"og:locale\" content=\"en_US\" \/>\n<meta property=\"og:type\" content=\"article\" \/>\n<meta property=\"og:title\" content=\"President Osmani received at a meeting the Ambassador of Germany J\u00f6rn Rohde - President of the Republic of Kosovo - DR. VJOSA OSMANI - SADRIU\" \/>\n<meta property=\"og:description\" content=\"President Osmani received at a meeting the Ambassador of Germany J\u00f6rn Rohde - President of the Republic of Kosovo - DR. VJOSA OSMANI - SADRIU -\" \/>\n<meta property=\"og:url\" content=\"https:\/\/president-ksgov.net\/presidentja-osmani-priti-ne-takim-ambasadorin-e-gjermanise-jorn-rohde-4\/\" \/>\n<meta property=\"og:site_name\" content=\"President of the Republic of Kosovo - DR. VJOSA OSMANI - SADRIU\" \/>\n<meta property=\"article:published_time\" content=\"2021-09-28T15:57:17+00:00\" \/>\n<meta property=\"article:modified_time\" content=\"2023-03-07T09:01:33+00:00\" \/>\n<meta property=\"og:image\" content=\"https:\/\/president-ksgov.net\/wp-content\/uploads\/28_09_2021_796476_Presidentja_Osmani_priti_ne_takim_ambasadorin_e_Gjermanise_J__rn_Rohde_1.jpg\" \/>\n\t<meta property=\"og:image:width\" content=\"800\" \/>\n\t<meta property=\"og:image:height\" content=\"527\" \/>\n\t<meta property=\"og:image:type\" content=\"image\/jpeg\" \/>\n<meta name=\"author\" content=\"admin\" \/>\n<meta name=\"twitter:card\" content=\"summary_large_image\" \/>\n<meta name=\"twitter:label1\" content=\"Written by\" \/>\n\t<meta name=\"twitter:data1\" content=\"admin\" \/>\n\t<meta name=\"twitter:label2\" content=\"Est. reading time\" \/>\n\t<meta name=\"twitter:data2\" content=\"1 minute\" \/>\n<script type=\"application\/ld+json\" class=\"yoast-schema-graph\">{\"@context\":\"https:\/\/schema.org\",\"@graph\":[{\"@type\":\"WebPage\",\"@id\":\"https:\/\/president-ksgov.net\/presidentja-osmani-priti-ne-takim-ambasadorin-e-gjermanise-jorn-rohde-4\/\",\"url\":\"https:\/\/president-ksgov.net\/presidentja-osmani-priti-ne-takim-ambasadorin-e-gjermanise-jorn-rohde-4\/\",\"name\":\"President Osmani received at a meeting the Ambassador of Germany J\u00f6rn Rohde - President of the Republic of Kosovo - DR. VJOSA OSMANI - SADRIU\",\"isPartOf\":{\"@id\":\"https:\/\/president-ksgov.net\/#website\"},\"primaryImageOfPage\":{\"@id\":\"https:\/\/president-ksgov.net\/presidentja-osmani-priti-ne-takim-ambasadorin-e-gjermanise-jorn-rohde-4\/#primaryimage\"},\"image\":{\"@id\":\"https:\/\/president-ksgov.net\/presidentja-osmani-priti-ne-takim-ambasadorin-e-gjermanise-jorn-rohde-4\/#primaryimage\"},\"thumbnailUrl\":\"https:\/\/president-ksgov.net\/wp-content\/uploads\/28_09_2021_796476_Presidentja_Osmani_priti_ne_takim_ambasadorin_e_Gjermanise_J__rn_Rohde_1.jpg\",\"datePublished\":\"2021-09-28T15:57:17+00:00\",\"dateModified\":\"2023-03-07T09:01:33+00:00\",\"author\":{\"@id\":\"https:\/\/president-ksgov.net\/#\/schema\/person\/bb4337a5fb147cb2046d80548172cbee\"},\"description\":\"President Osmani received at a meeting the Ambassador of Germany J\u00f6rn Rohde - President of the Republic of Kosovo - DR. VJOSA OSMANI - SADRIU -\",\"breadcrumb\":{\"@id\":\"https:\/\/president-ksgov.net\/presidentja-osmani-priti-ne-takim-ambasadorin-e-gjermanise-jorn-rohde-4\/#breadcrumb\"},\"inLanguage\":\"en-US\",\"potentialAction\":[{\"@type\":\"ReadAction\",\"target\":[\"https:\/\/president-ksgov.net\/presidentja-osmani-priti-ne-takim-ambasadorin-e-gjermanise-jorn-rohde-4\/\"]}]},{\"@type\":\"ImageObject\",\"inLanguage\":\"en-US\",\"@id\":\"https:\/\/president-ksgov.net\/presidentja-osmani-priti-ne-takim-ambasadorin-e-gjermanise-jorn-rohde-4\/#primaryimage\",\"url\":\"https:\/\/president-ksgov.net\/wp-content\/uploads\/28_09_2021_796476_Presidentja_Osmani_priti_ne_takim_ambasadorin_e_Gjermanise_J__rn_Rohde_1.jpg\",\"contentUrl\":\"https:\/\/president-ksgov.net\/wp-content\/uploads\/28_09_2021_796476_Presidentja_Osmani_priti_ne_takim_ambasadorin_e_Gjermanise_J__rn_Rohde_1.jpg\",\"width\":800,\"height\":527},{\"@type\":\"BreadcrumbList\",\"@id\":\"https:\/\/president-ksgov.net\/presidentja-osmani-priti-ne-takim-ambasadorin-e-gjermanise-jorn-rohde-4\/#breadcrumb\",\"itemListElement\":[{\"@type\":\"ListItem\",\"position\":1,\"name\":\"Home\",\"item\":\"https:\/\/president-ksgov.net\/en\/\"},{\"@type\":\"ListItem\",\"position\":2,\"name\":\"President Osmani received at a meeting the Ambassador of Germany J\u00f6rn Rohde\"}]},{\"@type\":\"WebSite\",\"@id\":\"https:\/\/president-ksgov.net\/#website\",\"url\":\"https:\/\/president-ksgov.net\/\",\"name\":\"Presidente e Republik\u00ebs s\u00eb Kosov\u00ebs\",\"description\":\"Presidente e Republik\u00ebs s\u00eb Kosov\u00ebs\",\"alternateName\":\"DR. VJOSA OSMANI - SADRIU\",\"potentialAction\":[{\"@type\":\"SearchAction\",\"target\":{\"@type\":\"EntryPoint\",\"urlTemplate\":\"https:\/\/president-ksgov.net\/?s={search_term_string}\"},\"query-input\":{\"@type\":\"PropertyValueSpecification\",\"valueRequired\":true,\"valueName\":\"search_term_string\"}}],\"inLanguage\":\"en-US\"},{\"@type\":\"Person\",\"@id\":\"https:\/\/president-ksgov.net\/#\/schema\/person\/bb4337a5fb147cb2046d80548172cbee\",\"name\":\"admin\",\"image\":{\"@type\":\"ImageObject\",\"inLanguage\":\"en-US\",\"@id\":\"https:\/\/president-ksgov.net\/#\/schema\/person\/image\/\",\"url\":\"https:\/\/secure.gravatar.com\/avatar\/36156ca0fa3b8d9d25174f146e16beea0cf28f37adf1b9e19b6c9c279a7c9dd3?s=96&d=mm&r=g\",\"contentUrl\":\"https:\/\/secure.gravatar.com\/avatar\/36156ca0fa3b8d9d25174f146e16beea0cf28f37adf1b9e19b6c9c279a7c9dd3?s=96&d=mm&r=g\",\"caption\":\"admin\"},\"sameAs\":[\"https:\/\/president-ksgov.net\"]}]}<\/script>\n<!-- \/ Yoast SEO plugin. -->","yoast_head_json":{"title":"President Osmani received at a meeting the Ambassador of Germany J\u00f6rn Rohde - President of the Republic of Kosovo - DR. VJOSA OSMANI - SADRIU","description":"President Osmani received at a meeting the Ambassador of Germany J\u00f6rn Rohde - President of the Republic of Kosovo - DR. VJOSA OSMANI - SADRIU -","robots":{"index":"index","follow":"follow","max-snippet":"max-snippet:-1","max-image-preview":"max-image-preview:large","max-video-preview":"max-video-preview:-1"},"canonical":"https:\/\/president-ksgov.net\/presidentja-osmani-priti-ne-takim-ambasadorin-e-gjermanise-jorn-rohde-4\/","og_locale":"en_US","og_type":"article","og_title":"President Osmani received at a meeting the Ambassador of Germany J\u00f6rn Rohde - President of the Republic of Kosovo - DR. VJOSA OSMANI - SADRIU","og_description":"President Osmani received at a meeting the Ambassador of Germany J\u00f6rn Rohde - President of the Republic of Kosovo - DR. VJOSA OSMANI - SADRIU -","og_url":"https:\/\/president-ksgov.net\/presidentja-osmani-priti-ne-takim-ambasadorin-e-gjermanise-jorn-rohde-4\/","og_site_name":"President of the Republic of Kosovo - DR. VJOSA OSMANI - SADRIU","article_published_time":"2021-09-28T15:57:17+00:00","article_modified_time":"2023-03-07T09:01:33+00:00","og_image":[{"width":800,"height":527,"url":"https:\/\/president-ksgov.net\/wp-content\/uploads\/28_09_2021_796476_Presidentja_Osmani_priti_ne_takim_ambasadorin_e_Gjermanise_J__rn_Rohde_1.jpg","type":"image\/jpeg"}],"author":"admin","twitter_card":"summary_large_image","twitter_misc":{"Written by":"admin","Est. reading time":"1 minute"},"schema":{"@context":"https:\/\/schema.org","@graph":[{"@type":"WebPage","@id":"https:\/\/president-ksgov.net\/presidentja-osmani-priti-ne-takim-ambasadorin-e-gjermanise-jorn-rohde-4\/","url":"https:\/\/president-ksgov.net\/presidentja-osmani-priti-ne-takim-ambasadorin-e-gjermanise-jorn-rohde-4\/","name":"President Osmani received at a meeting the Ambassador of Germany J\u00f6rn Rohde - President of the Republic of Kosovo - DR. VJOSA OSMANI - SADRIU","isPartOf":{"@id":"https:\/\/president-ksgov.net\/#website"},"primaryImageOfPage":{"@id":"https:\/\/president-ksgov.net\/presidentja-osmani-priti-ne-takim-ambasadorin-e-gjermanise-jorn-rohde-4\/#primaryimage"},"image":{"@id":"https:\/\/president-ksgov.net\/presidentja-osmani-priti-ne-takim-ambasadorin-e-gjermanise-jorn-rohde-4\/#primaryimage"},"thumbnailUrl":"https:\/\/president-ksgov.net\/wp-content\/uploads\/28_09_2021_796476_Presidentja_Osmani_priti_ne_takim_ambasadorin_e_Gjermanise_J__rn_Rohde_1.jpg","datePublished":"2021-09-28T15:57:17+00:00","dateModified":"2023-03-07T09:01:33+00:00","author":{"@id":"https:\/\/president-ksgov.net\/#\/schema\/person\/bb4337a5fb147cb2046d80548172cbee"},"description":"President Osmani received at a meeting the Ambassador of Germany J\u00f6rn Rohde - President of the Republic of Kosovo - DR. VJOSA OSMANI - SADRIU -","breadcrumb":{"@id":"https:\/\/president-ksgov.net\/presidentja-osmani-priti-ne-takim-ambasadorin-e-gjermanise-jorn-rohde-4\/#breadcrumb"},"inLanguage":"en-US","potentialAction":[{"@type":"ReadAction","target":["https:\/\/president-ksgov.net\/presidentja-osmani-priti-ne-takim-ambasadorin-e-gjermanise-jorn-rohde-4\/"]}]},{"@type":"ImageObject","inLanguage":"en-US","@id":"https:\/\/president-ksgov.net\/presidentja-osmani-priti-ne-takim-ambasadorin-e-gjermanise-jorn-rohde-4\/#primaryimage","url":"https:\/\/president-ksgov.net\/wp-content\/uploads\/28_09_2021_796476_Presidentja_Osmani_priti_ne_takim_ambasadorin_e_Gjermanise_J__rn_Rohde_1.jpg","contentUrl":"https:\/\/president-ksgov.net\/wp-content\/uploads\/28_09_2021_796476_Presidentja_Osmani_priti_ne_takim_ambasadorin_e_Gjermanise_J__rn_Rohde_1.jpg","width":800,"height":527},{"@type":"BreadcrumbList","@id":"https:\/\/president-ksgov.net\/presidentja-osmani-priti-ne-takim-ambasadorin-e-gjermanise-jorn-rohde-4\/#breadcrumb","itemListElement":[{"@type":"ListItem","position":1,"name":"Home","item":"https:\/\/president-ksgov.net\/en\/"},{"@type":"ListItem","position":2,"name":"President Osmani received at a meeting the Ambassador of Germany J\u00f6rn Rohde"}]},{"@type":"WebSite","@id":"https:\/\/president-ksgov.net\/#website","url":"https:\/\/president-ksgov.net\/","name":"Presidente e Republik\u00ebs s\u00eb Kosov\u00ebs","description":"Presidente e Republik\u00ebs s\u00eb Kosov\u00ebs","alternateName":"DR. VJOSA OSMANI - SADRIU","potentialAction":[{"@type":"SearchAction","target":{"@type":"EntryPoint","urlTemplate":"https:\/\/president-ksgov.net\/?s={search_term_string}"},"query-input":{"@type":"PropertyValueSpecification","valueRequired":true,"valueName":"search_term_string"}}],"inLanguage":"en-US"},{"@type":"Person","@id":"https:\/\/president-ksgov.net\/#\/schema\/person\/bb4337a5fb147cb2046d80548172cbee","name":"admin","image":{"@type":"ImageObject","inLanguage":"en-US","@id":"https:\/\/president-ksgov.net\/#\/schema\/person\/image\/","url":"https:\/\/secure.gravatar.com\/avatar\/36156ca0fa3b8d9d25174f146e16beea0cf28f37adf1b9e19b6c9c279a7c9dd3?s=96&d=mm&r=g","contentUrl":"https:\/\/secure.gravatar.com\/avatar\/36156ca0fa3b8d9d25174f146e16beea0cf28f37adf1b9e19b6c9c279a7c9dd3?s=96&d=mm&r=g","caption":"admin"},"sameAs":["https:\/\/president-ksgov.net"]}]}},"_links":{"self":[{"href":"https:\/\/president-ksgov.net\/en\/wp-json\/wp\/v2\/posts\/67131","targetHints":{"allow":["GET"]}}],"collection":[{"href":"https:\/\/president-ksgov.net\/en\/wp-json\/wp\/v2\/posts"}],"about":[{"href":"https:\/\/president-ksgov.net\/en\/wp-json\/wp\/v2\/types\/post"}],"author":[{"embeddable":true,"href":"https:\/\/president-ksgov.net\/en\/wp-json\/wp\/v2\/users\/1"}],"replies":[{"embeddable":true,"href":"https:\/\/president-ksgov.net\/en\/wp-json\/wp\/v2\/comments?post=67131"}],"version-history":[{"count":0,"href":"https:\/\/president-ksgov.net\/en\/wp-json\/wp\/v2\/posts\/67131\/revisions"}],"wp:featuredmedia":[{"embeddable":true,"href":"https:\/\/president-ksgov.net\/en\/wp-json\/wp\/v2\/media\/18308"}],"wp:attachment":[{"href":"https:\/\/president-ksgov.net\/en\/wp-json\/wp\/v2\/media?parent=67131"}],"wp:term":[{"taxonomy":"category","embeddable":true,"href":"https:\/\/president-ksgov.net\/en\/wp-json\/wp\/v2\/categories?post=67131"},{"taxonomy":"post_tag","embeddable":true,"href":"https:\/\/president-ksgov.net\/en\/wp-json\/wp\/v2\/tags?post=67131"}],"curies":[{"name":"wp","href":"https:\/\/api.w.org\/{rel}","templated":true}]}}