{"id":67117,"date":"2021-10-12T09:59:40","date_gmt":"2021-10-12T09:59:40","guid":{"rendered":"https:\/\/dev.president-ksgov.net\/president-osmani-awards-the-kfor-commander-in-kosovo-major-general-franco-federici-the-presidential-military-medal-on-the-occasion-of-the-end-of-his-mandate\/"},"modified":"2023-03-07T09:00:59","modified_gmt":"2023-03-07T09:00:59","slug":"president-osmani-awards-the-kfor-commander-in-kosovo-major-general-franco-federici-the-presidential-military-medal-on-the-occasion-of-the-end-of-his-mandate","status":"publish","type":"post","link":"https:\/\/president-ksgov.net\/en\/president-osmani-awards-the-kfor-commander-in-kosovo-major-general-franco-federici-the-presidential-military-medal-on-the-occasion-of-the-end-of-his-mandate\/","title":{"rendered":"President Osmani awards the KFOR Commander in Kosovo Major General Franco Federici the Presidential Military Medal on the occasion of the end of his mandate"},"content":{"rendered":"<p>The President of the Republic of Kosovo Vjosa Osmani has awarded the KFOR Commander in Kosovo Major General Franco Federici the Presidential Military Medal for contribution in service of peace, security and stability during his mandate at the helm of these troops.<\/p>\n<p>President Osmani emphasized the readiness to continue the cooperation with KFOR, adding that NATO membership remains Kosovo\u2019s strategic goal.<\/p>\n","protected":false},"excerpt":{"rendered":"<p>The President of the Republic of Kosovo Vjosa Osmani has awarded the KFOR Commander in Kosovo Major General Franco Federici the Presidential Military Medal for contribution in service of peace, security and stability during his mandate at the helm of these troops. President Osmani emphasized the readiness to continue the cooperation with KFOR, adding that NATO membership remains Kosovo\u2019s strategic goal.<\/p>\n","protected":false},"author":1,"featured_media":18168,"comment_status":"open","ping_status":"closed","sticky":false,"template":"","format":"standard","meta":{"_eb_attr":"","footnotes":""},"categories":[111],"tags":[],"class_list":["post-67117","post","type-post","status-publish","format-standard","has-post-thumbnail","hentry","category-news"],"yoast_head":"<!-- This site is optimized with the Yoast SEO plugin v23.5 - https:\/\/yoast.com\/wordpress\/plugins\/seo\/ -->\n<title>President Osmani awards the KFOR Commander in Kosovo Major General Franco Federici the Presidential Military Medal on the occasion of the end of his mandate - President of the Republic of Kosovo - DR. VJOSA OSMANI - SADRIU<\/title>\n<meta name=\"description\" content=\"President Osmani awards the KFOR Commander in Kosovo Major General Franco Federici the Presidential Military Medal on the occasion of the end of his mandate - President of the Republic of Kosovo - DR. VJOSA OSMANI - SADRIU -\" \/>\n<meta name=\"robots\" content=\"index, follow, max-snippet:-1, max-image-preview:large, max-video-preview:-1\" \/>\n<link rel=\"canonical\" href=\"https:\/\/president-ksgov.net\/en\/president-osmani-awards-the-kfor-commander-in-kosovo-major-general-franco-federici-the-presidential-military-medal-on-the-occasion-of-the-end-of-his-mandate\/\" \/>\n<meta property=\"og:locale\" content=\"en_US\" \/>\n<meta property=\"og:type\" content=\"article\" \/>\n<meta property=\"og:title\" content=\"President Osmani awards the KFOR Commander in Kosovo Major General Franco Federici the Presidential Military Medal on the occasion of the end of his mandate - President of the Republic of Kosovo - DR. VJOSA OSMANI - SADRIU\" \/>\n<meta property=\"og:description\" content=\"President Osmani awards the KFOR Commander in Kosovo Major General Franco Federici the Presidential Military Medal on the occasion of the end of his mandate - President of the Republic of Kosovo - DR. VJOSA OSMANI - SADRIU -\" \/>\n<meta property=\"og:url\" content=\"https:\/\/president-ksgov.net\/en\/president-osmani-awards-the-kfor-commander-in-kosovo-major-general-franco-federici-the-presidential-military-medal-on-the-occasion-of-the-end-of-his-mandate\/\" \/>\n<meta property=\"og:site_name\" content=\"President of the Republic of Kosovo - DR. VJOSA OSMANI - SADRIU\" \/>\n<meta property=\"article:published_time\" content=\"2021-10-12T09:59:40+00:00\" \/>\n<meta property=\"article:modified_time\" content=\"2023-03-07T09:00:59+00:00\" \/>\n<meta property=\"og:image\" content=\"https:\/\/president-ksgov.net\/wp-content\/uploads\/12_10_2021_9082413_245273807_1448354792194479_8707397527250425650_n.jpg\" \/>\n\t<meta property=\"og:image:width\" content=\"768\" \/>\n\t<meta property=\"og:image:height\" content=\"512\" \/>\n\t<meta property=\"og:image:type\" content=\"image\/jpeg\" \/>\n<meta name=\"author\" content=\"admin\" \/>\n<meta name=\"twitter:card\" content=\"summary_large_image\" \/>\n<meta name=\"twitter:label1\" content=\"Written by\" \/>\n\t<meta name=\"twitter:data1\" content=\"admin\" \/>\n<script type=\"application\/ld+json\" class=\"yoast-schema-graph\">{\"@context\":\"https:\/\/schema.org\",\"@graph\":[{\"@type\":\"WebPage\",\"@id\":\"https:\/\/president-ksgov.net\/en\/president-osmani-awards-the-kfor-commander-in-kosovo-major-general-franco-federici-the-presidential-military-medal-on-the-occasion-of-the-end-of-his-mandate\/\",\"url\":\"https:\/\/president-ksgov.net\/en\/president-osmani-awards-the-kfor-commander-in-kosovo-major-general-franco-federici-the-presidential-military-medal-on-the-occasion-of-the-end-of-his-mandate\/\",\"name\":\"President Osmani awards the KFOR Commander in Kosovo Major General Franco Federici the Presidential Military Medal on the occasion of the end of his mandate - President of the Republic of Kosovo - DR. VJOSA OSMANI - SADRIU\",\"isPartOf\":{\"@id\":\"https:\/\/president-ksgov.net\/#website\"},\"primaryImageOfPage\":{\"@id\":\"https:\/\/president-ksgov.net\/en\/president-osmani-awards-the-kfor-commander-in-kosovo-major-general-franco-federici-the-presidential-military-medal-on-the-occasion-of-the-end-of-his-mandate\/#primaryimage\"},\"image\":{\"@id\":\"https:\/\/president-ksgov.net\/en\/president-osmani-awards-the-kfor-commander-in-kosovo-major-general-franco-federici-the-presidential-military-medal-on-the-occasion-of-the-end-of-his-mandate\/#primaryimage\"},\"thumbnailUrl\":\"https:\/\/president-ksgov.net\/wp-content\/uploads\/12_10_2021_9082413_245273807_1448354792194479_8707397527250425650_n.jpg\",\"datePublished\":\"2021-10-12T09:59:40+00:00\",\"dateModified\":\"2023-03-07T09:00:59+00:00\",\"author\":{\"@id\":\"https:\/\/president-ksgov.net\/#\/schema\/person\/bb4337a5fb147cb2046d80548172cbee\"},\"description\":\"President Osmani awards the KFOR Commander in Kosovo Major General Franco Federici the Presidential Military Medal on the occasion of the end of his mandate - President of the Republic of Kosovo - DR. VJOSA OSMANI - SADRIU -\",\"breadcrumb\":{\"@id\":\"https:\/\/president-ksgov.net\/en\/president-osmani-awards-the-kfor-commander-in-kosovo-major-general-franco-federici-the-presidential-military-medal-on-the-occasion-of-the-end-of-his-mandate\/#breadcrumb\"},\"inLanguage\":\"en-US\",\"potentialAction\":[{\"@type\":\"ReadAction\",\"target\":[\"https:\/\/president-ksgov.net\/en\/president-osmani-awards-the-kfor-commander-in-kosovo-major-general-franco-federici-the-presidential-military-medal-on-the-occasion-of-the-end-of-his-mandate\/\"]}]},{\"@type\":\"ImageObject\",\"inLanguage\":\"en-US\",\"@id\":\"https:\/\/president-ksgov.net\/en\/president-osmani-awards-the-kfor-commander-in-kosovo-major-general-franco-federici-the-presidential-military-medal-on-the-occasion-of-the-end-of-his-mandate\/#primaryimage\",\"url\":\"https:\/\/president-ksgov.net\/wp-content\/uploads\/12_10_2021_9082413_245273807_1448354792194479_8707397527250425650_n.jpg\",\"contentUrl\":\"https:\/\/president-ksgov.net\/wp-content\/uploads\/12_10_2021_9082413_245273807_1448354792194479_8707397527250425650_n.jpg\",\"width\":768,\"height\":512},{\"@type\":\"BreadcrumbList\",\"@id\":\"https:\/\/president-ksgov.net\/en\/president-osmani-awards-the-kfor-commander-in-kosovo-major-general-franco-federici-the-presidential-military-medal-on-the-occasion-of-the-end-of-his-mandate\/#breadcrumb\",\"itemListElement\":[{\"@type\":\"ListItem\",\"position\":1,\"name\":\"Home\",\"item\":\"https:\/\/president-ksgov.net\/en\/\"},{\"@type\":\"ListItem\",\"position\":2,\"name\":\"President Osmani awards the KFOR Commander in Kosovo Major General Franco Federici the Presidential Military Medal on the occasion of the end of his mandate\"}]},{\"@type\":\"WebSite\",\"@id\":\"https:\/\/president-ksgov.net\/#website\",\"url\":\"https:\/\/president-ksgov.net\/\",\"name\":\"Presidente e Republik\u00ebs s\u00eb Kosov\u00ebs\",\"description\":\"Presidente e Republik\u00ebs s\u00eb Kosov\u00ebs\",\"alternateName\":\"DR. VJOSA OSMANI - SADRIU\",\"potentialAction\":[{\"@type\":\"SearchAction\",\"target\":{\"@type\":\"EntryPoint\",\"urlTemplate\":\"https:\/\/president-ksgov.net\/?s={search_term_string}\"},\"query-input\":{\"@type\":\"PropertyValueSpecification\",\"valueRequired\":true,\"valueName\":\"search_term_string\"}}],\"inLanguage\":\"en-US\"},{\"@type\":\"Person\",\"@id\":\"https:\/\/president-ksgov.net\/#\/schema\/person\/bb4337a5fb147cb2046d80548172cbee\",\"name\":\"admin\",\"image\":{\"@type\":\"ImageObject\",\"inLanguage\":\"en-US\",\"@id\":\"https:\/\/president-ksgov.net\/#\/schema\/person\/image\/\",\"url\":\"https:\/\/secure.gravatar.com\/avatar\/36156ca0fa3b8d9d25174f146e16beea0cf28f37adf1b9e19b6c9c279a7c9dd3?s=96&d=mm&r=g\",\"contentUrl\":\"https:\/\/secure.gravatar.com\/avatar\/36156ca0fa3b8d9d25174f146e16beea0cf28f37adf1b9e19b6c9c279a7c9dd3?s=96&d=mm&r=g\",\"caption\":\"admin\"},\"sameAs\":[\"https:\/\/president-ksgov.net\"]}]}<\/script>\n<!-- \/ Yoast SEO plugin. -->","yoast_head_json":{"title":"President Osmani awards the KFOR Commander in Kosovo Major General Franco Federici the Presidential Military Medal on the occasion of the end of his mandate - President of the Republic of Kosovo - DR. VJOSA OSMANI - SADRIU","description":"President Osmani awards the KFOR Commander in Kosovo Major General Franco Federici the Presidential Military Medal on the occasion of the end of his mandate - President of the Republic of Kosovo - DR. VJOSA OSMANI - SADRIU -","robots":{"index":"index","follow":"follow","max-snippet":"max-snippet:-1","max-image-preview":"max-image-preview:large","max-video-preview":"max-video-preview:-1"},"canonical":"https:\/\/president-ksgov.net\/en\/president-osmani-awards-the-kfor-commander-in-kosovo-major-general-franco-federici-the-presidential-military-medal-on-the-occasion-of-the-end-of-his-mandate\/","og_locale":"en_US","og_type":"article","og_title":"President Osmani awards the KFOR Commander in Kosovo Major General Franco Federici the Presidential Military Medal on the occasion of the end of his mandate - President of the Republic of Kosovo - DR. VJOSA OSMANI - SADRIU","og_description":"President Osmani awards the KFOR Commander in Kosovo Major General Franco Federici the Presidential Military Medal on the occasion of the end of his mandate - President of the Republic of Kosovo - DR. VJOSA OSMANI - SADRIU -","og_url":"https:\/\/president-ksgov.net\/en\/president-osmani-awards-the-kfor-commander-in-kosovo-major-general-franco-federici-the-presidential-military-medal-on-the-occasion-of-the-end-of-his-mandate\/","og_site_name":"President of the Republic of Kosovo - DR. VJOSA OSMANI - SADRIU","article_published_time":"2021-10-12T09:59:40+00:00","article_modified_time":"2023-03-07T09:00:59+00:00","og_image":[{"width":768,"height":512,"url":"https:\/\/president-ksgov.net\/wp-content\/uploads\/12_10_2021_9082413_245273807_1448354792194479_8707397527250425650_n.jpg","type":"image\/jpeg"}],"author":"admin","twitter_card":"summary_large_image","twitter_misc":{"Written by":"admin"},"schema":{"@context":"https:\/\/schema.org","@graph":[{"@type":"WebPage","@id":"https:\/\/president-ksgov.net\/en\/president-osmani-awards-the-kfor-commander-in-kosovo-major-general-franco-federici-the-presidential-military-medal-on-the-occasion-of-the-end-of-his-mandate\/","url":"https:\/\/president-ksgov.net\/en\/president-osmani-awards-the-kfor-commander-in-kosovo-major-general-franco-federici-the-presidential-military-medal-on-the-occasion-of-the-end-of-his-mandate\/","name":"President Osmani awards the KFOR Commander in Kosovo Major General Franco Federici the Presidential Military Medal on the occasion of the end of his mandate - President of the Republic of Kosovo - DR. VJOSA OSMANI - SADRIU","isPartOf":{"@id":"https:\/\/president-ksgov.net\/#website"},"primaryImageOfPage":{"@id":"https:\/\/president-ksgov.net\/en\/president-osmani-awards-the-kfor-commander-in-kosovo-major-general-franco-federici-the-presidential-military-medal-on-the-occasion-of-the-end-of-his-mandate\/#primaryimage"},"image":{"@id":"https:\/\/president-ksgov.net\/en\/president-osmani-awards-the-kfor-commander-in-kosovo-major-general-franco-federici-the-presidential-military-medal-on-the-occasion-of-the-end-of-his-mandate\/#primaryimage"},"thumbnailUrl":"https:\/\/president-ksgov.net\/wp-content\/uploads\/12_10_2021_9082413_245273807_1448354792194479_8707397527250425650_n.jpg","datePublished":"2021-10-12T09:59:40+00:00","dateModified":"2023-03-07T09:00:59+00:00","author":{"@id":"https:\/\/president-ksgov.net\/#\/schema\/person\/bb4337a5fb147cb2046d80548172cbee"},"description":"President Osmani awards the KFOR Commander in Kosovo Major General Franco Federici the Presidential Military Medal on the occasion of the end of his mandate - President of the Republic of Kosovo - DR. VJOSA OSMANI - SADRIU -","breadcrumb":{"@id":"https:\/\/president-ksgov.net\/en\/president-osmani-awards-the-kfor-commander-in-kosovo-major-general-franco-federici-the-presidential-military-medal-on-the-occasion-of-the-end-of-his-mandate\/#breadcrumb"},"inLanguage":"en-US","potentialAction":[{"@type":"ReadAction","target":["https:\/\/president-ksgov.net\/en\/president-osmani-awards-the-kfor-commander-in-kosovo-major-general-franco-federici-the-presidential-military-medal-on-the-occasion-of-the-end-of-his-mandate\/"]}]},{"@type":"ImageObject","inLanguage":"en-US","@id":"https:\/\/president-ksgov.net\/en\/president-osmani-awards-the-kfor-commander-in-kosovo-major-general-franco-federici-the-presidential-military-medal-on-the-occasion-of-the-end-of-his-mandate\/#primaryimage","url":"https:\/\/president-ksgov.net\/wp-content\/uploads\/12_10_2021_9082413_245273807_1448354792194479_8707397527250425650_n.jpg","contentUrl":"https:\/\/president-ksgov.net\/wp-content\/uploads\/12_10_2021_9082413_245273807_1448354792194479_8707397527250425650_n.jpg","width":768,"height":512},{"@type":"BreadcrumbList","@id":"https:\/\/president-ksgov.net\/en\/president-osmani-awards-the-kfor-commander-in-kosovo-major-general-franco-federici-the-presidential-military-medal-on-the-occasion-of-the-end-of-his-mandate\/#breadcrumb","itemListElement":[{"@type":"ListItem","position":1,"name":"Home","item":"https:\/\/president-ksgov.net\/en\/"},{"@type":"ListItem","position":2,"name":"President Osmani awards the KFOR Commander in Kosovo Major General Franco Federici the Presidential Military Medal on the occasion of the end of his mandate"}]},{"@type":"WebSite","@id":"https:\/\/president-ksgov.net\/#website","url":"https:\/\/president-ksgov.net\/","name":"Presidente e Republik\u00ebs s\u00eb Kosov\u00ebs","description":"Presidente e Republik\u00ebs s\u00eb Kosov\u00ebs","alternateName":"DR. VJOSA OSMANI - SADRIU","potentialAction":[{"@type":"SearchAction","target":{"@type":"EntryPoint","urlTemplate":"https:\/\/president-ksgov.net\/?s={search_term_string}"},"query-input":{"@type":"PropertyValueSpecification","valueRequired":true,"valueName":"search_term_string"}}],"inLanguage":"en-US"},{"@type":"Person","@id":"https:\/\/president-ksgov.net\/#\/schema\/person\/bb4337a5fb147cb2046d80548172cbee","name":"admin","image":{"@type":"ImageObject","inLanguage":"en-US","@id":"https:\/\/president-ksgov.net\/#\/schema\/person\/image\/","url":"https:\/\/secure.gravatar.com\/avatar\/36156ca0fa3b8d9d25174f146e16beea0cf28f37adf1b9e19b6c9c279a7c9dd3?s=96&d=mm&r=g","contentUrl":"https:\/\/secure.gravatar.com\/avatar\/36156ca0fa3b8d9d25174f146e16beea0cf28f37adf1b9e19b6c9c279a7c9dd3?s=96&d=mm&r=g","caption":"admin"},"sameAs":["https:\/\/president-ksgov.net"]}]}},"_links":{"self":[{"href":"https:\/\/president-ksgov.net\/en\/wp-json\/wp\/v2\/posts\/67117","targetHints":{"allow":["GET"]}}],"collection":[{"href":"https:\/\/president-ksgov.net\/en\/wp-json\/wp\/v2\/posts"}],"about":[{"href":"https:\/\/president-ksgov.net\/en\/wp-json\/wp\/v2\/types\/post"}],"author":[{"embeddable":true,"href":"https:\/\/president-ksgov.net\/en\/wp-json\/wp\/v2\/users\/1"}],"replies":[{"embeddable":true,"href":"https:\/\/president-ksgov.net\/en\/wp-json\/wp\/v2\/comments?post=67117"}],"version-history":[{"count":0,"href":"https:\/\/president-ksgov.net\/en\/wp-json\/wp\/v2\/posts\/67117\/revisions"}],"wp:featuredmedia":[{"embeddable":true,"href":"https:\/\/president-ksgov.net\/en\/wp-json\/wp\/v2\/media\/18168"}],"wp:attachment":[{"href":"https:\/\/president-ksgov.net\/en\/wp-json\/wp\/v2\/media?parent=67117"}],"wp:term":[{"taxonomy":"category","embeddable":true,"href":"https:\/\/president-ksgov.net\/en\/wp-json\/wp\/v2\/categories?post=67117"},{"taxonomy":"post_tag","embeddable":true,"href":"https:\/\/president-ksgov.net\/en\/wp-json\/wp\/v2\/tags?post=67117"}],"curies":[{"name":"wp","href":"https:\/\/api.w.org\/{rel}","templated":true}]}}