{"id":67110,"date":"2021-10-20T11:58:01","date_gmt":"2021-10-20T11:58:01","guid":{"rendered":"https:\/\/dev.president-ksgov.net\/president-osmani-met-with-the-new-kfor-commander-major-general-ferenc-kajari\/"},"modified":"2023-03-07T09:00:59","modified_gmt":"2023-03-07T09:00:59","slug":"president-osmani-met-with-the-new-kfor-commander-major-general-ferenc-kajari","status":"publish","type":"post","link":"https:\/\/president-ksgov.net\/en\/president-osmani-met-with-the-new-kfor-commander-major-general-ferenc-kajari\/","title":{"rendered":"President Osmani met with the new KFOR Commander, Major General Ferenc Kaj\u00e1ri"},"content":{"rendered":"<p>The President of the Republic of Kosovo Vjosa Osmani received today at a meeting the new KFOR Commander Major General Ferenc Kaj\u00e1ri, whom she congratulated on his new tenure and praised the contribution of the multinational force in ensuring a peaceful and secure environment in Kosovo.<\/p>\n<p>Speaking of the KFOR role since 1999, President Osmani stressed that this peacekeeping mission has contributed not only in terms of security but also in various infrastructure projects, as well as in the field of healthcare in facing the pandemic. Furthermore, President Osmani mentioned the good cooperation of KFOR with the KSF and reiterated Kosovo&#039;s aim for NATO membership.<br \/>\n\u00a0<br \/>\nAt the same time, Major General Kaj\u00e1ri expressed his readiness to continue the cooperation and regular consultations within the KFOR mandate in Kosovo.<\/p>\n","protected":false},"excerpt":{"rendered":"<p>The President of the Republic of Kosovo Vjosa Osmani received today at a meeting the new KFOR Commander Major General Ferenc Kaj\u00e1ri, whom she congratulated on his new tenure and praised the contribution of the multinational force in ensuring a peaceful and secure environment in Kosovo.<\/p>\n","protected":false},"author":1,"featured_media":18122,"comment_status":"open","ping_status":"closed","sticky":false,"template":"","format":"standard","meta":{"_eb_attr":"","footnotes":""},"categories":[111],"tags":[],"class_list":["post-67110","post","type-post","status-publish","format-standard","has-post-thumbnail","hentry","category-news"],"yoast_head":"<!-- This site is optimized with the Yoast SEO plugin v23.5 - https:\/\/yoast.com\/wordpress\/plugins\/seo\/ -->\n<title>President Osmani met with the new KFOR Commander, Major General Ferenc Kaj\u00e1ri - President of the Republic of Kosovo - DR. VJOSA OSMANI - SADRIU<\/title>\n<meta name=\"description\" content=\"President Osmani met with the new KFOR Commander, Major General Ferenc Kaj\u00e1ri - President of the Republic of Kosovo - DR. VJOSA OSMANI - SADRIU -\" \/>\n<meta name=\"robots\" content=\"index, follow, max-snippet:-1, max-image-preview:large, max-video-preview:-1\" \/>\n<link rel=\"canonical\" href=\"https:\/\/president-ksgov.net\/en\/president-osmani-met-with-the-new-kfor-commander-major-general-ferenc-kajari\/\" \/>\n<meta property=\"og:locale\" content=\"en_US\" \/>\n<meta property=\"og:type\" content=\"article\" \/>\n<meta property=\"og:title\" content=\"President Osmani met with the new KFOR Commander, Major General Ferenc Kaj\u00e1ri - President of the Republic of Kosovo - DR. VJOSA OSMANI - SADRIU\" \/>\n<meta property=\"og:description\" content=\"President Osmani met with the new KFOR Commander, Major General Ferenc Kaj\u00e1ri - President of the Republic of Kosovo - DR. VJOSA OSMANI - SADRIU -\" \/>\n<meta property=\"og:url\" content=\"https:\/\/president-ksgov.net\/en\/president-osmani-met-with-the-new-kfor-commander-major-general-ferenc-kajari\/\" \/>\n<meta property=\"og:site_name\" content=\"President of the Republic of Kosovo - DR. VJOSA OSMANI - SADRIU\" \/>\n<meta property=\"article:published_time\" content=\"2021-10-20T11:58:01+00:00\" \/>\n<meta property=\"article:modified_time\" content=\"2023-03-07T09:00:59+00:00\" \/>\n<meta property=\"og:image\" content=\"https:\/\/president-ksgov.net\/wp-content\/uploads\/20_10_2021_87053_Presidentja_Osmani_takoi_komandantin_e_ri_te_KFOR_it__gjeneralmajor_Ferenc_Kaj__ri_2-scaled.jpg\" \/>\n\t<meta property=\"og:image:width\" content=\"2560\" \/>\n\t<meta property=\"og:image:height\" content=\"1706\" \/>\n\t<meta property=\"og:image:type\" content=\"image\/jpeg\" \/>\n<meta name=\"author\" content=\"admin\" \/>\n<meta name=\"twitter:card\" content=\"summary_large_image\" \/>\n<meta name=\"twitter:label1\" content=\"Written by\" \/>\n\t<meta name=\"twitter:data1\" content=\"admin\" \/>\n\t<meta name=\"twitter:label2\" content=\"Est. reading time\" \/>\n\t<meta name=\"twitter:data2\" content=\"1 minute\" \/>\n<script type=\"application\/ld+json\" class=\"yoast-schema-graph\">{\"@context\":\"https:\/\/schema.org\",\"@graph\":[{\"@type\":\"WebPage\",\"@id\":\"https:\/\/president-ksgov.net\/en\/president-osmani-met-with-the-new-kfor-commander-major-general-ferenc-kajari\/\",\"url\":\"https:\/\/president-ksgov.net\/en\/president-osmani-met-with-the-new-kfor-commander-major-general-ferenc-kajari\/\",\"name\":\"President Osmani met with the new KFOR Commander, Major General Ferenc Kaj\u00e1ri - President of the Republic of Kosovo - DR. VJOSA OSMANI - SADRIU\",\"isPartOf\":{\"@id\":\"https:\/\/president-ksgov.net\/#website\"},\"primaryImageOfPage\":{\"@id\":\"https:\/\/president-ksgov.net\/en\/president-osmani-met-with-the-new-kfor-commander-major-general-ferenc-kajari\/#primaryimage\"},\"image\":{\"@id\":\"https:\/\/president-ksgov.net\/en\/president-osmani-met-with-the-new-kfor-commander-major-general-ferenc-kajari\/#primaryimage\"},\"thumbnailUrl\":\"https:\/\/president-ksgov.net\/wp-content\/uploads\/20_10_2021_87053_Presidentja_Osmani_takoi_komandantin_e_ri_te_KFOR_it__gjeneralmajor_Ferenc_Kaj__ri_2-scaled.jpg\",\"datePublished\":\"2021-10-20T11:58:01+00:00\",\"dateModified\":\"2023-03-07T09:00:59+00:00\",\"author\":{\"@id\":\"https:\/\/president-ksgov.net\/#\/schema\/person\/bb4337a5fb147cb2046d80548172cbee\"},\"description\":\"President Osmani met with the new KFOR Commander, Major General Ferenc Kaj\u00e1ri - President of the Republic of Kosovo - DR. VJOSA OSMANI - SADRIU -\",\"breadcrumb\":{\"@id\":\"https:\/\/president-ksgov.net\/en\/president-osmani-met-with-the-new-kfor-commander-major-general-ferenc-kajari\/#breadcrumb\"},\"inLanguage\":\"en-US\",\"potentialAction\":[{\"@type\":\"ReadAction\",\"target\":[\"https:\/\/president-ksgov.net\/en\/president-osmani-met-with-the-new-kfor-commander-major-general-ferenc-kajari\/\"]}]},{\"@type\":\"ImageObject\",\"inLanguage\":\"en-US\",\"@id\":\"https:\/\/president-ksgov.net\/en\/president-osmani-met-with-the-new-kfor-commander-major-general-ferenc-kajari\/#primaryimage\",\"url\":\"https:\/\/president-ksgov.net\/wp-content\/uploads\/20_10_2021_87053_Presidentja_Osmani_takoi_komandantin_e_ri_te_KFOR_it__gjeneralmajor_Ferenc_Kaj__ri_2-scaled.jpg\",\"contentUrl\":\"https:\/\/president-ksgov.net\/wp-content\/uploads\/20_10_2021_87053_Presidentja_Osmani_takoi_komandantin_e_ri_te_KFOR_it__gjeneralmajor_Ferenc_Kaj__ri_2-scaled.jpg\",\"width\":2560,\"height\":1706},{\"@type\":\"BreadcrumbList\",\"@id\":\"https:\/\/president-ksgov.net\/en\/president-osmani-met-with-the-new-kfor-commander-major-general-ferenc-kajari\/#breadcrumb\",\"itemListElement\":[{\"@type\":\"ListItem\",\"position\":1,\"name\":\"Home\",\"item\":\"https:\/\/president-ksgov.net\/en\/\"},{\"@type\":\"ListItem\",\"position\":2,\"name\":\"President Osmani met with the new KFOR Commander, Major General Ferenc Kaj\u00e1ri\"}]},{\"@type\":\"WebSite\",\"@id\":\"https:\/\/president-ksgov.net\/#website\",\"url\":\"https:\/\/president-ksgov.net\/\",\"name\":\"Presidente e Republik\u00ebs s\u00eb Kosov\u00ebs\",\"description\":\"Presidente e Republik\u00ebs s\u00eb Kosov\u00ebs\",\"alternateName\":\"DR. VJOSA OSMANI - SADRIU\",\"potentialAction\":[{\"@type\":\"SearchAction\",\"target\":{\"@type\":\"EntryPoint\",\"urlTemplate\":\"https:\/\/president-ksgov.net\/?s={search_term_string}\"},\"query-input\":{\"@type\":\"PropertyValueSpecification\",\"valueRequired\":true,\"valueName\":\"search_term_string\"}}],\"inLanguage\":\"en-US\"},{\"@type\":\"Person\",\"@id\":\"https:\/\/president-ksgov.net\/#\/schema\/person\/bb4337a5fb147cb2046d80548172cbee\",\"name\":\"admin\",\"image\":{\"@type\":\"ImageObject\",\"inLanguage\":\"en-US\",\"@id\":\"https:\/\/president-ksgov.net\/#\/schema\/person\/image\/\",\"url\":\"https:\/\/secure.gravatar.com\/avatar\/36156ca0fa3b8d9d25174f146e16beea0cf28f37adf1b9e19b6c9c279a7c9dd3?s=96&d=mm&r=g\",\"contentUrl\":\"https:\/\/secure.gravatar.com\/avatar\/36156ca0fa3b8d9d25174f146e16beea0cf28f37adf1b9e19b6c9c279a7c9dd3?s=96&d=mm&r=g\",\"caption\":\"admin\"},\"sameAs\":[\"https:\/\/president-ksgov.net\"]}]}<\/script>\n<!-- \/ Yoast SEO plugin. -->","yoast_head_json":{"title":"President Osmani met with the new KFOR Commander, Major General Ferenc Kaj\u00e1ri - President of the Republic of Kosovo - DR. VJOSA OSMANI - SADRIU","description":"President Osmani met with the new KFOR Commander, Major General Ferenc Kaj\u00e1ri - President of the Republic of Kosovo - DR. VJOSA OSMANI - SADRIU -","robots":{"index":"index","follow":"follow","max-snippet":"max-snippet:-1","max-image-preview":"max-image-preview:large","max-video-preview":"max-video-preview:-1"},"canonical":"https:\/\/president-ksgov.net\/en\/president-osmani-met-with-the-new-kfor-commander-major-general-ferenc-kajari\/","og_locale":"en_US","og_type":"article","og_title":"President Osmani met with the new KFOR Commander, Major General Ferenc Kaj\u00e1ri - President of the Republic of Kosovo - DR. VJOSA OSMANI - SADRIU","og_description":"President Osmani met with the new KFOR Commander, Major General Ferenc Kaj\u00e1ri - President of the Republic of Kosovo - DR. VJOSA OSMANI - SADRIU -","og_url":"https:\/\/president-ksgov.net\/en\/president-osmani-met-with-the-new-kfor-commander-major-general-ferenc-kajari\/","og_site_name":"President of the Republic of Kosovo - DR. VJOSA OSMANI - SADRIU","article_published_time":"2021-10-20T11:58:01+00:00","article_modified_time":"2023-03-07T09:00:59+00:00","og_image":[{"width":2560,"height":1706,"url":"https:\/\/president-ksgov.net\/wp-content\/uploads\/20_10_2021_87053_Presidentja_Osmani_takoi_komandantin_e_ri_te_KFOR_it__gjeneralmajor_Ferenc_Kaj__ri_2-scaled.jpg","type":"image\/jpeg"}],"author":"admin","twitter_card":"summary_large_image","twitter_misc":{"Written by":"admin","Est. reading time":"1 minute"},"schema":{"@context":"https:\/\/schema.org","@graph":[{"@type":"WebPage","@id":"https:\/\/president-ksgov.net\/en\/president-osmani-met-with-the-new-kfor-commander-major-general-ferenc-kajari\/","url":"https:\/\/president-ksgov.net\/en\/president-osmani-met-with-the-new-kfor-commander-major-general-ferenc-kajari\/","name":"President Osmani met with the new KFOR Commander, Major General Ferenc Kaj\u00e1ri - President of the Republic of Kosovo - DR. VJOSA OSMANI - SADRIU","isPartOf":{"@id":"https:\/\/president-ksgov.net\/#website"},"primaryImageOfPage":{"@id":"https:\/\/president-ksgov.net\/en\/president-osmani-met-with-the-new-kfor-commander-major-general-ferenc-kajari\/#primaryimage"},"image":{"@id":"https:\/\/president-ksgov.net\/en\/president-osmani-met-with-the-new-kfor-commander-major-general-ferenc-kajari\/#primaryimage"},"thumbnailUrl":"https:\/\/president-ksgov.net\/wp-content\/uploads\/20_10_2021_87053_Presidentja_Osmani_takoi_komandantin_e_ri_te_KFOR_it__gjeneralmajor_Ferenc_Kaj__ri_2-scaled.jpg","datePublished":"2021-10-20T11:58:01+00:00","dateModified":"2023-03-07T09:00:59+00:00","author":{"@id":"https:\/\/president-ksgov.net\/#\/schema\/person\/bb4337a5fb147cb2046d80548172cbee"},"description":"President Osmani met with the new KFOR Commander, Major General Ferenc Kaj\u00e1ri - President of the Republic of Kosovo - DR. VJOSA OSMANI - SADRIU -","breadcrumb":{"@id":"https:\/\/president-ksgov.net\/en\/president-osmani-met-with-the-new-kfor-commander-major-general-ferenc-kajari\/#breadcrumb"},"inLanguage":"en-US","potentialAction":[{"@type":"ReadAction","target":["https:\/\/president-ksgov.net\/en\/president-osmani-met-with-the-new-kfor-commander-major-general-ferenc-kajari\/"]}]},{"@type":"ImageObject","inLanguage":"en-US","@id":"https:\/\/president-ksgov.net\/en\/president-osmani-met-with-the-new-kfor-commander-major-general-ferenc-kajari\/#primaryimage","url":"https:\/\/president-ksgov.net\/wp-content\/uploads\/20_10_2021_87053_Presidentja_Osmani_takoi_komandantin_e_ri_te_KFOR_it__gjeneralmajor_Ferenc_Kaj__ri_2-scaled.jpg","contentUrl":"https:\/\/president-ksgov.net\/wp-content\/uploads\/20_10_2021_87053_Presidentja_Osmani_takoi_komandantin_e_ri_te_KFOR_it__gjeneralmajor_Ferenc_Kaj__ri_2-scaled.jpg","width":2560,"height":1706},{"@type":"BreadcrumbList","@id":"https:\/\/president-ksgov.net\/en\/president-osmani-met-with-the-new-kfor-commander-major-general-ferenc-kajari\/#breadcrumb","itemListElement":[{"@type":"ListItem","position":1,"name":"Home","item":"https:\/\/president-ksgov.net\/en\/"},{"@type":"ListItem","position":2,"name":"President Osmani met with the new KFOR Commander, Major General Ferenc Kaj\u00e1ri"}]},{"@type":"WebSite","@id":"https:\/\/president-ksgov.net\/#website","url":"https:\/\/president-ksgov.net\/","name":"Presidente e Republik\u00ebs s\u00eb Kosov\u00ebs","description":"Presidente e Republik\u00ebs s\u00eb Kosov\u00ebs","alternateName":"DR. VJOSA OSMANI - SADRIU","potentialAction":[{"@type":"SearchAction","target":{"@type":"EntryPoint","urlTemplate":"https:\/\/president-ksgov.net\/?s={search_term_string}"},"query-input":{"@type":"PropertyValueSpecification","valueRequired":true,"valueName":"search_term_string"}}],"inLanguage":"en-US"},{"@type":"Person","@id":"https:\/\/president-ksgov.net\/#\/schema\/person\/bb4337a5fb147cb2046d80548172cbee","name":"admin","image":{"@type":"ImageObject","inLanguage":"en-US","@id":"https:\/\/president-ksgov.net\/#\/schema\/person\/image\/","url":"https:\/\/secure.gravatar.com\/avatar\/36156ca0fa3b8d9d25174f146e16beea0cf28f37adf1b9e19b6c9c279a7c9dd3?s=96&d=mm&r=g","contentUrl":"https:\/\/secure.gravatar.com\/avatar\/36156ca0fa3b8d9d25174f146e16beea0cf28f37adf1b9e19b6c9c279a7c9dd3?s=96&d=mm&r=g","caption":"admin"},"sameAs":["https:\/\/president-ksgov.net"]}]}},"_links":{"self":[{"href":"https:\/\/president-ksgov.net\/en\/wp-json\/wp\/v2\/posts\/67110","targetHints":{"allow":["GET"]}}],"collection":[{"href":"https:\/\/president-ksgov.net\/en\/wp-json\/wp\/v2\/posts"}],"about":[{"href":"https:\/\/president-ksgov.net\/en\/wp-json\/wp\/v2\/types\/post"}],"author":[{"embeddable":true,"href":"https:\/\/president-ksgov.net\/en\/wp-json\/wp\/v2\/users\/1"}],"replies":[{"embeddable":true,"href":"https:\/\/president-ksgov.net\/en\/wp-json\/wp\/v2\/comments?post=67110"}],"version-history":[{"count":0,"href":"https:\/\/president-ksgov.net\/en\/wp-json\/wp\/v2\/posts\/67110\/revisions"}],"wp:featuredmedia":[{"embeddable":true,"href":"https:\/\/president-ksgov.net\/en\/wp-json\/wp\/v2\/media\/18122"}],"wp:attachment":[{"href":"https:\/\/president-ksgov.net\/en\/wp-json\/wp\/v2\/media?parent=67110"}],"wp:term":[{"taxonomy":"category","embeddable":true,"href":"https:\/\/president-ksgov.net\/en\/wp-json\/wp\/v2\/categories?post=67110"},{"taxonomy":"post_tag","embeddable":true,"href":"https:\/\/president-ksgov.net\/en\/wp-json\/wp\/v2\/tags?post=67110"}],"curies":[{"name":"wp","href":"https:\/\/api.w.org\/{rel}","templated":true}]}}