{"id":67101,"date":"2021-10-22T13:45:25","date_gmt":"2021-10-22T13:45:25","guid":{"rendered":"https:\/\/dev.president-ksgov.net\/statement-of-president-osmani\/"},"modified":"2023-03-07T09:00:22","modified_gmt":"2023-03-07T09:00:22","slug":"statement-of-president-osmani","status":"publish","type":"post","link":"https:\/\/president-ksgov.net\/en\/statement-of-president-osmani\/","title":{"rendered":"Statement of President Osmani"},"content":{"rendered":"<p>This week I asked the Deputy Prime Minister and Minister of Foreign Affairs and Diaspora (MFAD), Donika G\u00ebrvalla-Schwarz, to declare two officials of the Liaison Office of the Russian Federation in Kosovo \u2018persona non grata\u2019, because of harmful activities that risk endangering national security and the constitutional order of the Republic of Kosovo. Today, MFAD has issued the decision to declare these two Russian officials undesirable persons in the Republic of Kosovo and has notified the law enforcement institutions and relevant authorities of its implementation.<br \/>\n\u00a0<br \/>\nThe institutions of the Republic of Kosovo are determined to fight against the malign influence of the Russian Federation and its proxies in the region, which aim to undermine our achievements, and those of the US, NATO and the EU. For this reason, we will continue to closely co-operate with our American and European allies to prevent attempts for Kosovo and neighbouring countries to fall prey to the Russian Federation\u2019s ambitions to destabilise our region.<\/p>\n<p>I assure the citizens of the Republic of Kosovo that our institutions will never hesitate to act if our country\u2019s security and constitutional order is threatened.<\/p>\n","protected":false},"excerpt":{"rendered":"<p>This week I asked the Deputy Prime Minister and Minister of Foreign Affairs and Diaspora (MFAD), Donika G\u00ebrvalla-Schwarz, to declare two officials of the Liaison Office of the Russian Federation in Kosovo \u2018persona non grata\u2019, because of harmful activities that risk endangering national security and the constitutional order of the Republic of Kosovo. Today, MFAD has issued the decision to declare these two Russian officials undesirable persons in the Republic of Kosovo and has notified the law enforcement institutions and relevant authorities of its implementation. \u00a0 The institutions of the Republic of Kosovo are determined to fight against the malign influence of the Russian Federation and its proxies in the region, which aim to undermine our achievements, and those of the US, NATO and the EU. For this reason, we will continue to closely co-operate with our American and European allies to prevent attempts for Kosovo and neighbouring countries to fall prey to the Russian Federation\u2019s ambitions to destabilise our region. I assure the citizens of the Republic of Kosovo that our institutions will never hesitate to act if our country\u2019s security and constitutional order is threatened.<\/p>\n","protected":false},"author":1,"featured_media":18038,"comment_status":"open","ping_status":"closed","sticky":false,"template":"","format":"standard","meta":{"_eb_attr":"","footnotes":""},"categories":[111],"tags":[],"class_list":["post-67101","post","type-post","status-publish","format-standard","has-post-thumbnail","hentry","category-news"],"yoast_head":"<!-- This site is optimized with the Yoast SEO plugin v23.5 - https:\/\/yoast.com\/wordpress\/plugins\/seo\/ -->\n<title>Statement of President Osmani - President of the Republic of Kosovo - DR. VJOSA OSMANI - SADRIU<\/title>\n<meta name=\"description\" content=\"Statement of President Osmani - President of the Republic of Kosovo - DR. VJOSA OSMANI - SADRIU -\" \/>\n<meta name=\"robots\" content=\"index, follow, max-snippet:-1, max-image-preview:large, max-video-preview:-1\" \/>\n<link rel=\"canonical\" href=\"https:\/\/president-ksgov.net\/en\/statement-of-president-osmani\/\" \/>\n<meta property=\"og:locale\" content=\"en_US\" \/>\n<meta property=\"og:type\" content=\"article\" \/>\n<meta property=\"og:title\" content=\"Statement of President Osmani - President of the Republic of Kosovo - DR. VJOSA OSMANI - SADRIU\" \/>\n<meta property=\"og:description\" content=\"Statement of President Osmani - President of the Republic of Kosovo - DR. VJOSA OSMANI - SADRIU -\" \/>\n<meta property=\"og:url\" content=\"https:\/\/president-ksgov.net\/en\/statement-of-president-osmani\/\" \/>\n<meta property=\"og:site_name\" content=\"President of the Republic of Kosovo - DR. VJOSA OSMANI - SADRIU\" \/>\n<meta property=\"article:published_time\" content=\"2021-10-22T13:45:25+00:00\" \/>\n<meta property=\"article:modified_time\" content=\"2023-03-07T09:00:22+00:00\" \/>\n<meta property=\"og:image\" content=\"https:\/\/president-ksgov.net\/wp-content\/uploads\/22_10_2021_1458461_IMG_023e620c12e48afeb9ae7e7294b1eaaa_V.jpg\" \/>\n\t<meta property=\"og:image:width\" content=\"1280\" \/>\n\t<meta property=\"og:image:height\" content=\"853\" \/>\n\t<meta property=\"og:image:type\" content=\"image\/jpeg\" \/>\n<meta name=\"author\" content=\"admin\" \/>\n<meta name=\"twitter:card\" content=\"summary_large_image\" \/>\n<meta name=\"twitter:label1\" content=\"Written by\" \/>\n\t<meta name=\"twitter:data1\" content=\"admin\" \/>\n\t<meta name=\"twitter:label2\" content=\"Est. reading time\" \/>\n\t<meta name=\"twitter:data2\" content=\"1 minute\" \/>\n<script type=\"application\/ld+json\" class=\"yoast-schema-graph\">{\"@context\":\"https:\/\/schema.org\",\"@graph\":[{\"@type\":\"WebPage\",\"@id\":\"https:\/\/president-ksgov.net\/en\/statement-of-president-osmani\/\",\"url\":\"https:\/\/president-ksgov.net\/en\/statement-of-president-osmani\/\",\"name\":\"Statement of President Osmani - President of the Republic of Kosovo - DR. VJOSA OSMANI - SADRIU\",\"isPartOf\":{\"@id\":\"https:\/\/president-ksgov.net\/#website\"},\"primaryImageOfPage\":{\"@id\":\"https:\/\/president-ksgov.net\/en\/statement-of-president-osmani\/#primaryimage\"},\"image\":{\"@id\":\"https:\/\/president-ksgov.net\/en\/statement-of-president-osmani\/#primaryimage\"},\"thumbnailUrl\":\"https:\/\/president-ksgov.net\/wp-content\/uploads\/22_10_2021_1458461_IMG_023e620c12e48afeb9ae7e7294b1eaaa_V.jpg\",\"datePublished\":\"2021-10-22T13:45:25+00:00\",\"dateModified\":\"2023-03-07T09:00:22+00:00\",\"author\":{\"@id\":\"https:\/\/president-ksgov.net\/#\/schema\/person\/bb4337a5fb147cb2046d80548172cbee\"},\"description\":\"Statement of President Osmani - President of the Republic of Kosovo - DR. VJOSA OSMANI - SADRIU -\",\"breadcrumb\":{\"@id\":\"https:\/\/president-ksgov.net\/en\/statement-of-president-osmani\/#breadcrumb\"},\"inLanguage\":\"en-US\",\"potentialAction\":[{\"@type\":\"ReadAction\",\"target\":[\"https:\/\/president-ksgov.net\/en\/statement-of-president-osmani\/\"]}]},{\"@type\":\"ImageObject\",\"inLanguage\":\"en-US\",\"@id\":\"https:\/\/president-ksgov.net\/en\/statement-of-president-osmani\/#primaryimage\",\"url\":\"https:\/\/president-ksgov.net\/wp-content\/uploads\/22_10_2021_1458461_IMG_023e620c12e48afeb9ae7e7294b1eaaa_V.jpg\",\"contentUrl\":\"https:\/\/president-ksgov.net\/wp-content\/uploads\/22_10_2021_1458461_IMG_023e620c12e48afeb9ae7e7294b1eaaa_V.jpg\",\"width\":1280,\"height\":853},{\"@type\":\"BreadcrumbList\",\"@id\":\"https:\/\/president-ksgov.net\/en\/statement-of-president-osmani\/#breadcrumb\",\"itemListElement\":[{\"@type\":\"ListItem\",\"position\":1,\"name\":\"Home\",\"item\":\"https:\/\/president-ksgov.net\/en\/\"},{\"@type\":\"ListItem\",\"position\":2,\"name\":\"Statement of President Osmani\"}]},{\"@type\":\"WebSite\",\"@id\":\"https:\/\/president-ksgov.net\/#website\",\"url\":\"https:\/\/president-ksgov.net\/\",\"name\":\"Presidente e Republik\u00ebs s\u00eb Kosov\u00ebs\",\"description\":\"Presidente e Republik\u00ebs s\u00eb Kosov\u00ebs\",\"alternateName\":\"DR. VJOSA OSMANI - SADRIU\",\"potentialAction\":[{\"@type\":\"SearchAction\",\"target\":{\"@type\":\"EntryPoint\",\"urlTemplate\":\"https:\/\/president-ksgov.net\/?s={search_term_string}\"},\"query-input\":{\"@type\":\"PropertyValueSpecification\",\"valueRequired\":true,\"valueName\":\"search_term_string\"}}],\"inLanguage\":\"en-US\"},{\"@type\":\"Person\",\"@id\":\"https:\/\/president-ksgov.net\/#\/schema\/person\/bb4337a5fb147cb2046d80548172cbee\",\"name\":\"admin\",\"image\":{\"@type\":\"ImageObject\",\"inLanguage\":\"en-US\",\"@id\":\"https:\/\/president-ksgov.net\/#\/schema\/person\/image\/\",\"url\":\"https:\/\/secure.gravatar.com\/avatar\/36156ca0fa3b8d9d25174f146e16beea0cf28f37adf1b9e19b6c9c279a7c9dd3?s=96&d=mm&r=g\",\"contentUrl\":\"https:\/\/secure.gravatar.com\/avatar\/36156ca0fa3b8d9d25174f146e16beea0cf28f37adf1b9e19b6c9c279a7c9dd3?s=96&d=mm&r=g\",\"caption\":\"admin\"},\"sameAs\":[\"https:\/\/president-ksgov.net\"]}]}<\/script>\n<!-- \/ Yoast SEO plugin. -->","yoast_head_json":{"title":"Statement of President Osmani - President of the Republic of Kosovo - DR. VJOSA OSMANI - SADRIU","description":"Statement of President Osmani - President of the Republic of Kosovo - DR. VJOSA OSMANI - SADRIU -","robots":{"index":"index","follow":"follow","max-snippet":"max-snippet:-1","max-image-preview":"max-image-preview:large","max-video-preview":"max-video-preview:-1"},"canonical":"https:\/\/president-ksgov.net\/en\/statement-of-president-osmani\/","og_locale":"en_US","og_type":"article","og_title":"Statement of President Osmani - President of the Republic of Kosovo - DR. VJOSA OSMANI - SADRIU","og_description":"Statement of President Osmani - President of the Republic of Kosovo - DR. VJOSA OSMANI - SADRIU -","og_url":"https:\/\/president-ksgov.net\/en\/statement-of-president-osmani\/","og_site_name":"President of the Republic of Kosovo - DR. VJOSA OSMANI - SADRIU","article_published_time":"2021-10-22T13:45:25+00:00","article_modified_time":"2023-03-07T09:00:22+00:00","og_image":[{"width":1280,"height":853,"url":"https:\/\/president-ksgov.net\/wp-content\/uploads\/22_10_2021_1458461_IMG_023e620c12e48afeb9ae7e7294b1eaaa_V.jpg","type":"image\/jpeg"}],"author":"admin","twitter_card":"summary_large_image","twitter_misc":{"Written by":"admin","Est. reading time":"1 minute"},"schema":{"@context":"https:\/\/schema.org","@graph":[{"@type":"WebPage","@id":"https:\/\/president-ksgov.net\/en\/statement-of-president-osmani\/","url":"https:\/\/president-ksgov.net\/en\/statement-of-president-osmani\/","name":"Statement of President Osmani - President of the Republic of Kosovo - DR. VJOSA OSMANI - SADRIU","isPartOf":{"@id":"https:\/\/president-ksgov.net\/#website"},"primaryImageOfPage":{"@id":"https:\/\/president-ksgov.net\/en\/statement-of-president-osmani\/#primaryimage"},"image":{"@id":"https:\/\/president-ksgov.net\/en\/statement-of-president-osmani\/#primaryimage"},"thumbnailUrl":"https:\/\/president-ksgov.net\/wp-content\/uploads\/22_10_2021_1458461_IMG_023e620c12e48afeb9ae7e7294b1eaaa_V.jpg","datePublished":"2021-10-22T13:45:25+00:00","dateModified":"2023-03-07T09:00:22+00:00","author":{"@id":"https:\/\/president-ksgov.net\/#\/schema\/person\/bb4337a5fb147cb2046d80548172cbee"},"description":"Statement of President Osmani - President of the Republic of Kosovo - DR. VJOSA OSMANI - SADRIU -","breadcrumb":{"@id":"https:\/\/president-ksgov.net\/en\/statement-of-president-osmani\/#breadcrumb"},"inLanguage":"en-US","potentialAction":[{"@type":"ReadAction","target":["https:\/\/president-ksgov.net\/en\/statement-of-president-osmani\/"]}]},{"@type":"ImageObject","inLanguage":"en-US","@id":"https:\/\/president-ksgov.net\/en\/statement-of-president-osmani\/#primaryimage","url":"https:\/\/president-ksgov.net\/wp-content\/uploads\/22_10_2021_1458461_IMG_023e620c12e48afeb9ae7e7294b1eaaa_V.jpg","contentUrl":"https:\/\/president-ksgov.net\/wp-content\/uploads\/22_10_2021_1458461_IMG_023e620c12e48afeb9ae7e7294b1eaaa_V.jpg","width":1280,"height":853},{"@type":"BreadcrumbList","@id":"https:\/\/president-ksgov.net\/en\/statement-of-president-osmani\/#breadcrumb","itemListElement":[{"@type":"ListItem","position":1,"name":"Home","item":"https:\/\/president-ksgov.net\/en\/"},{"@type":"ListItem","position":2,"name":"Statement of President Osmani"}]},{"@type":"WebSite","@id":"https:\/\/president-ksgov.net\/#website","url":"https:\/\/president-ksgov.net\/","name":"Presidente e Republik\u00ebs s\u00eb Kosov\u00ebs","description":"Presidente e Republik\u00ebs s\u00eb Kosov\u00ebs","alternateName":"DR. VJOSA OSMANI - SADRIU","potentialAction":[{"@type":"SearchAction","target":{"@type":"EntryPoint","urlTemplate":"https:\/\/president-ksgov.net\/?s={search_term_string}"},"query-input":{"@type":"PropertyValueSpecification","valueRequired":true,"valueName":"search_term_string"}}],"inLanguage":"en-US"},{"@type":"Person","@id":"https:\/\/president-ksgov.net\/#\/schema\/person\/bb4337a5fb147cb2046d80548172cbee","name":"admin","image":{"@type":"ImageObject","inLanguage":"en-US","@id":"https:\/\/president-ksgov.net\/#\/schema\/person\/image\/","url":"https:\/\/secure.gravatar.com\/avatar\/36156ca0fa3b8d9d25174f146e16beea0cf28f37adf1b9e19b6c9c279a7c9dd3?s=96&d=mm&r=g","contentUrl":"https:\/\/secure.gravatar.com\/avatar\/36156ca0fa3b8d9d25174f146e16beea0cf28f37adf1b9e19b6c9c279a7c9dd3?s=96&d=mm&r=g","caption":"admin"},"sameAs":["https:\/\/president-ksgov.net"]}]}},"_links":{"self":[{"href":"https:\/\/president-ksgov.net\/en\/wp-json\/wp\/v2\/posts\/67101","targetHints":{"allow":["GET"]}}],"collection":[{"href":"https:\/\/president-ksgov.net\/en\/wp-json\/wp\/v2\/posts"}],"about":[{"href":"https:\/\/president-ksgov.net\/en\/wp-json\/wp\/v2\/types\/post"}],"author":[{"embeddable":true,"href":"https:\/\/president-ksgov.net\/en\/wp-json\/wp\/v2\/users\/1"}],"replies":[{"embeddable":true,"href":"https:\/\/president-ksgov.net\/en\/wp-json\/wp\/v2\/comments?post=67101"}],"version-history":[{"count":0,"href":"https:\/\/president-ksgov.net\/en\/wp-json\/wp\/v2\/posts\/67101\/revisions"}],"wp:featuredmedia":[{"embeddable":true,"href":"https:\/\/president-ksgov.net\/en\/wp-json\/wp\/v2\/media\/18038"}],"wp:attachment":[{"href":"https:\/\/president-ksgov.net\/en\/wp-json\/wp\/v2\/media?parent=67101"}],"wp:term":[{"taxonomy":"category","embeddable":true,"href":"https:\/\/president-ksgov.net\/en\/wp-json\/wp\/v2\/categories?post=67101"},{"taxonomy":"post_tag","embeddable":true,"href":"https:\/\/president-ksgov.net\/en\/wp-json\/wp\/v2\/tags?post=67101"}],"curies":[{"name":"wp","href":"https:\/\/api.w.org\/{rel}","templated":true}]}}