{"id":67095,"date":"2021-10-26T09:22:17","date_gmt":"2021-10-26T09:22:17","guid":{"rendered":"https:\/\/dev.president-ksgov.net\/president-osmanis-speech-at-darka-e-lames\/"},"modified":"2023-03-07T09:00:22","modified_gmt":"2023-03-07T09:00:22","slug":"president-osmanis-speech-at-darka-e-lames","status":"publish","type":"post","link":"https:\/\/president-ksgov.net\/en\/president-osmanis-speech-at-darka-e-lames\/","title":{"rendered":"President Osmani\u2019s speech at Darka e Lam\u00ebs"},"content":{"rendered":"<p>Welcome most esteemed friends<br \/>\nHonorable Prime Minister<br \/>\nHonorable Ministers and Members of Parliament,<br \/>\nDear international friends and partners, ambassadors<br \/>\nEsteemed local producers who have given grace to the Daraka e Lam\u00ebs, as you did last year as well,<br \/>\nDear guests,<br \/>\nEsteemed representatives of the media who are here tonight to broadcast this activity;<br \/>\n\u00a0<br \/>\nWelcome to &#8220;Darka e Lames&#8221;, the ancient Albanian feast, which dates from the\u00a0 fifth century and marks the end of the summer, the time of harvests, and a time when we count our blessings and express our gratitude for this year\u2019s crops.\u00a0\u00a0<\/p>\n<p>&#8220;Darka e Lames&#8221; is part of a rich spiritual tradition, which Albanians have inherited and nurtured since ancient times. Along with other feasted, &#8220;Darka e Lam\u00ebs&#8221; has survived for centuries and has been carried down to the present day, becoming an important part of our ancient culture which has influenced the nurture and cultivation of our spirit of solidarity.<\/p>\n<p>For centuries, guided by love and respect, Albanians have supported each other in the process of the cultivation and the harvest of the goods, culminating with the hosting of a dinner to express gratitude for the harvested goods.\u00a0<\/p>\n<p>Tonight, we host this dinner, in collaboration with the local producers, to express our gratitude for the blessings produced and originating in our country, for the many a good quality products, for the spirit of collaboration and solidarity which has characterized our nation throughout centuries of history, and for the valuable friendships we have cultivated for many years now.<\/p>\n<p>Dear friends,<\/p>\n<p>The well-known Albanian expression: &#8220;Bread, salt and heart&#8221; today takes on a deep meaning, because in preparing this special dinner, our local producers have not only made sure to serve\u00a0 our traditional food, but they also put their hearts into preparation of every single dish, while committing to share our good with friends and beloved ones. This is exactly in line with our tradition!\u00a0<\/p>\n<p>And, as we are gathered here tonight, I want to take a moment to remember a very special person who, for as long as he lived, dedicated his life to food preparation in ways that others would only be envious of. Tonight we remember our master chef, the late P\u00ebrparim Babaliaj, who passed away only a few months ago. We pray for his soul and we remember and cherish his life and deeds through a very special menu that will be served tonight.\u00a0\u00a0<\/p>\n<p>This year\u2019s dinner is organized in still challenging circumstances due to the pandemic.\u00a0 Tonight, our minds and our hearts go out to the Kosovar families who lost their dear ones as a result of this pandemic. Today, not only are the tables they sit around emptier, but also their hearts. We share their pain and we pray for them!<\/p>\n<p>As we face this challenge, we are reminded of the importance of being there for each other and the importance of trust in each other, &#8211; trust in our friends, who have stood by us in good times and bed times, and have shared with us both j oy and anguish and have recited with us the prayers for next year\u2019s crops.\u00a0<\/p>\n<p>Traditionally, \u2018Darka e Lam\u00ebs\u2019 stands out as the night when we express our gratitude for the blessings of the nature, but I want to take a moment to give thanks for the special deeds of our people.\u00a0<\/p>\n<p>In this difficult period, the doctors and the medical staff were the ones that led the battle against the pandemic. So, tonight once more, we express our deepest gratitude for their sacrifice and hard work.\u00a0 At these times, it was also deeply challenging to organize the educational system and to make sure that teaching carries on. Deep respect for all the teachers and professors, and for the ones that made it possible for the education system to prevail over the challenges faced, similar to what Albanian used to do in the 1990s through the schools in houses system \u2013 always bearing in mind and understanding the profound importance of education as one of the core pillars of a state.\u00a0<\/p>\n<p>No matter how difficult this period was, our motivation and strength were rekindled by our youth and those who worked hard and diligently \u2013 and then succeeded and made it not only in Kosovo but also around the world. From sports to information technology, from culture and art to science, they showed the world the true image and potential of Kosovo. Therefore, today and every day, we express our gratitude to each and every one of them. And many of them, medics, teachers, artists, filmmakers and fashion designers, scientists and many others have joined us tonight. It is a great pleasure to have you with us!<\/p>\n<p>Dear friends,<\/p>\n<p>Tonight, I also want to express deep gratitude for the founding father of our state, President Rugova, who resumed this tradition in 2002. He compared it to Thanksgiving in the USA. We are thankful to him for bringing this feast back in our tradition.\u00a0\u00a0<\/p>\n<p>As you know, President Rugova always celebrated with friends, worked with friends and thanked them for our well-being. We will always cultivate this valuable tradition of the Albanian people, because we consider just like our president, that the cultivation of tradition does keep alive the spirit of a nation.<\/p>\n<p>By thanking each and every one of you for your presence tonight, allow me to invite you to sit around the so called \u201csofra\u201d and to express our gratitude for the blessings, while hoping that the next year will find us in greater wellbeing, better health and prosperity.\u00a0<\/p>\n<p>Yet, before we do so, let me express my deep appreciation for the golden hands of the good men of our country who collected this year\u2019s products, who prepared them tonight with much love and those who worked with us to organize this event and to our dear farmers, the ones who put the effort to make this a successful harvesting season. Our local producers are showing their potential not only in Kosovo but also around the world, and their goods and products are being served and consumed in households in all four corners of this world. They need our support so they can be even more present in these markets but also in new ones. I hope that in this endeavor, we will have you by our side.<\/p>\n<p>God bless Kosovo\u2019s products!<br \/>\nGod bless our local producers!<br \/>\nWelcome to the dinner table of our country!<\/p>\n","protected":false},"excerpt":{"rendered":"<p>Welcome most esteemed friends Honorable Prime Minister Honorable Ministers and Members of Parliament, Dear international friends and partners, ambassadors Esteemed local producers who have given grace to the Daraka e Lam\u00ebs, as you did last year as well, Dear guests, Esteemed representatives of the media who are here tonight to broadcast this activity; \u00a0 Welcome to &#8220;Darka e Lames&#8221;, the ancient Albanian feast, which dates from the\u00a0 fifth century and marks the end of the summer, the time of harvests, and a time when we count our blessings and express our gratitude for this year\u2019s crops.\u00a0\u00a0 &#8220;Darka e Lames&#8221; is part of a rich spiritual tradition, which Albanians have inherited and nurtured since ancient times. Along with other feasted, &#8220;Darka e Lam\u00ebs&#8221; has survived for centuries and has been carried down to the present day, becoming an important part of our ancient culture which has influenced the nurture and cultivation of our spirit of solidarity. For centuries, guided by love and respect, Albanians have supported each other in the process of the cultivation and the harvest of the goods, culminating with the hosting of a dinner to express gratitude for the harvested goods.\u00a0 Tonight, we host this dinner, in collaboration with the local producers, to express our gratitude for the blessings produced and originating in our country, for the many a good quality products, for the spirit of collaboration and solidarity which has characterized our nation throughout centuries of history, and for the valuable friendships we have cultivated for many years now. Dear friends, The well-known Albanian expression: &#8220;Bread, salt and heart&#8221; today takes on a deep meaning, because in preparing this special dinner, our local producers have not only made sure to serve\u00a0 our traditional food, but they also put their hearts into preparation of every single dish, while committing to share our good with friends and beloved ones. This is exactly in line with our tradition!\u00a0 And, as we are gathered here tonight, I want to take a moment to remember a very special person who, for as long as he lived, dedicated his life to food preparation in ways that others would only be envious of. Tonight we remember our master chef, the late P\u00ebrparim Babaliaj, who passed away only a few months ago. We pray for his soul and we remember and cherish his life and deeds through a very special menu that will be served tonight.\u00a0\u00a0 This year\u2019s dinner is organized in still challenging circumstances due to the pandemic.\u00a0 Tonight, our minds and our hearts go out to the Kosovar families who lost their dear ones as a result of this pandemic. Today, not only are the tables they sit around emptier, but also their hearts. We share their pain and we pray for them! As we face this challenge, we are reminded of the importance of being there for each other and the importance of trust in each other, &#8211; trust in our friends, who have stood by us in good times and bed times, and have shared with us both j oy and anguish and have recited with us the prayers for next year\u2019s crops.\u00a0 Traditionally, \u2018Darka e Lam\u00ebs\u2019 stands out as the night when we express our gratitude for the blessings of the nature, but I want to take a moment to give thanks for the special deeds of our people.\u00a0 In this difficult period, the doctors and the medical staff were the ones that led the battle against the pandemic. So, tonight once more, we express our deepest gratitude for their sacrifice and hard work.\u00a0 At these times, it was also deeply challenging to organize the educational system and to make sure that teaching carries on. Deep respect for all the teachers and professors, and for the ones that made it possible for the education system to prevail over the challenges faced, similar to what Albanian used to do in the 1990s through the schools in houses system \u2013 always bearing in mind and understanding the profound importance of education as one of the core pillars of a state.\u00a0 No matter how difficult this period was, our motivation and strength were rekindled by our youth and those who worked hard and diligently \u2013 and then succeeded and made it not only in Kosovo but also around the world. From sports to information technology, from culture and art to science, they showed the world the true image and potential of Kosovo. Therefore, today and every day, we express our gratitude to each and every one of them. And many of them, medics, teachers, artists, filmmakers and fashion designers, scientists and many others have joined us tonight. It is a great pleasure to have you with us! Dear friends, Tonight, I also want to express deep gratitude for the founding father of our state, President Rugova, who resumed this tradition in 2002. He compared it to Thanksgiving in the USA. We are thankful to him for bringing this feast back in our tradition.\u00a0\u00a0 As you know, President Rugova always celebrated with friends, worked with friends and thanked them for our well-being. We will always cultivate this valuable tradition of the Albanian people, because we consider just like our president, that the cultivation of tradition does keep alive the spirit of a nation. By thanking each and every one of you for your presence tonight, allow me to invite you to sit around the so called \u201csofra\u201d and to express our gratitude for the blessings, while hoping that the next year will find us in greater wellbeing, better health and prosperity.\u00a0 Yet, before we do so, let me express my deep appreciation for the golden hands of the good men of our country who collected this year\u2019s products, who prepared them tonight with much love and those who worked with us to organize this event and to our dear farmers, the ones who put the effort to make this a successful harvesting season. Our local producers are showing their potential not only in<\/p>\n","protected":false},"author":1,"featured_media":17966,"comment_status":"open","ping_status":"closed","sticky":false,"template":"","format":"standard","meta":{"_eb_attr":"","footnotes":""},"categories":[111],"tags":[],"class_list":["post-67095","post","type-post","status-publish","format-standard","has-post-thumbnail","hentry","category-news"],"yoast_head":"<!-- This site is optimized with the Yoast SEO plugin v23.5 - https:\/\/yoast.com\/wordpress\/plugins\/seo\/ -->\n<title>President Osmani\u2019s speech at Darka e Lam\u00ebs - President of the Republic of Kosovo - DR. VJOSA OSMANI - SADRIU<\/title>\n<meta name=\"description\" content=\"President Osmani\u2019s speech at Darka e Lam\u00ebs - President of the Republic of Kosovo - DR. VJOSA OSMANI - SADRIU -\" \/>\n<meta name=\"robots\" content=\"index, follow, max-snippet:-1, max-image-preview:large, max-video-preview:-1\" \/>\n<link rel=\"canonical\" href=\"https:\/\/president-ksgov.net\/en\/president-osmanis-speech-at-darka-e-lames\/\" \/>\n<meta property=\"og:locale\" content=\"en_US\" \/>\n<meta property=\"og:type\" content=\"article\" \/>\n<meta property=\"og:title\" content=\"President Osmani\u2019s speech at Darka e Lam\u00ebs - President of the Republic of Kosovo - DR. VJOSA OSMANI - SADRIU\" \/>\n<meta property=\"og:description\" content=\"President Osmani\u2019s speech at Darka e Lam\u00ebs - President of the Republic of Kosovo - DR. VJOSA OSMANI - SADRIU -\" \/>\n<meta property=\"og:url\" content=\"https:\/\/president-ksgov.net\/en\/president-osmanis-speech-at-darka-e-lames\/\" \/>\n<meta property=\"og:site_name\" content=\"President of the Republic of Kosovo - DR. VJOSA OSMANI - SADRIU\" \/>\n<meta property=\"article:published_time\" content=\"2021-10-26T09:22:17+00:00\" \/>\n<meta property=\"article:modified_time\" content=\"2023-03-07T09:00:22+00:00\" \/>\n<meta property=\"og:image\" content=\"https:\/\/president-ksgov.net\/wp-content\/uploads\/26_10_2021_2826018_247683675_611037333417053_4911362150290156906_n.jpg\" \/>\n\t<meta property=\"og:image:width\" content=\"1280\" \/>\n\t<meta property=\"og:image:height\" content=\"853\" \/>\n\t<meta property=\"og:image:type\" content=\"image\/jpeg\" \/>\n<meta name=\"author\" content=\"admin\" \/>\n<meta name=\"twitter:card\" content=\"summary_large_image\" \/>\n<meta name=\"twitter:label1\" content=\"Written by\" \/>\n\t<meta name=\"twitter:data1\" content=\"admin\" \/>\n\t<meta name=\"twitter:label2\" content=\"Est. reading time\" \/>\n\t<meta name=\"twitter:data2\" content=\"5 minutes\" \/>\n<script type=\"application\/ld+json\" class=\"yoast-schema-graph\">{\"@context\":\"https:\/\/schema.org\",\"@graph\":[{\"@type\":\"WebPage\",\"@id\":\"https:\/\/president-ksgov.net\/en\/president-osmanis-speech-at-darka-e-lames\/\",\"url\":\"https:\/\/president-ksgov.net\/en\/president-osmanis-speech-at-darka-e-lames\/\",\"name\":\"President Osmani\u2019s speech at Darka e Lam\u00ebs - President of the Republic of Kosovo - DR. VJOSA OSMANI - SADRIU\",\"isPartOf\":{\"@id\":\"https:\/\/president-ksgov.net\/#website\"},\"primaryImageOfPage\":{\"@id\":\"https:\/\/president-ksgov.net\/en\/president-osmanis-speech-at-darka-e-lames\/#primaryimage\"},\"image\":{\"@id\":\"https:\/\/president-ksgov.net\/en\/president-osmanis-speech-at-darka-e-lames\/#primaryimage\"},\"thumbnailUrl\":\"https:\/\/president-ksgov.net\/wp-content\/uploads\/26_10_2021_2826018_247683675_611037333417053_4911362150290156906_n.jpg\",\"datePublished\":\"2021-10-26T09:22:17+00:00\",\"dateModified\":\"2023-03-07T09:00:22+00:00\",\"author\":{\"@id\":\"https:\/\/president-ksgov.net\/#\/schema\/person\/bb4337a5fb147cb2046d80548172cbee\"},\"description\":\"President Osmani\u2019s speech at Darka e Lam\u00ebs - President of the Republic of Kosovo - DR. VJOSA OSMANI - SADRIU -\",\"breadcrumb\":{\"@id\":\"https:\/\/president-ksgov.net\/en\/president-osmanis-speech-at-darka-e-lames\/#breadcrumb\"},\"inLanguage\":\"en-US\",\"potentialAction\":[{\"@type\":\"ReadAction\",\"target\":[\"https:\/\/president-ksgov.net\/en\/president-osmanis-speech-at-darka-e-lames\/\"]}]},{\"@type\":\"ImageObject\",\"inLanguage\":\"en-US\",\"@id\":\"https:\/\/president-ksgov.net\/en\/president-osmanis-speech-at-darka-e-lames\/#primaryimage\",\"url\":\"https:\/\/president-ksgov.net\/wp-content\/uploads\/26_10_2021_2826018_247683675_611037333417053_4911362150290156906_n.jpg\",\"contentUrl\":\"https:\/\/president-ksgov.net\/wp-content\/uploads\/26_10_2021_2826018_247683675_611037333417053_4911362150290156906_n.jpg\",\"width\":1280,\"height\":853},{\"@type\":\"BreadcrumbList\",\"@id\":\"https:\/\/president-ksgov.net\/en\/president-osmanis-speech-at-darka-e-lames\/#breadcrumb\",\"itemListElement\":[{\"@type\":\"ListItem\",\"position\":1,\"name\":\"Home\",\"item\":\"https:\/\/president-ksgov.net\/en\/\"},{\"@type\":\"ListItem\",\"position\":2,\"name\":\"President Osmani\u2019s speech at Darka e Lam\u00ebs\"}]},{\"@type\":\"WebSite\",\"@id\":\"https:\/\/president-ksgov.net\/#website\",\"url\":\"https:\/\/president-ksgov.net\/\",\"name\":\"Presidente e Republik\u00ebs s\u00eb Kosov\u00ebs\",\"description\":\"Presidente e Republik\u00ebs s\u00eb Kosov\u00ebs\",\"alternateName\":\"DR. VJOSA OSMANI - SADRIU\",\"potentialAction\":[{\"@type\":\"SearchAction\",\"target\":{\"@type\":\"EntryPoint\",\"urlTemplate\":\"https:\/\/president-ksgov.net\/?s={search_term_string}\"},\"query-input\":{\"@type\":\"PropertyValueSpecification\",\"valueRequired\":true,\"valueName\":\"search_term_string\"}}],\"inLanguage\":\"en-US\"},{\"@type\":\"Person\",\"@id\":\"https:\/\/president-ksgov.net\/#\/schema\/person\/bb4337a5fb147cb2046d80548172cbee\",\"name\":\"admin\",\"image\":{\"@type\":\"ImageObject\",\"inLanguage\":\"en-US\",\"@id\":\"https:\/\/president-ksgov.net\/#\/schema\/person\/image\/\",\"url\":\"https:\/\/secure.gravatar.com\/avatar\/36156ca0fa3b8d9d25174f146e16beea0cf28f37adf1b9e19b6c9c279a7c9dd3?s=96&d=mm&r=g\",\"contentUrl\":\"https:\/\/secure.gravatar.com\/avatar\/36156ca0fa3b8d9d25174f146e16beea0cf28f37adf1b9e19b6c9c279a7c9dd3?s=96&d=mm&r=g\",\"caption\":\"admin\"},\"sameAs\":[\"https:\/\/president-ksgov.net\"]}]}<\/script>\n<!-- \/ Yoast SEO plugin. -->","yoast_head_json":{"title":"President Osmani\u2019s speech at Darka e Lam\u00ebs - President of the Republic of Kosovo - DR. VJOSA OSMANI - SADRIU","description":"President Osmani\u2019s speech at Darka e Lam\u00ebs - President of the Republic of Kosovo - DR. VJOSA OSMANI - SADRIU -","robots":{"index":"index","follow":"follow","max-snippet":"max-snippet:-1","max-image-preview":"max-image-preview:large","max-video-preview":"max-video-preview:-1"},"canonical":"https:\/\/president-ksgov.net\/en\/president-osmanis-speech-at-darka-e-lames\/","og_locale":"en_US","og_type":"article","og_title":"President Osmani\u2019s speech at Darka e Lam\u00ebs - President of the Republic of Kosovo - DR. VJOSA OSMANI - SADRIU","og_description":"President Osmani\u2019s speech at Darka e Lam\u00ebs - President of the Republic of Kosovo - DR. VJOSA OSMANI - SADRIU -","og_url":"https:\/\/president-ksgov.net\/en\/president-osmanis-speech-at-darka-e-lames\/","og_site_name":"President of the Republic of Kosovo - DR. VJOSA OSMANI - SADRIU","article_published_time":"2021-10-26T09:22:17+00:00","article_modified_time":"2023-03-07T09:00:22+00:00","og_image":[{"width":1280,"height":853,"url":"https:\/\/president-ksgov.net\/wp-content\/uploads\/26_10_2021_2826018_247683675_611037333417053_4911362150290156906_n.jpg","type":"image\/jpeg"}],"author":"admin","twitter_card":"summary_large_image","twitter_misc":{"Written by":"admin","Est. reading time":"5 minutes"},"schema":{"@context":"https:\/\/schema.org","@graph":[{"@type":"WebPage","@id":"https:\/\/president-ksgov.net\/en\/president-osmanis-speech-at-darka-e-lames\/","url":"https:\/\/president-ksgov.net\/en\/president-osmanis-speech-at-darka-e-lames\/","name":"President Osmani\u2019s speech at Darka e Lam\u00ebs - President of the Republic of Kosovo - DR. VJOSA OSMANI - SADRIU","isPartOf":{"@id":"https:\/\/president-ksgov.net\/#website"},"primaryImageOfPage":{"@id":"https:\/\/president-ksgov.net\/en\/president-osmanis-speech-at-darka-e-lames\/#primaryimage"},"image":{"@id":"https:\/\/president-ksgov.net\/en\/president-osmanis-speech-at-darka-e-lames\/#primaryimage"},"thumbnailUrl":"https:\/\/president-ksgov.net\/wp-content\/uploads\/26_10_2021_2826018_247683675_611037333417053_4911362150290156906_n.jpg","datePublished":"2021-10-26T09:22:17+00:00","dateModified":"2023-03-07T09:00:22+00:00","author":{"@id":"https:\/\/president-ksgov.net\/#\/schema\/person\/bb4337a5fb147cb2046d80548172cbee"},"description":"President Osmani\u2019s speech at Darka e Lam\u00ebs - President of the Republic of Kosovo - DR. VJOSA OSMANI - SADRIU -","breadcrumb":{"@id":"https:\/\/president-ksgov.net\/en\/president-osmanis-speech-at-darka-e-lames\/#breadcrumb"},"inLanguage":"en-US","potentialAction":[{"@type":"ReadAction","target":["https:\/\/president-ksgov.net\/en\/president-osmanis-speech-at-darka-e-lames\/"]}]},{"@type":"ImageObject","inLanguage":"en-US","@id":"https:\/\/president-ksgov.net\/en\/president-osmanis-speech-at-darka-e-lames\/#primaryimage","url":"https:\/\/president-ksgov.net\/wp-content\/uploads\/26_10_2021_2826018_247683675_611037333417053_4911362150290156906_n.jpg","contentUrl":"https:\/\/president-ksgov.net\/wp-content\/uploads\/26_10_2021_2826018_247683675_611037333417053_4911362150290156906_n.jpg","width":1280,"height":853},{"@type":"BreadcrumbList","@id":"https:\/\/president-ksgov.net\/en\/president-osmanis-speech-at-darka-e-lames\/#breadcrumb","itemListElement":[{"@type":"ListItem","position":1,"name":"Home","item":"https:\/\/president-ksgov.net\/en\/"},{"@type":"ListItem","position":2,"name":"President Osmani\u2019s speech at Darka e Lam\u00ebs"}]},{"@type":"WebSite","@id":"https:\/\/president-ksgov.net\/#website","url":"https:\/\/president-ksgov.net\/","name":"Presidente e Republik\u00ebs s\u00eb Kosov\u00ebs","description":"Presidente e Republik\u00ebs s\u00eb Kosov\u00ebs","alternateName":"DR. VJOSA OSMANI - SADRIU","potentialAction":[{"@type":"SearchAction","target":{"@type":"EntryPoint","urlTemplate":"https:\/\/president-ksgov.net\/?s={search_term_string}"},"query-input":{"@type":"PropertyValueSpecification","valueRequired":true,"valueName":"search_term_string"}}],"inLanguage":"en-US"},{"@type":"Person","@id":"https:\/\/president-ksgov.net\/#\/schema\/person\/bb4337a5fb147cb2046d80548172cbee","name":"admin","image":{"@type":"ImageObject","inLanguage":"en-US","@id":"https:\/\/president-ksgov.net\/#\/schema\/person\/image\/","url":"https:\/\/secure.gravatar.com\/avatar\/36156ca0fa3b8d9d25174f146e16beea0cf28f37adf1b9e19b6c9c279a7c9dd3?s=96&d=mm&r=g","contentUrl":"https:\/\/secure.gravatar.com\/avatar\/36156ca0fa3b8d9d25174f146e16beea0cf28f37adf1b9e19b6c9c279a7c9dd3?s=96&d=mm&r=g","caption":"admin"},"sameAs":["https:\/\/president-ksgov.net"]}]}},"_links":{"self":[{"href":"https:\/\/president-ksgov.net\/en\/wp-json\/wp\/v2\/posts\/67095","targetHints":{"allow":["GET"]}}],"collection":[{"href":"https:\/\/president-ksgov.net\/en\/wp-json\/wp\/v2\/posts"}],"about":[{"href":"https:\/\/president-ksgov.net\/en\/wp-json\/wp\/v2\/types\/post"}],"author":[{"embeddable":true,"href":"https:\/\/president-ksgov.net\/en\/wp-json\/wp\/v2\/users\/1"}],"replies":[{"embeddable":true,"href":"https:\/\/president-ksgov.net\/en\/wp-json\/wp\/v2\/comments?post=67095"}],"version-history":[{"count":0,"href":"https:\/\/president-ksgov.net\/en\/wp-json\/wp\/v2\/posts\/67095\/revisions"}],"wp:featuredmedia":[{"embeddable":true,"href":"https:\/\/president-ksgov.net\/en\/wp-json\/wp\/v2\/media\/17966"}],"wp:attachment":[{"href":"https:\/\/president-ksgov.net\/en\/wp-json\/wp\/v2\/media?parent=67095"}],"wp:term":[{"taxonomy":"category","embeddable":true,"href":"https:\/\/president-ksgov.net\/en\/wp-json\/wp\/v2\/categories?post=67095"},{"taxonomy":"post_tag","embeddable":true,"href":"https:\/\/president-ksgov.net\/en\/wp-json\/wp\/v2\/tags?post=67095"}],"curies":[{"name":"wp","href":"https:\/\/api.w.org\/{rel}","templated":true}]}}