{"id":67089,"date":"2021-10-28T06:56:48","date_gmt":"2021-10-28T04:56:48","guid":{"rendered":"https:\/\/dev.president-ksgov.net\/president-osmani-on-an-official-visit-to-portugal-meets-with-heads-of-state\/"},"modified":"2023-03-07T09:00:22","modified_gmt":"2023-03-07T09:00:22","slug":"president-osmani-on-an-official-visit-to-portugal-meets-with-heads-of-state","status":"publish","type":"post","link":"https:\/\/president-ksgov.net\/en\/president-osmani-on-an-official-visit-to-portugal-meets-with-heads-of-state\/","title":{"rendered":"President Osmani on an official visit to Portugal, meets with Heads of State"},"content":{"rendered":"<p>The President of the Republic of Kosovo, Vjosa Osmani, began today her official visit to Portugal.<\/p>\n<p>During her stay in this country, President Osmani will meet with the President of Portugal, Marcelo Rebelo de Sousa, the Speaker of Parliament, Eduardo Ferro Rodrigues, the Minister of Foreign Affairs, Augusto Santos Silva, the Minister of Defense, Jo\u00e3o Gomes Cravinho, and the Chief of the Armed Forces, Admiral Silva Ribeiro.<br \/>\n\u00a0<br \/>\nThe visit of President Osmani to this country is the first visit of a President of Kosovo, since the recognition of independence from Portugal, in October 2008.<\/p>\n","protected":false},"excerpt":{"rendered":"<p>The President of the Republic of Kosovo, Vjosa Osmani, began today her official visit to Portugal.<\/p>\n","protected":false},"author":1,"featured_media":17921,"comment_status":"open","ping_status":"closed","sticky":false,"template":"","format":"standard","meta":{"_eb_attr":"","footnotes":""},"categories":[113,111],"tags":[],"class_list":["post-67089","post","type-post","status-publish","format-standard","has-post-thumbnail","hentry","category-international-visits","category-news"],"yoast_head":"<!-- This site is optimized with the Yoast SEO plugin v23.5 - https:\/\/yoast.com\/wordpress\/plugins\/seo\/ -->\n<title>President Osmani on an official visit to Portugal, meets with Heads of State - President of the Republic of Kosovo - DR. VJOSA OSMANI - SADRIU<\/title>\n<meta name=\"description\" content=\"President Osmani on an official visit to Portugal, meets with Heads of State - President of the Republic of Kosovo - DR. VJOSA OSMANI - SADRIU -\" \/>\n<meta name=\"robots\" content=\"index, follow, max-snippet:-1, max-image-preview:large, max-video-preview:-1\" \/>\n<link rel=\"canonical\" href=\"https:\/\/president-ksgov.net\/en\/president-osmani-on-an-official-visit-to-portugal-meets-with-heads-of-state\/\" \/>\n<meta property=\"og:locale\" content=\"en_US\" \/>\n<meta property=\"og:type\" content=\"article\" \/>\n<meta property=\"og:title\" content=\"President Osmani on an official visit to Portugal, meets with Heads of State - President of the Republic of Kosovo - DR. VJOSA OSMANI - SADRIU\" \/>\n<meta property=\"og:description\" content=\"President Osmani on an official visit to Portugal, meets with Heads of State - President of the Republic of Kosovo - DR. VJOSA OSMANI - SADRIU -\" \/>\n<meta property=\"og:url\" content=\"https:\/\/president-ksgov.net\/en\/president-osmani-on-an-official-visit-to-portugal-meets-with-heads-of-state\/\" \/>\n<meta property=\"og:site_name\" content=\"President of the Republic of Kosovo - DR. VJOSA OSMANI - SADRIU\" \/>\n<meta property=\"article:published_time\" content=\"2021-10-28T04:56:48+00:00\" \/>\n<meta property=\"article:modified_time\" content=\"2023-03-07T09:00:22+00:00\" \/>\n<meta property=\"og:image\" content=\"https:\/\/president-ksgov.net\/wp-content\/uploads\/28_10_2021_4999723_13_05_2021_6973689_185565743_317088576442355_7838795132324491647_n.jpg\" \/>\n\t<meta property=\"og:image:width\" content=\"960\" \/>\n\t<meta property=\"og:image:height\" content=\"640\" \/>\n\t<meta property=\"og:image:type\" content=\"image\/jpeg\" \/>\n<meta name=\"author\" content=\"admin\" \/>\n<meta name=\"twitter:card\" content=\"summary_large_image\" \/>\n<meta name=\"twitter:label1\" content=\"Written by\" \/>\n\t<meta name=\"twitter:data1\" content=\"admin\" \/>\n<script type=\"application\/ld+json\" class=\"yoast-schema-graph\">{\"@context\":\"https:\/\/schema.org\",\"@graph\":[{\"@type\":\"WebPage\",\"@id\":\"https:\/\/president-ksgov.net\/en\/president-osmani-on-an-official-visit-to-portugal-meets-with-heads-of-state\/\",\"url\":\"https:\/\/president-ksgov.net\/en\/president-osmani-on-an-official-visit-to-portugal-meets-with-heads-of-state\/\",\"name\":\"President Osmani on an official visit to Portugal, meets with Heads of State - President of the Republic of Kosovo - DR. VJOSA OSMANI - SADRIU\",\"isPartOf\":{\"@id\":\"https:\/\/president-ksgov.net\/#website\"},\"primaryImageOfPage\":{\"@id\":\"https:\/\/president-ksgov.net\/en\/president-osmani-on-an-official-visit-to-portugal-meets-with-heads-of-state\/#primaryimage\"},\"image\":{\"@id\":\"https:\/\/president-ksgov.net\/en\/president-osmani-on-an-official-visit-to-portugal-meets-with-heads-of-state\/#primaryimage\"},\"thumbnailUrl\":\"https:\/\/president-ksgov.net\/wp-content\/uploads\/28_10_2021_4999723_13_05_2021_6973689_185565743_317088576442355_7838795132324491647_n.jpg\",\"datePublished\":\"2021-10-28T04:56:48+00:00\",\"dateModified\":\"2023-03-07T09:00:22+00:00\",\"author\":{\"@id\":\"https:\/\/president-ksgov.net\/#\/schema\/person\/bb4337a5fb147cb2046d80548172cbee\"},\"description\":\"President Osmani on an official visit to Portugal, meets with Heads of State - President of the Republic of Kosovo - DR. VJOSA OSMANI - SADRIU -\",\"breadcrumb\":{\"@id\":\"https:\/\/president-ksgov.net\/en\/president-osmani-on-an-official-visit-to-portugal-meets-with-heads-of-state\/#breadcrumb\"},\"inLanguage\":\"en-US\",\"potentialAction\":[{\"@type\":\"ReadAction\",\"target\":[\"https:\/\/president-ksgov.net\/en\/president-osmani-on-an-official-visit-to-portugal-meets-with-heads-of-state\/\"]}]},{\"@type\":\"ImageObject\",\"inLanguage\":\"en-US\",\"@id\":\"https:\/\/president-ksgov.net\/en\/president-osmani-on-an-official-visit-to-portugal-meets-with-heads-of-state\/#primaryimage\",\"url\":\"https:\/\/president-ksgov.net\/wp-content\/uploads\/28_10_2021_4999723_13_05_2021_6973689_185565743_317088576442355_7838795132324491647_n.jpg\",\"contentUrl\":\"https:\/\/president-ksgov.net\/wp-content\/uploads\/28_10_2021_4999723_13_05_2021_6973689_185565743_317088576442355_7838795132324491647_n.jpg\",\"width\":960,\"height\":640},{\"@type\":\"BreadcrumbList\",\"@id\":\"https:\/\/president-ksgov.net\/en\/president-osmani-on-an-official-visit-to-portugal-meets-with-heads-of-state\/#breadcrumb\",\"itemListElement\":[{\"@type\":\"ListItem\",\"position\":1,\"name\":\"Home\",\"item\":\"https:\/\/president-ksgov.net\/en\/\"},{\"@type\":\"ListItem\",\"position\":2,\"name\":\"President Osmani on an official visit to Portugal, meets with Heads of State\"}]},{\"@type\":\"WebSite\",\"@id\":\"https:\/\/president-ksgov.net\/#website\",\"url\":\"https:\/\/president-ksgov.net\/\",\"name\":\"Presidente e Republik\u00ebs s\u00eb Kosov\u00ebs\",\"description\":\"Presidente e Republik\u00ebs s\u00eb Kosov\u00ebs\",\"alternateName\":\"DR. VJOSA OSMANI - SADRIU\",\"potentialAction\":[{\"@type\":\"SearchAction\",\"target\":{\"@type\":\"EntryPoint\",\"urlTemplate\":\"https:\/\/president-ksgov.net\/?s={search_term_string}\"},\"query-input\":{\"@type\":\"PropertyValueSpecification\",\"valueRequired\":true,\"valueName\":\"search_term_string\"}}],\"inLanguage\":\"en-US\"},{\"@type\":\"Person\",\"@id\":\"https:\/\/president-ksgov.net\/#\/schema\/person\/bb4337a5fb147cb2046d80548172cbee\",\"name\":\"admin\",\"image\":{\"@type\":\"ImageObject\",\"inLanguage\":\"en-US\",\"@id\":\"https:\/\/president-ksgov.net\/#\/schema\/person\/image\/\",\"url\":\"https:\/\/secure.gravatar.com\/avatar\/36156ca0fa3b8d9d25174f146e16beea0cf28f37adf1b9e19b6c9c279a7c9dd3?s=96&d=mm&r=g\",\"contentUrl\":\"https:\/\/secure.gravatar.com\/avatar\/36156ca0fa3b8d9d25174f146e16beea0cf28f37adf1b9e19b6c9c279a7c9dd3?s=96&d=mm&r=g\",\"caption\":\"admin\"},\"sameAs\":[\"https:\/\/president-ksgov.net\"]}]}<\/script>\n<!-- \/ Yoast SEO plugin. -->","yoast_head_json":{"title":"President Osmani on an official visit to Portugal, meets with Heads of State - President of the Republic of Kosovo - DR. VJOSA OSMANI - SADRIU","description":"President Osmani on an official visit to Portugal, meets with Heads of State - President of the Republic of Kosovo - DR. VJOSA OSMANI - SADRIU -","robots":{"index":"index","follow":"follow","max-snippet":"max-snippet:-1","max-image-preview":"max-image-preview:large","max-video-preview":"max-video-preview:-1"},"canonical":"https:\/\/president-ksgov.net\/en\/president-osmani-on-an-official-visit-to-portugal-meets-with-heads-of-state\/","og_locale":"en_US","og_type":"article","og_title":"President Osmani on an official visit to Portugal, meets with Heads of State - President of the Republic of Kosovo - DR. VJOSA OSMANI - SADRIU","og_description":"President Osmani on an official visit to Portugal, meets with Heads of State - President of the Republic of Kosovo - DR. VJOSA OSMANI - SADRIU -","og_url":"https:\/\/president-ksgov.net\/en\/president-osmani-on-an-official-visit-to-portugal-meets-with-heads-of-state\/","og_site_name":"President of the Republic of Kosovo - DR. VJOSA OSMANI - SADRIU","article_published_time":"2021-10-28T04:56:48+00:00","article_modified_time":"2023-03-07T09:00:22+00:00","og_image":[{"width":960,"height":640,"url":"https:\/\/president-ksgov.net\/wp-content\/uploads\/28_10_2021_4999723_13_05_2021_6973689_185565743_317088576442355_7838795132324491647_n.jpg","type":"image\/jpeg"}],"author":"admin","twitter_card":"summary_large_image","twitter_misc":{"Written by":"admin"},"schema":{"@context":"https:\/\/schema.org","@graph":[{"@type":"WebPage","@id":"https:\/\/president-ksgov.net\/en\/president-osmani-on-an-official-visit-to-portugal-meets-with-heads-of-state\/","url":"https:\/\/president-ksgov.net\/en\/president-osmani-on-an-official-visit-to-portugal-meets-with-heads-of-state\/","name":"President Osmani on an official visit to Portugal, meets with Heads of State - President of the Republic of Kosovo - DR. VJOSA OSMANI - SADRIU","isPartOf":{"@id":"https:\/\/president-ksgov.net\/#website"},"primaryImageOfPage":{"@id":"https:\/\/president-ksgov.net\/en\/president-osmani-on-an-official-visit-to-portugal-meets-with-heads-of-state\/#primaryimage"},"image":{"@id":"https:\/\/president-ksgov.net\/en\/president-osmani-on-an-official-visit-to-portugal-meets-with-heads-of-state\/#primaryimage"},"thumbnailUrl":"https:\/\/president-ksgov.net\/wp-content\/uploads\/28_10_2021_4999723_13_05_2021_6973689_185565743_317088576442355_7838795132324491647_n.jpg","datePublished":"2021-10-28T04:56:48+00:00","dateModified":"2023-03-07T09:00:22+00:00","author":{"@id":"https:\/\/president-ksgov.net\/#\/schema\/person\/bb4337a5fb147cb2046d80548172cbee"},"description":"President Osmani on an official visit to Portugal, meets with Heads of State - President of the Republic of Kosovo - DR. VJOSA OSMANI - SADRIU -","breadcrumb":{"@id":"https:\/\/president-ksgov.net\/en\/president-osmani-on-an-official-visit-to-portugal-meets-with-heads-of-state\/#breadcrumb"},"inLanguage":"en-US","potentialAction":[{"@type":"ReadAction","target":["https:\/\/president-ksgov.net\/en\/president-osmani-on-an-official-visit-to-portugal-meets-with-heads-of-state\/"]}]},{"@type":"ImageObject","inLanguage":"en-US","@id":"https:\/\/president-ksgov.net\/en\/president-osmani-on-an-official-visit-to-portugal-meets-with-heads-of-state\/#primaryimage","url":"https:\/\/president-ksgov.net\/wp-content\/uploads\/28_10_2021_4999723_13_05_2021_6973689_185565743_317088576442355_7838795132324491647_n.jpg","contentUrl":"https:\/\/president-ksgov.net\/wp-content\/uploads\/28_10_2021_4999723_13_05_2021_6973689_185565743_317088576442355_7838795132324491647_n.jpg","width":960,"height":640},{"@type":"BreadcrumbList","@id":"https:\/\/president-ksgov.net\/en\/president-osmani-on-an-official-visit-to-portugal-meets-with-heads-of-state\/#breadcrumb","itemListElement":[{"@type":"ListItem","position":1,"name":"Home","item":"https:\/\/president-ksgov.net\/en\/"},{"@type":"ListItem","position":2,"name":"President Osmani on an official visit to Portugal, meets with Heads of State"}]},{"@type":"WebSite","@id":"https:\/\/president-ksgov.net\/#website","url":"https:\/\/president-ksgov.net\/","name":"Presidente e Republik\u00ebs s\u00eb Kosov\u00ebs","description":"Presidente e Republik\u00ebs s\u00eb Kosov\u00ebs","alternateName":"DR. VJOSA OSMANI - SADRIU","potentialAction":[{"@type":"SearchAction","target":{"@type":"EntryPoint","urlTemplate":"https:\/\/president-ksgov.net\/?s={search_term_string}"},"query-input":{"@type":"PropertyValueSpecification","valueRequired":true,"valueName":"search_term_string"}}],"inLanguage":"en-US"},{"@type":"Person","@id":"https:\/\/president-ksgov.net\/#\/schema\/person\/bb4337a5fb147cb2046d80548172cbee","name":"admin","image":{"@type":"ImageObject","inLanguage":"en-US","@id":"https:\/\/president-ksgov.net\/#\/schema\/person\/image\/","url":"https:\/\/secure.gravatar.com\/avatar\/36156ca0fa3b8d9d25174f146e16beea0cf28f37adf1b9e19b6c9c279a7c9dd3?s=96&d=mm&r=g","contentUrl":"https:\/\/secure.gravatar.com\/avatar\/36156ca0fa3b8d9d25174f146e16beea0cf28f37adf1b9e19b6c9c279a7c9dd3?s=96&d=mm&r=g","caption":"admin"},"sameAs":["https:\/\/president-ksgov.net"]}]}},"_links":{"self":[{"href":"https:\/\/president-ksgov.net\/en\/wp-json\/wp\/v2\/posts\/67089","targetHints":{"allow":["GET"]}}],"collection":[{"href":"https:\/\/president-ksgov.net\/en\/wp-json\/wp\/v2\/posts"}],"about":[{"href":"https:\/\/president-ksgov.net\/en\/wp-json\/wp\/v2\/types\/post"}],"author":[{"embeddable":true,"href":"https:\/\/president-ksgov.net\/en\/wp-json\/wp\/v2\/users\/1"}],"replies":[{"embeddable":true,"href":"https:\/\/president-ksgov.net\/en\/wp-json\/wp\/v2\/comments?post=67089"}],"version-history":[{"count":0,"href":"https:\/\/president-ksgov.net\/en\/wp-json\/wp\/v2\/posts\/67089\/revisions"}],"wp:featuredmedia":[{"embeddable":true,"href":"https:\/\/president-ksgov.net\/en\/wp-json\/wp\/v2\/media\/17921"}],"wp:attachment":[{"href":"https:\/\/president-ksgov.net\/en\/wp-json\/wp\/v2\/media?parent=67089"}],"wp:term":[{"taxonomy":"category","embeddable":true,"href":"https:\/\/president-ksgov.net\/en\/wp-json\/wp\/v2\/categories?post=67089"},{"taxonomy":"post_tag","embeddable":true,"href":"https:\/\/president-ksgov.net\/en\/wp-json\/wp\/v2\/tags?post=67089"}],"curies":[{"name":"wp","href":"https:\/\/api.w.org\/{rel}","templated":true}]}}