{"id":67088,"date":"2021-10-28T19:02:13","date_gmt":"2021-10-28T17:02:13","guid":{"rendered":"https:\/\/dev.president-ksgov.net\/president-osmani-addresses-the-global-summit-of-women-in-lisbon\/"},"modified":"2023-03-07T09:00:22","modified_gmt":"2023-03-07T09:00:22","slug":"president-osmani-addresses-the-global-summit-of-women-in-lisbon","status":"publish","type":"post","link":"https:\/\/president-ksgov.net\/en\/president-osmani-addresses-the-global-summit-of-women-in-lisbon\/","title":{"rendered":"President Osmani addresses the Global Summit of Women in Lisbon"},"content":{"rendered":"<p>The President of the Republic of Kosovo Vjosa Osmani, on the first day of her visit to Portugal, in her address to the Global Summit of Women, pointed out that the pandemic has augmented the inequalities that women face every day both at work and at home.<\/p>\n<p>But, according to Madam President, the women did not stop. &#8220;What we are witnessing today is extraordinary. An increasing trend of women and girls who do not take &#039;NO&#039; for an answer; women and girls who do not give up. &#8220;Instead, we see more and more women and girls who fight hard, stand up for what\u2019s right, stand up for each other, and most importantly \u2013 they speak up&#8221; said President Osmani at the Summit, which this year addresses the role of women in transforming the economy.<br \/>\n\u00a0<br \/>\nIn this context, President Osmani mentioned the commitment of the women of Krush\u00eb, who despite the suffering they face, did manage to triumph.<br \/>\n\u00a0<br \/>\n&#8220;I want to share with you for a moment a homegrown story of resilience and triumph of women from the village of Krush\u00eb. Fahrije Hoti, whose husband is among the 1,600 forcibly disappeared, still missing since the war, managed to turn this war-torn village into a history of economic empowerment. She\u2019s made it while defying gender stereotypes and demonstrating outstanding courage, perseverance, and resilience. &#8220;Not only has she managed to turn her pain into hard work, but today she stands behind more than 100 jobs created for the women of the village of Krush\u00eb&#8221;, President Osmani emphasized. According to her, the story of the women of Krush\u00eb is the best example of the transformative power of women who unite and stand up for each other.<br \/>\n\u00a0<br \/>\n&#8220;Her life and struggle are masterfully portrayed in the film &#8220;Hive&#8221;, Kosovo&#039;s official Oscar nominee and triple- award winner at the Sundance Festival awards. I invite you all to watch it!\u201d President Osmani added in front of women participants from all over the world at this Summit.<br \/>\n\u00a0<br \/>\nDuring her address, President Osmani also emphasized the empowerment of women in decision-making processes.<br \/>\n\u00a0<br \/>\n&#8220;Finally, it is by now clear that when women participate in high-level political and state circles, they contribute to more balanced, gender-sensitive, environmentally friendly and progressive policies.\u201dIt is only through such a policymaking approach that we stand a chance to deliver on our promise of building societies centered on people\u2019s needs and the economic systems fit to the needs of the future,&#8221; said President Osmani.<br \/>\n\u00a0<br \/>\nDuring the proceedings of the Summit, President Osmani also met with various representatives of participating countries.<\/p>\n","protected":false},"excerpt":{"rendered":"<p>The President of the Republic of Kosovo Vjosa Osmani, on the first day of her visit to Portugal, in her address to the Global Summit of Women, pointed out that the pandemic has augmented the inequalities that women face every day both at work and at home.<\/p>\n","protected":false},"author":1,"featured_media":17908,"comment_status":"open","ping_status":"closed","sticky":false,"template":"","format":"standard","meta":{"_eb_attr":"","footnotes":""},"categories":[113,111],"tags":[],"class_list":["post-67088","post","type-post","status-publish","format-standard","has-post-thumbnail","hentry","category-international-visits","category-news"],"yoast_head":"<!-- This site is optimized with the Yoast SEO plugin v23.5 - https:\/\/yoast.com\/wordpress\/plugins\/seo\/ -->\n<title>President Osmani addresses the Global Summit of Women in Lisbon - President of the Republic of Kosovo - DR. VJOSA OSMANI - SADRIU<\/title>\n<meta name=\"description\" content=\"President Osmani addresses the Global Summit of Women in Lisbon - President of the Republic of Kosovo - DR. VJOSA OSMANI - SADRIU -\" \/>\n<meta name=\"robots\" content=\"index, follow, max-snippet:-1, max-image-preview:large, max-video-preview:-1\" \/>\n<link rel=\"canonical\" href=\"https:\/\/president-ksgov.net\/en\/president-osmani-addresses-the-global-summit-of-women-in-lisbon\/\" \/>\n<meta property=\"og:locale\" content=\"en_US\" \/>\n<meta property=\"og:type\" content=\"article\" \/>\n<meta property=\"og:title\" content=\"President Osmani addresses the Global Summit of Women in Lisbon - President of the Republic of Kosovo - DR. VJOSA OSMANI - SADRIU\" \/>\n<meta property=\"og:description\" content=\"President Osmani addresses the Global Summit of Women in Lisbon - President of the Republic of Kosovo - DR. VJOSA OSMANI - SADRIU -\" \/>\n<meta property=\"og:url\" content=\"https:\/\/president-ksgov.net\/en\/president-osmani-addresses-the-global-summit-of-women-in-lisbon\/\" \/>\n<meta property=\"og:site_name\" content=\"President of the Republic of Kosovo - DR. VJOSA OSMANI - SADRIU\" \/>\n<meta property=\"article:published_time\" content=\"2021-10-28T17:02:13+00:00\" \/>\n<meta property=\"article:modified_time\" content=\"2023-03-07T09:00:22+00:00\" \/>\n<meta property=\"og:image\" content=\"https:\/\/president-ksgov.net\/wp-content\/uploads\/28_10_2021_2408593_Presidentja_Osmani_mbane_fjalim_ne_Samitin_Global_te_Grave_ne_Lisbone_4.jpg\" \/>\n\t<meta property=\"og:image:width\" content=\"896\" \/>\n\t<meta property=\"og:image:height\" content=\"672\" \/>\n\t<meta property=\"og:image:type\" content=\"image\/jpeg\" \/>\n<meta name=\"author\" content=\"admin\" \/>\n<meta name=\"twitter:card\" content=\"summary_large_image\" \/>\n<meta name=\"twitter:label1\" content=\"Written by\" \/>\n\t<meta name=\"twitter:data1\" content=\"admin\" \/>\n\t<meta name=\"twitter:label2\" content=\"Est. reading time\" \/>\n\t<meta name=\"twitter:data2\" content=\"2 minutes\" \/>\n<script type=\"application\/ld+json\" class=\"yoast-schema-graph\">{\"@context\":\"https:\/\/schema.org\",\"@graph\":[{\"@type\":\"WebPage\",\"@id\":\"https:\/\/president-ksgov.net\/en\/president-osmani-addresses-the-global-summit-of-women-in-lisbon\/\",\"url\":\"https:\/\/president-ksgov.net\/en\/president-osmani-addresses-the-global-summit-of-women-in-lisbon\/\",\"name\":\"President Osmani addresses the Global Summit of Women in Lisbon - President of the Republic of Kosovo - DR. VJOSA OSMANI - SADRIU\",\"isPartOf\":{\"@id\":\"https:\/\/president-ksgov.net\/#website\"},\"primaryImageOfPage\":{\"@id\":\"https:\/\/president-ksgov.net\/en\/president-osmani-addresses-the-global-summit-of-women-in-lisbon\/#primaryimage\"},\"image\":{\"@id\":\"https:\/\/president-ksgov.net\/en\/president-osmani-addresses-the-global-summit-of-women-in-lisbon\/#primaryimage\"},\"thumbnailUrl\":\"https:\/\/president-ksgov.net\/wp-content\/uploads\/28_10_2021_2408593_Presidentja_Osmani_mbane_fjalim_ne_Samitin_Global_te_Grave_ne_Lisbone_4.jpg\",\"datePublished\":\"2021-10-28T17:02:13+00:00\",\"dateModified\":\"2023-03-07T09:00:22+00:00\",\"author\":{\"@id\":\"https:\/\/president-ksgov.net\/#\/schema\/person\/bb4337a5fb147cb2046d80548172cbee\"},\"description\":\"President Osmani addresses the Global Summit of Women in Lisbon - President of the Republic of Kosovo - DR. VJOSA OSMANI - SADRIU -\",\"breadcrumb\":{\"@id\":\"https:\/\/president-ksgov.net\/en\/president-osmani-addresses-the-global-summit-of-women-in-lisbon\/#breadcrumb\"},\"inLanguage\":\"en-US\",\"potentialAction\":[{\"@type\":\"ReadAction\",\"target\":[\"https:\/\/president-ksgov.net\/en\/president-osmani-addresses-the-global-summit-of-women-in-lisbon\/\"]}]},{\"@type\":\"ImageObject\",\"inLanguage\":\"en-US\",\"@id\":\"https:\/\/president-ksgov.net\/en\/president-osmani-addresses-the-global-summit-of-women-in-lisbon\/#primaryimage\",\"url\":\"https:\/\/president-ksgov.net\/wp-content\/uploads\/28_10_2021_2408593_Presidentja_Osmani_mbane_fjalim_ne_Samitin_Global_te_Grave_ne_Lisbone_4.jpg\",\"contentUrl\":\"https:\/\/president-ksgov.net\/wp-content\/uploads\/28_10_2021_2408593_Presidentja_Osmani_mbane_fjalim_ne_Samitin_Global_te_Grave_ne_Lisbone_4.jpg\",\"width\":896,\"height\":672},{\"@type\":\"BreadcrumbList\",\"@id\":\"https:\/\/president-ksgov.net\/en\/president-osmani-addresses-the-global-summit-of-women-in-lisbon\/#breadcrumb\",\"itemListElement\":[{\"@type\":\"ListItem\",\"position\":1,\"name\":\"Home\",\"item\":\"https:\/\/president-ksgov.net\/en\/\"},{\"@type\":\"ListItem\",\"position\":2,\"name\":\"President Osmani addresses the Global Summit of Women in Lisbon\"}]},{\"@type\":\"WebSite\",\"@id\":\"https:\/\/president-ksgov.net\/#website\",\"url\":\"https:\/\/president-ksgov.net\/\",\"name\":\"Presidente e Republik\u00ebs s\u00eb Kosov\u00ebs\",\"description\":\"Presidente e Republik\u00ebs s\u00eb Kosov\u00ebs\",\"alternateName\":\"DR. VJOSA OSMANI - SADRIU\",\"potentialAction\":[{\"@type\":\"SearchAction\",\"target\":{\"@type\":\"EntryPoint\",\"urlTemplate\":\"https:\/\/president-ksgov.net\/?s={search_term_string}\"},\"query-input\":{\"@type\":\"PropertyValueSpecification\",\"valueRequired\":true,\"valueName\":\"search_term_string\"}}],\"inLanguage\":\"en-US\"},{\"@type\":\"Person\",\"@id\":\"https:\/\/president-ksgov.net\/#\/schema\/person\/bb4337a5fb147cb2046d80548172cbee\",\"name\":\"admin\",\"image\":{\"@type\":\"ImageObject\",\"inLanguage\":\"en-US\",\"@id\":\"https:\/\/president-ksgov.net\/#\/schema\/person\/image\/\",\"url\":\"https:\/\/secure.gravatar.com\/avatar\/36156ca0fa3b8d9d25174f146e16beea0cf28f37adf1b9e19b6c9c279a7c9dd3?s=96&d=mm&r=g\",\"contentUrl\":\"https:\/\/secure.gravatar.com\/avatar\/36156ca0fa3b8d9d25174f146e16beea0cf28f37adf1b9e19b6c9c279a7c9dd3?s=96&d=mm&r=g\",\"caption\":\"admin\"},\"sameAs\":[\"https:\/\/president-ksgov.net\"]}]}<\/script>\n<!-- \/ Yoast SEO plugin. -->","yoast_head_json":{"title":"President Osmani addresses the Global Summit of Women in Lisbon - President of the Republic of Kosovo - DR. VJOSA OSMANI - SADRIU","description":"President Osmani addresses the Global Summit of Women in Lisbon - President of the Republic of Kosovo - DR. VJOSA OSMANI - SADRIU -","robots":{"index":"index","follow":"follow","max-snippet":"max-snippet:-1","max-image-preview":"max-image-preview:large","max-video-preview":"max-video-preview:-1"},"canonical":"https:\/\/president-ksgov.net\/en\/president-osmani-addresses-the-global-summit-of-women-in-lisbon\/","og_locale":"en_US","og_type":"article","og_title":"President Osmani addresses the Global Summit of Women in Lisbon - President of the Republic of Kosovo - DR. VJOSA OSMANI - SADRIU","og_description":"President Osmani addresses the Global Summit of Women in Lisbon - President of the Republic of Kosovo - DR. VJOSA OSMANI - SADRIU -","og_url":"https:\/\/president-ksgov.net\/en\/president-osmani-addresses-the-global-summit-of-women-in-lisbon\/","og_site_name":"President of the Republic of Kosovo - DR. VJOSA OSMANI - SADRIU","article_published_time":"2021-10-28T17:02:13+00:00","article_modified_time":"2023-03-07T09:00:22+00:00","og_image":[{"width":896,"height":672,"url":"https:\/\/president-ksgov.net\/wp-content\/uploads\/28_10_2021_2408593_Presidentja_Osmani_mbane_fjalim_ne_Samitin_Global_te_Grave_ne_Lisbone_4.jpg","type":"image\/jpeg"}],"author":"admin","twitter_card":"summary_large_image","twitter_misc":{"Written by":"admin","Est. reading time":"2 minutes"},"schema":{"@context":"https:\/\/schema.org","@graph":[{"@type":"WebPage","@id":"https:\/\/president-ksgov.net\/en\/president-osmani-addresses-the-global-summit-of-women-in-lisbon\/","url":"https:\/\/president-ksgov.net\/en\/president-osmani-addresses-the-global-summit-of-women-in-lisbon\/","name":"President Osmani addresses the Global Summit of Women in Lisbon - President of the Republic of Kosovo - DR. VJOSA OSMANI - SADRIU","isPartOf":{"@id":"https:\/\/president-ksgov.net\/#website"},"primaryImageOfPage":{"@id":"https:\/\/president-ksgov.net\/en\/president-osmani-addresses-the-global-summit-of-women-in-lisbon\/#primaryimage"},"image":{"@id":"https:\/\/president-ksgov.net\/en\/president-osmani-addresses-the-global-summit-of-women-in-lisbon\/#primaryimage"},"thumbnailUrl":"https:\/\/president-ksgov.net\/wp-content\/uploads\/28_10_2021_2408593_Presidentja_Osmani_mbane_fjalim_ne_Samitin_Global_te_Grave_ne_Lisbone_4.jpg","datePublished":"2021-10-28T17:02:13+00:00","dateModified":"2023-03-07T09:00:22+00:00","author":{"@id":"https:\/\/president-ksgov.net\/#\/schema\/person\/bb4337a5fb147cb2046d80548172cbee"},"description":"President Osmani addresses the Global Summit of Women in Lisbon - President of the Republic of Kosovo - DR. VJOSA OSMANI - SADRIU -","breadcrumb":{"@id":"https:\/\/president-ksgov.net\/en\/president-osmani-addresses-the-global-summit-of-women-in-lisbon\/#breadcrumb"},"inLanguage":"en-US","potentialAction":[{"@type":"ReadAction","target":["https:\/\/president-ksgov.net\/en\/president-osmani-addresses-the-global-summit-of-women-in-lisbon\/"]}]},{"@type":"ImageObject","inLanguage":"en-US","@id":"https:\/\/president-ksgov.net\/en\/president-osmani-addresses-the-global-summit-of-women-in-lisbon\/#primaryimage","url":"https:\/\/president-ksgov.net\/wp-content\/uploads\/28_10_2021_2408593_Presidentja_Osmani_mbane_fjalim_ne_Samitin_Global_te_Grave_ne_Lisbone_4.jpg","contentUrl":"https:\/\/president-ksgov.net\/wp-content\/uploads\/28_10_2021_2408593_Presidentja_Osmani_mbane_fjalim_ne_Samitin_Global_te_Grave_ne_Lisbone_4.jpg","width":896,"height":672},{"@type":"BreadcrumbList","@id":"https:\/\/president-ksgov.net\/en\/president-osmani-addresses-the-global-summit-of-women-in-lisbon\/#breadcrumb","itemListElement":[{"@type":"ListItem","position":1,"name":"Home","item":"https:\/\/president-ksgov.net\/en\/"},{"@type":"ListItem","position":2,"name":"President Osmani addresses the Global Summit of Women in Lisbon"}]},{"@type":"WebSite","@id":"https:\/\/president-ksgov.net\/#website","url":"https:\/\/president-ksgov.net\/","name":"Presidente e Republik\u00ebs s\u00eb Kosov\u00ebs","description":"Presidente e Republik\u00ebs s\u00eb Kosov\u00ebs","alternateName":"DR. VJOSA OSMANI - SADRIU","potentialAction":[{"@type":"SearchAction","target":{"@type":"EntryPoint","urlTemplate":"https:\/\/president-ksgov.net\/?s={search_term_string}"},"query-input":{"@type":"PropertyValueSpecification","valueRequired":true,"valueName":"search_term_string"}}],"inLanguage":"en-US"},{"@type":"Person","@id":"https:\/\/president-ksgov.net\/#\/schema\/person\/bb4337a5fb147cb2046d80548172cbee","name":"admin","image":{"@type":"ImageObject","inLanguage":"en-US","@id":"https:\/\/president-ksgov.net\/#\/schema\/person\/image\/","url":"https:\/\/secure.gravatar.com\/avatar\/36156ca0fa3b8d9d25174f146e16beea0cf28f37adf1b9e19b6c9c279a7c9dd3?s=96&d=mm&r=g","contentUrl":"https:\/\/secure.gravatar.com\/avatar\/36156ca0fa3b8d9d25174f146e16beea0cf28f37adf1b9e19b6c9c279a7c9dd3?s=96&d=mm&r=g","caption":"admin"},"sameAs":["https:\/\/president-ksgov.net"]}]}},"_links":{"self":[{"href":"https:\/\/president-ksgov.net\/en\/wp-json\/wp\/v2\/posts\/67088","targetHints":{"allow":["GET"]}}],"collection":[{"href":"https:\/\/president-ksgov.net\/en\/wp-json\/wp\/v2\/posts"}],"about":[{"href":"https:\/\/president-ksgov.net\/en\/wp-json\/wp\/v2\/types\/post"}],"author":[{"embeddable":true,"href":"https:\/\/president-ksgov.net\/en\/wp-json\/wp\/v2\/users\/1"}],"replies":[{"embeddable":true,"href":"https:\/\/president-ksgov.net\/en\/wp-json\/wp\/v2\/comments?post=67088"}],"version-history":[{"count":0,"href":"https:\/\/president-ksgov.net\/en\/wp-json\/wp\/v2\/posts\/67088\/revisions"}],"wp:featuredmedia":[{"embeddable":true,"href":"https:\/\/president-ksgov.net\/en\/wp-json\/wp\/v2\/media\/17908"}],"wp:attachment":[{"href":"https:\/\/president-ksgov.net\/en\/wp-json\/wp\/v2\/media?parent=67088"}],"wp:term":[{"taxonomy":"category","embeddable":true,"href":"https:\/\/president-ksgov.net\/en\/wp-json\/wp\/v2\/categories?post=67088"},{"taxonomy":"post_tag","embeddable":true,"href":"https:\/\/president-ksgov.net\/en\/wp-json\/wp\/v2\/tags?post=67088"}],"curies":[{"name":"wp","href":"https:\/\/api.w.org\/{rel}","templated":true}]}}