{"id":67080,"date":"2021-10-30T18:07:14","date_gmt":"2021-10-30T18:07:14","guid":{"rendered":"https:\/\/dev.president-ksgov.net\/the-president-trade-exchange-between-kosovo-and-portugal-has-the-potential-to-increase-and-should-do-so-and-should-do-so\/"},"modified":"2023-03-07T08:59:48","modified_gmt":"2023-03-07T08:59:48","slug":"the-president-trade-exchange-between-kosovo-and-portugal-has-the-potential-to-increase-and-should-do-so-and-should-do-so","status":"publish","type":"post","link":"https:\/\/president-ksgov.net\/en\/the-president-trade-exchange-between-kosovo-and-portugal-has-the-potential-to-increase-and-should-do-so-and-should-do-so\/","title":{"rendered":"The President: Trade exchange between Kosovo and Portugal has the potential to increase and should do so and should  do so"},"content":{"rendered":"<p>The President of the Republic of Kosovo Vjosa Osmani at the end of her visit to Portugal had a conversation with the business community.<\/p>\n<p>President Osmani said that trade\u00a0exchange between Kosovo and Portugal has the potential to increase and should do so and should do so\u00a0in reflection of the excellent political and diplomatic relations.<\/p>\n<p>Following is President Osmani&#039;s full post:<\/p>\n<p>The visit to Portugal could not be concluded without a discussion with the business community.<\/p>\n<p>Trade\u00a0exchange between Kosovo and Portugal has the potential to increase and should do so and should do so\u00a0in reflection of the excellent political and diplomatic relations. I spoke to business representatives operating in the fields of technology, engineering, insurance, healthcare, aviation, energy and the banking sector about the tremendous potential that Kosovo has and the opportunities for foreign investment.<\/p>\n","protected":false},"excerpt":{"rendered":"<p>The President of the Republic of Kosovo Vjosa Osmani at the end of her visit to Portugal had a conversation with the business community.<\/p>\n","protected":false},"author":1,"featured_media":17801,"comment_status":"open","ping_status":"closed","sticky":false,"template":"","format":"standard","meta":{"_eb_attr":"","footnotes":""},"categories":[111],"tags":[],"class_list":["post-67080","post","type-post","status-publish","format-standard","has-post-thumbnail","hentry","category-news"],"yoast_head":"<!-- This site is optimized with the Yoast SEO plugin v23.5 - https:\/\/yoast.com\/wordpress\/plugins\/seo\/ -->\n<title>The President: Trade exchange between Kosovo and Portugal has the potential to increase and should do so and should do so - President of the Republic of Kosovo - DR. VJOSA OSMANI - SADRIU<\/title>\n<meta name=\"description\" content=\"The President: Trade exchange between Kosovo and Portugal has the potential to increase and should do so and should do so - President of the Republic of Kosovo - DR. VJOSA OSMANI - SADRIU -\" \/>\n<meta name=\"robots\" content=\"index, follow, max-snippet:-1, max-image-preview:large, max-video-preview:-1\" \/>\n<link rel=\"canonical\" href=\"https:\/\/president-ksgov.net\/en\/the-president-trade-exchange-between-kosovo-and-portugal-has-the-potential-to-increase-and-should-do-so-and-should-do-so\/\" \/>\n<meta property=\"og:locale\" content=\"en_US\" \/>\n<meta property=\"og:type\" content=\"article\" \/>\n<meta property=\"og:title\" content=\"The President: Trade exchange between Kosovo and Portugal has the potential to increase and should do so and should do so - President of the Republic of Kosovo - DR. VJOSA OSMANI - SADRIU\" \/>\n<meta property=\"og:description\" content=\"The President: Trade exchange between Kosovo and Portugal has the potential to increase and should do so and should do so - President of the Republic of Kosovo - DR. VJOSA OSMANI - SADRIU -\" \/>\n<meta property=\"og:url\" content=\"https:\/\/president-ksgov.net\/en\/the-president-trade-exchange-between-kosovo-and-portugal-has-the-potential-to-increase-and-should-do-so-and-should-do-so\/\" \/>\n<meta property=\"og:site_name\" content=\"President of the Republic of Kosovo - DR. VJOSA OSMANI - SADRIU\" \/>\n<meta property=\"article:published_time\" content=\"2021-10-30T18:07:14+00:00\" \/>\n<meta property=\"article:modified_time\" content=\"2023-03-07T08:59:48+00:00\" \/>\n<meta property=\"og:image\" content=\"https:\/\/president-ksgov.net\/wp-content\/uploads\/30_10_2021_4033772_FB_IMG_1635616910151.jpg\" \/>\n\t<meta property=\"og:image:width\" content=\"720\" \/>\n\t<meta property=\"og:image:height\" content=\"480\" \/>\n\t<meta property=\"og:image:type\" content=\"image\/jpeg\" \/>\n<meta name=\"author\" content=\"admin\" \/>\n<meta name=\"twitter:card\" content=\"summary_large_image\" \/>\n<meta name=\"twitter:label1\" content=\"Written by\" \/>\n\t<meta name=\"twitter:data1\" content=\"admin\" \/>\n\t<meta name=\"twitter:label2\" content=\"Est. reading time\" \/>\n\t<meta name=\"twitter:data2\" content=\"1 minute\" \/>\n<script type=\"application\/ld+json\" class=\"yoast-schema-graph\">{\"@context\":\"https:\/\/schema.org\",\"@graph\":[{\"@type\":\"WebPage\",\"@id\":\"https:\/\/president-ksgov.net\/en\/the-president-trade-exchange-between-kosovo-and-portugal-has-the-potential-to-increase-and-should-do-so-and-should-do-so\/\",\"url\":\"https:\/\/president-ksgov.net\/en\/the-president-trade-exchange-between-kosovo-and-portugal-has-the-potential-to-increase-and-should-do-so-and-should-do-so\/\",\"name\":\"The President: Trade exchange between Kosovo and Portugal has the potential to increase and should do so and should do so - President of the Republic of Kosovo - DR. VJOSA OSMANI - SADRIU\",\"isPartOf\":{\"@id\":\"https:\/\/president-ksgov.net\/#website\"},\"primaryImageOfPage\":{\"@id\":\"https:\/\/president-ksgov.net\/en\/the-president-trade-exchange-between-kosovo-and-portugal-has-the-potential-to-increase-and-should-do-so-and-should-do-so\/#primaryimage\"},\"image\":{\"@id\":\"https:\/\/president-ksgov.net\/en\/the-president-trade-exchange-between-kosovo-and-portugal-has-the-potential-to-increase-and-should-do-so-and-should-do-so\/#primaryimage\"},\"thumbnailUrl\":\"https:\/\/president-ksgov.net\/wp-content\/uploads\/30_10_2021_4033772_FB_IMG_1635616910151.jpg\",\"datePublished\":\"2021-10-30T18:07:14+00:00\",\"dateModified\":\"2023-03-07T08:59:48+00:00\",\"author\":{\"@id\":\"https:\/\/president-ksgov.net\/#\/schema\/person\/bb4337a5fb147cb2046d80548172cbee\"},\"description\":\"The President: Trade exchange between Kosovo and Portugal has the potential to increase and should do so and should do so - President of the Republic of Kosovo - DR. VJOSA OSMANI - SADRIU -\",\"breadcrumb\":{\"@id\":\"https:\/\/president-ksgov.net\/en\/the-president-trade-exchange-between-kosovo-and-portugal-has-the-potential-to-increase-and-should-do-so-and-should-do-so\/#breadcrumb\"},\"inLanguage\":\"en-US\",\"potentialAction\":[{\"@type\":\"ReadAction\",\"target\":[\"https:\/\/president-ksgov.net\/en\/the-president-trade-exchange-between-kosovo-and-portugal-has-the-potential-to-increase-and-should-do-so-and-should-do-so\/\"]}]},{\"@type\":\"ImageObject\",\"inLanguage\":\"en-US\",\"@id\":\"https:\/\/president-ksgov.net\/en\/the-president-trade-exchange-between-kosovo-and-portugal-has-the-potential-to-increase-and-should-do-so-and-should-do-so\/#primaryimage\",\"url\":\"https:\/\/president-ksgov.net\/wp-content\/uploads\/30_10_2021_4033772_FB_IMG_1635616910151.jpg\",\"contentUrl\":\"https:\/\/president-ksgov.net\/wp-content\/uploads\/30_10_2021_4033772_FB_IMG_1635616910151.jpg\",\"width\":720,\"height\":480},{\"@type\":\"BreadcrumbList\",\"@id\":\"https:\/\/president-ksgov.net\/en\/the-president-trade-exchange-between-kosovo-and-portugal-has-the-potential-to-increase-and-should-do-so-and-should-do-so\/#breadcrumb\",\"itemListElement\":[{\"@type\":\"ListItem\",\"position\":1,\"name\":\"Home\",\"item\":\"https:\/\/president-ksgov.net\/en\/\"},{\"@type\":\"ListItem\",\"position\":2,\"name\":\"The President: Trade exchange between Kosovo and Portugal has the potential to increase and should do so and should do so\"}]},{\"@type\":\"WebSite\",\"@id\":\"https:\/\/president-ksgov.net\/#website\",\"url\":\"https:\/\/president-ksgov.net\/\",\"name\":\"Presidente e Republik\u00ebs s\u00eb Kosov\u00ebs\",\"description\":\"Presidente e Republik\u00ebs s\u00eb Kosov\u00ebs\",\"alternateName\":\"DR. VJOSA OSMANI - SADRIU\",\"potentialAction\":[{\"@type\":\"SearchAction\",\"target\":{\"@type\":\"EntryPoint\",\"urlTemplate\":\"https:\/\/president-ksgov.net\/?s={search_term_string}\"},\"query-input\":{\"@type\":\"PropertyValueSpecification\",\"valueRequired\":true,\"valueName\":\"search_term_string\"}}],\"inLanguage\":\"en-US\"},{\"@type\":\"Person\",\"@id\":\"https:\/\/president-ksgov.net\/#\/schema\/person\/bb4337a5fb147cb2046d80548172cbee\",\"name\":\"admin\",\"image\":{\"@type\":\"ImageObject\",\"inLanguage\":\"en-US\",\"@id\":\"https:\/\/president-ksgov.net\/#\/schema\/person\/image\/\",\"url\":\"https:\/\/secure.gravatar.com\/avatar\/36156ca0fa3b8d9d25174f146e16beea0cf28f37adf1b9e19b6c9c279a7c9dd3?s=96&d=mm&r=g\",\"contentUrl\":\"https:\/\/secure.gravatar.com\/avatar\/36156ca0fa3b8d9d25174f146e16beea0cf28f37adf1b9e19b6c9c279a7c9dd3?s=96&d=mm&r=g\",\"caption\":\"admin\"},\"sameAs\":[\"https:\/\/president-ksgov.net\"]}]}<\/script>\n<!-- \/ Yoast SEO plugin. -->","yoast_head_json":{"title":"The President: Trade exchange between Kosovo and Portugal has the potential to increase and should do so and should do so - President of the Republic of Kosovo - DR. VJOSA OSMANI - SADRIU","description":"The President: Trade exchange between Kosovo and Portugal has the potential to increase and should do so and should do so - President of the Republic of Kosovo - DR. VJOSA OSMANI - SADRIU -","robots":{"index":"index","follow":"follow","max-snippet":"max-snippet:-1","max-image-preview":"max-image-preview:large","max-video-preview":"max-video-preview:-1"},"canonical":"https:\/\/president-ksgov.net\/en\/the-president-trade-exchange-between-kosovo-and-portugal-has-the-potential-to-increase-and-should-do-so-and-should-do-so\/","og_locale":"en_US","og_type":"article","og_title":"The President: Trade exchange between Kosovo and Portugal has the potential to increase and should do so and should do so - President of the Republic of Kosovo - DR. VJOSA OSMANI - SADRIU","og_description":"The President: Trade exchange between Kosovo and Portugal has the potential to increase and should do so and should do so - President of the Republic of Kosovo - DR. VJOSA OSMANI - SADRIU -","og_url":"https:\/\/president-ksgov.net\/en\/the-president-trade-exchange-between-kosovo-and-portugal-has-the-potential-to-increase-and-should-do-so-and-should-do-so\/","og_site_name":"President of the Republic of Kosovo - DR. VJOSA OSMANI - SADRIU","article_published_time":"2021-10-30T18:07:14+00:00","article_modified_time":"2023-03-07T08:59:48+00:00","og_image":[{"width":720,"height":480,"url":"https:\/\/president-ksgov.net\/wp-content\/uploads\/30_10_2021_4033772_FB_IMG_1635616910151.jpg","type":"image\/jpeg"}],"author":"admin","twitter_card":"summary_large_image","twitter_misc":{"Written by":"admin","Est. reading time":"1 minute"},"schema":{"@context":"https:\/\/schema.org","@graph":[{"@type":"WebPage","@id":"https:\/\/president-ksgov.net\/en\/the-president-trade-exchange-between-kosovo-and-portugal-has-the-potential-to-increase-and-should-do-so-and-should-do-so\/","url":"https:\/\/president-ksgov.net\/en\/the-president-trade-exchange-between-kosovo-and-portugal-has-the-potential-to-increase-and-should-do-so-and-should-do-so\/","name":"The President: Trade exchange between Kosovo and Portugal has the potential to increase and should do so and should do so - President of the Republic of Kosovo - DR. VJOSA OSMANI - SADRIU","isPartOf":{"@id":"https:\/\/president-ksgov.net\/#website"},"primaryImageOfPage":{"@id":"https:\/\/president-ksgov.net\/en\/the-president-trade-exchange-between-kosovo-and-portugal-has-the-potential-to-increase-and-should-do-so-and-should-do-so\/#primaryimage"},"image":{"@id":"https:\/\/president-ksgov.net\/en\/the-president-trade-exchange-between-kosovo-and-portugal-has-the-potential-to-increase-and-should-do-so-and-should-do-so\/#primaryimage"},"thumbnailUrl":"https:\/\/president-ksgov.net\/wp-content\/uploads\/30_10_2021_4033772_FB_IMG_1635616910151.jpg","datePublished":"2021-10-30T18:07:14+00:00","dateModified":"2023-03-07T08:59:48+00:00","author":{"@id":"https:\/\/president-ksgov.net\/#\/schema\/person\/bb4337a5fb147cb2046d80548172cbee"},"description":"The President: Trade exchange between Kosovo and Portugal has the potential to increase and should do so and should do so - President of the Republic of Kosovo - DR. VJOSA OSMANI - SADRIU -","breadcrumb":{"@id":"https:\/\/president-ksgov.net\/en\/the-president-trade-exchange-between-kosovo-and-portugal-has-the-potential-to-increase-and-should-do-so-and-should-do-so\/#breadcrumb"},"inLanguage":"en-US","potentialAction":[{"@type":"ReadAction","target":["https:\/\/president-ksgov.net\/en\/the-president-trade-exchange-between-kosovo-and-portugal-has-the-potential-to-increase-and-should-do-so-and-should-do-so\/"]}]},{"@type":"ImageObject","inLanguage":"en-US","@id":"https:\/\/president-ksgov.net\/en\/the-president-trade-exchange-between-kosovo-and-portugal-has-the-potential-to-increase-and-should-do-so-and-should-do-so\/#primaryimage","url":"https:\/\/president-ksgov.net\/wp-content\/uploads\/30_10_2021_4033772_FB_IMG_1635616910151.jpg","contentUrl":"https:\/\/president-ksgov.net\/wp-content\/uploads\/30_10_2021_4033772_FB_IMG_1635616910151.jpg","width":720,"height":480},{"@type":"BreadcrumbList","@id":"https:\/\/president-ksgov.net\/en\/the-president-trade-exchange-between-kosovo-and-portugal-has-the-potential-to-increase-and-should-do-so-and-should-do-so\/#breadcrumb","itemListElement":[{"@type":"ListItem","position":1,"name":"Home","item":"https:\/\/president-ksgov.net\/en\/"},{"@type":"ListItem","position":2,"name":"The President: Trade exchange between Kosovo and Portugal has the potential to increase and should do so and should do so"}]},{"@type":"WebSite","@id":"https:\/\/president-ksgov.net\/#website","url":"https:\/\/president-ksgov.net\/","name":"Presidente e Republik\u00ebs s\u00eb Kosov\u00ebs","description":"Presidente e Republik\u00ebs s\u00eb Kosov\u00ebs","alternateName":"DR. VJOSA OSMANI - SADRIU","potentialAction":[{"@type":"SearchAction","target":{"@type":"EntryPoint","urlTemplate":"https:\/\/president-ksgov.net\/?s={search_term_string}"},"query-input":{"@type":"PropertyValueSpecification","valueRequired":true,"valueName":"search_term_string"}}],"inLanguage":"en-US"},{"@type":"Person","@id":"https:\/\/president-ksgov.net\/#\/schema\/person\/bb4337a5fb147cb2046d80548172cbee","name":"admin","image":{"@type":"ImageObject","inLanguage":"en-US","@id":"https:\/\/president-ksgov.net\/#\/schema\/person\/image\/","url":"https:\/\/secure.gravatar.com\/avatar\/36156ca0fa3b8d9d25174f146e16beea0cf28f37adf1b9e19b6c9c279a7c9dd3?s=96&d=mm&r=g","contentUrl":"https:\/\/secure.gravatar.com\/avatar\/36156ca0fa3b8d9d25174f146e16beea0cf28f37adf1b9e19b6c9c279a7c9dd3?s=96&d=mm&r=g","caption":"admin"},"sameAs":["https:\/\/president-ksgov.net"]}]}},"_links":{"self":[{"href":"https:\/\/president-ksgov.net\/en\/wp-json\/wp\/v2\/posts\/67080","targetHints":{"allow":["GET"]}}],"collection":[{"href":"https:\/\/president-ksgov.net\/en\/wp-json\/wp\/v2\/posts"}],"about":[{"href":"https:\/\/president-ksgov.net\/en\/wp-json\/wp\/v2\/types\/post"}],"author":[{"embeddable":true,"href":"https:\/\/president-ksgov.net\/en\/wp-json\/wp\/v2\/users\/1"}],"replies":[{"embeddable":true,"href":"https:\/\/president-ksgov.net\/en\/wp-json\/wp\/v2\/comments?post=67080"}],"version-history":[{"count":0,"href":"https:\/\/president-ksgov.net\/en\/wp-json\/wp\/v2\/posts\/67080\/revisions"}],"wp:featuredmedia":[{"embeddable":true,"href":"https:\/\/president-ksgov.net\/en\/wp-json\/wp\/v2\/media\/17801"}],"wp:attachment":[{"href":"https:\/\/president-ksgov.net\/en\/wp-json\/wp\/v2\/media?parent=67080"}],"wp:term":[{"taxonomy":"category","embeddable":true,"href":"https:\/\/president-ksgov.net\/en\/wp-json\/wp\/v2\/categories?post=67080"},{"taxonomy":"post_tag","embeddable":true,"href":"https:\/\/president-ksgov.net\/en\/wp-json\/wp\/v2\/tags?post=67080"}],"curies":[{"name":"wp","href":"https:\/\/api.w.org\/{rel}","templated":true}]}}