{"id":67043,"date":"2021-11-25T16:24:11","date_gmt":"2021-11-25T16:24:11","guid":{"rendered":"https:\/\/dev.president-ksgov.net\/president-osmani-met-with-the-president-of-albania-mr-ilir-meta\/"},"modified":"2023-03-07T08:59:13","modified_gmt":"2023-03-07T08:59:13","slug":"president-osmani-met-with-the-president-of-albania-mr-ilir-meta","status":"publish","type":"post","link":"https:\/\/president-ksgov.net\/en\/president-osmani-met-with-the-president-of-albania-mr-ilir-meta\/","title":{"rendered":"President Osmani met with the President of Albania Mr. Ilir Meta"},"content":{"rendered":"<p>The President of the Republic of Kosovo Vjosa Osmani received today at a meeting the President of Albania Mr. Ilir Meta.<\/p>\n<p>Assessing the relations between Kosovo and Albania as excellent, President Osmani asked her counterpart Meta that Albania be a strong voice of Kosovo in organizations in which our country is not as yet represented.<\/p>\n<p>\u00a0<br \/>\nPresident Osmani emphasized that she is against any idea which attempts to treat Kosovo unequally.<\/p>\n<p>\u00a0<br \/>\n&#8220;Kosovo cannot become part of regional initiatives or mechanisms if the representation in these initiatives from the very start is not comprehensive and is not based upon the principle of equality,&#8221; said President Osmani. Referring to the Open Balkans initiative, she stressed that she cannot support any initiative that could rival or hinder the EU integration process and the Euro-Atlantic orientation of the region, and where Serbia which has not as yet has recognized Kosovo, aims to play a leading role.<\/p>\n<p>\u00a0<br \/>\nPresident Osmani also pointed out that Kosovo has shown readiness to continue the dialogue with Serbia, but will not be part of any arrangement, which does not guarantee the sovereignty, integrity and functionality of the state of Kosovo.<\/p>\n<p>\u00a0<br \/>\nIn this context, President Osmani said that together with Albania, they should both commit themselves to convey the message to the region and to the world about the danger posed to the Balkans by the aggressive and hegemonic policy of Serbia.<\/p>\n<p>\u00a0<br \/>\nPresident Osmani, on the eve of Flag Day, congratulated President Meta and the Albanian people on the 109th\u00a0anniversary of Albania&#039;s independence and stressed that this day makes Albanians proud, wherever they might be. According to President Osmani, the long-established cooperation with Albania in many areas will be followed by other agreements. She mentioned the meeting of the two Governments, which will be held on November 26th\u00a0in Elbasan, in which Kosovo and Albania will sign 16 additional agreements, including the ones on free movement, trade, education, justice and infrastructure.<\/p>\n","protected":false},"excerpt":{"rendered":"<p>The President of the Republic of Kosovo Vjosa Osmani received today at a meeting the President of Albania Mr. Ilir Meta.<\/p>\n","protected":false},"author":1,"featured_media":17449,"comment_status":"open","ping_status":"closed","sticky":false,"template":"","format":"standard","meta":{"_eb_attr":"","footnotes":""},"categories":[111],"tags":[],"class_list":["post-67043","post","type-post","status-publish","format-standard","has-post-thumbnail","hentry","category-news"],"yoast_head":"<!-- This site is optimized with the Yoast SEO plugin v23.5 - https:\/\/yoast.com\/wordpress\/plugins\/seo\/ -->\n<title>President Osmani met with the President of Albania Mr. Ilir Meta - President of the Republic of Kosovo - DR. VJOSA OSMANI - SADRIU<\/title>\n<meta name=\"description\" content=\"President Osmani met with the President of Albania Mr. Ilir Meta - President of the Republic of Kosovo - DR. VJOSA OSMANI - SADRIU -\" \/>\n<meta name=\"robots\" content=\"index, follow, max-snippet:-1, max-image-preview:large, max-video-preview:-1\" \/>\n<link rel=\"canonical\" href=\"https:\/\/president-ksgov.net\/en\/president-osmani-met-with-the-president-of-albania-mr-ilir-meta\/\" \/>\n<meta property=\"og:locale\" content=\"en_US\" \/>\n<meta property=\"og:type\" content=\"article\" \/>\n<meta property=\"og:title\" content=\"President Osmani met with the President of Albania Mr. Ilir Meta - President of the Republic of Kosovo - DR. VJOSA OSMANI - SADRIU\" \/>\n<meta property=\"og:description\" content=\"President Osmani met with the President of Albania Mr. Ilir Meta - President of the Republic of Kosovo - DR. VJOSA OSMANI - SADRIU -\" \/>\n<meta property=\"og:url\" content=\"https:\/\/president-ksgov.net\/en\/president-osmani-met-with-the-president-of-albania-mr-ilir-meta\/\" \/>\n<meta property=\"og:site_name\" content=\"President of the Republic of Kosovo - DR. VJOSA OSMANI - SADRIU\" \/>\n<meta property=\"article:published_time\" content=\"2021-11-25T16:24:11+00:00\" \/>\n<meta property=\"article:modified_time\" content=\"2023-03-07T08:59:13+00:00\" \/>\n<meta property=\"og:image\" content=\"https:\/\/president-ksgov.net\/wp-content\/uploads\/25_11_2021_9947197_Presidentja_Osmani_takoi_presidentin_e_Shqiperise__z_Ilir_Meta_5.jpg\" \/>\n\t<meta property=\"og:image:width\" content=\"2048\" \/>\n\t<meta property=\"og:image:height\" content=\"1363\" \/>\n\t<meta property=\"og:image:type\" content=\"image\/jpeg\" \/>\n<meta name=\"author\" content=\"admin\" \/>\n<meta name=\"twitter:card\" content=\"summary_large_image\" \/>\n<meta name=\"twitter:label1\" content=\"Written by\" \/>\n\t<meta name=\"twitter:data1\" content=\"admin\" \/>\n\t<meta name=\"twitter:label2\" content=\"Est. reading time\" \/>\n\t<meta name=\"twitter:data2\" content=\"2 minutes\" \/>\n<script type=\"application\/ld+json\" class=\"yoast-schema-graph\">{\"@context\":\"https:\/\/schema.org\",\"@graph\":[{\"@type\":\"WebPage\",\"@id\":\"https:\/\/president-ksgov.net\/en\/president-osmani-met-with-the-president-of-albania-mr-ilir-meta\/\",\"url\":\"https:\/\/president-ksgov.net\/en\/president-osmani-met-with-the-president-of-albania-mr-ilir-meta\/\",\"name\":\"President Osmani met with the President of Albania Mr. Ilir Meta - President of the Republic of Kosovo - DR. VJOSA OSMANI - SADRIU\",\"isPartOf\":{\"@id\":\"https:\/\/president-ksgov.net\/#website\"},\"primaryImageOfPage\":{\"@id\":\"https:\/\/president-ksgov.net\/en\/president-osmani-met-with-the-president-of-albania-mr-ilir-meta\/#primaryimage\"},\"image\":{\"@id\":\"https:\/\/president-ksgov.net\/en\/president-osmani-met-with-the-president-of-albania-mr-ilir-meta\/#primaryimage\"},\"thumbnailUrl\":\"https:\/\/president-ksgov.net\/wp-content\/uploads\/25_11_2021_9947197_Presidentja_Osmani_takoi_presidentin_e_Shqiperise__z_Ilir_Meta_5.jpg\",\"datePublished\":\"2021-11-25T16:24:11+00:00\",\"dateModified\":\"2023-03-07T08:59:13+00:00\",\"author\":{\"@id\":\"https:\/\/president-ksgov.net\/#\/schema\/person\/bb4337a5fb147cb2046d80548172cbee\"},\"description\":\"President Osmani met with the President of Albania Mr. Ilir Meta - President of the Republic of Kosovo - DR. VJOSA OSMANI - SADRIU -\",\"breadcrumb\":{\"@id\":\"https:\/\/president-ksgov.net\/en\/president-osmani-met-with-the-president-of-albania-mr-ilir-meta\/#breadcrumb\"},\"inLanguage\":\"en-US\",\"potentialAction\":[{\"@type\":\"ReadAction\",\"target\":[\"https:\/\/president-ksgov.net\/en\/president-osmani-met-with-the-president-of-albania-mr-ilir-meta\/\"]}]},{\"@type\":\"ImageObject\",\"inLanguage\":\"en-US\",\"@id\":\"https:\/\/president-ksgov.net\/en\/president-osmani-met-with-the-president-of-albania-mr-ilir-meta\/#primaryimage\",\"url\":\"https:\/\/president-ksgov.net\/wp-content\/uploads\/25_11_2021_9947197_Presidentja_Osmani_takoi_presidentin_e_Shqiperise__z_Ilir_Meta_5.jpg\",\"contentUrl\":\"https:\/\/president-ksgov.net\/wp-content\/uploads\/25_11_2021_9947197_Presidentja_Osmani_takoi_presidentin_e_Shqiperise__z_Ilir_Meta_5.jpg\",\"width\":2048,\"height\":1363},{\"@type\":\"BreadcrumbList\",\"@id\":\"https:\/\/president-ksgov.net\/en\/president-osmani-met-with-the-president-of-albania-mr-ilir-meta\/#breadcrumb\",\"itemListElement\":[{\"@type\":\"ListItem\",\"position\":1,\"name\":\"Home\",\"item\":\"https:\/\/president-ksgov.net\/en\/\"},{\"@type\":\"ListItem\",\"position\":2,\"name\":\"President Osmani met with the President of Albania Mr. Ilir Meta\"}]},{\"@type\":\"WebSite\",\"@id\":\"https:\/\/president-ksgov.net\/#website\",\"url\":\"https:\/\/president-ksgov.net\/\",\"name\":\"Presidente e Republik\u00ebs s\u00eb Kosov\u00ebs\",\"description\":\"Presidente e Republik\u00ebs s\u00eb Kosov\u00ebs\",\"alternateName\":\"DR. VJOSA OSMANI - SADRIU\",\"potentialAction\":[{\"@type\":\"SearchAction\",\"target\":{\"@type\":\"EntryPoint\",\"urlTemplate\":\"https:\/\/president-ksgov.net\/?s={search_term_string}\"},\"query-input\":{\"@type\":\"PropertyValueSpecification\",\"valueRequired\":true,\"valueName\":\"search_term_string\"}}],\"inLanguage\":\"en-US\"},{\"@type\":\"Person\",\"@id\":\"https:\/\/president-ksgov.net\/#\/schema\/person\/bb4337a5fb147cb2046d80548172cbee\",\"name\":\"admin\",\"image\":{\"@type\":\"ImageObject\",\"inLanguage\":\"en-US\",\"@id\":\"https:\/\/president-ksgov.net\/#\/schema\/person\/image\/\",\"url\":\"https:\/\/secure.gravatar.com\/avatar\/36156ca0fa3b8d9d25174f146e16beea0cf28f37adf1b9e19b6c9c279a7c9dd3?s=96&d=mm&r=g\",\"contentUrl\":\"https:\/\/secure.gravatar.com\/avatar\/36156ca0fa3b8d9d25174f146e16beea0cf28f37adf1b9e19b6c9c279a7c9dd3?s=96&d=mm&r=g\",\"caption\":\"admin\"},\"sameAs\":[\"https:\/\/president-ksgov.net\"]}]}<\/script>\n<!-- \/ Yoast SEO plugin. -->","yoast_head_json":{"title":"President Osmani met with the President of Albania Mr. Ilir Meta - President of the Republic of Kosovo - DR. VJOSA OSMANI - SADRIU","description":"President Osmani met with the President of Albania Mr. Ilir Meta - President of the Republic of Kosovo - DR. VJOSA OSMANI - SADRIU -","robots":{"index":"index","follow":"follow","max-snippet":"max-snippet:-1","max-image-preview":"max-image-preview:large","max-video-preview":"max-video-preview:-1"},"canonical":"https:\/\/president-ksgov.net\/en\/president-osmani-met-with-the-president-of-albania-mr-ilir-meta\/","og_locale":"en_US","og_type":"article","og_title":"President Osmani met with the President of Albania Mr. Ilir Meta - President of the Republic of Kosovo - DR. VJOSA OSMANI - SADRIU","og_description":"President Osmani met with the President of Albania Mr. Ilir Meta - President of the Republic of Kosovo - DR. VJOSA OSMANI - SADRIU -","og_url":"https:\/\/president-ksgov.net\/en\/president-osmani-met-with-the-president-of-albania-mr-ilir-meta\/","og_site_name":"President of the Republic of Kosovo - DR. VJOSA OSMANI - SADRIU","article_published_time":"2021-11-25T16:24:11+00:00","article_modified_time":"2023-03-07T08:59:13+00:00","og_image":[{"width":2048,"height":1363,"url":"https:\/\/president-ksgov.net\/wp-content\/uploads\/25_11_2021_9947197_Presidentja_Osmani_takoi_presidentin_e_Shqiperise__z_Ilir_Meta_5.jpg","type":"image\/jpeg"}],"author":"admin","twitter_card":"summary_large_image","twitter_misc":{"Written by":"admin","Est. reading time":"2 minutes"},"schema":{"@context":"https:\/\/schema.org","@graph":[{"@type":"WebPage","@id":"https:\/\/president-ksgov.net\/en\/president-osmani-met-with-the-president-of-albania-mr-ilir-meta\/","url":"https:\/\/president-ksgov.net\/en\/president-osmani-met-with-the-president-of-albania-mr-ilir-meta\/","name":"President Osmani met with the President of Albania Mr. Ilir Meta - President of the Republic of Kosovo - DR. VJOSA OSMANI - SADRIU","isPartOf":{"@id":"https:\/\/president-ksgov.net\/#website"},"primaryImageOfPage":{"@id":"https:\/\/president-ksgov.net\/en\/president-osmani-met-with-the-president-of-albania-mr-ilir-meta\/#primaryimage"},"image":{"@id":"https:\/\/president-ksgov.net\/en\/president-osmani-met-with-the-president-of-albania-mr-ilir-meta\/#primaryimage"},"thumbnailUrl":"https:\/\/president-ksgov.net\/wp-content\/uploads\/25_11_2021_9947197_Presidentja_Osmani_takoi_presidentin_e_Shqiperise__z_Ilir_Meta_5.jpg","datePublished":"2021-11-25T16:24:11+00:00","dateModified":"2023-03-07T08:59:13+00:00","author":{"@id":"https:\/\/president-ksgov.net\/#\/schema\/person\/bb4337a5fb147cb2046d80548172cbee"},"description":"President Osmani met with the President of Albania Mr. Ilir Meta - President of the Republic of Kosovo - DR. VJOSA OSMANI - SADRIU -","breadcrumb":{"@id":"https:\/\/president-ksgov.net\/en\/president-osmani-met-with-the-president-of-albania-mr-ilir-meta\/#breadcrumb"},"inLanguage":"en-US","potentialAction":[{"@type":"ReadAction","target":["https:\/\/president-ksgov.net\/en\/president-osmani-met-with-the-president-of-albania-mr-ilir-meta\/"]}]},{"@type":"ImageObject","inLanguage":"en-US","@id":"https:\/\/president-ksgov.net\/en\/president-osmani-met-with-the-president-of-albania-mr-ilir-meta\/#primaryimage","url":"https:\/\/president-ksgov.net\/wp-content\/uploads\/25_11_2021_9947197_Presidentja_Osmani_takoi_presidentin_e_Shqiperise__z_Ilir_Meta_5.jpg","contentUrl":"https:\/\/president-ksgov.net\/wp-content\/uploads\/25_11_2021_9947197_Presidentja_Osmani_takoi_presidentin_e_Shqiperise__z_Ilir_Meta_5.jpg","width":2048,"height":1363},{"@type":"BreadcrumbList","@id":"https:\/\/president-ksgov.net\/en\/president-osmani-met-with-the-president-of-albania-mr-ilir-meta\/#breadcrumb","itemListElement":[{"@type":"ListItem","position":1,"name":"Home","item":"https:\/\/president-ksgov.net\/en\/"},{"@type":"ListItem","position":2,"name":"President Osmani met with the President of Albania Mr. Ilir Meta"}]},{"@type":"WebSite","@id":"https:\/\/president-ksgov.net\/#website","url":"https:\/\/president-ksgov.net\/","name":"Presidente e Republik\u00ebs s\u00eb Kosov\u00ebs","description":"Presidente e Republik\u00ebs s\u00eb Kosov\u00ebs","alternateName":"DR. VJOSA OSMANI - SADRIU","potentialAction":[{"@type":"SearchAction","target":{"@type":"EntryPoint","urlTemplate":"https:\/\/president-ksgov.net\/?s={search_term_string}"},"query-input":{"@type":"PropertyValueSpecification","valueRequired":true,"valueName":"search_term_string"}}],"inLanguage":"en-US"},{"@type":"Person","@id":"https:\/\/president-ksgov.net\/#\/schema\/person\/bb4337a5fb147cb2046d80548172cbee","name":"admin","image":{"@type":"ImageObject","inLanguage":"en-US","@id":"https:\/\/president-ksgov.net\/#\/schema\/person\/image\/","url":"https:\/\/secure.gravatar.com\/avatar\/36156ca0fa3b8d9d25174f146e16beea0cf28f37adf1b9e19b6c9c279a7c9dd3?s=96&d=mm&r=g","contentUrl":"https:\/\/secure.gravatar.com\/avatar\/36156ca0fa3b8d9d25174f146e16beea0cf28f37adf1b9e19b6c9c279a7c9dd3?s=96&d=mm&r=g","caption":"admin"},"sameAs":["https:\/\/president-ksgov.net"]}]}},"_links":{"self":[{"href":"https:\/\/president-ksgov.net\/en\/wp-json\/wp\/v2\/posts\/67043","targetHints":{"allow":["GET"]}}],"collection":[{"href":"https:\/\/president-ksgov.net\/en\/wp-json\/wp\/v2\/posts"}],"about":[{"href":"https:\/\/president-ksgov.net\/en\/wp-json\/wp\/v2\/types\/post"}],"author":[{"embeddable":true,"href":"https:\/\/president-ksgov.net\/en\/wp-json\/wp\/v2\/users\/1"}],"replies":[{"embeddable":true,"href":"https:\/\/president-ksgov.net\/en\/wp-json\/wp\/v2\/comments?post=67043"}],"version-history":[{"count":0,"href":"https:\/\/president-ksgov.net\/en\/wp-json\/wp\/v2\/posts\/67043\/revisions"}],"wp:featuredmedia":[{"embeddable":true,"href":"https:\/\/president-ksgov.net\/en\/wp-json\/wp\/v2\/media\/17449"}],"wp:attachment":[{"href":"https:\/\/president-ksgov.net\/en\/wp-json\/wp\/v2\/media?parent=67043"}],"wp:term":[{"taxonomy":"category","embeddable":true,"href":"https:\/\/president-ksgov.net\/en\/wp-json\/wp\/v2\/categories?post=67043"},{"taxonomy":"post_tag","embeddable":true,"href":"https:\/\/president-ksgov.net\/en\/wp-json\/wp\/v2\/tags?post=67043"}],"curies":[{"name":"wp","href":"https:\/\/api.w.org\/{rel}","templated":true}]}}